{"id":20596,"date":"2011-08-11T07:28:45","date_gmt":"2011-08-11T10:28:45","guid":{"rendered":"http:\/\/www.inclusive.org.br\/?p=20596"},"modified":"2011-08-11T07:28:45","modified_gmt":"2011-08-11T10:28:45","slug":"a-implementacao-do-plano-nacional-de-educacao-em-direitos-humanos","status":"publish","type":"post","link":"https:\/\/inclusivenews.com.br\/?p=20596","title":{"rendered":"A implementa\u00e7\u00e3o do Plano Nacional de Educa\u00e7\u00e3o em Direitos Humanos"},"content":{"rendered":"<p><img loading=\"lazy\" decoding=\"async\" class=\" alignleft\" title=\"Um professor e crian\u00e7as em uma sala de aula\" src=\"http:\/\/www.gajop.org.br\/adm\/noticias\/imagens\/201108011226180.jpg\" alt=\"Um professor e crian\u00e7as em uma sala de aula\" width=\"280\" height=\"239\" \/><\/p>\n<p>Com o apoio da Secretaria de Direitos Humanos da Presid\u00eancia da Rep\u00fablica (SDH\/PR), est\u00e1 sendo realizada pesquisa de Implementa\u00e7\u00e3o do Plano Nacional de Educa\u00e7\u00e3o em Direitos Humanos (PNEDH) nos Munic\u00edpios Brasileiros. Voltada para os secret\u00e1rios municipais de educa\u00e7\u00e3o, a pesquisa tem o objetivo de identificar o grau de implementa\u00e7\u00e3o do PNEDH na etapa do ensino fundamental no pa\u00eds.<\/p>\n<p>\u201cA pesquisa vai oferecer subs\u00eddios sobre o andamento da implementa\u00e7\u00e3o do PNEDH e com isso n\u00f3s teremos melhores condi\u00e7\u00f5es de planejar nosso trabalho, porque ser\u00e1 poss\u00edvel visualizar onde o plano j\u00e1 teve maior implementa\u00e7\u00e3o\u201d, explica a coordenadora-geral de Educa\u00e7\u00e3o em Direitos Humanos SDH\/PR, L\u00facia Camini.<\/p>\n<p>Os Planos Nacionais s\u00e3o executados por pol\u00edticas p\u00fablicas desenvolvidas pelos munic\u00edpios em regime de colabora\u00e7\u00e3o com as demais esferas do poder p\u00fablico, da\u00ed a import\u00e2ncia de os protagonistas serem ouvidos para avalia\u00e7\u00e3o dessas pol\u00edticas.<\/p>\n<p>O PNEDH \u00e9 fruto do compromisso do Estado com a concretiza\u00e7\u00e3o dos Direitos Humanos e de uma constru\u00e7\u00e3o hist\u00f3rica da sociedade civil organizada. Ele incorpora aspectos dos principais documentos internacionais de Direitos Humanos dos quais o Brasil \u00e9 signat\u00e1rio, agregando demandas antigas e contempor\u00e2neas de nossa sociedade pela constru\u00e7\u00e3o de uma cultura de paz, da democracia, do desenvolvimento e da justi\u00e7a social.<\/p>\n<p>O formul\u00e1rio eletr\u00f4nico da pesquisa est\u00e1 dispon\u00edvel na p\u00e1gina da SDH\/PR. At\u00e9 agora foram respondidos 388 question\u00e1rios, sendo que, destes, 288 j\u00e1 est\u00e3o completos. No formul\u00e1rio, h\u00e1 quest\u00f5es sobre as pol\u00edticas municipais de educa\u00e7\u00e3o, em sua interface com a tem\u00e1tica dos Direitos Humanos, tal como colocado pelo PNEDH. As orienta\u00e7\u00f5es para respond\u00ea-las encontram-se no pr\u00f3prio question\u00e1rio, cujo preenchimento leva de 20 a 30 minutos. As informa\u00e7\u00f5es fornecidas ser\u00e3o utilizadas exclusivamente para os prop\u00f3sitos da pesquisa, sendo preservados o sigilo das respostas e o anonimato dos\/as respondentes.<\/p>\n<p>Os resultados da pesquisa ser\u00e3o amplamente divulgados para que colaborem com a qualifica\u00e7\u00e3o das pol\u00edticas p\u00fablicas de educa\u00e7\u00e3o em Direitos Humanos. A previs\u00e3o de divulga\u00e7\u00e3o dos resultados finais \u00e9 para o in\u00edcio de 2012. A pesquisa tamb\u00e9m tem o apoio do Minist\u00e9rio da Educa\u00e7\u00e3o e \u00e9 coordenada pelo Gabinete de Assessoria Jur\u00eddica \u00e0s Organiza\u00e7\u00f5es Populares e pela Uni\u00e3o Nacional dos Dirigentes Municipais de Educa\u00e7\u00e3o.<\/p>\n<p><a href=\"http:\/\/www.suapesquisa.com.br\/pnedh\/\">LINK PARA O FORMUL\u00c1RIO DA PESQUISA<\/a><\/p>\n","protected":false},"excerpt":{"rendered":"<p>Voltada para os secret\u00e1rios municipais de educa\u00e7\u00e3o, a pesquisa tem o objetivo de identificar o grau de implementa\u00e7\u00e3o do PNEDH na etapa do ensino fundamental no pa\u00eds. Informa\u00e7\u00e3o \u00e9 da SDH\/GAJOP.<\/p>\n","protected":false},"author":1,"featured_media":0,"comment_status":"open","ping_status":"open","sticky":false,"template":"","format":"standard","meta":{"site-container-style":"default","site-container-layout":"default","site-sidebar-layout":"default","disable-article-header":"default","disable-site-header":"default","disable-site-footer":"default","disable-content-area-spacing":"default","footnotes":""},"categories":[11,6,4],"tags":[],"class_list":["post-20596","post","type-post","status-publish","format-standard","hentry","category-direitos-humanos","category-educacao","category-noticias"],"yoast_head":"<!-- This site is optimized with the Yoast SEO plugin v27.4 - https:\/\/yoast.com\/product\/yoast-seo-wordpress\/ -->\n<title>A implementa\u00e7\u00e3o do Plano Nacional de Educa\u00e7\u00e3o em Direitos Humanos -<\/title>\n<meta name=\"robots\" content=\"index, follow, max-snippet:-1, max-image-preview:large, max-video-preview:-1\" \/>\n<link rel=\"canonical\" href=\"https:\/\/inclusivenews.com.br\/?p=20596\" \/>\n<meta property=\"og:locale\" content=\"pt_PT\" \/>\n<meta property=\"og:type\" content=\"article\" \/>\n<meta property=\"og:title\" content=\"A implementa\u00e7\u00e3o do Plano Nacional de Educa\u00e7\u00e3o em Direitos Humanos -\" \/>\n<meta property=\"og:description\" content=\"Voltada para os secret\u00e1rios municipais de educa\u00e7\u00e3o, a pesquisa tem o objetivo de identificar o grau de implementa\u00e7\u00e3o do PNEDH na etapa do ensino fundamental no pa\u00eds. Informa\u00e7\u00e3o \u00e9 da SDH\/GAJOP.\" \/>\n<meta property=\"og:url\" content=\"https:\/\/inclusivenews.com.br\/?p=20596\" \/>\n<meta property=\"article:publisher\" content=\"https:\/\/www.facebook.com\/agenciainclusive\/\" \/>\n<meta property=\"article:published_time\" content=\"2011-08-11T10:28:45+00:00\" \/>\n<meta property=\"og:image\" content=\"http:\/\/www.gajop.org.br\/adm\/noticias\/imagens\/201108011226180.jpg\" \/>\n<meta name=\"author\" content=\"inclusivenews2024\" \/>\n<meta name=\"twitter:card\" content=\"summary_large_image\" \/>\n<meta name=\"twitter:label1\" content=\"Escrito por\" \/>\n\t<meta name=\"twitter:data1\" content=\"inclusivenews2024\" \/>\n\t<meta name=\"twitter:label2\" content=\"Tempo estimado de leitura\" \/>\n\t<meta name=\"twitter:data2\" content=\"2 minutos\" \/>\n<script type=\"application\/ld+json\" class=\"yoast-schema-graph\">{\"@context\":\"https:\\\/\\\/schema.org\",\"@graph\":[{\"@type\":\"Article\",\"@id\":\"https:\\\/\\\/inclusivenews.com.br\\\/?p=20596#article\",\"isPartOf\":{\"@id\":\"https:\\\/\\\/inclusivenews.com.br\\\/?p=20596\"},\"author\":{\"name\":\"inclusivenews2024\",\"@id\":\"https:\\\/\\\/inclusivenews.com.br\\\/#\\\/schema\\\/person\\\/ae4ec7087559b8692fb33b6fffd2273b\"},\"headline\":\"A implementa\u00e7\u00e3o do Plano Nacional de Educa\u00e7\u00e3o em Direitos Humanos\",\"datePublished\":\"2011-08-11T10:28:45+00:00\",\"mainEntityOfPage\":{\"@id\":\"https:\\\/\\\/inclusivenews.com.br\\\/?p=20596\"},\"wordCount\":429,\"commentCount\":1,\"publisher\":{\"@id\":\"https:\\\/\\\/inclusivenews.com.br\\\/#organization\"},\"image\":{\"@id\":\"https:\\\/\\\/inclusivenews.com.br\\\/?p=20596#primaryimage\"},\"thumbnailUrl\":\"http:\\\/\\\/www.gajop.org.br\\\/adm\\\/noticias\\\/imagens\\\/201108011226180.jpg\",\"articleSection\":[\"DIREITOS HUMANOS\",\"EDUCA\u00c7\u00c3O\",\"NOT\u00cdCIAS\"],\"inLanguage\":\"pt-PT\",\"potentialAction\":[{\"@type\":\"CommentAction\",\"name\":\"Comment\",\"target\":[\"https:\\\/\\\/inclusivenews.com.br\\\/?p=20596#respond\"]}]},{\"@type\":\"WebPage\",\"@id\":\"https:\\\/\\\/inclusivenews.com.br\\\/?p=20596\",\"url\":\"https:\\\/\\\/inclusivenews.com.br\\\/?p=20596\",\"name\":\"A implementa\u00e7\u00e3o do Plano Nacional de Educa\u00e7\u00e3o em Direitos Humanos -\",\"isPartOf\":{\"@id\":\"https:\\\/\\\/inclusivenews.com.br\\\/#website\"},\"primaryImageOfPage\":{\"@id\":\"https:\\\/\\\/inclusivenews.com.br\\\/?p=20596#primaryimage\"},\"image\":{\"@id\":\"https:\\\/\\\/inclusivenews.com.br\\\/?p=20596#primaryimage\"},\"thumbnailUrl\":\"http:\\\/\\\/www.gajop.org.br\\\/adm\\\/noticias\\\/imagens\\\/201108011226180.jpg\",\"datePublished\":\"2011-08-11T10:28:45+00:00\",\"breadcrumb\":{\"@id\":\"https:\\\/\\\/inclusivenews.com.br\\\/?p=20596#breadcrumb\"},\"inLanguage\":\"pt-PT\",\"potentialAction\":[{\"@type\":\"ReadAction\",\"target\":[\"https:\\\/\\\/inclusivenews.com.br\\\/?p=20596\"]}]},{\"@type\":\"ImageObject\",\"inLanguage\":\"pt-PT\",\"@id\":\"https:\\\/\\\/inclusivenews.com.br\\\/?p=20596#primaryimage\",\"url\":\"http:\\\/\\\/www.gajop.org.br\\\/adm\\\/noticias\\\/imagens\\\/201108011226180.jpg\",\"contentUrl\":\"http:\\\/\\\/www.gajop.org.br\\\/adm\\\/noticias\\\/imagens\\\/201108011226180.jpg\"},{\"@type\":\"BreadcrumbList\",\"@id\":\"https:\\\/\\\/inclusivenews.com.br\\\/?p=20596#breadcrumb\",\"itemListElement\":[{\"@type\":\"ListItem\",\"position\":1,\"name\":\"In\u00edcio\",\"item\":\"https:\\\/\\\/inclusivenews.com.br\\\/\"},{\"@type\":\"ListItem\",\"position\":2,\"name\":\"A implementa\u00e7\u00e3o do Plano Nacional de Educa\u00e7\u00e3o em Direitos Humanos\"}]},{\"@type\":\"WebSite\",\"@id\":\"https:\\\/\\\/inclusivenews.com.br\\\/#website\",\"url\":\"https:\\\/\\\/inclusivenews.com.br\\\/\",\"name\":\"Inclusive News\",\"description\":\"Inclusive News\",\"publisher\":{\"@id\":\"https:\\\/\\\/inclusivenews.com.br\\\/#organization\"},\"potentialAction\":[{\"@type\":\"SearchAction\",\"target\":{\"@type\":\"EntryPoint\",\"urlTemplate\":\"https:\\\/\\\/inclusivenews.com.br\\\/?s={search_term_string}\"},\"query-input\":{\"@type\":\"PropertyValueSpecification\",\"valueRequired\":true,\"valueName\":\"search_term_string\"}}],\"inLanguage\":\"pt-PT\"},{\"@type\":\"Organization\",\"@id\":\"https:\\\/\\\/inclusivenews.com.br\\\/#organization\",\"name\":\"Inclusive - inclus\u00e3o e cidadania\",\"url\":\"https:\\\/\\\/inclusivenews.com.br\\\/\",\"logo\":{\"@type\":\"ImageObject\",\"inLanguage\":\"pt-PT\",\"@id\":\"https:\\\/\\\/inclusivenews.com.br\\\/#\\\/schema\\\/logo\\\/image\\\/\",\"url\":\"https:\\\/\\\/inclusivenews.com.br\\\/wp-content\\\/uploads\\\/2024\\\/03\\\/@grandesite.png\",\"contentUrl\":\"https:\\\/\\\/inclusivenews.com.br\\\/wp-content\\\/uploads\\\/2024\\\/03\\\/@grandesite.png\",\"width\":1080,\"height\":1080,\"caption\":\"Inclusive - inclus\u00e3o e cidadania\"},\"image\":{\"@id\":\"https:\\\/\\\/inclusivenews.com.br\\\/#\\\/schema\\\/logo\\\/image\\\/\"},\"sameAs\":[\"https:\\\/\\\/www.facebook.com\\\/agenciainclusive\\\/\",\"https:\\\/\\\/www.instagram.com\\\/newsinclusive\\\/\"]},{\"@type\":\"Person\",\"@id\":\"https:\\\/\\\/inclusivenews.com.br\\\/#\\\/schema\\\/person\\\/ae4ec7087559b8692fb33b6fffd2273b\",\"name\":\"inclusivenews2024\",\"image\":{\"@type\":\"ImageObject\",\"inLanguage\":\"pt-PT\",\"@id\":\"https:\\\/\\\/secure.gravatar.com\\\/avatar\\\/c5a7ef84c66fa914f55bc4f7ce26cfa275a3b9a1c5568b907bd184fb4dde7b40?s=96&d=mm&r=g\",\"url\":\"https:\\\/\\\/secure.gravatar.com\\\/avatar\\\/c5a7ef84c66fa914f55bc4f7ce26cfa275a3b9a1c5568b907bd184fb4dde7b40?s=96&d=mm&r=g\",\"contentUrl\":\"https:\\\/\\\/secure.gravatar.com\\\/avatar\\\/c5a7ef84c66fa914f55bc4f7ce26cfa275a3b9a1c5568b907bd184fb4dde7b40?s=96&d=mm&r=g\",\"caption\":\"inclusivenews2024\"},\"sameAs\":[\"https:\\\/\\\/inclusivenews.com.br\"],\"url\":\"https:\\\/\\\/inclusivenews.com.br\\\/?author=1\"}]}<\/script>\n<!-- \/ Yoast SEO plugin. -->","yoast_head_json":{"title":"A implementa\u00e7\u00e3o do Plano Nacional de Educa\u00e7\u00e3o em Direitos Humanos -","robots":{"index":"index","follow":"follow","max-snippet":"max-snippet:-1","max-image-preview":"max-image-preview:large","max-video-preview":"max-video-preview:-1"},"canonical":"https:\/\/inclusivenews.com.br\/?p=20596","og_locale":"pt_PT","og_type":"article","og_title":"A implementa\u00e7\u00e3o do Plano Nacional de Educa\u00e7\u00e3o em Direitos Humanos -","og_description":"Voltada para os secret\u00e1rios municipais de educa\u00e7\u00e3o, a pesquisa tem o objetivo de identificar o grau de implementa\u00e7\u00e3o do PNEDH na etapa do ensino fundamental no pa\u00eds. Informa\u00e7\u00e3o \u00e9 da SDH\/GAJOP.","og_url":"https:\/\/inclusivenews.com.br\/?p=20596","article_publisher":"https:\/\/www.facebook.com\/agenciainclusive\/","article_published_time":"2011-08-11T10:28:45+00:00","og_image":[{"url":"http:\/\/www.gajop.org.br\/adm\/noticias\/imagens\/201108011226180.jpg","type":"","width":"","height":""}],"author":"inclusivenews2024","twitter_card":"summary_large_image","twitter_misc":{"Escrito por":"inclusivenews2024","Tempo estimado de leitura":"2 minutos"},"schema":{"@context":"https:\/\/schema.org","@graph":[{"@type":"Article","@id":"https:\/\/inclusivenews.com.br\/?p=20596#article","isPartOf":{"@id":"https:\/\/inclusivenews.com.br\/?p=20596"},"author":{"name":"inclusivenews2024","@id":"https:\/\/inclusivenews.com.br\/#\/schema\/person\/ae4ec7087559b8692fb33b6fffd2273b"},"headline":"A implementa\u00e7\u00e3o do Plano Nacional de Educa\u00e7\u00e3o em Direitos Humanos","datePublished":"2011-08-11T10:28:45+00:00","mainEntityOfPage":{"@id":"https:\/\/inclusivenews.com.br\/?p=20596"},"wordCount":429,"commentCount":1,"publisher":{"@id":"https:\/\/inclusivenews.com.br\/#organization"},"image":{"@id":"https:\/\/inclusivenews.com.br\/?p=20596#primaryimage"},"thumbnailUrl":"http:\/\/www.gajop.org.br\/adm\/noticias\/imagens\/201108011226180.jpg","articleSection":["DIREITOS HUMANOS","EDUCA\u00c7\u00c3O","NOT\u00cdCIAS"],"inLanguage":"pt-PT","potentialAction":[{"@type":"CommentAction","name":"Comment","target":["https:\/\/inclusivenews.com.br\/?p=20596#respond"]}]},{"@type":"WebPage","@id":"https:\/\/inclusivenews.com.br\/?p=20596","url":"https:\/\/inclusivenews.com.br\/?p=20596","name":"A implementa\u00e7\u00e3o do Plano Nacional de Educa\u00e7\u00e3o em Direitos Humanos -","isPartOf":{"@id":"https:\/\/inclusivenews.com.br\/#website"},"primaryImageOfPage":{"@id":"https:\/\/inclusivenews.com.br\/?p=20596#primaryimage"},"image":{"@id":"https:\/\/inclusivenews.com.br\/?p=20596#primaryimage"},"thumbnailUrl":"http:\/\/www.gajop.org.br\/adm\/noticias\/imagens\/201108011226180.jpg","datePublished":"2011-08-11T10:28:45+00:00","breadcrumb":{"@id":"https:\/\/inclusivenews.com.br\/?p=20596#breadcrumb"},"inLanguage":"pt-PT","potentialAction":[{"@type":"ReadAction","target":["https:\/\/inclusivenews.com.br\/?p=20596"]}]},{"@type":"ImageObject","inLanguage":"pt-PT","@id":"https:\/\/inclusivenews.com.br\/?p=20596#primaryimage","url":"http:\/\/www.gajop.org.br\/adm\/noticias\/imagens\/201108011226180.jpg","contentUrl":"http:\/\/www.gajop.org.br\/adm\/noticias\/imagens\/201108011226180.jpg"},{"@type":"BreadcrumbList","@id":"https:\/\/inclusivenews.com.br\/?p=20596#breadcrumb","itemListElement":[{"@type":"ListItem","position":1,"name":"In\u00edcio","item":"https:\/\/inclusivenews.com.br\/"},{"@type":"ListItem","position":2,"name":"A implementa\u00e7\u00e3o do Plano Nacional de Educa\u00e7\u00e3o em Direitos Humanos"}]},{"@type":"WebSite","@id":"https:\/\/inclusivenews.com.br\/#website","url":"https:\/\/inclusivenews.com.br\/","name":"Inclusive News","description":"Inclusive News","publisher":{"@id":"https:\/\/inclusivenews.com.br\/#organization"},"potentialAction":[{"@type":"SearchAction","target":{"@type":"EntryPoint","urlTemplate":"https:\/\/inclusivenews.com.br\/?s={search_term_string}"},"query-input":{"@type":"PropertyValueSpecification","valueRequired":true,"valueName":"search_term_string"}}],"inLanguage":"pt-PT"},{"@type":"Organization","@id":"https:\/\/inclusivenews.com.br\/#organization","name":"Inclusive - inclus\u00e3o e cidadania","url":"https:\/\/inclusivenews.com.br\/","logo":{"@type":"ImageObject","inLanguage":"pt-PT","@id":"https:\/\/inclusivenews.com.br\/#\/schema\/logo\/image\/","url":"https:\/\/inclusivenews.com.br\/wp-content\/uploads\/2024\/03\/@grandesite.png","contentUrl":"https:\/\/inclusivenews.com.br\/wp-content\/uploads\/2024\/03\/@grandesite.png","width":1080,"height":1080,"caption":"Inclusive - inclus\u00e3o e cidadania"},"image":{"@id":"https:\/\/inclusivenews.com.br\/#\/schema\/logo\/image\/"},"sameAs":["https:\/\/www.facebook.com\/agenciainclusive\/","https:\/\/www.instagram.com\/newsinclusive\/"]},{"@type":"Person","@id":"https:\/\/inclusivenews.com.br\/#\/schema\/person\/ae4ec7087559b8692fb33b6fffd2273b","name":"inclusivenews2024","image":{"@type":"ImageObject","inLanguage":"pt-PT","@id":"https:\/\/secure.gravatar.com\/avatar\/c5a7ef84c66fa914f55bc4f7ce26cfa275a3b9a1c5568b907bd184fb4dde7b40?s=96&d=mm&r=g","url":"https:\/\/secure.gravatar.com\/avatar\/c5a7ef84c66fa914f55bc4f7ce26cfa275a3b9a1c5568b907bd184fb4dde7b40?s=96&d=mm&r=g","contentUrl":"https:\/\/secure.gravatar.com\/avatar\/c5a7ef84c66fa914f55bc4f7ce26cfa275a3b9a1c5568b907bd184fb4dde7b40?s=96&d=mm&r=g","caption":"inclusivenews2024"},"sameAs":["https:\/\/inclusivenews.com.br"],"url":"https:\/\/inclusivenews.com.br\/?author=1"}]}},"_links":{"self":[{"href":"https:\/\/inclusivenews.com.br\/index.php?rest_route=\/wp\/v2\/posts\/20596","targetHints":{"allow":["GET"]}}],"collection":[{"href":"https:\/\/inclusivenews.com.br\/index.php?rest_route=\/wp\/v2\/posts"}],"about":[{"href":"https:\/\/inclusivenews.com.br\/index.php?rest_route=\/wp\/v2\/types\/post"}],"author":[{"embeddable":true,"href":"https:\/\/inclusivenews.com.br\/index.php?rest_route=\/wp\/v2\/users\/1"}],"replies":[{"embeddable":true,"href":"https:\/\/inclusivenews.com.br\/index.php?rest_route=%2Fwp%2Fv2%2Fcomments&post=20596"}],"version-history":[{"count":0,"href":"https:\/\/inclusivenews.com.br\/index.php?rest_route=\/wp\/v2\/posts\/20596\/revisions"}],"wp:attachment":[{"href":"https:\/\/inclusivenews.com.br\/index.php?rest_route=%2Fwp%2Fv2%2Fmedia&parent=20596"}],"wp:term":[{"taxonomy":"category","embeddable":true,"href":"https:\/\/inclusivenews.com.br\/index.php?rest_route=%2Fwp%2Fv2%2Fcategories&post=20596"},{"taxonomy":"post_tag","embeddable":true,"href":"https:\/\/inclusivenews.com.br\/index.php?rest_route=%2Fwp%2Fv2%2Ftags&post=20596"}],"curies":[{"name":"wp","href":"https:\/\/api.w.org\/{rel}","templated":true}]}}