{"id":20601,"date":"2011-08-11T07:25:38","date_gmt":"2011-08-11T10:25:38","guid":{"rendered":"http:\/\/www.inclusive.org.br\/?p=20601"},"modified":"2011-08-11T07:25:38","modified_gmt":"2011-08-11T10:25:38","slug":"editora-moderna-lanca-serie-que-apoia-escolas-e-professores-na-educacao-inclusiva-de-alunos-com-deficiencias","status":"publish","type":"post","link":"https:\/\/inclusivenews.com.br\/?p=20601","title":{"rendered":"Editora moderna lan\u00e7a s\u00e9rie que ap\u00f3ia escolas e professores na educa\u00e7\u00e3o inclusiva de alunos com defici\u00eancias"},"content":{"rendered":"<p><img loading=\"lazy\" decoding=\"async\" class=\"alignleft size-full wp-image-12981\" title=\"Inclusive - alunos fazendo arte e pinturas no ch\u00e3o.\" src=\"http:\/\/inclusivenews.com.br\/wp-content\/uploads\/2009\/12\/participacao.jpg\" alt=\"Inclusive - alunos fazendo arte e pinturas no ch\u00e3o.\" width=\"283\" height=\"210\" \/>A Editora Moderna acaba de lan\u00e7ar uma s\u00e9rie de livros sobre Atendimento Educacional Especializado (AEE). Os cinco t\u00edtulos, que fazem parte da cole\u00e7\u00e3o \u201cCotidiano Escolar: a\u00e7\u00e3o docente\u201d, s\u00e3o dirigidos a professores e a todos os interessados em conhecer um pouco mais os desafios e tamb\u00e9m as possibilidades de inclus\u00e3o escolar das pessoas com defici\u00eancia.<\/p>\n<p>Renomados especialistas em educa\u00e7\u00e3o especial, os autores da s\u00e9rie oferecem subs\u00eddios para a a\u00e7\u00e3o inclusiva na sala de aula, como informa\u00e7\u00f5es cient\u00edficas, relatos de experi\u00eancias e sugest\u00f5es para o atendimento \u00e0s necessidades educacionais dos alunos com defici\u00eancia auditiva, visual, f\u00edsica e intelectual. A s\u00e9rie ainda traz um volume voltado para a discuss\u00e3o das pol\u00edticas p\u00fablicas na \u00e1rea da educa\u00e7\u00e3o especial na perspectiva da educa\u00e7\u00e3o inclusiva, tema que integra o Plano Nacional de Educa\u00e7\u00e3o (PNE 2011-2020), na meta de n\u00famero 4.<\/p>\n<p>Meta 4. Universalizar, para a popula\u00e7\u00e3o de 4 a 17 anos, o atendimento escolar aos estudantes com defici\u00eancia, transtornos globais do desenvolvimento e altas habilidades ou superdota\u00e7\u00e3o na rede regular de ensino. (PNE 2011-2020)<\/p>\n<p>Segundo o Minist\u00e9rio da Educa\u00e7\u00e3o, no ano passado, 484.332 estudantes com defici\u00eancia estavam matriculados em col\u00e9gios regulares. \u201cPor lei, nenhuma escola, p\u00fablica ou privada, pode recusar a matr\u00edcula de estudantes com defici\u00eancia. Mas sabemos que a inclus\u00e3o envolve o desafio de atender \u00e0s necessidades educacionais de todos os alunos, portanto, ela depende principalmente da capacita\u00e7\u00e3o do professor, e n\u00e3o apenas da matr\u00edcula assegurada. Por isso, a s\u00e9rie tem o objetivo de orientar e apoiar os docentes da rede regular de ensino em suas pr\u00e1ticas pedag\u00f3gicas voltadas para esse atendimento\u201d, diz S\u00f4nia Cunha, diretora editorial da Editora Moderna, respons\u00e1vel pela cole\u00e7\u00e3o.<\/p>\n<p>Cada livro da s\u00e9rie aborda prioritariamente um tipo de defici\u00eancia. No volume \u201cAEE do aluno com surdez\u201d, por exemplo, o leitor, al\u00e9m de se informar sobre o que a Pol\u00edtica Nacional de Educa\u00e7\u00e3o Especial versa sobre a defici\u00eancia, conhecer\u00e1 mais sobre o ensino e o aprendizado da Libras \u2013 L\u00edngua Brasileira de Sinais.<\/p>\n<p>O ensino do Braille e a compreens\u00e3o das necessidades e potencialidades de pessoas cegas e com baixa vis\u00e3o, no processo de escolariza\u00e7\u00e3o, s\u00e3o debatidos no volume \u201cAEE do aluno com defici\u00eancia visual\u201d. Recentemente, a C\u00e2mara dos Deputados aprovou uma proposta que obriga as escolas p\u00fablicas e privadas a oferecer a seus estudantes com defici\u00eancia o ensino de linguagens que lhes permitam a inclus\u00e3o no ambiente escolar, como a Libras e o m\u00e9todo Braille.<\/p>\n<p>A gest\u00e3o, a avalia\u00e7\u00e3o e o acompanhamento da aprendizagem de alunos com defici\u00eancia intelectual, assim como o papel da acessibilidade para a efetiva participa\u00e7\u00e3o do estudante com defici\u00eancia f\u00edsica no cotidiano escolar, s\u00e3o analisados em livros espec\u00edficos.<\/p>\n<p>\u201cCada volume traz informa\u00e7\u00f5es sobre a defici\u00eancia e suas implica\u00e7\u00f5es no processo de constru\u00e7\u00e3o do conhecimento, al\u00e9m de apresentar estudos de casos e estrat\u00e9gias espec\u00edficas, como a adapta\u00e7\u00e3o do material did\u00e1tico, sempre visando ampliar as possibilidades de intera\u00e7\u00e3o e participa\u00e7\u00e3o desse aluno em situa\u00e7\u00f5es de aprendizagem na sala de aula regular. S\u00e3o orienta\u00e7\u00f5es e reflex\u00f5es \u00fateis para professores, gestores, pais e familiares, todos pe\u00e7as fundamentais no processo de inclus\u00e3o da pessoa com defici\u00eancia\u201d, diz S\u00f4nia Cunha.<\/p>\n<p>Os livros \u201cAtendimento Educacional Especializado\u201d est\u00e3o dispon\u00edveis nas filiais e nos distribuidores da Editora Moderna, em todo o territ\u00f3rio nacional.<\/p>\n<p>Conhe\u00e7a os autores da cole\u00e7\u00e3o<\/p>\n<p>\u201cAtendimento Educacional Especializado \u2013 Pol\u00edticas P\u00fablicas e Gest\u00e3o nos Munic\u00edpios\u201d<\/p>\n<p>Maria Teresa Egl\u00e9r Mantoan &#8211; Pioneira no movimento brasileiro em favor da inclus\u00e3o escolar, integrou o grupo de trabalho que sistematizou a nova Pol\u00edtica Nacional de Educa\u00e7\u00e3o Especial. Coordena o Laborat\u00f3rio de Estudos e Pesquisas em Ensino e Diferen\u00e7as da Faculdade de Educa\u00e7\u00e3o da Universidade Estadual de Campinas \u2013 SP.<br \/>\nMaria Terezinha Teixeira dos Santos \u2013 Autora do livro \u201cBem-vindo \u00e0 escola: a inclus\u00e3o nas vozes do cotidiano\u201d, ex-secret\u00e1ria Municipal de Educa\u00e7\u00e3o e Cultura de Tr\u00eas Cora\u00e7\u00f5es (MG).<\/p>\n<p>\u201cAtendimento Educacional Especializado do aluno com defici\u00eancia intelectual\u201d<\/p>\n<p>Rita Vieira de Figueiredo \u2013 Mestre em educa\u00e7\u00e3o, doutora em psicopedagogia pela Universit\u00e9 Laval (Canad\u00e1), e p\u00f3s-doutorada em Linguagem Escrita e Defici\u00eancia Intelectual pela Universidade de Barcelona, na Espanha.<br \/>\nJean-Robert Poulin \u2013 Pesquisador na Faculdade de Educa\u00e7\u00e3o da Universidade Federal do Cear\u00e1, vinculado \u00e0 linha de pesquisa de educa\u00e7\u00e3o especial. Canadense, graduado pela Universit\u00e9 Laval.<br \/>\nAdriana Limaverde Gomes \u2013 Coordenadora da \u00e1rea de Defici\u00eancia Intelectual do Curso de Especializa\u00e7\u00e3o em Atendimento Educacional Especializado pela Universidade Federal do Cear\u00e1. Graduada em Pedagogia e mestre em Educa\u00e7\u00e3o pela Universidade Estadual do Cear\u00e1, especialista em Psicomotricidade pela Universidade de Fortaleza.<\/p>\n<p>\u201cAtendimento Educacional Especializado do aluno com defici\u00eancia visual\u201d<\/p>\n<p>Elizabet Dias de S\u00e1 \u2013 Psic\u00f3loga p\u00f3s-graduada em Psicologia Educacional, coordena o Centro de Apoio Pedag\u00f3gico para o Atendimento \u00e0s Pessoas com Defici\u00eancia Visual (CAP) de Belo Horizonte, junto \u00e0 Secretaria Municipal de Educa\u00e7\u00e3o.<br \/>\nMyriam Beatriz Campolina Silva \u2013 Psicopedagoga e professora especializada em defici\u00eancia visual. Integra a equipe da Coordenadoria Municipal das Pessoas Portadoras de Defici\u00eancia de Belo Horizonte (MG).<br \/>\nValdirene Stiegler Sim\u00e3o \u2013 Graduada em Educa\u00e7\u00e3o F\u00edsica, com especializa\u00e7\u00e3o em Metodologia do Ensino e Avalia\u00e7\u00e3o e aperfei\u00e7oamento na \u00c1rea da Defici\u00eancia Visual; mestre em Educa\u00e7\u00e3o, \u00e9 professora pesquisadora do curso de Forma\u00e7\u00e3o de Professores em Atendimento Educacional Especializado, da Universidade Federal do Cear\u00e1 em parceria com o MEC.<\/p>\n<p>\u201cAtendimento Educacional Especializado do aluno com defici\u00eancia f\u00edsica\u201d<\/p>\n<p>Rita Bersch \u2013 Consultora da Secretaria de Educa\u00e7\u00e3o Especial do Minist\u00e9rio da Educa\u00e7\u00e3o, fisioterapeuta especialista em Reeduca\u00e7\u00e3o das Fun\u00e7\u00f5es Neuromotoras pela Universidade Luterana do Brasil.<br \/>\nRos\u00e2ngela Machado \u2013 Coordenadora geral da Pol\u00edtica de Educa\u00e7\u00e3o Especial da Secretaria de Educa\u00e7\u00e3o Especial do MEC no per\u00edodo de 2008 a 2009. Pedagoga pela Universidade Federal de Santa Catarina.<\/p>\n<p>\u201cAtendimento Educacional Especializado do aluno com surdez\u201d<\/p>\n<p>Mirlene Ferreira Macedo Damazio \u2013 Pedagoga com mestrado em Educa\u00e7\u00e3o e Educa\u00e7\u00e3o para a Diversidade Humana pela Universidade de Salamanca, \u00e9 consultora do MEC\/Seesp\/Seed\/UFC no Programa de Educa\u00e7\u00e3o Inclusiva: Direito \u00e0 Diversidade, na \u00e1rea da Surdez.<br \/>\nCarla Barbosa Alves \u2013 Pedagoga e especialista em Metodologia do Ensino Superior e em Educa\u00e7\u00e3o Especial pela Universidade Federal de Uberl\u00e2ndia. Supervisora escolar da Prefeitura de Uberl\u00e2ndia, no setor respons\u00e1vel pela Educa\u00e7\u00e3o Especial.<\/p>\n","protected":false},"excerpt":{"rendered":"<p>Os cinco t\u00edtulos, que fazem parte da cole\u00e7\u00e3o \u201cCotidiano Escolar: a\u00e7\u00e3o docente\u201d, s\u00e3o dirigidos a professores e a todos os interessados em conhecer um pouco mais os desafios e tamb\u00e9m as possibilidades de inclus\u00e3o escolar das pessoas com defici\u00eancia.<\/p>\n","protected":false},"author":1,"featured_media":0,"comment_status":"open","ping_status":"open","sticky":false,"template":"","format":"standard","meta":{"site-container-style":"default","site-container-layout":"default","site-sidebar-layout":"default","disable-article-header":"default","disable-site-header":"default","disable-site-footer":"default","disable-content-area-spacing":"default","footnotes":""},"categories":[38,6,48,50,51,4,10],"tags":[],"class_list":["post-20601","post","type-post","status-publish","format-standard","hentry","category-deficiencia","category-educacao","category-inclusao","category-lancamentos","category-livros","category-noticias","category-publicacoes"],"yoast_head":"<!-- This site is optimized with the Yoast SEO plugin v27.4 - https:\/\/yoast.com\/product\/yoast-seo-wordpress\/ -->\n<title>Editora moderna lan\u00e7a s\u00e9rie que ap\u00f3ia escolas e professores na educa\u00e7\u00e3o inclusiva de alunos com defici\u00eancias -<\/title>\n<meta name=\"robots\" content=\"index, follow, max-snippet:-1, max-image-preview:large, max-video-preview:-1\" \/>\n<link rel=\"canonical\" href=\"https:\/\/inclusivenews.com.br\/?p=20601\" \/>\n<meta property=\"og:locale\" content=\"pt_PT\" \/>\n<meta property=\"og:type\" content=\"article\" \/>\n<meta property=\"og:title\" content=\"Editora moderna lan\u00e7a s\u00e9rie que ap\u00f3ia escolas e professores na educa\u00e7\u00e3o inclusiva de alunos com defici\u00eancias -\" \/>\n<meta property=\"og:description\" content=\"Os cinco t\u00edtulos, que fazem parte da cole\u00e7\u00e3o \u201cCotidiano Escolar: a\u00e7\u00e3o docente\u201d, s\u00e3o dirigidos a professores e a todos os interessados em conhecer um pouco mais os desafios e tamb\u00e9m as possibilidades de inclus\u00e3o escolar das pessoas com defici\u00eancia.\" \/>\n<meta property=\"og:url\" content=\"https:\/\/inclusivenews.com.br\/?p=20601\" \/>\n<meta property=\"article:publisher\" content=\"https:\/\/www.facebook.com\/agenciainclusive\/\" \/>\n<meta property=\"article:published_time\" content=\"2011-08-11T10:25:38+00:00\" \/>\n<meta property=\"og:image\" content=\"http:\/\/inclusivenews.com.br\/wp-content\/uploads\/2009\/12\/participacao.jpg\" \/>\n<meta name=\"author\" content=\"inclusivenews2024\" \/>\n<meta name=\"twitter:card\" content=\"summary_large_image\" \/>\n<meta name=\"twitter:label1\" content=\"Escrito por\" \/>\n\t<meta name=\"twitter:data1\" content=\"inclusivenews2024\" \/>\n\t<meta name=\"twitter:label2\" content=\"Tempo estimado de leitura\" \/>\n\t<meta name=\"twitter:data2\" content=\"6 minutos\" \/>\n<script type=\"application\/ld+json\" class=\"yoast-schema-graph\">{\"@context\":\"https:\\\/\\\/schema.org\",\"@graph\":[{\"@type\":\"Article\",\"@id\":\"https:\\\/\\\/inclusivenews.com.br\\\/?p=20601#article\",\"isPartOf\":{\"@id\":\"https:\\\/\\\/inclusivenews.com.br\\\/?p=20601\"},\"author\":{\"name\":\"inclusivenews2024\",\"@id\":\"https:\\\/\\\/inclusivenews.com.br\\\/#\\\/schema\\\/person\\\/ae4ec7087559b8692fb33b6fffd2273b\"},\"headline\":\"Editora moderna lan\u00e7a s\u00e9rie que ap\u00f3ia escolas e professores na educa\u00e7\u00e3o inclusiva de alunos com defici\u00eancias\",\"datePublished\":\"2011-08-11T10:25:38+00:00\",\"mainEntityOfPage\":{\"@id\":\"https:\\\/\\\/inclusivenews.com.br\\\/?p=20601\"},\"wordCount\":1137,\"commentCount\":1,\"publisher\":{\"@id\":\"https:\\\/\\\/inclusivenews.com.br\\\/#organization\"},\"image\":{\"@id\":\"https:\\\/\\\/inclusivenews.com.br\\\/?p=20601#primaryimage\"},\"thumbnailUrl\":\"http:\\\/\\\/inclusivenews.com.br\\\/wp-content\\\/uploads\\\/2009\\\/12\\\/participacao.jpg\",\"articleSection\":[\"Defici\u00eancia\",\"EDUCA\u00c7\u00c3O\",\"INCLUS\u00c3O SOCIAL\",\"Lan\u00e7amentos\",\"Livros\",\"NOT\u00cdCIAS\",\"PUBLICA\u00c7\u00d5ES\"],\"inLanguage\":\"pt-PT\",\"potentialAction\":[{\"@type\":\"CommentAction\",\"name\":\"Comment\",\"target\":[\"https:\\\/\\\/inclusivenews.com.br\\\/?p=20601#respond\"]}]},{\"@type\":\"WebPage\",\"@id\":\"https:\\\/\\\/inclusivenews.com.br\\\/?p=20601\",\"url\":\"https:\\\/\\\/inclusivenews.com.br\\\/?p=20601\",\"name\":\"Editora moderna lan\u00e7a s\u00e9rie que ap\u00f3ia escolas e professores na educa\u00e7\u00e3o inclusiva de alunos com defici\u00eancias -\",\"isPartOf\":{\"@id\":\"https:\\\/\\\/inclusivenews.com.br\\\/#website\"},\"primaryImageOfPage\":{\"@id\":\"https:\\\/\\\/inclusivenews.com.br\\\/?p=20601#primaryimage\"},\"image\":{\"@id\":\"https:\\\/\\\/inclusivenews.com.br\\\/?p=20601#primaryimage\"},\"thumbnailUrl\":\"http:\\\/\\\/inclusivenews.com.br\\\/wp-content\\\/uploads\\\/2009\\\/12\\\/participacao.jpg\",\"datePublished\":\"2011-08-11T10:25:38+00:00\",\"breadcrumb\":{\"@id\":\"https:\\\/\\\/inclusivenews.com.br\\\/?p=20601#breadcrumb\"},\"inLanguage\":\"pt-PT\",\"potentialAction\":[{\"@type\":\"ReadAction\",\"target\":[\"https:\\\/\\\/inclusivenews.com.br\\\/?p=20601\"]}]},{\"@type\":\"ImageObject\",\"inLanguage\":\"pt-PT\",\"@id\":\"https:\\\/\\\/inclusivenews.com.br\\\/?p=20601#primaryimage\",\"url\":\"\",\"contentUrl\":\"\"},{\"@type\":\"BreadcrumbList\",\"@id\":\"https:\\\/\\\/inclusivenews.com.br\\\/?p=20601#breadcrumb\",\"itemListElement\":[{\"@type\":\"ListItem\",\"position\":1,\"name\":\"In\u00edcio\",\"item\":\"https:\\\/\\\/inclusivenews.com.br\\\/\"},{\"@type\":\"ListItem\",\"position\":2,\"name\":\"Editora moderna lan\u00e7a s\u00e9rie que ap\u00f3ia escolas e professores na educa\u00e7\u00e3o inclusiva de alunos com defici\u00eancias\"}]},{\"@type\":\"WebSite\",\"@id\":\"https:\\\/\\\/inclusivenews.com.br\\\/#website\",\"url\":\"https:\\\/\\\/inclusivenews.com.br\\\/\",\"name\":\"Inclusive News\",\"description\":\"Inclusive News\",\"publisher\":{\"@id\":\"https:\\\/\\\/inclusivenews.com.br\\\/#organization\"},\"potentialAction\":[{\"@type\":\"SearchAction\",\"target\":{\"@type\":\"EntryPoint\",\"urlTemplate\":\"https:\\\/\\\/inclusivenews.com.br\\\/?s={search_term_string}\"},\"query-input\":{\"@type\":\"PropertyValueSpecification\",\"valueRequired\":true,\"valueName\":\"search_term_string\"}}],\"inLanguage\":\"pt-PT\"},{\"@type\":\"Organization\",\"@id\":\"https:\\\/\\\/inclusivenews.com.br\\\/#organization\",\"name\":\"Inclusive - inclus\u00e3o e cidadania\",\"url\":\"https:\\\/\\\/inclusivenews.com.br\\\/\",\"logo\":{\"@type\":\"ImageObject\",\"inLanguage\":\"pt-PT\",\"@id\":\"https:\\\/\\\/inclusivenews.com.br\\\/#\\\/schema\\\/logo\\\/image\\\/\",\"url\":\"https:\\\/\\\/inclusivenews.com.br\\\/wp-content\\\/uploads\\\/2024\\\/03\\\/@grandesite.png\",\"contentUrl\":\"https:\\\/\\\/inclusivenews.com.br\\\/wp-content\\\/uploads\\\/2024\\\/03\\\/@grandesite.png\",\"width\":1080,\"height\":1080,\"caption\":\"Inclusive - inclus\u00e3o e cidadania\"},\"image\":{\"@id\":\"https:\\\/\\\/inclusivenews.com.br\\\/#\\\/schema\\\/logo\\\/image\\\/\"},\"sameAs\":[\"https:\\\/\\\/www.facebook.com\\\/agenciainclusive\\\/\",\"https:\\\/\\\/www.instagram.com\\\/newsinclusive\\\/\"]},{\"@type\":\"Person\",\"@id\":\"https:\\\/\\\/inclusivenews.com.br\\\/#\\\/schema\\\/person\\\/ae4ec7087559b8692fb33b6fffd2273b\",\"name\":\"inclusivenews2024\",\"image\":{\"@type\":\"ImageObject\",\"inLanguage\":\"pt-PT\",\"@id\":\"https:\\\/\\\/secure.gravatar.com\\\/avatar\\\/c5a7ef84c66fa914f55bc4f7ce26cfa275a3b9a1c5568b907bd184fb4dde7b40?s=96&d=mm&r=g\",\"url\":\"https:\\\/\\\/secure.gravatar.com\\\/avatar\\\/c5a7ef84c66fa914f55bc4f7ce26cfa275a3b9a1c5568b907bd184fb4dde7b40?s=96&d=mm&r=g\",\"contentUrl\":\"https:\\\/\\\/secure.gravatar.com\\\/avatar\\\/c5a7ef84c66fa914f55bc4f7ce26cfa275a3b9a1c5568b907bd184fb4dde7b40?s=96&d=mm&r=g\",\"caption\":\"inclusivenews2024\"},\"sameAs\":[\"https:\\\/\\\/inclusivenews.com.br\"],\"url\":\"https:\\\/\\\/inclusivenews.com.br\\\/?author=1\"}]}<\/script>\n<!-- \/ Yoast SEO plugin. -->","yoast_head_json":{"title":"Editora moderna lan\u00e7a s\u00e9rie que ap\u00f3ia escolas e professores na educa\u00e7\u00e3o inclusiva de alunos com defici\u00eancias -","robots":{"index":"index","follow":"follow","max-snippet":"max-snippet:-1","max-image-preview":"max-image-preview:large","max-video-preview":"max-video-preview:-1"},"canonical":"https:\/\/inclusivenews.com.br\/?p=20601","og_locale":"pt_PT","og_type":"article","og_title":"Editora moderna lan\u00e7a s\u00e9rie que ap\u00f3ia escolas e professores na educa\u00e7\u00e3o inclusiva de alunos com defici\u00eancias -","og_description":"Os cinco t\u00edtulos, que fazem parte da cole\u00e7\u00e3o \u201cCotidiano Escolar: a\u00e7\u00e3o docente\u201d, s\u00e3o dirigidos a professores e a todos os interessados em conhecer um pouco mais os desafios e tamb\u00e9m as possibilidades de inclus\u00e3o escolar das pessoas com defici\u00eancia.","og_url":"https:\/\/inclusivenews.com.br\/?p=20601","article_publisher":"https:\/\/www.facebook.com\/agenciainclusive\/","article_published_time":"2011-08-11T10:25:38+00:00","og_image":[{"url":"http:\/\/inclusivenews.com.br\/wp-content\/uploads\/2009\/12\/participacao.jpg","type":"","width":"","height":""}],"author":"inclusivenews2024","twitter_card":"summary_large_image","twitter_misc":{"Escrito por":"inclusivenews2024","Tempo estimado de leitura":"6 minutos"},"schema":{"@context":"https:\/\/schema.org","@graph":[{"@type":"Article","@id":"https:\/\/inclusivenews.com.br\/?p=20601#article","isPartOf":{"@id":"https:\/\/inclusivenews.com.br\/?p=20601"},"author":{"name":"inclusivenews2024","@id":"https:\/\/inclusivenews.com.br\/#\/schema\/person\/ae4ec7087559b8692fb33b6fffd2273b"},"headline":"Editora moderna lan\u00e7a s\u00e9rie que ap\u00f3ia escolas e professores na educa\u00e7\u00e3o inclusiva de alunos com defici\u00eancias","datePublished":"2011-08-11T10:25:38+00:00","mainEntityOfPage":{"@id":"https:\/\/inclusivenews.com.br\/?p=20601"},"wordCount":1137,"commentCount":1,"publisher":{"@id":"https:\/\/inclusivenews.com.br\/#organization"},"image":{"@id":"https:\/\/inclusivenews.com.br\/?p=20601#primaryimage"},"thumbnailUrl":"http:\/\/inclusivenews.com.br\/wp-content\/uploads\/2009\/12\/participacao.jpg","articleSection":["Defici\u00eancia","EDUCA\u00c7\u00c3O","INCLUS\u00c3O SOCIAL","Lan\u00e7amentos","Livros","NOT\u00cdCIAS","PUBLICA\u00c7\u00d5ES"],"inLanguage":"pt-PT","potentialAction":[{"@type":"CommentAction","name":"Comment","target":["https:\/\/inclusivenews.com.br\/?p=20601#respond"]}]},{"@type":"WebPage","@id":"https:\/\/inclusivenews.com.br\/?p=20601","url":"https:\/\/inclusivenews.com.br\/?p=20601","name":"Editora moderna lan\u00e7a s\u00e9rie que ap\u00f3ia escolas e professores na educa\u00e7\u00e3o inclusiva de alunos com defici\u00eancias -","isPartOf":{"@id":"https:\/\/inclusivenews.com.br\/#website"},"primaryImageOfPage":{"@id":"https:\/\/inclusivenews.com.br\/?p=20601#primaryimage"},"image":{"@id":"https:\/\/inclusivenews.com.br\/?p=20601#primaryimage"},"thumbnailUrl":"http:\/\/inclusivenews.com.br\/wp-content\/uploads\/2009\/12\/participacao.jpg","datePublished":"2011-08-11T10:25:38+00:00","breadcrumb":{"@id":"https:\/\/inclusivenews.com.br\/?p=20601#breadcrumb"},"inLanguage":"pt-PT","potentialAction":[{"@type":"ReadAction","target":["https:\/\/inclusivenews.com.br\/?p=20601"]}]},{"@type":"ImageObject","inLanguage":"pt-PT","@id":"https:\/\/inclusivenews.com.br\/?p=20601#primaryimage","url":"","contentUrl":""},{"@type":"BreadcrumbList","@id":"https:\/\/inclusivenews.com.br\/?p=20601#breadcrumb","itemListElement":[{"@type":"ListItem","position":1,"name":"In\u00edcio","item":"https:\/\/inclusivenews.com.br\/"},{"@type":"ListItem","position":2,"name":"Editora moderna lan\u00e7a s\u00e9rie que ap\u00f3ia escolas e professores na educa\u00e7\u00e3o inclusiva de alunos com defici\u00eancias"}]},{"@type":"WebSite","@id":"https:\/\/inclusivenews.com.br\/#website","url":"https:\/\/inclusivenews.com.br\/","name":"Inclusive News","description":"Inclusive News","publisher":{"@id":"https:\/\/inclusivenews.com.br\/#organization"},"potentialAction":[{"@type":"SearchAction","target":{"@type":"EntryPoint","urlTemplate":"https:\/\/inclusivenews.com.br\/?s={search_term_string}"},"query-input":{"@type":"PropertyValueSpecification","valueRequired":true,"valueName":"search_term_string"}}],"inLanguage":"pt-PT"},{"@type":"Organization","@id":"https:\/\/inclusivenews.com.br\/#organization","name":"Inclusive - inclus\u00e3o e cidadania","url":"https:\/\/inclusivenews.com.br\/","logo":{"@type":"ImageObject","inLanguage":"pt-PT","@id":"https:\/\/inclusivenews.com.br\/#\/schema\/logo\/image\/","url":"https:\/\/inclusivenews.com.br\/wp-content\/uploads\/2024\/03\/@grandesite.png","contentUrl":"https:\/\/inclusivenews.com.br\/wp-content\/uploads\/2024\/03\/@grandesite.png","width":1080,"height":1080,"caption":"Inclusive - inclus\u00e3o e cidadania"},"image":{"@id":"https:\/\/inclusivenews.com.br\/#\/schema\/logo\/image\/"},"sameAs":["https:\/\/www.facebook.com\/agenciainclusive\/","https:\/\/www.instagram.com\/newsinclusive\/"]},{"@type":"Person","@id":"https:\/\/inclusivenews.com.br\/#\/schema\/person\/ae4ec7087559b8692fb33b6fffd2273b","name":"inclusivenews2024","image":{"@type":"ImageObject","inLanguage":"pt-PT","@id":"https:\/\/secure.gravatar.com\/avatar\/c5a7ef84c66fa914f55bc4f7ce26cfa275a3b9a1c5568b907bd184fb4dde7b40?s=96&d=mm&r=g","url":"https:\/\/secure.gravatar.com\/avatar\/c5a7ef84c66fa914f55bc4f7ce26cfa275a3b9a1c5568b907bd184fb4dde7b40?s=96&d=mm&r=g","contentUrl":"https:\/\/secure.gravatar.com\/avatar\/c5a7ef84c66fa914f55bc4f7ce26cfa275a3b9a1c5568b907bd184fb4dde7b40?s=96&d=mm&r=g","caption":"inclusivenews2024"},"sameAs":["https:\/\/inclusivenews.com.br"],"url":"https:\/\/inclusivenews.com.br\/?author=1"}]}},"_links":{"self":[{"href":"https:\/\/inclusivenews.com.br\/index.php?rest_route=\/wp\/v2\/posts\/20601","targetHints":{"allow":["GET"]}}],"collection":[{"href":"https:\/\/inclusivenews.com.br\/index.php?rest_route=\/wp\/v2\/posts"}],"about":[{"href":"https:\/\/inclusivenews.com.br\/index.php?rest_route=\/wp\/v2\/types\/post"}],"author":[{"embeddable":true,"href":"https:\/\/inclusivenews.com.br\/index.php?rest_route=\/wp\/v2\/users\/1"}],"replies":[{"embeddable":true,"href":"https:\/\/inclusivenews.com.br\/index.php?rest_route=%2Fwp%2Fv2%2Fcomments&post=20601"}],"version-history":[{"count":0,"href":"https:\/\/inclusivenews.com.br\/index.php?rest_route=\/wp\/v2\/posts\/20601\/revisions"}],"wp:attachment":[{"href":"https:\/\/inclusivenews.com.br\/index.php?rest_route=%2Fwp%2Fv2%2Fmedia&parent=20601"}],"wp:term":[{"taxonomy":"category","embeddable":true,"href":"https:\/\/inclusivenews.com.br\/index.php?rest_route=%2Fwp%2Fv2%2Fcategories&post=20601"},{"taxonomy":"post_tag","embeddable":true,"href":"https:\/\/inclusivenews.com.br\/index.php?rest_route=%2Fwp%2Fv2%2Ftags&post=20601"}],"curies":[{"name":"wp","href":"https:\/\/api.w.org\/{rel}","templated":true}]}}