{"id":20606,"date":"2011-08-11T07:27:07","date_gmt":"2011-08-11T10:27:07","guid":{"rendered":"http:\/\/www.inclusive.org.br\/?p=20606"},"modified":"2011-08-11T07:27:07","modified_gmt":"2011-08-11T10:27:07","slug":"um-leao-em-costa-barros","status":"publish","type":"post","link":"https:\/\/inclusivenews.com.br\/?p=20606","title":{"rendered":"Um Le\u00e3o em Costa-Barros"},"content":{"rendered":"<figure id=\"attachment_20615\" aria-describedby=\"caption-attachment-20615\" style=\"width: 270px\" class=\"wp-caption alignleft\"><img loading=\"lazy\" decoding=\"async\" class=\"size-full wp-image-20615\" title=\"A cabe\u00e7a de um le\u00e3o sobre fundo escuro\" src=\"http:\/\/inclusivenews.com.br\/wp-content\/uploads\/leao_foto.jpg\" alt=\"A cabe\u00e7a de um le\u00e3o sobre fundo escuro\" width=\"270\" height=\"202\" \/><figcaption id=\"caption-attachment-20615\" class=\"wp-caption-text\"> <\/figcaption><\/figure>\n<p><strong>Por Renan Schuindt<\/strong><br \/>\nno Viva Favela<\/p>\n<p>Costa-Barros (Zona Norte RJ) \u00e9 o segundo colocado no ranking de menor IDH da Cidade Maravilhosa. Um lugar que assombra qualquer um que passe por ele. At\u00e9 mesmo em ouvir falar as pessoas se aterrorizam&#8230; Verdadeiras guerras urbanas acontecem aqui, minha casa mesmo j\u00e1 foi alvejada dezenas de vezes. Sentiu arrepios? Pois bem, esse \u00e9 o lugar que moro, e o pior, \u00e9 onde crio meu filho.<\/p>\n<p>Um dia eu estava em casa deitado no sof\u00e1, assistindo a um programa de culin\u00e1ria, e bem na hora da receita passou um carro de som, pensei&#8230; S\u00f3 pode ser o carro velho do peixeiro ou coisa parecida. De uma coisa tinha certeza, n\u00e3o era o carro do circo&#8230; Acredite, j\u00e1 passou aqui em Costa-Barros, e muitas vezes, no in\u00edcio da d\u00e9cada de 90. Era um Maverick branco caindo aos peda\u00e7os anunciando o Circo Tr\u00eas Poderes, com um le\u00e3o na jaula sendo rebocado para promover ainda mais o circo, um le\u00e3o com idade avan\u00e7ada para exercer atividades num circo, era magrinho, cheio de sono, parecia esperar sua partida para um local sem grades.<\/p>\n<p>De uma forma ou de outra, era um le\u00e3o. Toda vez que ele passava eu ia correndo atr\u00e1s, a troco de nada, era o encanto pela arte florescendo. O ingresso custava R$ 1,00 e mesmo assim \u00e0s vezes eu e meus amigos n\u00e3o t\u00ednhamos essa grana pra assistir ao espet\u00e1culo. Pela manh\u00e3, o motorista do Maverick trocava um gato por dois ingressos&#8230; Os bichanos serviam de petisco para o Rei da Selva, ent\u00e3o por amor \u00e0 arte l\u00e1 \u00edamos n\u00f3s para o velho mercado da troca, mas isso era mantido em sigilo.<\/p>\n<p>Lembro-me que por duas vezes o circo recebeu atra\u00e7\u00f5es ilustr\u00edssimas, s\u00e9rio mesmo, Rony C\u00f3cegas, com seu personagem Lindeza e seu famoso bord\u00e3o &#8220;Calma Cocada!&#8221; e o Astro-Rei: Papai Noel, j\u00e1 pensou? At\u00e9 o bom velhinho passou por aqui, de verdade, eu mesmo vi. No dia em que o Rony se apresentou notei que o motorista do Maverick tamb\u00e9m exercia os pap\u00e9is de acrobata (na temida corda bamba de 2 metros de altura), m\u00e1gico (ele tirava moedas de nossas orelhas e narizes, truque que at\u00e9 hoje fa\u00e7o com meu filho Ramon, ele adora) e domador (de c\u00e3es, j\u00e1 que o le\u00e3o s\u00f3 dormia e comia gatos) e falavam que ele tamb\u00e9m era o dono do circo.<\/p>\n<p>Perdoe-me, propositalmente tive que viajar, mas se fazia necess\u00e1rio. Retomando&#8230; Estava eu deitado no sof\u00e1, era in\u00edcio de 2007, e um carro de som passa na hora da receita. Levantei e fui at\u00e9 o port\u00e3o, avistei um carro branco, aquela cena me remetia ao passado, ao circo e sobretudo \u00e0 arte. Claro que n\u00e3o pude ver meus olhos naquele momento, mas sei que foram talvez n\u00e3o os mais brilhantes do mundo, por\u00e9m, os mais brilhantes de Costa-Barros. Voc\u00ea deve estar achando que era o carro do circo&#8230; Seria lindo.<\/p>\n<p>Mas arte \u00e9 arte de qualquer forma, e foi lindo, n\u00e3o foi a magia do circo que fez meus olhos brilharem, foi a magia do cinema, isso mesmo era o carro do cinema&#8230; Abri o port\u00e3o e ouvi o an\u00fancio de uma escola de cinema em Costa-Barros, sa\u00ed correndo e bati na porta da escola como se estivesse levando um gato para trocar por um ingresso. S\u00f3 que isso era coisa de moleque e agora eu estava velho para estudar cinema no meu bairro, tinha ultrapassado dois anos da idade limite para estudar na escola.<\/p>\n<p>Toda a minha vontade, todos os gatos que juntei para trocar por um futuro em que sempre sonhei n\u00e3o serviriam de nada? Meu sonho seria como o circo? T\u00e3o perto de mim, aqui em Costa-Barros, e ao mesmo tempo&#8230; T\u00e3o irreal. Claro que n\u00e3o, o diretor da escola Luz, C\u00e2mera e A\u00e7\u00e3o me viu como o motorista via aquele le\u00e3o&#8230; Velho, sonolento e faminto por algo que nem sabia se daria certo&#8230; Mas que tinha a sua luz, seu brilho e seu valor.<\/p>\n<p>Ele me deu uma chance, abriu as portas para que eu pudesse me descobrir e descobrir o cinema. Hoje entendo que aquele le\u00e3o era a pe\u00e7a fundamental para atrair a molecada para dentro do circo pra que o motorista pudesse mostrar um mundo de possibilidades. Sou professor dessa mesma escola e de outras. Somos como o motorista e o le\u00e3o, levamos esperan\u00e7a a todos que precisam dela.<\/p>\n<p>Fonte: <a href=\"http:\/\/www.vivafavela.com.br\/materias\/um-le%C3%A3o-em-costa-barros\">Viva Favela<\/a><\/p>\n","protected":false},"excerpt":{"rendered":"<p>Por Renan Schuindt, no Viva Favela. &#8220;Sou professor dessa mesma escola e de outras. Somos como o motorista e o le\u00e3o, levamos esperan\u00e7a a todos que precisam dela.&#8221;<\/p>\n","protected":false},"author":1,"featured_media":0,"comment_status":"open","ping_status":"open","sticky":false,"template":"","format":"standard","meta":{"site-container-style":"default","site-container-layout":"default","site-sidebar-layout":"default","disable-article-header":"default","disable-site-header":"default","disable-site-footer":"default","disable-content-area-spacing":"default","footnotes":""},"categories":[48,8],"tags":[],"class_list":["post-20606","post","type-post","status-publish","format-standard","hentry","category-inclusao","category-textos-e-artigos"],"yoast_head":"<!-- This site is optimized with the Yoast SEO plugin v27.4 - https:\/\/yoast.com\/product\/yoast-seo-wordpress\/ -->\n<title>Um Le\u00e3o em Costa-Barros -<\/title>\n<meta name=\"robots\" content=\"index, follow, max-snippet:-1, max-image-preview:large, max-video-preview:-1\" \/>\n<link rel=\"canonical\" href=\"https:\/\/inclusivenews.com.br\/?p=20606\" \/>\n<meta property=\"og:locale\" content=\"pt_PT\" \/>\n<meta property=\"og:type\" content=\"article\" \/>\n<meta property=\"og:title\" content=\"Um Le\u00e3o em Costa-Barros -\" \/>\n<meta property=\"og:description\" content=\"Por Renan Schuindt, no Viva Favela. &quot;Sou professor dessa mesma escola e de outras. Somos como o motorista e o le\u00e3o, levamos esperan\u00e7a a todos que precisam dela.&quot;\" \/>\n<meta property=\"og:url\" content=\"https:\/\/inclusivenews.com.br\/?p=20606\" \/>\n<meta property=\"article:publisher\" content=\"https:\/\/www.facebook.com\/agenciainclusive\/\" \/>\n<meta property=\"article:published_time\" content=\"2011-08-11T10:27:07+00:00\" \/>\n<meta property=\"og:image\" content=\"http:\/\/inclusivenews.com.br\/wp-content\/uploads\/leao_foto.jpg\" \/>\n<meta name=\"author\" content=\"inclusivenews2024\" \/>\n<meta name=\"twitter:card\" content=\"summary_large_image\" \/>\n<meta name=\"twitter:label1\" content=\"Escrito por\" \/>\n\t<meta name=\"twitter:data1\" content=\"inclusivenews2024\" \/>\n\t<meta name=\"twitter:label2\" content=\"Tempo estimado de leitura\" \/>\n\t<meta name=\"twitter:data2\" content=\"4 minutos\" \/>\n<script type=\"application\/ld+json\" class=\"yoast-schema-graph\">{\"@context\":\"https:\\\/\\\/schema.org\",\"@graph\":[{\"@type\":\"Article\",\"@id\":\"https:\\\/\\\/inclusivenews.com.br\\\/?p=20606#article\",\"isPartOf\":{\"@id\":\"https:\\\/\\\/inclusivenews.com.br\\\/?p=20606\"},\"author\":{\"name\":\"inclusivenews2024\",\"@id\":\"https:\\\/\\\/inclusivenews.com.br\\\/#\\\/schema\\\/person\\\/ae4ec7087559b8692fb33b6fffd2273b\"},\"headline\":\"Um Le\u00e3o em Costa-Barros\",\"datePublished\":\"2011-08-11T10:27:07+00:00\",\"mainEntityOfPage\":{\"@id\":\"https:\\\/\\\/inclusivenews.com.br\\\/?p=20606\"},\"wordCount\":781,\"commentCount\":0,\"publisher\":{\"@id\":\"https:\\\/\\\/inclusivenews.com.br\\\/#organization\"},\"image\":{\"@id\":\"https:\\\/\\\/inclusivenews.com.br\\\/?p=20606#primaryimage\"},\"thumbnailUrl\":\"http:\\\/\\\/inclusivenews.com.br\\\/wp-content\\\/uploads\\\/leao_foto.jpg\",\"articleSection\":[\"INCLUS\u00c3O SOCIAL\",\"OPINI\u00c3O\"],\"inLanguage\":\"pt-PT\",\"potentialAction\":[{\"@type\":\"CommentAction\",\"name\":\"Comment\",\"target\":[\"https:\\\/\\\/inclusivenews.com.br\\\/?p=20606#respond\"]}]},{\"@type\":\"WebPage\",\"@id\":\"https:\\\/\\\/inclusivenews.com.br\\\/?p=20606\",\"url\":\"https:\\\/\\\/inclusivenews.com.br\\\/?p=20606\",\"name\":\"Um Le\u00e3o em Costa-Barros -\",\"isPartOf\":{\"@id\":\"https:\\\/\\\/inclusivenews.com.br\\\/#website\"},\"primaryImageOfPage\":{\"@id\":\"https:\\\/\\\/inclusivenews.com.br\\\/?p=20606#primaryimage\"},\"image\":{\"@id\":\"https:\\\/\\\/inclusivenews.com.br\\\/?p=20606#primaryimage\"},\"thumbnailUrl\":\"http:\\\/\\\/inclusivenews.com.br\\\/wp-content\\\/uploads\\\/leao_foto.jpg\",\"datePublished\":\"2011-08-11T10:27:07+00:00\",\"breadcrumb\":{\"@id\":\"https:\\\/\\\/inclusivenews.com.br\\\/?p=20606#breadcrumb\"},\"inLanguage\":\"pt-PT\",\"potentialAction\":[{\"@type\":\"ReadAction\",\"target\":[\"https:\\\/\\\/inclusivenews.com.br\\\/?p=20606\"]}]},{\"@type\":\"ImageObject\",\"inLanguage\":\"pt-PT\",\"@id\":\"https:\\\/\\\/inclusivenews.com.br\\\/?p=20606#primaryimage\",\"url\":\"\",\"contentUrl\":\"\"},{\"@type\":\"BreadcrumbList\",\"@id\":\"https:\\\/\\\/inclusivenews.com.br\\\/?p=20606#breadcrumb\",\"itemListElement\":[{\"@type\":\"ListItem\",\"position\":1,\"name\":\"In\u00edcio\",\"item\":\"https:\\\/\\\/inclusivenews.com.br\\\/\"},{\"@type\":\"ListItem\",\"position\":2,\"name\":\"Um Le\u00e3o em Costa-Barros\"}]},{\"@type\":\"WebSite\",\"@id\":\"https:\\\/\\\/inclusivenews.com.br\\\/#website\",\"url\":\"https:\\\/\\\/inclusivenews.com.br\\\/\",\"name\":\"Inclusive News\",\"description\":\"Inclusive News\",\"publisher\":{\"@id\":\"https:\\\/\\\/inclusivenews.com.br\\\/#organization\"},\"potentialAction\":[{\"@type\":\"SearchAction\",\"target\":{\"@type\":\"EntryPoint\",\"urlTemplate\":\"https:\\\/\\\/inclusivenews.com.br\\\/?s={search_term_string}\"},\"query-input\":{\"@type\":\"PropertyValueSpecification\",\"valueRequired\":true,\"valueName\":\"search_term_string\"}}],\"inLanguage\":\"pt-PT\"},{\"@type\":\"Organization\",\"@id\":\"https:\\\/\\\/inclusivenews.com.br\\\/#organization\",\"name\":\"Inclusive - inclus\u00e3o e cidadania\",\"url\":\"https:\\\/\\\/inclusivenews.com.br\\\/\",\"logo\":{\"@type\":\"ImageObject\",\"inLanguage\":\"pt-PT\",\"@id\":\"https:\\\/\\\/inclusivenews.com.br\\\/#\\\/schema\\\/logo\\\/image\\\/\",\"url\":\"https:\\\/\\\/inclusivenews.com.br\\\/wp-content\\\/uploads\\\/2024\\\/03\\\/@grandesite.png\",\"contentUrl\":\"https:\\\/\\\/inclusivenews.com.br\\\/wp-content\\\/uploads\\\/2024\\\/03\\\/@grandesite.png\",\"width\":1080,\"height\":1080,\"caption\":\"Inclusive - inclus\u00e3o e cidadania\"},\"image\":{\"@id\":\"https:\\\/\\\/inclusivenews.com.br\\\/#\\\/schema\\\/logo\\\/image\\\/\"},\"sameAs\":[\"https:\\\/\\\/www.facebook.com\\\/agenciainclusive\\\/\",\"https:\\\/\\\/www.instagram.com\\\/newsinclusive\\\/\"]},{\"@type\":\"Person\",\"@id\":\"https:\\\/\\\/inclusivenews.com.br\\\/#\\\/schema\\\/person\\\/ae4ec7087559b8692fb33b6fffd2273b\",\"name\":\"inclusivenews2024\",\"image\":{\"@type\":\"ImageObject\",\"inLanguage\":\"pt-PT\",\"@id\":\"https:\\\/\\\/secure.gravatar.com\\\/avatar\\\/c5a7ef84c66fa914f55bc4f7ce26cfa275a3b9a1c5568b907bd184fb4dde7b40?s=96&d=mm&r=g\",\"url\":\"https:\\\/\\\/secure.gravatar.com\\\/avatar\\\/c5a7ef84c66fa914f55bc4f7ce26cfa275a3b9a1c5568b907bd184fb4dde7b40?s=96&d=mm&r=g\",\"contentUrl\":\"https:\\\/\\\/secure.gravatar.com\\\/avatar\\\/c5a7ef84c66fa914f55bc4f7ce26cfa275a3b9a1c5568b907bd184fb4dde7b40?s=96&d=mm&r=g\",\"caption\":\"inclusivenews2024\"},\"sameAs\":[\"https:\\\/\\\/inclusivenews.com.br\"],\"url\":\"https:\\\/\\\/inclusivenews.com.br\\\/?author=1\"}]}<\/script>\n<!-- \/ Yoast SEO plugin. -->","yoast_head_json":{"title":"Um Le\u00e3o em Costa-Barros -","robots":{"index":"index","follow":"follow","max-snippet":"max-snippet:-1","max-image-preview":"max-image-preview:large","max-video-preview":"max-video-preview:-1"},"canonical":"https:\/\/inclusivenews.com.br\/?p=20606","og_locale":"pt_PT","og_type":"article","og_title":"Um Le\u00e3o em Costa-Barros -","og_description":"Por Renan Schuindt, no Viva Favela. \"Sou professor dessa mesma escola e de outras. Somos como o motorista e o le\u00e3o, levamos esperan\u00e7a a todos que precisam dela.\"","og_url":"https:\/\/inclusivenews.com.br\/?p=20606","article_publisher":"https:\/\/www.facebook.com\/agenciainclusive\/","article_published_time":"2011-08-11T10:27:07+00:00","og_image":[{"url":"http:\/\/inclusivenews.com.br\/wp-content\/uploads\/leao_foto.jpg","type":"","width":"","height":""}],"author":"inclusivenews2024","twitter_card":"summary_large_image","twitter_misc":{"Escrito por":"inclusivenews2024","Tempo estimado de leitura":"4 minutos"},"schema":{"@context":"https:\/\/schema.org","@graph":[{"@type":"Article","@id":"https:\/\/inclusivenews.com.br\/?p=20606#article","isPartOf":{"@id":"https:\/\/inclusivenews.com.br\/?p=20606"},"author":{"name":"inclusivenews2024","@id":"https:\/\/inclusivenews.com.br\/#\/schema\/person\/ae4ec7087559b8692fb33b6fffd2273b"},"headline":"Um Le\u00e3o em Costa-Barros","datePublished":"2011-08-11T10:27:07+00:00","mainEntityOfPage":{"@id":"https:\/\/inclusivenews.com.br\/?p=20606"},"wordCount":781,"commentCount":0,"publisher":{"@id":"https:\/\/inclusivenews.com.br\/#organization"},"image":{"@id":"https:\/\/inclusivenews.com.br\/?p=20606#primaryimage"},"thumbnailUrl":"http:\/\/inclusivenews.com.br\/wp-content\/uploads\/leao_foto.jpg","articleSection":["INCLUS\u00c3O SOCIAL","OPINI\u00c3O"],"inLanguage":"pt-PT","potentialAction":[{"@type":"CommentAction","name":"Comment","target":["https:\/\/inclusivenews.com.br\/?p=20606#respond"]}]},{"@type":"WebPage","@id":"https:\/\/inclusivenews.com.br\/?p=20606","url":"https:\/\/inclusivenews.com.br\/?p=20606","name":"Um Le\u00e3o em Costa-Barros -","isPartOf":{"@id":"https:\/\/inclusivenews.com.br\/#website"},"primaryImageOfPage":{"@id":"https:\/\/inclusivenews.com.br\/?p=20606#primaryimage"},"image":{"@id":"https:\/\/inclusivenews.com.br\/?p=20606#primaryimage"},"thumbnailUrl":"http:\/\/inclusivenews.com.br\/wp-content\/uploads\/leao_foto.jpg","datePublished":"2011-08-11T10:27:07+00:00","breadcrumb":{"@id":"https:\/\/inclusivenews.com.br\/?p=20606#breadcrumb"},"inLanguage":"pt-PT","potentialAction":[{"@type":"ReadAction","target":["https:\/\/inclusivenews.com.br\/?p=20606"]}]},{"@type":"ImageObject","inLanguage":"pt-PT","@id":"https:\/\/inclusivenews.com.br\/?p=20606#primaryimage","url":"","contentUrl":""},{"@type":"BreadcrumbList","@id":"https:\/\/inclusivenews.com.br\/?p=20606#breadcrumb","itemListElement":[{"@type":"ListItem","position":1,"name":"In\u00edcio","item":"https:\/\/inclusivenews.com.br\/"},{"@type":"ListItem","position":2,"name":"Um Le\u00e3o em Costa-Barros"}]},{"@type":"WebSite","@id":"https:\/\/inclusivenews.com.br\/#website","url":"https:\/\/inclusivenews.com.br\/","name":"Inclusive News","description":"Inclusive News","publisher":{"@id":"https:\/\/inclusivenews.com.br\/#organization"},"potentialAction":[{"@type":"SearchAction","target":{"@type":"EntryPoint","urlTemplate":"https:\/\/inclusivenews.com.br\/?s={search_term_string}"},"query-input":{"@type":"PropertyValueSpecification","valueRequired":true,"valueName":"search_term_string"}}],"inLanguage":"pt-PT"},{"@type":"Organization","@id":"https:\/\/inclusivenews.com.br\/#organization","name":"Inclusive - inclus\u00e3o e cidadania","url":"https:\/\/inclusivenews.com.br\/","logo":{"@type":"ImageObject","inLanguage":"pt-PT","@id":"https:\/\/inclusivenews.com.br\/#\/schema\/logo\/image\/","url":"https:\/\/inclusivenews.com.br\/wp-content\/uploads\/2024\/03\/@grandesite.png","contentUrl":"https:\/\/inclusivenews.com.br\/wp-content\/uploads\/2024\/03\/@grandesite.png","width":1080,"height":1080,"caption":"Inclusive - inclus\u00e3o e cidadania"},"image":{"@id":"https:\/\/inclusivenews.com.br\/#\/schema\/logo\/image\/"},"sameAs":["https:\/\/www.facebook.com\/agenciainclusive\/","https:\/\/www.instagram.com\/newsinclusive\/"]},{"@type":"Person","@id":"https:\/\/inclusivenews.com.br\/#\/schema\/person\/ae4ec7087559b8692fb33b6fffd2273b","name":"inclusivenews2024","image":{"@type":"ImageObject","inLanguage":"pt-PT","@id":"https:\/\/secure.gravatar.com\/avatar\/c5a7ef84c66fa914f55bc4f7ce26cfa275a3b9a1c5568b907bd184fb4dde7b40?s=96&d=mm&r=g","url":"https:\/\/secure.gravatar.com\/avatar\/c5a7ef84c66fa914f55bc4f7ce26cfa275a3b9a1c5568b907bd184fb4dde7b40?s=96&d=mm&r=g","contentUrl":"https:\/\/secure.gravatar.com\/avatar\/c5a7ef84c66fa914f55bc4f7ce26cfa275a3b9a1c5568b907bd184fb4dde7b40?s=96&d=mm&r=g","caption":"inclusivenews2024"},"sameAs":["https:\/\/inclusivenews.com.br"],"url":"https:\/\/inclusivenews.com.br\/?author=1"}]}},"_links":{"self":[{"href":"https:\/\/inclusivenews.com.br\/index.php?rest_route=\/wp\/v2\/posts\/20606","targetHints":{"allow":["GET"]}}],"collection":[{"href":"https:\/\/inclusivenews.com.br\/index.php?rest_route=\/wp\/v2\/posts"}],"about":[{"href":"https:\/\/inclusivenews.com.br\/index.php?rest_route=\/wp\/v2\/types\/post"}],"author":[{"embeddable":true,"href":"https:\/\/inclusivenews.com.br\/index.php?rest_route=\/wp\/v2\/users\/1"}],"replies":[{"embeddable":true,"href":"https:\/\/inclusivenews.com.br\/index.php?rest_route=%2Fwp%2Fv2%2Fcomments&post=20606"}],"version-history":[{"count":0,"href":"https:\/\/inclusivenews.com.br\/index.php?rest_route=\/wp\/v2\/posts\/20606\/revisions"}],"wp:attachment":[{"href":"https:\/\/inclusivenews.com.br\/index.php?rest_route=%2Fwp%2Fv2%2Fmedia&parent=20606"}],"wp:term":[{"taxonomy":"category","embeddable":true,"href":"https:\/\/inclusivenews.com.br\/index.php?rest_route=%2Fwp%2Fv2%2Fcategories&post=20606"},{"taxonomy":"post_tag","embeddable":true,"href":"https:\/\/inclusivenews.com.br\/index.php?rest_route=%2Fwp%2Fv2%2Ftags&post=20606"}],"curies":[{"name":"wp","href":"https:\/\/api.w.org\/{rel}","templated":true}]}}