{"id":20609,"date":"2011-08-11T07:26:33","date_gmt":"2011-08-11T10:26:33","guid":{"rendered":"http:\/\/www.inclusive.org.br\/?p=20609"},"modified":"2011-08-11T07:26:33","modified_gmt":"2011-08-11T10:26:33","slug":"iniciativa-inovadora-incentiva-compartilhamento-de-solucoes-para-problemas-sociais","status":"publish","type":"post","link":"https:\/\/inclusivenews.com.br\/?p=20609","title":{"rendered":"Iniciativa inovadora incentiva compartilhamento de solu\u00e7\u00f5es para problemas sociais"},"content":{"rendered":"<figure style=\"width: 264px\" class=\"wp-caption alignleft\"><img loading=\"lazy\" decoding=\"async\" title=\"Festival de id\u00e9ias - inova\u00e7\u00f5es para o desenvolvimento social\" src=\"http:\/\/www.promenino.org.br\/Portals\/0\/festival_ideias.jpg\" alt=\"Festival de id\u00e9ias - inova\u00e7\u00f5es para o desenvolvimento social\" width=\"264\" height=\"125\" \/><figcaption class=\"wp-caption-text\"> <\/figcaption><\/figure>\n<p>Com o objetivo de fomentar por meio da internet solu\u00e7\u00f5es criativas frente aos problemas atuais da sociedade foi criado o Festival de Ideias (FdI), uma rede de colabora\u00e7\u00e3o e troca de informa\u00e7\u00f5es entre empreendedores, investidores e o p\u00fablico em geral.<\/p>\n<p>Por meio de uma plataforma web, os participantes do FdI podem inscrever e compartilhar ideias que ficar\u00e3o no ar durante um m\u00eas e poder\u00e3o ser analisadas por outras pessoas.  Com a autoriza\u00e7\u00e3o dos autores, cada ideia pode receber coment\u00e1rios, ser copiada e aperfei\u00e7oada por outra pessoa. Al\u00e9m disso, \u00e9 poss\u00edvel que haja capta\u00e7\u00e3o de recursos por financiamento direto de empresas parceiras e de pessoas f\u00edsicas, por meio da plataforma de crowdfunding Catarse.me.<\/p>\n<p>O projeto foi pensado com o objetivo de superar as dificuldades do setor social em se renovar e de trabalhar com a colabora\u00e7\u00e3o de todos. Por isso, o FdI segue o modelo de compartilhamento de informa\u00e7\u00f5es entre as pessoas, utilizado nas redes sociais. A constru\u00e7\u00e3o dessa iniciativa tamb\u00e9m ocorreu de forma participativa. \u201cO FdI foi constru\u00eddo por meio de uma rede de colabora\u00e7\u00e3o em que nossos parceiros e volunt\u00e1rios puderam discutir desde o nome at\u00e9 os temas e o formato\u201d, explica Bruno Ayres, empreendedor social e diretor executivo da rede social V2V.<\/p>\n<p>Em menos de uma semana, a iniciativa j\u00e1 recebeu mais de 117 inscri\u00e7\u00f5es divididas nos tr\u00eas temas: Viol\u00eancia, Mobilidade Urbana e Cat\u00e1strofes Naturais. As melhores ideias ser\u00e3o premiadas em dinheiro (R$ 10 mil cada) durante um evento presencial que ser\u00e1 realizado nos dias 20 e 21 de setembro de 2011 na Cinemateca Brasileira, em S\u00e3o Paulo. \u201cO premio \u00e9 um incentivo para que as ideias saiam da cabe\u00e7a das pessoas, circulem e que seja poss\u00edvel novas combina\u00e7\u00f5es, algo que \u00e9 a ess\u00eancia do Festival\u201d, afirma Bruno Ayres.<\/p>\n<p>O FdI \u00e9 promovido pelo Centro Ruth Cardoso, em parceria com a V2V, Mandalah e Catarse. Al\u00e9m disso, tamb\u00e9m fazem parte dessa iniciativa a Funda\u00e7\u00e3o Telef\u00f4nica e o Centro de Empreendedorismo Social e Administra\u00e7\u00e3o em Terceiro Setor da Funda\u00e7\u00e3o Instituto de Administra\u00e7\u00e3o (CEATS\/FIA). Para conhecer e tamb\u00e9m participar, acesse o site<a href=\"http:\/\/www.festivaldeideias.org.br\"> www.festivaldeideias.org.br<\/a><\/p>\n<p>Fonte: <a href=\"http:\/\/www.promenino.org.br\/Ferramentas\/DireitosdasCriancaseAdolescentes\/tabid\/77\/ConteudoId\/ce7209fc-18b1-444e-8302-3172ef41ccb8\/Default.aspx\">Pr\u00f3Menino<\/a><\/p>\n","protected":false},"excerpt":{"rendered":"<p>Com o objetivo de fomentar por meio da internet solu\u00e7\u00f5es criativas frente aos problemas atuais da sociedade foi criado o Festival de Ideias (FdI), uma rede de colabora\u00e7\u00e3o e troca de informa\u00e7\u00f5es entre empreendedores, investidores e o p\u00fablico em geral.<\/p>\n","protected":false},"author":1,"featured_media":0,"comment_status":"open","ping_status":"open","sticky":false,"template":"","format":"standard","meta":{"site-container-style":"default","site-container-layout":"default","site-sidebar-layout":"default","disable-article-header":"default","disable-site-header":"default","disable-site-footer":"default","disable-content-area-spacing":"default","footnotes":""},"categories":[11,4],"tags":[],"class_list":["post-20609","post","type-post","status-publish","format-standard","hentry","category-direitos-humanos","category-noticias"],"yoast_head":"<!-- This site is optimized with the Yoast SEO plugin v27.4 - https:\/\/yoast.com\/product\/yoast-seo-wordpress\/ -->\n<title>Iniciativa inovadora incentiva compartilhamento de solu\u00e7\u00f5es para problemas sociais -<\/title>\n<meta name=\"robots\" content=\"index, follow, max-snippet:-1, max-image-preview:large, max-video-preview:-1\" \/>\n<link rel=\"canonical\" href=\"https:\/\/inclusivenews.com.br\/?p=20609\" \/>\n<meta property=\"og:locale\" content=\"pt_PT\" \/>\n<meta property=\"og:type\" content=\"article\" \/>\n<meta property=\"og:title\" content=\"Iniciativa inovadora incentiva compartilhamento de solu\u00e7\u00f5es para problemas sociais -\" \/>\n<meta property=\"og:description\" content=\"Com o objetivo de fomentar por meio da internet solu\u00e7\u00f5es criativas frente aos problemas atuais da sociedade foi criado o Festival de Ideias (FdI), uma rede de colabora\u00e7\u00e3o e troca de informa\u00e7\u00f5es entre empreendedores, investidores e o p\u00fablico em geral.\" \/>\n<meta property=\"og:url\" content=\"https:\/\/inclusivenews.com.br\/?p=20609\" \/>\n<meta property=\"article:publisher\" content=\"https:\/\/www.facebook.com\/agenciainclusive\/\" \/>\n<meta property=\"article:published_time\" content=\"2011-08-11T10:26:33+00:00\" \/>\n<meta property=\"og:image\" content=\"http:\/\/www.promenino.org.br\/Portals\/0\/festival_ideias.jpg\" \/>\n<meta name=\"author\" content=\"inclusivenews2024\" \/>\n<meta name=\"twitter:card\" content=\"summary_large_image\" \/>\n<meta name=\"twitter:label1\" content=\"Escrito por\" \/>\n\t<meta name=\"twitter:data1\" content=\"inclusivenews2024\" \/>\n\t<meta name=\"twitter:label2\" content=\"Tempo estimado de leitura\" \/>\n\t<meta name=\"twitter:data2\" content=\"2 minutos\" \/>\n<script type=\"application\/ld+json\" class=\"yoast-schema-graph\">{\"@context\":\"https:\\\/\\\/schema.org\",\"@graph\":[{\"@type\":\"Article\",\"@id\":\"https:\\\/\\\/inclusivenews.com.br\\\/?p=20609#article\",\"isPartOf\":{\"@id\":\"https:\\\/\\\/inclusivenews.com.br\\\/?p=20609\"},\"author\":{\"name\":\"inclusivenews2024\",\"@id\":\"https:\\\/\\\/inclusivenews.com.br\\\/#\\\/schema\\\/person\\\/ae4ec7087559b8692fb33b6fffd2273b\"},\"headline\":\"Iniciativa inovadora incentiva compartilhamento de solu\u00e7\u00f5es para problemas sociais\",\"datePublished\":\"2011-08-11T10:26:33+00:00\",\"mainEntityOfPage\":{\"@id\":\"https:\\\/\\\/inclusivenews.com.br\\\/?p=20609\"},\"wordCount\":400,\"commentCount\":0,\"publisher\":{\"@id\":\"https:\\\/\\\/inclusivenews.com.br\\\/#organization\"},\"image\":{\"@id\":\"https:\\\/\\\/inclusivenews.com.br\\\/?p=20609#primaryimage\"},\"thumbnailUrl\":\"http:\\\/\\\/www.promenino.org.br\\\/Portals\\\/0\\\/festival_ideias.jpg\",\"articleSection\":[\"DIREITOS HUMANOS\",\"NOT\u00cdCIAS\"],\"inLanguage\":\"pt-PT\",\"potentialAction\":[{\"@type\":\"CommentAction\",\"name\":\"Comment\",\"target\":[\"https:\\\/\\\/inclusivenews.com.br\\\/?p=20609#respond\"]}]},{\"@type\":\"WebPage\",\"@id\":\"https:\\\/\\\/inclusivenews.com.br\\\/?p=20609\",\"url\":\"https:\\\/\\\/inclusivenews.com.br\\\/?p=20609\",\"name\":\"Iniciativa inovadora incentiva compartilhamento de solu\u00e7\u00f5es para problemas sociais -\",\"isPartOf\":{\"@id\":\"https:\\\/\\\/inclusivenews.com.br\\\/#website\"},\"primaryImageOfPage\":{\"@id\":\"https:\\\/\\\/inclusivenews.com.br\\\/?p=20609#primaryimage\"},\"image\":{\"@id\":\"https:\\\/\\\/inclusivenews.com.br\\\/?p=20609#primaryimage\"},\"thumbnailUrl\":\"http:\\\/\\\/www.promenino.org.br\\\/Portals\\\/0\\\/festival_ideias.jpg\",\"datePublished\":\"2011-08-11T10:26:33+00:00\",\"breadcrumb\":{\"@id\":\"https:\\\/\\\/inclusivenews.com.br\\\/?p=20609#breadcrumb\"},\"inLanguage\":\"pt-PT\",\"potentialAction\":[{\"@type\":\"ReadAction\",\"target\":[\"https:\\\/\\\/inclusivenews.com.br\\\/?p=20609\"]}]},{\"@type\":\"ImageObject\",\"inLanguage\":\"pt-PT\",\"@id\":\"https:\\\/\\\/inclusivenews.com.br\\\/?p=20609#primaryimage\",\"url\":\"http:\\\/\\\/www.promenino.org.br\\\/Portals\\\/0\\\/festival_ideias.jpg\",\"contentUrl\":\"http:\\\/\\\/www.promenino.org.br\\\/Portals\\\/0\\\/festival_ideias.jpg\"},{\"@type\":\"BreadcrumbList\",\"@id\":\"https:\\\/\\\/inclusivenews.com.br\\\/?p=20609#breadcrumb\",\"itemListElement\":[{\"@type\":\"ListItem\",\"position\":1,\"name\":\"In\u00edcio\",\"item\":\"https:\\\/\\\/inclusivenews.com.br\\\/\"},{\"@type\":\"ListItem\",\"position\":2,\"name\":\"Iniciativa inovadora incentiva compartilhamento de solu\u00e7\u00f5es para problemas sociais\"}]},{\"@type\":\"WebSite\",\"@id\":\"https:\\\/\\\/inclusivenews.com.br\\\/#website\",\"url\":\"https:\\\/\\\/inclusivenews.com.br\\\/\",\"name\":\"Inclusive News\",\"description\":\"Inclusive News\",\"publisher\":{\"@id\":\"https:\\\/\\\/inclusivenews.com.br\\\/#organization\"},\"potentialAction\":[{\"@type\":\"SearchAction\",\"target\":{\"@type\":\"EntryPoint\",\"urlTemplate\":\"https:\\\/\\\/inclusivenews.com.br\\\/?s={search_term_string}\"},\"query-input\":{\"@type\":\"PropertyValueSpecification\",\"valueRequired\":true,\"valueName\":\"search_term_string\"}}],\"inLanguage\":\"pt-PT\"},{\"@type\":\"Organization\",\"@id\":\"https:\\\/\\\/inclusivenews.com.br\\\/#organization\",\"name\":\"Inclusive - inclus\u00e3o e cidadania\",\"url\":\"https:\\\/\\\/inclusivenews.com.br\\\/\",\"logo\":{\"@type\":\"ImageObject\",\"inLanguage\":\"pt-PT\",\"@id\":\"https:\\\/\\\/inclusivenews.com.br\\\/#\\\/schema\\\/logo\\\/image\\\/\",\"url\":\"https:\\\/\\\/inclusivenews.com.br\\\/wp-content\\\/uploads\\\/2024\\\/03\\\/@grandesite.png\",\"contentUrl\":\"https:\\\/\\\/inclusivenews.com.br\\\/wp-content\\\/uploads\\\/2024\\\/03\\\/@grandesite.png\",\"width\":1080,\"height\":1080,\"caption\":\"Inclusive - inclus\u00e3o e cidadania\"},\"image\":{\"@id\":\"https:\\\/\\\/inclusivenews.com.br\\\/#\\\/schema\\\/logo\\\/image\\\/\"},\"sameAs\":[\"https:\\\/\\\/www.facebook.com\\\/agenciainclusive\\\/\",\"https:\\\/\\\/www.instagram.com\\\/newsinclusive\\\/\"]},{\"@type\":\"Person\",\"@id\":\"https:\\\/\\\/inclusivenews.com.br\\\/#\\\/schema\\\/person\\\/ae4ec7087559b8692fb33b6fffd2273b\",\"name\":\"inclusivenews2024\",\"image\":{\"@type\":\"ImageObject\",\"inLanguage\":\"pt-PT\",\"@id\":\"https:\\\/\\\/secure.gravatar.com\\\/avatar\\\/c5a7ef84c66fa914f55bc4f7ce26cfa275a3b9a1c5568b907bd184fb4dde7b40?s=96&d=mm&r=g\",\"url\":\"https:\\\/\\\/secure.gravatar.com\\\/avatar\\\/c5a7ef84c66fa914f55bc4f7ce26cfa275a3b9a1c5568b907bd184fb4dde7b40?s=96&d=mm&r=g\",\"contentUrl\":\"https:\\\/\\\/secure.gravatar.com\\\/avatar\\\/c5a7ef84c66fa914f55bc4f7ce26cfa275a3b9a1c5568b907bd184fb4dde7b40?s=96&d=mm&r=g\",\"caption\":\"inclusivenews2024\"},\"sameAs\":[\"https:\\\/\\\/inclusivenews.com.br\"],\"url\":\"https:\\\/\\\/inclusivenews.com.br\\\/?author=1\"}]}<\/script>\n<!-- \/ Yoast SEO plugin. -->","yoast_head_json":{"title":"Iniciativa inovadora incentiva compartilhamento de solu\u00e7\u00f5es para problemas sociais -","robots":{"index":"index","follow":"follow","max-snippet":"max-snippet:-1","max-image-preview":"max-image-preview:large","max-video-preview":"max-video-preview:-1"},"canonical":"https:\/\/inclusivenews.com.br\/?p=20609","og_locale":"pt_PT","og_type":"article","og_title":"Iniciativa inovadora incentiva compartilhamento de solu\u00e7\u00f5es para problemas sociais -","og_description":"Com o objetivo de fomentar por meio da internet solu\u00e7\u00f5es criativas frente aos problemas atuais da sociedade foi criado o Festival de Ideias (FdI), uma rede de colabora\u00e7\u00e3o e troca de informa\u00e7\u00f5es entre empreendedores, investidores e o p\u00fablico em geral.","og_url":"https:\/\/inclusivenews.com.br\/?p=20609","article_publisher":"https:\/\/www.facebook.com\/agenciainclusive\/","article_published_time":"2011-08-11T10:26:33+00:00","og_image":[{"url":"http:\/\/www.promenino.org.br\/Portals\/0\/festival_ideias.jpg","type":"","width":"","height":""}],"author":"inclusivenews2024","twitter_card":"summary_large_image","twitter_misc":{"Escrito por":"inclusivenews2024","Tempo estimado de leitura":"2 minutos"},"schema":{"@context":"https:\/\/schema.org","@graph":[{"@type":"Article","@id":"https:\/\/inclusivenews.com.br\/?p=20609#article","isPartOf":{"@id":"https:\/\/inclusivenews.com.br\/?p=20609"},"author":{"name":"inclusivenews2024","@id":"https:\/\/inclusivenews.com.br\/#\/schema\/person\/ae4ec7087559b8692fb33b6fffd2273b"},"headline":"Iniciativa inovadora incentiva compartilhamento de solu\u00e7\u00f5es para problemas sociais","datePublished":"2011-08-11T10:26:33+00:00","mainEntityOfPage":{"@id":"https:\/\/inclusivenews.com.br\/?p=20609"},"wordCount":400,"commentCount":0,"publisher":{"@id":"https:\/\/inclusivenews.com.br\/#organization"},"image":{"@id":"https:\/\/inclusivenews.com.br\/?p=20609#primaryimage"},"thumbnailUrl":"http:\/\/www.promenino.org.br\/Portals\/0\/festival_ideias.jpg","articleSection":["DIREITOS HUMANOS","NOT\u00cdCIAS"],"inLanguage":"pt-PT","potentialAction":[{"@type":"CommentAction","name":"Comment","target":["https:\/\/inclusivenews.com.br\/?p=20609#respond"]}]},{"@type":"WebPage","@id":"https:\/\/inclusivenews.com.br\/?p=20609","url":"https:\/\/inclusivenews.com.br\/?p=20609","name":"Iniciativa inovadora incentiva compartilhamento de solu\u00e7\u00f5es para problemas sociais -","isPartOf":{"@id":"https:\/\/inclusivenews.com.br\/#website"},"primaryImageOfPage":{"@id":"https:\/\/inclusivenews.com.br\/?p=20609#primaryimage"},"image":{"@id":"https:\/\/inclusivenews.com.br\/?p=20609#primaryimage"},"thumbnailUrl":"http:\/\/www.promenino.org.br\/Portals\/0\/festival_ideias.jpg","datePublished":"2011-08-11T10:26:33+00:00","breadcrumb":{"@id":"https:\/\/inclusivenews.com.br\/?p=20609#breadcrumb"},"inLanguage":"pt-PT","potentialAction":[{"@type":"ReadAction","target":["https:\/\/inclusivenews.com.br\/?p=20609"]}]},{"@type":"ImageObject","inLanguage":"pt-PT","@id":"https:\/\/inclusivenews.com.br\/?p=20609#primaryimage","url":"http:\/\/www.promenino.org.br\/Portals\/0\/festival_ideias.jpg","contentUrl":"http:\/\/www.promenino.org.br\/Portals\/0\/festival_ideias.jpg"},{"@type":"BreadcrumbList","@id":"https:\/\/inclusivenews.com.br\/?p=20609#breadcrumb","itemListElement":[{"@type":"ListItem","position":1,"name":"In\u00edcio","item":"https:\/\/inclusivenews.com.br\/"},{"@type":"ListItem","position":2,"name":"Iniciativa inovadora incentiva compartilhamento de solu\u00e7\u00f5es para problemas sociais"}]},{"@type":"WebSite","@id":"https:\/\/inclusivenews.com.br\/#website","url":"https:\/\/inclusivenews.com.br\/","name":"Inclusive News","description":"Inclusive News","publisher":{"@id":"https:\/\/inclusivenews.com.br\/#organization"},"potentialAction":[{"@type":"SearchAction","target":{"@type":"EntryPoint","urlTemplate":"https:\/\/inclusivenews.com.br\/?s={search_term_string}"},"query-input":{"@type":"PropertyValueSpecification","valueRequired":true,"valueName":"search_term_string"}}],"inLanguage":"pt-PT"},{"@type":"Organization","@id":"https:\/\/inclusivenews.com.br\/#organization","name":"Inclusive - inclus\u00e3o e cidadania","url":"https:\/\/inclusivenews.com.br\/","logo":{"@type":"ImageObject","inLanguage":"pt-PT","@id":"https:\/\/inclusivenews.com.br\/#\/schema\/logo\/image\/","url":"https:\/\/inclusivenews.com.br\/wp-content\/uploads\/2024\/03\/@grandesite.png","contentUrl":"https:\/\/inclusivenews.com.br\/wp-content\/uploads\/2024\/03\/@grandesite.png","width":1080,"height":1080,"caption":"Inclusive - inclus\u00e3o e cidadania"},"image":{"@id":"https:\/\/inclusivenews.com.br\/#\/schema\/logo\/image\/"},"sameAs":["https:\/\/www.facebook.com\/agenciainclusive\/","https:\/\/www.instagram.com\/newsinclusive\/"]},{"@type":"Person","@id":"https:\/\/inclusivenews.com.br\/#\/schema\/person\/ae4ec7087559b8692fb33b6fffd2273b","name":"inclusivenews2024","image":{"@type":"ImageObject","inLanguage":"pt-PT","@id":"https:\/\/secure.gravatar.com\/avatar\/c5a7ef84c66fa914f55bc4f7ce26cfa275a3b9a1c5568b907bd184fb4dde7b40?s=96&d=mm&r=g","url":"https:\/\/secure.gravatar.com\/avatar\/c5a7ef84c66fa914f55bc4f7ce26cfa275a3b9a1c5568b907bd184fb4dde7b40?s=96&d=mm&r=g","contentUrl":"https:\/\/secure.gravatar.com\/avatar\/c5a7ef84c66fa914f55bc4f7ce26cfa275a3b9a1c5568b907bd184fb4dde7b40?s=96&d=mm&r=g","caption":"inclusivenews2024"},"sameAs":["https:\/\/inclusivenews.com.br"],"url":"https:\/\/inclusivenews.com.br\/?author=1"}]}},"_links":{"self":[{"href":"https:\/\/inclusivenews.com.br\/index.php?rest_route=\/wp\/v2\/posts\/20609","targetHints":{"allow":["GET"]}}],"collection":[{"href":"https:\/\/inclusivenews.com.br\/index.php?rest_route=\/wp\/v2\/posts"}],"about":[{"href":"https:\/\/inclusivenews.com.br\/index.php?rest_route=\/wp\/v2\/types\/post"}],"author":[{"embeddable":true,"href":"https:\/\/inclusivenews.com.br\/index.php?rest_route=\/wp\/v2\/users\/1"}],"replies":[{"embeddable":true,"href":"https:\/\/inclusivenews.com.br\/index.php?rest_route=%2Fwp%2Fv2%2Fcomments&post=20609"}],"version-history":[{"count":0,"href":"https:\/\/inclusivenews.com.br\/index.php?rest_route=\/wp\/v2\/posts\/20609\/revisions"}],"wp:attachment":[{"href":"https:\/\/inclusivenews.com.br\/index.php?rest_route=%2Fwp%2Fv2%2Fmedia&parent=20609"}],"wp:term":[{"taxonomy":"category","embeddable":true,"href":"https:\/\/inclusivenews.com.br\/index.php?rest_route=%2Fwp%2Fv2%2Fcategories&post=20609"},{"taxonomy":"post_tag","embeddable":true,"href":"https:\/\/inclusivenews.com.br\/index.php?rest_route=%2Fwp%2Fv2%2Ftags&post=20609"}],"curies":[{"name":"wp","href":"https:\/\/api.w.org\/{rel}","templated":true}]}}