{"id":20610,"date":"2011-08-11T07:26:12","date_gmt":"2011-08-11T10:26:12","guid":{"rendered":"http:\/\/www.inclusive.org.br\/?p=20610"},"modified":"2011-08-11T07:26:12","modified_gmt":"2011-08-11T10:26:12","slug":"acao-educativa-lanca-site-destinado-a-jovens-e-suas-escolhas-profissionais","status":"publish","type":"post","link":"https:\/\/inclusivenews.com.br\/?p=20610","title":{"rendered":"A\u00e7\u00e3o Educativa lan\u00e7a site destinado a jovens e suas escolhas profissionais"},"content":{"rendered":"<p><em><\/p>\n<figure style=\"width: 307px\" class=\"wp-caption alignleft\"><img loading=\"lazy\" decoding=\"async\" title=\"T\u00f4 no rumo - jovens e escolha profissional - o primeiro &quot;o&quot; \u00e9 uma b\u00fassola\" src=\"http:\/\/www.tonorumo.org.br\/templates\/to_no_rumo\/images\/logo-to-no-rumo.png\" alt=\"T\u00f4 no rumo - jovens e escolha profissional - o primeiro &quot;o&quot; \u00e9 uma b\u00fassola\" width=\"307\" height=\"82\" \/><figcaption class=\"wp-caption-text\"> <\/figcaption><\/figure>\n<p>Entrou no ar na primeira semana de julho mais uma ferramenta de di\u00e1logo com jovens que necessitam de aux\u00edlio no processo de escolha profissional.<\/p>\n<p><\/em><\/p>\n<p>No ar desde o in\u00edcio de julho, o site \u201cT\u00f4 no Rumo!\u201d, uma iniciativa do Programa Juventude da A\u00e7\u00e3o Educativa, tem como objetivo principal divulgar e disseminar informa\u00e7\u00f5es, not\u00edcias e opini\u00f5es sobre ensino m\u00e9dio, possibilidades e oportunidades de acesso ao ensino superior e t\u00e9cnico, forma\u00e7\u00e3o e inser\u00e7\u00e3o profissional de jovens.<\/p>\n<p>Tendo estudantes e professores como p\u00fablico alvo, a iniciativa \u00e9 um desdobramento do projeto Jovens Agentes pelo Direito \u00e0 Educa\u00e7\u00e3o (JADE), que desde 2007, tem realizado estudos e experi\u00eancias voltadas para a constru\u00e7\u00e3o de propostas que contribuam com a qualidade da educa\u00e7\u00e3o de n\u00edvel m\u00e9dio de escolas p\u00fablicas.<\/p>\n<p>Nos \u00faltimos dois anos, uma das a\u00e7\u00f5es do projeto consiste na realiza\u00e7\u00e3o de oficinas, com estudantes e professores de ensino m\u00e9dio. Apelidada de \u201cT\u00f4 no Rumo: Jovens e Escolha Profissional\u201d, a atividade \u00e9 voltada para a discuss\u00e3o sobre os projetos de continuidade de estudo dos jovens, sobre a escolha profissional dos estudantes e sobre as possibilidades de acesso ao ensino t\u00e9cnico e superior.<\/p>\n<p>\u201cO site \u00e9 uma possibilidade de expandir essa discuss\u00e3o e dar subs\u00eddios para um universo maior de profissionais e de estudantes\u201d, comenta Raquel Souza, coordenadora do projeto JADE. Segundo ela, as oficinas realizadas atualmente em escolas p\u00fablicas e da periferia da Zona Leste de S\u00e3o Paulo demonstram a exist\u00eancia de uma demanda dos jovens em problematizar o mundo do trabalho e refletir sobre as possibilidades de continuidade dos estudos.<\/p>\n<p>O site visa, por um lado, tornar acess\u00edveis informa\u00e7\u00f5es sobre vestibulares, processos seletivos, isen\u00e7\u00e3o de taxas, pol\u00edticas p\u00fablicas de trabalho e de acesso e perman\u00eancia no ensino superior e t\u00e9cnico que na maioria das vezes n\u00e3o est\u00e3o dispon\u00edveis ou em linguagem acess\u00edvel aos jovens estudantes. Por outro, garantir um canal de comunica\u00e7\u00e3o que provoque a discuss\u00e3o sobre as pol\u00edticas p\u00fablicas de educa\u00e7\u00e3o e de trabalho e sobre os caminhos para efetiva\u00e7\u00e3o de direitos para a juventude.<\/p>\n<p>Um guia com profiss\u00f5es e cursos ser\u00e1 periodicamente atualizado dentro site, fornecendo aos jovens mais uma ferramenta de busca e solu\u00e7\u00e3o de d\u00favidas. A primeira profiss\u00e3o que j\u00e1 consta no site \u00e9 Administra\u00e7\u00e3o, mas a ideia \u00e9 produzir outras, paulatinamente. O site conta ainda com uma se\u00e7\u00e3o chamada \u201cDiz a\u00ed\u201d, direcionada para artigos e entrevistas. O objetivo \u00e9 que seja um espa\u00e7o tanto para a escuta de jovens, quanto para fala de professores e especialistas. As publica\u00e7\u00f5es do site podem ser acompanhadas via twitter (@ToNoRumo).<\/p>\n<p>O site conta com o apoio da Kinder Not Hilfe e da Norwegian Church Aid ACTAlliance, organiza\u00e7\u00f5es n\u00e3o-governamentais internacionais que atuam em apoio a pol\u00edticas e projetos de valoriza\u00e7\u00e3o e desenvolvimento social de crian\u00e7as e adolescentes.<\/p>\n<p>Acesse o site: <a href=\"http:\/\/www.tonorumo.org.br\/\">http:\/\/www.tonorumo.org.br\/<\/a><\/p>\n","protected":false},"excerpt":{"rendered":"<p>Entrou no ar na primeira semana de julho mais uma ferramenta de di\u00e1logo com jovens que necessitam de aux\u00edlio no processo de escolha profissional.  Da A\u00e7\u00e3o Educativa.<\/p>\n","protected":false},"author":1,"featured_media":0,"comment_status":"open","ping_status":"open","sticky":false,"template":"","format":"standard","meta":{"site-container-style":"default","site-container-layout":"default","site-sidebar-layout":"default","disable-article-header":"default","disable-site-header":"default","disable-site-footer":"default","disable-content-area-spacing":"default","footnotes":""},"categories":[48,4],"tags":[159],"class_list":["post-20610","post","type-post","status-publish","format-standard","hentry","category-inclusao","category-noticias","tag-juventude"],"yoast_head":"<!-- This site is optimized with the Yoast SEO plugin v27.4 - https:\/\/yoast.com\/product\/yoast-seo-wordpress\/ -->\n<title>A\u00e7\u00e3o Educativa lan\u00e7a site destinado a jovens e suas escolhas profissionais -<\/title>\n<meta name=\"robots\" content=\"index, follow, max-snippet:-1, max-image-preview:large, max-video-preview:-1\" \/>\n<link rel=\"canonical\" href=\"https:\/\/inclusivenews.com.br\/?p=20610\" \/>\n<meta property=\"og:locale\" content=\"pt_PT\" \/>\n<meta property=\"og:type\" content=\"article\" \/>\n<meta property=\"og:title\" content=\"A\u00e7\u00e3o Educativa lan\u00e7a site destinado a jovens e suas escolhas profissionais -\" \/>\n<meta property=\"og:description\" content=\"Entrou no ar na primeira semana de julho mais uma ferramenta de di\u00e1logo com jovens que necessitam de aux\u00edlio no processo de escolha profissional. Da A\u00e7\u00e3o Educativa.\" \/>\n<meta property=\"og:url\" content=\"https:\/\/inclusivenews.com.br\/?p=20610\" \/>\n<meta property=\"article:publisher\" content=\"https:\/\/www.facebook.com\/agenciainclusive\/\" \/>\n<meta property=\"article:published_time\" content=\"2011-08-11T10:26:12+00:00\" \/>\n<meta property=\"og:image\" content=\"http:\/\/www.tonorumo.org.br\/templates\/to_no_rumo\/images\/logo-to-no-rumo.png\" \/>\n<meta name=\"author\" content=\"inclusivenews2024\" \/>\n<meta name=\"twitter:card\" content=\"summary_large_image\" \/>\n<meta name=\"twitter:label1\" content=\"Escrito por\" \/>\n\t<meta name=\"twitter:data1\" content=\"inclusivenews2024\" \/>\n\t<meta name=\"twitter:label2\" content=\"Tempo estimado de leitura\" \/>\n\t<meta name=\"twitter:data2\" content=\"3 minutos\" \/>\n<script type=\"application\/ld+json\" class=\"yoast-schema-graph\">{\"@context\":\"https:\\\/\\\/schema.org\",\"@graph\":[{\"@type\":\"Article\",\"@id\":\"https:\\\/\\\/inclusivenews.com.br\\\/?p=20610#article\",\"isPartOf\":{\"@id\":\"https:\\\/\\\/inclusivenews.com.br\\\/?p=20610\"},\"author\":{\"name\":\"inclusivenews2024\",\"@id\":\"https:\\\/\\\/inclusivenews.com.br\\\/#\\\/schema\\\/person\\\/ae4ec7087559b8692fb33b6fffd2273b\"},\"headline\":\"A\u00e7\u00e3o Educativa lan\u00e7a site destinado a jovens e suas escolhas profissionais\",\"datePublished\":\"2011-08-11T10:26:12+00:00\",\"mainEntityOfPage\":{\"@id\":\"https:\\\/\\\/inclusivenews.com.br\\\/?p=20610\"},\"wordCount\":530,\"commentCount\":0,\"publisher\":{\"@id\":\"https:\\\/\\\/inclusivenews.com.br\\\/#organization\"},\"image\":{\"@id\":\"https:\\\/\\\/inclusivenews.com.br\\\/?p=20610#primaryimage\"},\"thumbnailUrl\":\"http:\\\/\\\/www.tonorumo.org.br\\\/templates\\\/to_no_rumo\\\/images\\\/logo-to-no-rumo.png\",\"keywords\":[\"Juventude\"],\"articleSection\":[\"INCLUS\u00c3O SOCIAL\",\"NOT\u00cdCIAS\"],\"inLanguage\":\"pt-PT\",\"potentialAction\":[{\"@type\":\"CommentAction\",\"name\":\"Comment\",\"target\":[\"https:\\\/\\\/inclusivenews.com.br\\\/?p=20610#respond\"]}]},{\"@type\":\"WebPage\",\"@id\":\"https:\\\/\\\/inclusivenews.com.br\\\/?p=20610\",\"url\":\"https:\\\/\\\/inclusivenews.com.br\\\/?p=20610\",\"name\":\"A\u00e7\u00e3o Educativa lan\u00e7a site destinado a jovens e suas escolhas profissionais -\",\"isPartOf\":{\"@id\":\"https:\\\/\\\/inclusivenews.com.br\\\/#website\"},\"primaryImageOfPage\":{\"@id\":\"https:\\\/\\\/inclusivenews.com.br\\\/?p=20610#primaryimage\"},\"image\":{\"@id\":\"https:\\\/\\\/inclusivenews.com.br\\\/?p=20610#primaryimage\"},\"thumbnailUrl\":\"http:\\\/\\\/www.tonorumo.org.br\\\/templates\\\/to_no_rumo\\\/images\\\/logo-to-no-rumo.png\",\"datePublished\":\"2011-08-11T10:26:12+00:00\",\"breadcrumb\":{\"@id\":\"https:\\\/\\\/inclusivenews.com.br\\\/?p=20610#breadcrumb\"},\"inLanguage\":\"pt-PT\",\"potentialAction\":[{\"@type\":\"ReadAction\",\"target\":[\"https:\\\/\\\/inclusivenews.com.br\\\/?p=20610\"]}]},{\"@type\":\"ImageObject\",\"inLanguage\":\"pt-PT\",\"@id\":\"https:\\\/\\\/inclusivenews.com.br\\\/?p=20610#primaryimage\",\"url\":\"http:\\\/\\\/www.tonorumo.org.br\\\/templates\\\/to_no_rumo\\\/images\\\/logo-to-no-rumo.png\",\"contentUrl\":\"http:\\\/\\\/www.tonorumo.org.br\\\/templates\\\/to_no_rumo\\\/images\\\/logo-to-no-rumo.png\"},{\"@type\":\"BreadcrumbList\",\"@id\":\"https:\\\/\\\/inclusivenews.com.br\\\/?p=20610#breadcrumb\",\"itemListElement\":[{\"@type\":\"ListItem\",\"position\":1,\"name\":\"In\u00edcio\",\"item\":\"https:\\\/\\\/inclusivenews.com.br\\\/\"},{\"@type\":\"ListItem\",\"position\":2,\"name\":\"A\u00e7\u00e3o Educativa lan\u00e7a site destinado a jovens e suas escolhas profissionais\"}]},{\"@type\":\"WebSite\",\"@id\":\"https:\\\/\\\/inclusivenews.com.br\\\/#website\",\"url\":\"https:\\\/\\\/inclusivenews.com.br\\\/\",\"name\":\"Inclusive News\",\"description\":\"Inclusive News\",\"publisher\":{\"@id\":\"https:\\\/\\\/inclusivenews.com.br\\\/#organization\"},\"potentialAction\":[{\"@type\":\"SearchAction\",\"target\":{\"@type\":\"EntryPoint\",\"urlTemplate\":\"https:\\\/\\\/inclusivenews.com.br\\\/?s={search_term_string}\"},\"query-input\":{\"@type\":\"PropertyValueSpecification\",\"valueRequired\":true,\"valueName\":\"search_term_string\"}}],\"inLanguage\":\"pt-PT\"},{\"@type\":\"Organization\",\"@id\":\"https:\\\/\\\/inclusivenews.com.br\\\/#organization\",\"name\":\"Inclusive - inclus\u00e3o e cidadania\",\"url\":\"https:\\\/\\\/inclusivenews.com.br\\\/\",\"logo\":{\"@type\":\"ImageObject\",\"inLanguage\":\"pt-PT\",\"@id\":\"https:\\\/\\\/inclusivenews.com.br\\\/#\\\/schema\\\/logo\\\/image\\\/\",\"url\":\"https:\\\/\\\/inclusivenews.com.br\\\/wp-content\\\/uploads\\\/2024\\\/03\\\/@grandesite.png\",\"contentUrl\":\"https:\\\/\\\/inclusivenews.com.br\\\/wp-content\\\/uploads\\\/2024\\\/03\\\/@grandesite.png\",\"width\":1080,\"height\":1080,\"caption\":\"Inclusive - inclus\u00e3o e cidadania\"},\"image\":{\"@id\":\"https:\\\/\\\/inclusivenews.com.br\\\/#\\\/schema\\\/logo\\\/image\\\/\"},\"sameAs\":[\"https:\\\/\\\/www.facebook.com\\\/agenciainclusive\\\/\",\"https:\\\/\\\/www.instagram.com\\\/newsinclusive\\\/\"]},{\"@type\":\"Person\",\"@id\":\"https:\\\/\\\/inclusivenews.com.br\\\/#\\\/schema\\\/person\\\/ae4ec7087559b8692fb33b6fffd2273b\",\"name\":\"inclusivenews2024\",\"image\":{\"@type\":\"ImageObject\",\"inLanguage\":\"pt-PT\",\"@id\":\"https:\\\/\\\/secure.gravatar.com\\\/avatar\\\/c5a7ef84c66fa914f55bc4f7ce26cfa275a3b9a1c5568b907bd184fb4dde7b40?s=96&d=mm&r=g\",\"url\":\"https:\\\/\\\/secure.gravatar.com\\\/avatar\\\/c5a7ef84c66fa914f55bc4f7ce26cfa275a3b9a1c5568b907bd184fb4dde7b40?s=96&d=mm&r=g\",\"contentUrl\":\"https:\\\/\\\/secure.gravatar.com\\\/avatar\\\/c5a7ef84c66fa914f55bc4f7ce26cfa275a3b9a1c5568b907bd184fb4dde7b40?s=96&d=mm&r=g\",\"caption\":\"inclusivenews2024\"},\"sameAs\":[\"https:\\\/\\\/inclusivenews.com.br\"],\"url\":\"https:\\\/\\\/inclusivenews.com.br\\\/?author=1\"}]}<\/script>\n<!-- \/ Yoast SEO plugin. -->","yoast_head_json":{"title":"A\u00e7\u00e3o Educativa lan\u00e7a site destinado a jovens e suas escolhas profissionais -","robots":{"index":"index","follow":"follow","max-snippet":"max-snippet:-1","max-image-preview":"max-image-preview:large","max-video-preview":"max-video-preview:-1"},"canonical":"https:\/\/inclusivenews.com.br\/?p=20610","og_locale":"pt_PT","og_type":"article","og_title":"A\u00e7\u00e3o Educativa lan\u00e7a site destinado a jovens e suas escolhas profissionais -","og_description":"Entrou no ar na primeira semana de julho mais uma ferramenta de di\u00e1logo com jovens que necessitam de aux\u00edlio no processo de escolha profissional. Da A\u00e7\u00e3o Educativa.","og_url":"https:\/\/inclusivenews.com.br\/?p=20610","article_publisher":"https:\/\/www.facebook.com\/agenciainclusive\/","article_published_time":"2011-08-11T10:26:12+00:00","og_image":[{"url":"http:\/\/www.tonorumo.org.br\/templates\/to_no_rumo\/images\/logo-to-no-rumo.png","type":"","width":"","height":""}],"author":"inclusivenews2024","twitter_card":"summary_large_image","twitter_misc":{"Escrito por":"inclusivenews2024","Tempo estimado de leitura":"3 minutos"},"schema":{"@context":"https:\/\/schema.org","@graph":[{"@type":"Article","@id":"https:\/\/inclusivenews.com.br\/?p=20610#article","isPartOf":{"@id":"https:\/\/inclusivenews.com.br\/?p=20610"},"author":{"name":"inclusivenews2024","@id":"https:\/\/inclusivenews.com.br\/#\/schema\/person\/ae4ec7087559b8692fb33b6fffd2273b"},"headline":"A\u00e7\u00e3o Educativa lan\u00e7a site destinado a jovens e suas escolhas profissionais","datePublished":"2011-08-11T10:26:12+00:00","mainEntityOfPage":{"@id":"https:\/\/inclusivenews.com.br\/?p=20610"},"wordCount":530,"commentCount":0,"publisher":{"@id":"https:\/\/inclusivenews.com.br\/#organization"},"image":{"@id":"https:\/\/inclusivenews.com.br\/?p=20610#primaryimage"},"thumbnailUrl":"http:\/\/www.tonorumo.org.br\/templates\/to_no_rumo\/images\/logo-to-no-rumo.png","keywords":["Juventude"],"articleSection":["INCLUS\u00c3O SOCIAL","NOT\u00cdCIAS"],"inLanguage":"pt-PT","potentialAction":[{"@type":"CommentAction","name":"Comment","target":["https:\/\/inclusivenews.com.br\/?p=20610#respond"]}]},{"@type":"WebPage","@id":"https:\/\/inclusivenews.com.br\/?p=20610","url":"https:\/\/inclusivenews.com.br\/?p=20610","name":"A\u00e7\u00e3o Educativa lan\u00e7a site destinado a jovens e suas escolhas profissionais -","isPartOf":{"@id":"https:\/\/inclusivenews.com.br\/#website"},"primaryImageOfPage":{"@id":"https:\/\/inclusivenews.com.br\/?p=20610#primaryimage"},"image":{"@id":"https:\/\/inclusivenews.com.br\/?p=20610#primaryimage"},"thumbnailUrl":"http:\/\/www.tonorumo.org.br\/templates\/to_no_rumo\/images\/logo-to-no-rumo.png","datePublished":"2011-08-11T10:26:12+00:00","breadcrumb":{"@id":"https:\/\/inclusivenews.com.br\/?p=20610#breadcrumb"},"inLanguage":"pt-PT","potentialAction":[{"@type":"ReadAction","target":["https:\/\/inclusivenews.com.br\/?p=20610"]}]},{"@type":"ImageObject","inLanguage":"pt-PT","@id":"https:\/\/inclusivenews.com.br\/?p=20610#primaryimage","url":"http:\/\/www.tonorumo.org.br\/templates\/to_no_rumo\/images\/logo-to-no-rumo.png","contentUrl":"http:\/\/www.tonorumo.org.br\/templates\/to_no_rumo\/images\/logo-to-no-rumo.png"},{"@type":"BreadcrumbList","@id":"https:\/\/inclusivenews.com.br\/?p=20610#breadcrumb","itemListElement":[{"@type":"ListItem","position":1,"name":"In\u00edcio","item":"https:\/\/inclusivenews.com.br\/"},{"@type":"ListItem","position":2,"name":"A\u00e7\u00e3o Educativa lan\u00e7a site destinado a jovens e suas escolhas profissionais"}]},{"@type":"WebSite","@id":"https:\/\/inclusivenews.com.br\/#website","url":"https:\/\/inclusivenews.com.br\/","name":"Inclusive News","description":"Inclusive News","publisher":{"@id":"https:\/\/inclusivenews.com.br\/#organization"},"potentialAction":[{"@type":"SearchAction","target":{"@type":"EntryPoint","urlTemplate":"https:\/\/inclusivenews.com.br\/?s={search_term_string}"},"query-input":{"@type":"PropertyValueSpecification","valueRequired":true,"valueName":"search_term_string"}}],"inLanguage":"pt-PT"},{"@type":"Organization","@id":"https:\/\/inclusivenews.com.br\/#organization","name":"Inclusive - inclus\u00e3o e cidadania","url":"https:\/\/inclusivenews.com.br\/","logo":{"@type":"ImageObject","inLanguage":"pt-PT","@id":"https:\/\/inclusivenews.com.br\/#\/schema\/logo\/image\/","url":"https:\/\/inclusivenews.com.br\/wp-content\/uploads\/2024\/03\/@grandesite.png","contentUrl":"https:\/\/inclusivenews.com.br\/wp-content\/uploads\/2024\/03\/@grandesite.png","width":1080,"height":1080,"caption":"Inclusive - inclus\u00e3o e cidadania"},"image":{"@id":"https:\/\/inclusivenews.com.br\/#\/schema\/logo\/image\/"},"sameAs":["https:\/\/www.facebook.com\/agenciainclusive\/","https:\/\/www.instagram.com\/newsinclusive\/"]},{"@type":"Person","@id":"https:\/\/inclusivenews.com.br\/#\/schema\/person\/ae4ec7087559b8692fb33b6fffd2273b","name":"inclusivenews2024","image":{"@type":"ImageObject","inLanguage":"pt-PT","@id":"https:\/\/secure.gravatar.com\/avatar\/c5a7ef84c66fa914f55bc4f7ce26cfa275a3b9a1c5568b907bd184fb4dde7b40?s=96&d=mm&r=g","url":"https:\/\/secure.gravatar.com\/avatar\/c5a7ef84c66fa914f55bc4f7ce26cfa275a3b9a1c5568b907bd184fb4dde7b40?s=96&d=mm&r=g","contentUrl":"https:\/\/secure.gravatar.com\/avatar\/c5a7ef84c66fa914f55bc4f7ce26cfa275a3b9a1c5568b907bd184fb4dde7b40?s=96&d=mm&r=g","caption":"inclusivenews2024"},"sameAs":["https:\/\/inclusivenews.com.br"],"url":"https:\/\/inclusivenews.com.br\/?author=1"}]}},"_links":{"self":[{"href":"https:\/\/inclusivenews.com.br\/index.php?rest_route=\/wp\/v2\/posts\/20610","targetHints":{"allow":["GET"]}}],"collection":[{"href":"https:\/\/inclusivenews.com.br\/index.php?rest_route=\/wp\/v2\/posts"}],"about":[{"href":"https:\/\/inclusivenews.com.br\/index.php?rest_route=\/wp\/v2\/types\/post"}],"author":[{"embeddable":true,"href":"https:\/\/inclusivenews.com.br\/index.php?rest_route=\/wp\/v2\/users\/1"}],"replies":[{"embeddable":true,"href":"https:\/\/inclusivenews.com.br\/index.php?rest_route=%2Fwp%2Fv2%2Fcomments&post=20610"}],"version-history":[{"count":0,"href":"https:\/\/inclusivenews.com.br\/index.php?rest_route=\/wp\/v2\/posts\/20610\/revisions"}],"wp:attachment":[{"href":"https:\/\/inclusivenews.com.br\/index.php?rest_route=%2Fwp%2Fv2%2Fmedia&parent=20610"}],"wp:term":[{"taxonomy":"category","embeddable":true,"href":"https:\/\/inclusivenews.com.br\/index.php?rest_route=%2Fwp%2Fv2%2Fcategories&post=20610"},{"taxonomy":"post_tag","embeddable":true,"href":"https:\/\/inclusivenews.com.br\/index.php?rest_route=%2Fwp%2Fv2%2Ftags&post=20610"}],"curies":[{"name":"wp","href":"https:\/\/api.w.org\/{rel}","templated":true}]}}