{"id":20613,"date":"2011-08-11T07:26:51","date_gmt":"2011-08-11T10:26:51","guid":{"rendered":"http:\/\/www.inclusive.org.br\/?p=20613"},"modified":"2011-08-11T07:26:51","modified_gmt":"2011-08-11T10:26:51","slug":"aprender-e-ensinar-tecnologias-sociais-lanca-portal","status":"publish","type":"post","link":"https:\/\/inclusivenews.com.br\/?p=20613","title":{"rendered":"Aprender e Ensinar Tecnologias Sociais lan\u00e7a portal"},"content":{"rendered":"<figure style=\"width: 362px\" class=\"wp-caption alignleft\"><img loading=\"lazy\" decoding=\"async\" title=\"Aprender e ensinar tecnologias sociais - transforma\u00e7\u00e3o e debate na escola\" src=\"http:\/\/www.aprenderensinarts.com.br\/imagens\/logo.jpg\" alt=\"Aprender e ensinar tecnologias sociais - transforma\u00e7\u00e3o e debate na escola\" width=\"362\" height=\"72\" \/><figcaption class=\"wp-caption-text\"> <\/figcaption><\/figure>\n<p>A Funda\u00e7\u00e3o Banco do Brasil e a Revista F\u00f3rum lan\u00e7aram esta semana o portal de not\u00edcias do Concurso Aprender e Ensinar Tecnologias Sociais (<a href=\"http:\/\/www.aprenderensinarts.com.br\">www.aprenderensinarts.com.br<\/a>). O Portal re\u00fane todas as iniciativas finalistas das duas edi\u00e7\u00f5es do Concurso e \u00e9 um registro de como o debate sobre o desenvolvimento sustent\u00e1vel pode ser levado para dentro das escolas.  H\u00e1 ainda espa\u00e7o para professores multiplicadores e links com informativos sobre como o tema tecnologia social \u00e9 abordado pela imprensa.<\/p>\n<p>O Concurso foi criado em 2008 e tem como principal objetivo incentivar o envolvimento de professores, alunos, pais e a comunidade em a\u00e7\u00f5es que possam promover trabalho e renda, garantir a perman\u00eancia dos alunos na escola e a preserva\u00e7\u00e3o ambiental. Todos os anos, cinco professores da rede p\u00fablica, um em cada regi\u00e3o, s\u00e3o premiados com uma viagem ao F\u00f3rum Social Mundial. L\u00e1, eles compartilham suas experi\u00eancias com outros professores e participantes de oficinas e palestras.<\/p>\n<p>Fonte: <a href=\"http:\/\/www.pautasocial.com.br\/pauta.asp?idPauta=36324\">Pauta Social<\/a><\/p>\n","protected":false},"excerpt":{"rendered":"<p>O Portal re\u00fane todas as iniciativas finalistas das duas edi\u00e7\u00f5es do Concurso e \u00e9 um registro de como o debate sobre o desenvolvimento sustent\u00e1vel pode ser levado para dentro das escolas.<\/p>\n","protected":false},"author":1,"featured_media":0,"comment_status":"open","ping_status":"open","sticky":false,"template":"","format":"standard","meta":{"site-container-style":"default","site-container-layout":"default","site-sidebar-layout":"default","disable-article-header":"default","disable-site-header":"default","disable-site-footer":"default","disable-content-area-spacing":"default","footnotes":""},"categories":[48,4],"tags":[101],"class_list":["post-20613","post","type-post","status-publish","format-standard","hentry","category-inclusao","category-noticias","tag-tecnologias-sociais"],"yoast_head":"<!-- This site is optimized with the Yoast SEO plugin v27.4 - https:\/\/yoast.com\/product\/yoast-seo-wordpress\/ -->\n<title>Aprender e Ensinar Tecnologias Sociais lan\u00e7a portal -<\/title>\n<meta name=\"robots\" content=\"index, follow, max-snippet:-1, max-image-preview:large, max-video-preview:-1\" \/>\n<link rel=\"canonical\" href=\"https:\/\/inclusivenews.com.br\/?p=20613\" \/>\n<meta property=\"og:locale\" content=\"pt_PT\" \/>\n<meta property=\"og:type\" content=\"article\" \/>\n<meta property=\"og:title\" content=\"Aprender e Ensinar Tecnologias Sociais lan\u00e7a portal -\" \/>\n<meta property=\"og:description\" content=\"O Portal re\u00fane todas as iniciativas finalistas das duas edi\u00e7\u00f5es do Concurso e \u00e9 um registro de como o debate sobre o desenvolvimento sustent\u00e1vel pode ser levado para dentro das escolas.\" \/>\n<meta property=\"og:url\" content=\"https:\/\/inclusivenews.com.br\/?p=20613\" \/>\n<meta property=\"article:publisher\" content=\"https:\/\/www.facebook.com\/agenciainclusive\/\" \/>\n<meta property=\"article:published_time\" content=\"2011-08-11T10:26:51+00:00\" \/>\n<meta property=\"og:image\" content=\"http:\/\/www.aprenderensinarts.com.br\/imagens\/logo.jpg\" \/>\n<meta name=\"author\" content=\"inclusivenews2024\" \/>\n<meta name=\"twitter:card\" content=\"summary_large_image\" \/>\n<meta name=\"twitter:label1\" content=\"Escrito por\" \/>\n\t<meta name=\"twitter:data1\" content=\"inclusivenews2024\" \/>\n\t<meta name=\"twitter:label2\" content=\"Tempo estimado de leitura\" \/>\n\t<meta name=\"twitter:data2\" content=\"1 minuto\" \/>\n<script type=\"application\/ld+json\" class=\"yoast-schema-graph\">{\"@context\":\"https:\\\/\\\/schema.org\",\"@graph\":[{\"@type\":\"Article\",\"@id\":\"https:\\\/\\\/inclusivenews.com.br\\\/?p=20613#article\",\"isPartOf\":{\"@id\":\"https:\\\/\\\/inclusivenews.com.br\\\/?p=20613\"},\"author\":{\"name\":\"inclusivenews2024\",\"@id\":\"https:\\\/\\\/inclusivenews.com.br\\\/#\\\/schema\\\/person\\\/ae4ec7087559b8692fb33b6fffd2273b\"},\"headline\":\"Aprender e Ensinar Tecnologias Sociais lan\u00e7a portal\",\"datePublished\":\"2011-08-11T10:26:51+00:00\",\"mainEntityOfPage\":{\"@id\":\"https:\\\/\\\/inclusivenews.com.br\\\/?p=20613\"},\"wordCount\":184,\"commentCount\":0,\"publisher\":{\"@id\":\"https:\\\/\\\/inclusivenews.com.br\\\/#organization\"},\"image\":{\"@id\":\"https:\\\/\\\/inclusivenews.com.br\\\/?p=20613#primaryimage\"},\"thumbnailUrl\":\"http:\\\/\\\/www.aprenderensinarts.com.br\\\/imagens\\\/logo.jpg\",\"keywords\":[\"Tecnologias sociais\"],\"articleSection\":[\"INCLUS\u00c3O SOCIAL\",\"NOT\u00cdCIAS\"],\"inLanguage\":\"pt-PT\",\"potentialAction\":[{\"@type\":\"CommentAction\",\"name\":\"Comment\",\"target\":[\"https:\\\/\\\/inclusivenews.com.br\\\/?p=20613#respond\"]}]},{\"@type\":\"WebPage\",\"@id\":\"https:\\\/\\\/inclusivenews.com.br\\\/?p=20613\",\"url\":\"https:\\\/\\\/inclusivenews.com.br\\\/?p=20613\",\"name\":\"Aprender e Ensinar Tecnologias Sociais lan\u00e7a portal -\",\"isPartOf\":{\"@id\":\"https:\\\/\\\/inclusivenews.com.br\\\/#website\"},\"primaryImageOfPage\":{\"@id\":\"https:\\\/\\\/inclusivenews.com.br\\\/?p=20613#primaryimage\"},\"image\":{\"@id\":\"https:\\\/\\\/inclusivenews.com.br\\\/?p=20613#primaryimage\"},\"thumbnailUrl\":\"http:\\\/\\\/www.aprenderensinarts.com.br\\\/imagens\\\/logo.jpg\",\"datePublished\":\"2011-08-11T10:26:51+00:00\",\"breadcrumb\":{\"@id\":\"https:\\\/\\\/inclusivenews.com.br\\\/?p=20613#breadcrumb\"},\"inLanguage\":\"pt-PT\",\"potentialAction\":[{\"@type\":\"ReadAction\",\"target\":[\"https:\\\/\\\/inclusivenews.com.br\\\/?p=20613\"]}]},{\"@type\":\"ImageObject\",\"inLanguage\":\"pt-PT\",\"@id\":\"https:\\\/\\\/inclusivenews.com.br\\\/?p=20613#primaryimage\",\"url\":\"http:\\\/\\\/www.aprenderensinarts.com.br\\\/imagens\\\/logo.jpg\",\"contentUrl\":\"http:\\\/\\\/www.aprenderensinarts.com.br\\\/imagens\\\/logo.jpg\"},{\"@type\":\"BreadcrumbList\",\"@id\":\"https:\\\/\\\/inclusivenews.com.br\\\/?p=20613#breadcrumb\",\"itemListElement\":[{\"@type\":\"ListItem\",\"position\":1,\"name\":\"In\u00edcio\",\"item\":\"https:\\\/\\\/inclusivenews.com.br\\\/\"},{\"@type\":\"ListItem\",\"position\":2,\"name\":\"Aprender e Ensinar Tecnologias Sociais lan\u00e7a portal\"}]},{\"@type\":\"WebSite\",\"@id\":\"https:\\\/\\\/inclusivenews.com.br\\\/#website\",\"url\":\"https:\\\/\\\/inclusivenews.com.br\\\/\",\"name\":\"Inclusive News\",\"description\":\"Inclusive News\",\"publisher\":{\"@id\":\"https:\\\/\\\/inclusivenews.com.br\\\/#organization\"},\"potentialAction\":[{\"@type\":\"SearchAction\",\"target\":{\"@type\":\"EntryPoint\",\"urlTemplate\":\"https:\\\/\\\/inclusivenews.com.br\\\/?s={search_term_string}\"},\"query-input\":{\"@type\":\"PropertyValueSpecification\",\"valueRequired\":true,\"valueName\":\"search_term_string\"}}],\"inLanguage\":\"pt-PT\"},{\"@type\":\"Organization\",\"@id\":\"https:\\\/\\\/inclusivenews.com.br\\\/#organization\",\"name\":\"Inclusive - inclus\u00e3o e cidadania\",\"url\":\"https:\\\/\\\/inclusivenews.com.br\\\/\",\"logo\":{\"@type\":\"ImageObject\",\"inLanguage\":\"pt-PT\",\"@id\":\"https:\\\/\\\/inclusivenews.com.br\\\/#\\\/schema\\\/logo\\\/image\\\/\",\"url\":\"https:\\\/\\\/inclusivenews.com.br\\\/wp-content\\\/uploads\\\/2024\\\/03\\\/@grandesite.png\",\"contentUrl\":\"https:\\\/\\\/inclusivenews.com.br\\\/wp-content\\\/uploads\\\/2024\\\/03\\\/@grandesite.png\",\"width\":1080,\"height\":1080,\"caption\":\"Inclusive - inclus\u00e3o e cidadania\"},\"image\":{\"@id\":\"https:\\\/\\\/inclusivenews.com.br\\\/#\\\/schema\\\/logo\\\/image\\\/\"},\"sameAs\":[\"https:\\\/\\\/www.facebook.com\\\/agenciainclusive\\\/\",\"https:\\\/\\\/www.instagram.com\\\/newsinclusive\\\/\"]},{\"@type\":\"Person\",\"@id\":\"https:\\\/\\\/inclusivenews.com.br\\\/#\\\/schema\\\/person\\\/ae4ec7087559b8692fb33b6fffd2273b\",\"name\":\"inclusivenews2024\",\"image\":{\"@type\":\"ImageObject\",\"inLanguage\":\"pt-PT\",\"@id\":\"https:\\\/\\\/secure.gravatar.com\\\/avatar\\\/c5a7ef84c66fa914f55bc4f7ce26cfa275a3b9a1c5568b907bd184fb4dde7b40?s=96&d=mm&r=g\",\"url\":\"https:\\\/\\\/secure.gravatar.com\\\/avatar\\\/c5a7ef84c66fa914f55bc4f7ce26cfa275a3b9a1c5568b907bd184fb4dde7b40?s=96&d=mm&r=g\",\"contentUrl\":\"https:\\\/\\\/secure.gravatar.com\\\/avatar\\\/c5a7ef84c66fa914f55bc4f7ce26cfa275a3b9a1c5568b907bd184fb4dde7b40?s=96&d=mm&r=g\",\"caption\":\"inclusivenews2024\"},\"sameAs\":[\"https:\\\/\\\/inclusivenews.com.br\"],\"url\":\"https:\\\/\\\/inclusivenews.com.br\\\/?author=1\"}]}<\/script>\n<!-- \/ Yoast SEO plugin. -->","yoast_head_json":{"title":"Aprender e Ensinar Tecnologias Sociais lan\u00e7a portal -","robots":{"index":"index","follow":"follow","max-snippet":"max-snippet:-1","max-image-preview":"max-image-preview:large","max-video-preview":"max-video-preview:-1"},"canonical":"https:\/\/inclusivenews.com.br\/?p=20613","og_locale":"pt_PT","og_type":"article","og_title":"Aprender e Ensinar Tecnologias Sociais lan\u00e7a portal -","og_description":"O Portal re\u00fane todas as iniciativas finalistas das duas edi\u00e7\u00f5es do Concurso e \u00e9 um registro de como o debate sobre o desenvolvimento sustent\u00e1vel pode ser levado para dentro das escolas.","og_url":"https:\/\/inclusivenews.com.br\/?p=20613","article_publisher":"https:\/\/www.facebook.com\/agenciainclusive\/","article_published_time":"2011-08-11T10:26:51+00:00","og_image":[{"url":"http:\/\/www.aprenderensinarts.com.br\/imagens\/logo.jpg","type":"","width":"","height":""}],"author":"inclusivenews2024","twitter_card":"summary_large_image","twitter_misc":{"Escrito por":"inclusivenews2024","Tempo estimado de leitura":"1 minuto"},"schema":{"@context":"https:\/\/schema.org","@graph":[{"@type":"Article","@id":"https:\/\/inclusivenews.com.br\/?p=20613#article","isPartOf":{"@id":"https:\/\/inclusivenews.com.br\/?p=20613"},"author":{"name":"inclusivenews2024","@id":"https:\/\/inclusivenews.com.br\/#\/schema\/person\/ae4ec7087559b8692fb33b6fffd2273b"},"headline":"Aprender e Ensinar Tecnologias Sociais lan\u00e7a portal","datePublished":"2011-08-11T10:26:51+00:00","mainEntityOfPage":{"@id":"https:\/\/inclusivenews.com.br\/?p=20613"},"wordCount":184,"commentCount":0,"publisher":{"@id":"https:\/\/inclusivenews.com.br\/#organization"},"image":{"@id":"https:\/\/inclusivenews.com.br\/?p=20613#primaryimage"},"thumbnailUrl":"http:\/\/www.aprenderensinarts.com.br\/imagens\/logo.jpg","keywords":["Tecnologias sociais"],"articleSection":["INCLUS\u00c3O SOCIAL","NOT\u00cdCIAS"],"inLanguage":"pt-PT","potentialAction":[{"@type":"CommentAction","name":"Comment","target":["https:\/\/inclusivenews.com.br\/?p=20613#respond"]}]},{"@type":"WebPage","@id":"https:\/\/inclusivenews.com.br\/?p=20613","url":"https:\/\/inclusivenews.com.br\/?p=20613","name":"Aprender e Ensinar Tecnologias Sociais lan\u00e7a portal -","isPartOf":{"@id":"https:\/\/inclusivenews.com.br\/#website"},"primaryImageOfPage":{"@id":"https:\/\/inclusivenews.com.br\/?p=20613#primaryimage"},"image":{"@id":"https:\/\/inclusivenews.com.br\/?p=20613#primaryimage"},"thumbnailUrl":"http:\/\/www.aprenderensinarts.com.br\/imagens\/logo.jpg","datePublished":"2011-08-11T10:26:51+00:00","breadcrumb":{"@id":"https:\/\/inclusivenews.com.br\/?p=20613#breadcrumb"},"inLanguage":"pt-PT","potentialAction":[{"@type":"ReadAction","target":["https:\/\/inclusivenews.com.br\/?p=20613"]}]},{"@type":"ImageObject","inLanguage":"pt-PT","@id":"https:\/\/inclusivenews.com.br\/?p=20613#primaryimage","url":"http:\/\/www.aprenderensinarts.com.br\/imagens\/logo.jpg","contentUrl":"http:\/\/www.aprenderensinarts.com.br\/imagens\/logo.jpg"},{"@type":"BreadcrumbList","@id":"https:\/\/inclusivenews.com.br\/?p=20613#breadcrumb","itemListElement":[{"@type":"ListItem","position":1,"name":"In\u00edcio","item":"https:\/\/inclusivenews.com.br\/"},{"@type":"ListItem","position":2,"name":"Aprender e Ensinar Tecnologias Sociais lan\u00e7a portal"}]},{"@type":"WebSite","@id":"https:\/\/inclusivenews.com.br\/#website","url":"https:\/\/inclusivenews.com.br\/","name":"Inclusive News","description":"Inclusive News","publisher":{"@id":"https:\/\/inclusivenews.com.br\/#organization"},"potentialAction":[{"@type":"SearchAction","target":{"@type":"EntryPoint","urlTemplate":"https:\/\/inclusivenews.com.br\/?s={search_term_string}"},"query-input":{"@type":"PropertyValueSpecification","valueRequired":true,"valueName":"search_term_string"}}],"inLanguage":"pt-PT"},{"@type":"Organization","@id":"https:\/\/inclusivenews.com.br\/#organization","name":"Inclusive - inclus\u00e3o e cidadania","url":"https:\/\/inclusivenews.com.br\/","logo":{"@type":"ImageObject","inLanguage":"pt-PT","@id":"https:\/\/inclusivenews.com.br\/#\/schema\/logo\/image\/","url":"https:\/\/inclusivenews.com.br\/wp-content\/uploads\/2024\/03\/@grandesite.png","contentUrl":"https:\/\/inclusivenews.com.br\/wp-content\/uploads\/2024\/03\/@grandesite.png","width":1080,"height":1080,"caption":"Inclusive - inclus\u00e3o e cidadania"},"image":{"@id":"https:\/\/inclusivenews.com.br\/#\/schema\/logo\/image\/"},"sameAs":["https:\/\/www.facebook.com\/agenciainclusive\/","https:\/\/www.instagram.com\/newsinclusive\/"]},{"@type":"Person","@id":"https:\/\/inclusivenews.com.br\/#\/schema\/person\/ae4ec7087559b8692fb33b6fffd2273b","name":"inclusivenews2024","image":{"@type":"ImageObject","inLanguage":"pt-PT","@id":"https:\/\/secure.gravatar.com\/avatar\/c5a7ef84c66fa914f55bc4f7ce26cfa275a3b9a1c5568b907bd184fb4dde7b40?s=96&d=mm&r=g","url":"https:\/\/secure.gravatar.com\/avatar\/c5a7ef84c66fa914f55bc4f7ce26cfa275a3b9a1c5568b907bd184fb4dde7b40?s=96&d=mm&r=g","contentUrl":"https:\/\/secure.gravatar.com\/avatar\/c5a7ef84c66fa914f55bc4f7ce26cfa275a3b9a1c5568b907bd184fb4dde7b40?s=96&d=mm&r=g","caption":"inclusivenews2024"},"sameAs":["https:\/\/inclusivenews.com.br"],"url":"https:\/\/inclusivenews.com.br\/?author=1"}]}},"_links":{"self":[{"href":"https:\/\/inclusivenews.com.br\/index.php?rest_route=\/wp\/v2\/posts\/20613","targetHints":{"allow":["GET"]}}],"collection":[{"href":"https:\/\/inclusivenews.com.br\/index.php?rest_route=\/wp\/v2\/posts"}],"about":[{"href":"https:\/\/inclusivenews.com.br\/index.php?rest_route=\/wp\/v2\/types\/post"}],"author":[{"embeddable":true,"href":"https:\/\/inclusivenews.com.br\/index.php?rest_route=\/wp\/v2\/users\/1"}],"replies":[{"embeddable":true,"href":"https:\/\/inclusivenews.com.br\/index.php?rest_route=%2Fwp%2Fv2%2Fcomments&post=20613"}],"version-history":[{"count":0,"href":"https:\/\/inclusivenews.com.br\/index.php?rest_route=\/wp\/v2\/posts\/20613\/revisions"}],"wp:attachment":[{"href":"https:\/\/inclusivenews.com.br\/index.php?rest_route=%2Fwp%2Fv2%2Fmedia&parent=20613"}],"wp:term":[{"taxonomy":"category","embeddable":true,"href":"https:\/\/inclusivenews.com.br\/index.php?rest_route=%2Fwp%2Fv2%2Fcategories&post=20613"},{"taxonomy":"post_tag","embeddable":true,"href":"https:\/\/inclusivenews.com.br\/index.php?rest_route=%2Fwp%2Fv2%2Ftags&post=20613"}],"curies":[{"name":"wp","href":"https:\/\/api.w.org\/{rel}","templated":true}]}}