{"id":20620,"date":"2011-08-11T07:28:23","date_gmt":"2011-08-11T10:28:23","guid":{"rendered":"http:\/\/www.inclusive.org.br\/?p=20620"},"modified":"2011-08-11T07:28:23","modified_gmt":"2011-08-11T10:28:23","slug":"a-democracia-esta-sendo-transformada-pelas-redes-sociais","status":"publish","type":"post","link":"https:\/\/inclusivenews.com.br\/?p=20620","title":{"rendered":"A democracia est\u00e1 sendo transformada pelas redes sociais"},"content":{"rendered":"<p><a rel=\"attachment wp-att-20621\" href=\"http:\/\/www.inclusive.org.br\/?attachment_id=20621\"><img loading=\"lazy\" decoding=\"async\" class=\"alignnone size-medium wp-image-20621\" title=\"redes\" src=\"http:\/\/inclusivenews.com.br\/wp-content\/uploads\/redes-300x286.jpg\" alt=\"\" width=\"300\" height=\"286\" \/><\/a><\/p>\n<p>Entrevista especial com Ronaldo Lemos<\/p>\n<p>Um novo modelo democr\u00e1tico pode emergir a partir das redes sociais porque h\u00e1 uma demanda mundial por transpar\u00eancia nos sistemas pol\u00edtico, econ\u00f4mico e social. Esse processo j\u00e1 est\u00e1 em curso e \u00e9 potencializado a partir da democratiza\u00e7\u00e3o do acesso \u00e0 internet. O fen\u00f4meno avan\u00e7a, segundo Ronaldo Lemos, porque \u201ca pol\u00edtica n\u00e3o se confunde mais com o sistema pol\u00edtico tradicional, especialmente com sua organiza\u00e7\u00e3o institucional em partidos pol\u00edticos\u201d.<\/p>\n<p>Diferentemente das manifesta\u00e7\u00f5es que se sucedem na Europa, Lemos frisa que o potencial de mobiliza\u00e7\u00e3o brasileiro nas redes sociais ainda n\u00e3o se concretizou porque a economia e a pol\u00edtica est\u00e3o estabilizadas. \u201cMas aos primeiros sinais de desarranjo ou tens\u00e3o social mais pronunciada, podemos ter certeza de que veremos esse potencial realizado. Sem perceber, os brasileiros est\u00e3o aprendendo o be-a-b\u00e1 do ciberativismo nas suas pr\u00e1ticas cotidianas na rede\u201d, constata.<\/p>\n<p>Na entrevista a seguir, concedida \u00e0 IHU On-Line por e-mail, Lemos enfatiza que a participa\u00e7\u00e3o de estratos sociais das classes C, D e E nas redes sociais \u201cter\u00e1 um impacto cada vez maior na pol\u00edtica\u201d. Isso porque, hoje, as 109 mil lan houses existentes no pa\u00eds contrastam com \u201c2,5 mil salas de cinema, 5 mil bibliotecas p\u00fablicas ou 2,6 mil livrarias\u201d.<\/p>\n<p>Ronaldo Lemos \u00e9 diretor do Centro de Tecnologia e Sociedade da Escola de Direito da Funda\u00e7\u00e3o Get\u00falio Vargas, no Rio de Janeiro, e diretor do Creative Commons Brasil. \u00c9 professor visitante na universidade de Princeton (nos EUA), professor titular e coordenador da \u00e1rea de propriedade da Escola de Direito da Funda\u00e7\u00e3o Get\u00falio Vargas no Rio de Janeiro. Fundador do Overmundo, pelo qual recebeu o Golden Nica do Prix Ars Electronica na categoria Comunidades Digitais. Foi presidente do iCommons de 2006 a 2008, organiza\u00e7\u00e3o voltada ao compartilhamento de conte\u00fado online.<\/p>\n<p>Confira a entrevista.<\/p>\n<p>IHU On-Line \u2013 A partir das redes sociais e das novas manifesta\u00e7\u00f5es, pode surgir um novo conceito de democracia, que v\u00e1 al\u00e9m da democracia parlamentar?<\/p>\n<p>Ronaldo Lemos \u2013 Sim. E isso j\u00e1 est\u00e1 acontecendo. A pol\u00edtica n\u00e3o se confunde mais com o sistema pol\u00edtico tradicional, especialmente com sua organiza\u00e7\u00e3o institucional em partidos pol\u00edticos. Um dos impactos das novas tecnologias \u00e9 o fato de a quest\u00e3o da legitimidade ter voltado a possuir import\u00e2ncia na sua dimens\u00e3o substancial. O sistema pol\u00edtico atual acaba privilegiando mecanismo de legitimidade formal, como o voto. Uma vez contados os votos, qualquer tipo de \u201crecall\u201d seria a exce\u00e7\u00e3o, aplicada a casos eventuais. No entanto, com as m\u00eddias sociais difundido-se cada vez mais, multiplicam-se as quest\u00f5es substantivas e a possibilidade de responsabiliza\u00e7\u00e3o dos agentes p\u00fablicos de maneira cont\u00ednua. Isso obviamente abre um descompasso entre os mecanismos formais de legitima\u00e7\u00e3o com a possibilidade permanente de debate substantivo das pol\u00edticas p\u00fablicas.<\/p>\n<p>IHU On-Line \u2013 Ent\u00e3o, as manifesta\u00e7\u00f5es iniciadas nas redes sociais e que ganham as pra\u00e7as da Europa, por exemplo, podem transformar o conceito de democracia que conhecemos hoje?<\/p>\n<p>Ronaldo Lemos \u2013 A democracia, como tudo mais, j\u00e1 est\u00e1 sendo profundamente transformada pelo turbilh\u00e3o de novas m\u00eddias que se disseminam. Cada vez que uma m\u00eddia nova surge, emergem novos h\u00e1bitos e pr\u00e1ticas, alguns incontrol\u00e1veis e outros imprevis\u00edveis. Foi assim com a imprensa, o r\u00e1dio e a TV, que mudaram profundamente a forma de fazer pol\u00edtica. O mesmo acontece agora. S\u00f3 que, nos \u00faltimos quinze anos, as mudan\u00e7as nessa m\u00eddia, que come\u00e7a a ganhar terreno cada vez maior socialmente, foram muito profundas. N\u00e3o d\u00e1 para achar que a democracia vai escapar das transforma\u00e7\u00f5es provocadas por ela.<\/p>\n<p>IHU On-Line \u2013 Como v\u00ea a iniciativa do governo island\u00eas, que prop\u00f5e a cria\u00e7\u00e3o de uma nova Constitui\u00e7\u00e3o redigida na internet, com a participa\u00e7\u00e3o da sociedade?<\/p>\n<p>Ronaldo Lemos \u2013 O exemplo da Isl\u00e2ndia chama a aten\u00e7\u00e3o exatamente para a possibilidade de participa\u00e7\u00e3o pol\u00edtica cont\u00ednua, que n\u00e3o se resume ao voto. Um dos membros do conselho constitucional, Thorvaldur Gylfason, afirmou exatamente isso: que no modelo tradicional, os cidad\u00e3os seriam chamados apenas ao final do processo, para referendar formalmente um texto produzido por um conselho fechado. J\u00e1 com a reda\u00e7\u00e3o online da sua Constitui\u00e7\u00e3o, os islandeses est\u00e3o sendo chamados a participar a todo momento durante a formula\u00e7\u00e3o do texto.<\/p>\n<p>IHU On-Line \u2013 O que a Isl\u00e2ndia pode ensinar ao Brasil e ao mundo com esta iniciativa?<\/p>\n<p>Ronaldo Lemos \u2013 A Isl\u00e2ndia mostra caminhos para a democracia e mostra que existe um d\u00e9ficit crescente de participa\u00e7\u00e3o p\u00fablica na medida em que se amplia o acesso \u00e0 internet e outras m\u00eddias participativas. O exemplo island\u00eas tamb\u00e9m \u00e9 importante para mostrar a possibilidade do compartilhamento de responsabilidades. Governar \u00e9 saber coordenar diferentes atores sociais, como o setor privado, a sociedade civil e assim por diante. Canais de participa\u00e7\u00e3o ampliados ajudam a romper com ideias paternalistas sobre o Estado e vis\u00f5es rom\u00e2nticas de que cabe ao governo resolver tudo. Desse modo, para al\u00e9m das formas de participa\u00e7\u00e3o ampliadas, acredito que a tecnologia abre o caminho para o compartilhamento de responsabilidades pela tomada de decis\u00f5es pol\u00edticas.<\/p>\n<p>IHU On-Line \u2013 O que h\u00e1 de novo nas manifesta\u00e7\u00f5es pol\u00edticas manifestadas nas redes sociais?<\/p>\n<p>Ronaldo Lemos \u2013 Uma das novidades mais importantes \u00e9 a demanda por transpar\u00eancia. Se a ideia \u00e9 elevar o n\u00edvel de participa\u00e7\u00e3o p\u00fablica e a qualidade do debate, \u00e9 fundamental que os dados governamentais estejam dispon\u00edveis para an\u00e1lise p\u00fablica. Dessa forma, surgem em todo o mundo movimentos que demandam a divulga\u00e7\u00e3o ampla dos dados gerados pelo governo. Mas n\u00e3o adianta s\u00f3 divulgar. Isso tem de ser feito em formatos que possam ser processados digitalmente por qualquer pessoa. Por exemplo, algu\u00e9m pode criar um aplicativo cruzando dados do transporte p\u00fablico com criminalidade, estabelecendo correla\u00e7\u00f5es que antes n\u00e3o eram \u00f3bvias e favorencendo aprimoramento das duas quest\u00f5es. Para que isso aconte\u00e7a, \u00e9 fundamental ter acesso aberto \u00e0 quantidade imensa de dados coletados por \u00f3rg\u00e3os p\u00fablicos.<\/p>\n<p>IHU On-Line \u2013 Como a internet e a intera\u00e7\u00e3o que se d\u00e1 nas redes sociais suscitam a democracia?<\/p>\n<p>Ronaldo Lemos \u2013 A rede ampliou a esfera p\u00fablica de forma pronunciada. Mais do que isso, na medida em que a inclus\u00e3o digital avan\u00e7a no Brasil, passa a participar dela um contingente enorme de pessoas que jamais teve voz, exceto pelo procedimento formal do voto. Vale lembrar que o Brasil tem hoje 109 mil lan houses, o que contrasta com suas 2,5 mil salas de cinema, 5 mil bibliotecas p\u00fablicas ou 2,6 mil livrarias. A lan house \u00e9 um espa\u00e7o p\u00fablico utilizado hoje em grande escala pelas classes C, D e E. N\u00e3o d\u00e1 para desprezar a presen\u00e7a crescente da base da pir\u00e2mide nas novas m\u00eddias. E isso ter\u00e1 um impacto cada vez maior na pol\u00edtica.<\/p>\n<p>IHU On-Line \u2013 Como v\u00ea a cria\u00e7\u00e3o do portal E-Democracia? Qual a import\u00e2ncia dele no sistema democr\u00e1tico?<\/p>\n<p>Ronaldo Lemos \u2013 Iniciativas como o E-Democracia s\u00e3o muito importantes. S\u00e3o pe\u00e7as em um cen\u00e1rio que precisa tornar-se cada vez mais amig\u00e1vel. O grande desafio de iniciativas como o E-Democracia \u00e9 competir pela aten\u00e7\u00e3o das pessoas, que est\u00e1 j\u00e1 tomada por suas atividades cotidianas na internet (redes sociais, e-mail, etc). Dessa forma, para que iniciativas como essa realmente decolem e sejam relevantes do ponto de representatividade, \u00e9 muito importante ir at\u00e9 onde as pessoas est\u00e3o e n\u00e3o apenas esperar que elas ter\u00e3o tempo de participar. Outra estrat\u00e9gia que pode contribuir para o sucesso \u00e9 criar procedimentos formais de participa\u00e7\u00e3o, chamando os interessados, inclusive grupos de interesse, a participarem do canal para debate p\u00fablico daquele assunto.<\/p>\n<p>IHU On-Line \u2013 Como classifica a participa\u00e7\u00e3o pol\u00edtica e social dos brasileiros nas redes sociais?<\/p>\n<p>Ronaldo Lemos \u2013 O potencial de participa\u00e7\u00e3o e mobiliza\u00e7\u00e3o \u00e9 extraordin\u00e1rio no Brasil. Esse potencial ainda n\u00e3o se concretizou em toda sua dimens\u00e3o porque estamos vivendo um momento de relativa estabilidade econ\u00f4mica e pol\u00edtica. Mas, aos primeiros sinais de desarranjo ou tens\u00e3o social mais pronunciada, podemos ter certeza de que veremos esse potencial realizado. Sem perceber, os brasileiros est\u00e3o aprendendo o be-a-b\u00e1 do ciberativismo nas suas pr\u00e1ticas cotidianas na rede. Em momentos de tens\u00e3o, essas habilidades poder\u00e3o sim ser canalizadas politicamente.<\/p>\n<p>(Por Paricia Fachin)<\/p>\n<p>Fonte: http:\/\/www.ihu.unisinos.br\/index.php?option=com_noticias&amp;Itemid=18&amp;task=integra<\/p>\n","protected":false},"excerpt":{"rendered":"<p>Um novo modelo democr\u00e1tico pode emergir a partir das redes sociais porque h\u00e1 uma demanda mundial por transpar\u00eancia nos sistemas pol\u00edtico, econ\u00f4mico e social. Esse processo j\u00e1 est\u00e1 em curso e \u00e9 potencializado a partir da democratiza\u00e7\u00e3o do acesso \u00e0 internet. Do IHU on-line.<\/p>\n","protected":false},"author":1,"featured_media":0,"comment_status":"open","ping_status":"open","sticky":false,"template":"","format":"standard","meta":{"site-container-style":"default","site-container-layout":"default","site-sidebar-layout":"default","disable-article-header":"default","disable-site-header":"default","disable-site-footer":"default","disable-content-area-spacing":"default","footnotes":""},"categories":[42,4],"tags":[],"class_list":["post-20620","post","type-post","status-publish","format-standard","hentry","category-entrevista","category-noticias"],"yoast_head":"<!-- This site is optimized with the Yoast SEO plugin v27.4 - https:\/\/yoast.com\/product\/yoast-seo-wordpress\/ -->\n<title>A democracia est\u00e1 sendo transformada pelas redes sociais -<\/title>\n<meta name=\"robots\" content=\"index, follow, max-snippet:-1, max-image-preview:large, max-video-preview:-1\" \/>\n<link rel=\"canonical\" href=\"https:\/\/inclusivenews.com.br\/?p=20620\" \/>\n<meta property=\"og:locale\" content=\"pt_PT\" \/>\n<meta property=\"og:type\" content=\"article\" \/>\n<meta property=\"og:title\" content=\"A democracia est\u00e1 sendo transformada pelas redes sociais -\" \/>\n<meta property=\"og:description\" content=\"Um novo modelo democr\u00e1tico pode emergir a partir das redes sociais porque h\u00e1 uma demanda mundial por transpar\u00eancia nos sistemas pol\u00edtico, econ\u00f4mico e social. Esse processo j\u00e1 est\u00e1 em curso e \u00e9 potencializado a partir da democratiza\u00e7\u00e3o do acesso \u00e0 internet. Do IHU on-line.\" \/>\n<meta property=\"og:url\" content=\"https:\/\/inclusivenews.com.br\/?p=20620\" \/>\n<meta property=\"article:publisher\" content=\"https:\/\/www.facebook.com\/agenciainclusive\/\" \/>\n<meta property=\"article:published_time\" content=\"2011-08-11T10:28:23+00:00\" \/>\n<meta property=\"og:image\" content=\"http:\/\/inclusivenews.com.br\/wp-content\/uploads\/redes-300x286.jpg\" \/>\n<meta name=\"author\" content=\"inclusivenews2024\" \/>\n<meta name=\"twitter:card\" content=\"summary_large_image\" \/>\n<meta name=\"twitter:label1\" content=\"Escrito por\" \/>\n\t<meta name=\"twitter:data1\" content=\"inclusivenews2024\" \/>\n\t<meta name=\"twitter:label2\" content=\"Tempo estimado de leitura\" \/>\n\t<meta name=\"twitter:data2\" content=\"7 minutos\" \/>\n<script type=\"application\/ld+json\" class=\"yoast-schema-graph\">{\"@context\":\"https:\\\/\\\/schema.org\",\"@graph\":[{\"@type\":\"Article\",\"@id\":\"https:\\\/\\\/inclusivenews.com.br\\\/?p=20620#article\",\"isPartOf\":{\"@id\":\"https:\\\/\\\/inclusivenews.com.br\\\/?p=20620\"},\"author\":{\"name\":\"inclusivenews2024\",\"@id\":\"https:\\\/\\\/inclusivenews.com.br\\\/#\\\/schema\\\/person\\\/ae4ec7087559b8692fb33b6fffd2273b\"},\"headline\":\"A democracia est\u00e1 sendo transformada pelas redes sociais\",\"datePublished\":\"2011-08-11T10:28:23+00:00\",\"mainEntityOfPage\":{\"@id\":\"https:\\\/\\\/inclusivenews.com.br\\\/?p=20620\"},\"wordCount\":1446,\"commentCount\":0,\"publisher\":{\"@id\":\"https:\\\/\\\/inclusivenews.com.br\\\/#organization\"},\"image\":{\"@id\":\"https:\\\/\\\/inclusivenews.com.br\\\/?p=20620#primaryimage\"},\"thumbnailUrl\":\"http:\\\/\\\/inclusivenews.com.br\\\/wp-content\\\/uploads\\\/redes-300x286.jpg\",\"articleSection\":[\"ENTREVISTAS\",\"NOT\u00cdCIAS\"],\"inLanguage\":\"pt-PT\",\"potentialAction\":[{\"@type\":\"CommentAction\",\"name\":\"Comment\",\"target\":[\"https:\\\/\\\/inclusivenews.com.br\\\/?p=20620#respond\"]}]},{\"@type\":\"WebPage\",\"@id\":\"https:\\\/\\\/inclusivenews.com.br\\\/?p=20620\",\"url\":\"https:\\\/\\\/inclusivenews.com.br\\\/?p=20620\",\"name\":\"A democracia est\u00e1 sendo transformada pelas redes sociais -\",\"isPartOf\":{\"@id\":\"https:\\\/\\\/inclusivenews.com.br\\\/#website\"},\"primaryImageOfPage\":{\"@id\":\"https:\\\/\\\/inclusivenews.com.br\\\/?p=20620#primaryimage\"},\"image\":{\"@id\":\"https:\\\/\\\/inclusivenews.com.br\\\/?p=20620#primaryimage\"},\"thumbnailUrl\":\"http:\\\/\\\/inclusivenews.com.br\\\/wp-content\\\/uploads\\\/redes-300x286.jpg\",\"datePublished\":\"2011-08-11T10:28:23+00:00\",\"breadcrumb\":{\"@id\":\"https:\\\/\\\/inclusivenews.com.br\\\/?p=20620#breadcrumb\"},\"inLanguage\":\"pt-PT\",\"potentialAction\":[{\"@type\":\"ReadAction\",\"target\":[\"https:\\\/\\\/inclusivenews.com.br\\\/?p=20620\"]}]},{\"@type\":\"ImageObject\",\"inLanguage\":\"pt-PT\",\"@id\":\"https:\\\/\\\/inclusivenews.com.br\\\/?p=20620#primaryimage\",\"url\":\"\",\"contentUrl\":\"\"},{\"@type\":\"BreadcrumbList\",\"@id\":\"https:\\\/\\\/inclusivenews.com.br\\\/?p=20620#breadcrumb\",\"itemListElement\":[{\"@type\":\"ListItem\",\"position\":1,\"name\":\"In\u00edcio\",\"item\":\"https:\\\/\\\/inclusivenews.com.br\\\/\"},{\"@type\":\"ListItem\",\"position\":2,\"name\":\"A democracia est\u00e1 sendo transformada pelas redes sociais\"}]},{\"@type\":\"WebSite\",\"@id\":\"https:\\\/\\\/inclusivenews.com.br\\\/#website\",\"url\":\"https:\\\/\\\/inclusivenews.com.br\\\/\",\"name\":\"Inclusive News\",\"description\":\"Inclusive News\",\"publisher\":{\"@id\":\"https:\\\/\\\/inclusivenews.com.br\\\/#organization\"},\"potentialAction\":[{\"@type\":\"SearchAction\",\"target\":{\"@type\":\"EntryPoint\",\"urlTemplate\":\"https:\\\/\\\/inclusivenews.com.br\\\/?s={search_term_string}\"},\"query-input\":{\"@type\":\"PropertyValueSpecification\",\"valueRequired\":true,\"valueName\":\"search_term_string\"}}],\"inLanguage\":\"pt-PT\"},{\"@type\":\"Organization\",\"@id\":\"https:\\\/\\\/inclusivenews.com.br\\\/#organization\",\"name\":\"Inclusive - inclus\u00e3o e cidadania\",\"url\":\"https:\\\/\\\/inclusivenews.com.br\\\/\",\"logo\":{\"@type\":\"ImageObject\",\"inLanguage\":\"pt-PT\",\"@id\":\"https:\\\/\\\/inclusivenews.com.br\\\/#\\\/schema\\\/logo\\\/image\\\/\",\"url\":\"https:\\\/\\\/inclusivenews.com.br\\\/wp-content\\\/uploads\\\/2024\\\/03\\\/@grandesite.png\",\"contentUrl\":\"https:\\\/\\\/inclusivenews.com.br\\\/wp-content\\\/uploads\\\/2024\\\/03\\\/@grandesite.png\",\"width\":1080,\"height\":1080,\"caption\":\"Inclusive - inclus\u00e3o e cidadania\"},\"image\":{\"@id\":\"https:\\\/\\\/inclusivenews.com.br\\\/#\\\/schema\\\/logo\\\/image\\\/\"},\"sameAs\":[\"https:\\\/\\\/www.facebook.com\\\/agenciainclusive\\\/\",\"https:\\\/\\\/www.instagram.com\\\/newsinclusive\\\/\"]},{\"@type\":\"Person\",\"@id\":\"https:\\\/\\\/inclusivenews.com.br\\\/#\\\/schema\\\/person\\\/ae4ec7087559b8692fb33b6fffd2273b\",\"name\":\"inclusivenews2024\",\"image\":{\"@type\":\"ImageObject\",\"inLanguage\":\"pt-PT\",\"@id\":\"https:\\\/\\\/secure.gravatar.com\\\/avatar\\\/c5a7ef84c66fa914f55bc4f7ce26cfa275a3b9a1c5568b907bd184fb4dde7b40?s=96&d=mm&r=g\",\"url\":\"https:\\\/\\\/secure.gravatar.com\\\/avatar\\\/c5a7ef84c66fa914f55bc4f7ce26cfa275a3b9a1c5568b907bd184fb4dde7b40?s=96&d=mm&r=g\",\"contentUrl\":\"https:\\\/\\\/secure.gravatar.com\\\/avatar\\\/c5a7ef84c66fa914f55bc4f7ce26cfa275a3b9a1c5568b907bd184fb4dde7b40?s=96&d=mm&r=g\",\"caption\":\"inclusivenews2024\"},\"sameAs\":[\"https:\\\/\\\/inclusivenews.com.br\"],\"url\":\"https:\\\/\\\/inclusivenews.com.br\\\/?author=1\"}]}<\/script>\n<!-- \/ Yoast SEO plugin. -->","yoast_head_json":{"title":"A democracia est\u00e1 sendo transformada pelas redes sociais -","robots":{"index":"index","follow":"follow","max-snippet":"max-snippet:-1","max-image-preview":"max-image-preview:large","max-video-preview":"max-video-preview:-1"},"canonical":"https:\/\/inclusivenews.com.br\/?p=20620","og_locale":"pt_PT","og_type":"article","og_title":"A democracia est\u00e1 sendo transformada pelas redes sociais -","og_description":"Um novo modelo democr\u00e1tico pode emergir a partir das redes sociais porque h\u00e1 uma demanda mundial por transpar\u00eancia nos sistemas pol\u00edtico, econ\u00f4mico e social. Esse processo j\u00e1 est\u00e1 em curso e \u00e9 potencializado a partir da democratiza\u00e7\u00e3o do acesso \u00e0 internet. Do IHU on-line.","og_url":"https:\/\/inclusivenews.com.br\/?p=20620","article_publisher":"https:\/\/www.facebook.com\/agenciainclusive\/","article_published_time":"2011-08-11T10:28:23+00:00","og_image":[{"url":"http:\/\/inclusivenews.com.br\/wp-content\/uploads\/redes-300x286.jpg","type":"","width":"","height":""}],"author":"inclusivenews2024","twitter_card":"summary_large_image","twitter_misc":{"Escrito por":"inclusivenews2024","Tempo estimado de leitura":"7 minutos"},"schema":{"@context":"https:\/\/schema.org","@graph":[{"@type":"Article","@id":"https:\/\/inclusivenews.com.br\/?p=20620#article","isPartOf":{"@id":"https:\/\/inclusivenews.com.br\/?p=20620"},"author":{"name":"inclusivenews2024","@id":"https:\/\/inclusivenews.com.br\/#\/schema\/person\/ae4ec7087559b8692fb33b6fffd2273b"},"headline":"A democracia est\u00e1 sendo transformada pelas redes sociais","datePublished":"2011-08-11T10:28:23+00:00","mainEntityOfPage":{"@id":"https:\/\/inclusivenews.com.br\/?p=20620"},"wordCount":1446,"commentCount":0,"publisher":{"@id":"https:\/\/inclusivenews.com.br\/#organization"},"image":{"@id":"https:\/\/inclusivenews.com.br\/?p=20620#primaryimage"},"thumbnailUrl":"http:\/\/inclusivenews.com.br\/wp-content\/uploads\/redes-300x286.jpg","articleSection":["ENTREVISTAS","NOT\u00cdCIAS"],"inLanguage":"pt-PT","potentialAction":[{"@type":"CommentAction","name":"Comment","target":["https:\/\/inclusivenews.com.br\/?p=20620#respond"]}]},{"@type":"WebPage","@id":"https:\/\/inclusivenews.com.br\/?p=20620","url":"https:\/\/inclusivenews.com.br\/?p=20620","name":"A democracia est\u00e1 sendo transformada pelas redes sociais -","isPartOf":{"@id":"https:\/\/inclusivenews.com.br\/#website"},"primaryImageOfPage":{"@id":"https:\/\/inclusivenews.com.br\/?p=20620#primaryimage"},"image":{"@id":"https:\/\/inclusivenews.com.br\/?p=20620#primaryimage"},"thumbnailUrl":"http:\/\/inclusivenews.com.br\/wp-content\/uploads\/redes-300x286.jpg","datePublished":"2011-08-11T10:28:23+00:00","breadcrumb":{"@id":"https:\/\/inclusivenews.com.br\/?p=20620#breadcrumb"},"inLanguage":"pt-PT","potentialAction":[{"@type":"ReadAction","target":["https:\/\/inclusivenews.com.br\/?p=20620"]}]},{"@type":"ImageObject","inLanguage":"pt-PT","@id":"https:\/\/inclusivenews.com.br\/?p=20620#primaryimage","url":"","contentUrl":""},{"@type":"BreadcrumbList","@id":"https:\/\/inclusivenews.com.br\/?p=20620#breadcrumb","itemListElement":[{"@type":"ListItem","position":1,"name":"In\u00edcio","item":"https:\/\/inclusivenews.com.br\/"},{"@type":"ListItem","position":2,"name":"A democracia est\u00e1 sendo transformada pelas redes sociais"}]},{"@type":"WebSite","@id":"https:\/\/inclusivenews.com.br\/#website","url":"https:\/\/inclusivenews.com.br\/","name":"Inclusive News","description":"Inclusive News","publisher":{"@id":"https:\/\/inclusivenews.com.br\/#organization"},"potentialAction":[{"@type":"SearchAction","target":{"@type":"EntryPoint","urlTemplate":"https:\/\/inclusivenews.com.br\/?s={search_term_string}"},"query-input":{"@type":"PropertyValueSpecification","valueRequired":true,"valueName":"search_term_string"}}],"inLanguage":"pt-PT"},{"@type":"Organization","@id":"https:\/\/inclusivenews.com.br\/#organization","name":"Inclusive - inclus\u00e3o e cidadania","url":"https:\/\/inclusivenews.com.br\/","logo":{"@type":"ImageObject","inLanguage":"pt-PT","@id":"https:\/\/inclusivenews.com.br\/#\/schema\/logo\/image\/","url":"https:\/\/inclusivenews.com.br\/wp-content\/uploads\/2024\/03\/@grandesite.png","contentUrl":"https:\/\/inclusivenews.com.br\/wp-content\/uploads\/2024\/03\/@grandesite.png","width":1080,"height":1080,"caption":"Inclusive - inclus\u00e3o e cidadania"},"image":{"@id":"https:\/\/inclusivenews.com.br\/#\/schema\/logo\/image\/"},"sameAs":["https:\/\/www.facebook.com\/agenciainclusive\/","https:\/\/www.instagram.com\/newsinclusive\/"]},{"@type":"Person","@id":"https:\/\/inclusivenews.com.br\/#\/schema\/person\/ae4ec7087559b8692fb33b6fffd2273b","name":"inclusivenews2024","image":{"@type":"ImageObject","inLanguage":"pt-PT","@id":"https:\/\/secure.gravatar.com\/avatar\/c5a7ef84c66fa914f55bc4f7ce26cfa275a3b9a1c5568b907bd184fb4dde7b40?s=96&d=mm&r=g","url":"https:\/\/secure.gravatar.com\/avatar\/c5a7ef84c66fa914f55bc4f7ce26cfa275a3b9a1c5568b907bd184fb4dde7b40?s=96&d=mm&r=g","contentUrl":"https:\/\/secure.gravatar.com\/avatar\/c5a7ef84c66fa914f55bc4f7ce26cfa275a3b9a1c5568b907bd184fb4dde7b40?s=96&d=mm&r=g","caption":"inclusivenews2024"},"sameAs":["https:\/\/inclusivenews.com.br"],"url":"https:\/\/inclusivenews.com.br\/?author=1"}]}},"_links":{"self":[{"href":"https:\/\/inclusivenews.com.br\/index.php?rest_route=\/wp\/v2\/posts\/20620","targetHints":{"allow":["GET"]}}],"collection":[{"href":"https:\/\/inclusivenews.com.br\/index.php?rest_route=\/wp\/v2\/posts"}],"about":[{"href":"https:\/\/inclusivenews.com.br\/index.php?rest_route=\/wp\/v2\/types\/post"}],"author":[{"embeddable":true,"href":"https:\/\/inclusivenews.com.br\/index.php?rest_route=\/wp\/v2\/users\/1"}],"replies":[{"embeddable":true,"href":"https:\/\/inclusivenews.com.br\/index.php?rest_route=%2Fwp%2Fv2%2Fcomments&post=20620"}],"version-history":[{"count":0,"href":"https:\/\/inclusivenews.com.br\/index.php?rest_route=\/wp\/v2\/posts\/20620\/revisions"}],"wp:attachment":[{"href":"https:\/\/inclusivenews.com.br\/index.php?rest_route=%2Fwp%2Fv2%2Fmedia&parent=20620"}],"wp:term":[{"taxonomy":"category","embeddable":true,"href":"https:\/\/inclusivenews.com.br\/index.php?rest_route=%2Fwp%2Fv2%2Fcategories&post=20620"},{"taxonomy":"post_tag","embeddable":true,"href":"https:\/\/inclusivenews.com.br\/index.php?rest_route=%2Fwp%2Fv2%2Ftags&post=20620"}],"curies":[{"name":"wp","href":"https:\/\/api.w.org\/{rel}","templated":true}]}}