{"id":20634,"date":"2011-08-18T07:23:15","date_gmt":"2011-08-18T10:23:15","guid":{"rendered":"http:\/\/www.inclusive.org.br\/?p=20634"},"modified":"2011-08-18T07:23:15","modified_gmt":"2011-08-18T10:23:15","slug":"exposicao-sintetiza-a-historia-dos-direitos-humanos-no-brasil","status":"publish","type":"post","link":"https:\/\/inclusivenews.com.br\/?p=20634","title":{"rendered":"Exposi\u00e7\u00e3o sintetiza a hist\u00f3ria dos Direitos Humanos no Brasil"},"content":{"rendered":"<figure style=\"width: 329px\" class=\"wp-caption alignleft\"><a class=\"moz-txt-link-freetext\" href=\"http:\/\/www.cartamaior.com.br\/arquivosCartaMaior\/FOTO\/69\/foto_mat_29242.jpg\"><img loading=\"lazy\" decoding=\"async\" title=\"Flyer da exposi\u00e7\u00e3o - sem descri\u00e7\u00e3o fornecida\" src=\"http:\/\/www.cartamaior.com.br\/arquivosCartaMaior\/FOTO\/69\/foto_mat_29242.jpg\" alt=\"Flyer da exposi\u00e7\u00e3o - sem descri\u00e7\u00e3o fornecida\" width=\"329\" height=\"196\" \/><\/a><figcaption class=\"wp-caption-text\"> <\/figcaption><\/figure>\n<p>Imagens jornal\u00edsticas e hist\u00f3ricas, consagradas e in\u00e9ditas, contam a hist\u00f3ria da luta pela conquista dos Direitos Humanos no Brasil. Com curadoria de Denise Carvalho e textos do historiador e jornalista Gilberto Maringoni, a exposi\u00e7\u00e3o Direitos Humanos, imagens do Brasil, ter\u00e1 sua abertura em Porto Alegre, na Universidade Federal do Rio Grande do Sul \u2013 UFRGS, nesta segunda-feira (15), \u00e0s 19h, para convidados e fica em cartaz at\u00e9 16 de setembro.<\/p>\n<p>Inaugurada em Belo Horizonte, no dia internacional da luta pelos Direitos Humanos, 10 de dezembro de 2010, a mostra \u00e9 fruto do livro hom\u00f4nimo, lan\u00e7ado na mesma ocasi\u00e3o, com apresenta\u00e7\u00e3o do ent\u00e3o Ministro da Secretaria dos Direitos Humanos da Presid\u00eancia da Rep\u00fablica, Paulo Vannuchi. J\u00e1 esteve tamb\u00e9m no Rio de Janeiro, Salvador, Aracaju, Curitiba, Bras\u00edlia, Recife e ainda percorrer\u00e1 tr\u00eas cidades brasileiras.<\/p>\n<p><strong>Imagens hist\u00f3ricas<\/strong><\/p>\n<p>O volume conta com dois ensaios curtos e 156 imagens hist\u00f3ricas. A exposi\u00e7\u00e3o apresenta 60 imagens do livro ampliadas e contextualizadas atrav\u00e9s da hist\u00f3ria.<\/p>\n<p>Segundo Vannuchi, tanto a mostra quanto o livro buscam \u201cfortalecer o chamado Direito \u00e0 Mem\u00f3ria e \u00e0 Verdade, seja no Brasil, seja em pa\u00edses vizinhos que viveram como n\u00f3s, entre os anos 1960 e 1980, graves interrup\u00e7\u00f5es da vida institucional, com a instala\u00e7\u00e3o de ditaduras mantidas \u00e0 custa do terror de Estado, da censura e da intoler\u00e2ncia\u201d.<\/p>\n<p><strong>Exposi\u00e7\u00e3o Direitos humanos, imagens do Brasil<\/strong><br \/>\n<strong>Local:<\/strong> Universidade Federal do Rio Grande do Sul<br \/>\nAvenida Oswaldo Aranha, 277 \u2013 Campus Centro.<br \/>\nPorto Alegre\/RS<br \/>\n<strong>Abertura: <\/strong>15 de Agosto de 2011 \u00e0s 19h<br \/>\n<strong>Visita\u00e7\u00e3o: <\/strong>16 de Agosto a 16 de Setembro de 2011<br \/>\nSegunda a Sexta das 9 \u00e0s 18h<\/p>\n<p><strong>Agendamento de visitas guiadas (51) 3308-4022<\/strong><br \/>\n<a href=\"mailto:www.museu.ufrgs.brmuseu@museu.ufrgs.br\" target=\"_blank\" rel=\"noopener\"><span style=\"color: #0000ff; text-decoration: underline;\"><strong> <\/strong><\/span><\/a><strong>Classifica\u00e7\u00e3o: <\/strong>10 anos.<br \/>\n<strong>Entrada franca <\/strong><\/p>\n<p><strong>FICHA T\u00c9CNICA<\/strong><br \/>\n<strong> Curadoria:<\/strong> Denise Carvalho e Gilberto Maringoni<br \/>\n<strong> Texto:<\/strong> Gilberto Maringoni<br \/>\n<strong> Revis\u00e3o de texto: <\/strong>Eveline Maria<br \/>\n<strong> Coordena\u00e7\u00e3o de Produ\u00e7\u00e3o: <\/strong>Luiza Thesin<br \/>\n<strong> Produ\u00e7\u00e3o: <\/strong>Luciana Cunha<br \/>\n<strong> Assistente de produ\u00e7\u00e3o: <\/strong>Keila Gisele, Natacha Marcatto.<br \/>\n<strong> Projeto Expogr\u00e1fico: <\/strong>Juliana Augusta Vieira<br \/>\n<strong> Montagem: <\/strong>Reginaldo Gomes \u2013 Phill<br \/>\n<strong> Designer Gr\u00e1fico: <\/strong>Fernando de Sousa Lima<br \/>\n<strong> Projeto: <\/strong>Din\u00e2mica Eventos e Produ\u00e7\u00f5es<br \/>\n<strong> Realiza\u00e7\u00e3o: <\/strong>AORI Produ\u00e7\u00f5es Culturais<\/p>\n<p>Fonte: <a href=\"http:\/\/www.cartamaior.com.br\/templates\/materiaMostrar.cfm?materia_id=18246\">Carta Maior<\/a><\/p>\n","protected":false},"excerpt":{"rendered":"<p>Imagens jornal\u00edsticas e hist\u00f3ricas, consagradas e in\u00e9ditas, contam a hist\u00f3ria da luta pela conquista dos Direitos Humanos no Brasil. Exposi\u00e7\u00e3o fica aberta at\u00e9 16 de setembro.<\/p>\n","protected":false},"author":1,"featured_media":0,"comment_status":"open","ping_status":"open","sticky":false,"template":"","format":"standard","meta":{"site-container-style":"default","site-container-layout":"default","site-sidebar-layout":"default","disable-article-header":"default","disable-site-header":"default","disable-site-footer":"default","disable-content-area-spacing":"default","footnotes":""},"categories":[12,11,4],"tags":[],"class_list":["post-20634","post","type-post","status-publish","format-standard","hentry","category-cursos-e-eventos","category-direitos-humanos","category-noticias"],"yoast_head":"<!-- This site is optimized with the Yoast SEO plugin v27.4 - https:\/\/yoast.com\/product\/yoast-seo-wordpress\/ -->\n<title>Exposi\u00e7\u00e3o sintetiza a hist\u00f3ria dos Direitos Humanos no Brasil -<\/title>\n<meta name=\"robots\" content=\"index, follow, max-snippet:-1, max-image-preview:large, max-video-preview:-1\" \/>\n<link rel=\"canonical\" href=\"https:\/\/inclusivenews.com.br\/?p=20634\" \/>\n<meta property=\"og:locale\" content=\"pt_PT\" \/>\n<meta property=\"og:type\" content=\"article\" \/>\n<meta property=\"og:title\" content=\"Exposi\u00e7\u00e3o sintetiza a hist\u00f3ria dos Direitos Humanos no Brasil -\" \/>\n<meta property=\"og:description\" content=\"Imagens jornal\u00edsticas e hist\u00f3ricas, consagradas e in\u00e9ditas, contam a hist\u00f3ria da luta pela conquista dos Direitos Humanos no Brasil. Exposi\u00e7\u00e3o fica aberta at\u00e9 16 de setembro.\" \/>\n<meta property=\"og:url\" content=\"https:\/\/inclusivenews.com.br\/?p=20634\" \/>\n<meta property=\"article:publisher\" content=\"https:\/\/www.facebook.com\/agenciainclusive\/\" \/>\n<meta property=\"article:published_time\" content=\"2011-08-18T10:23:15+00:00\" \/>\n<meta property=\"og:image\" content=\"http:\/\/www.cartamaior.com.br\/arquivosCartaMaior\/FOTO\/69\/foto_mat_29242.jpg\" \/>\n<meta name=\"author\" content=\"inclusivenews2024\" \/>\n<meta name=\"twitter:card\" content=\"summary_large_image\" \/>\n<meta name=\"twitter:label1\" content=\"Escrito por\" \/>\n\t<meta name=\"twitter:data1\" content=\"inclusivenews2024\" \/>\n\t<meta name=\"twitter:label2\" content=\"Tempo estimado de leitura\" \/>\n\t<meta name=\"twitter:data2\" content=\"2 minutos\" \/>\n<script type=\"application\/ld+json\" class=\"yoast-schema-graph\">{\"@context\":\"https:\\\/\\\/schema.org\",\"@graph\":[{\"@type\":\"Article\",\"@id\":\"https:\\\/\\\/inclusivenews.com.br\\\/?p=20634#article\",\"isPartOf\":{\"@id\":\"https:\\\/\\\/inclusivenews.com.br\\\/?p=20634\"},\"author\":{\"name\":\"inclusivenews2024\",\"@id\":\"https:\\\/\\\/inclusivenews.com.br\\\/#\\\/schema\\\/person\\\/ae4ec7087559b8692fb33b6fffd2273b\"},\"headline\":\"Exposi\u00e7\u00e3o sintetiza a hist\u00f3ria dos Direitos Humanos no Brasil\",\"datePublished\":\"2011-08-18T10:23:15+00:00\",\"mainEntityOfPage\":{\"@id\":\"https:\\\/\\\/inclusivenews.com.br\\\/?p=20634\"},\"wordCount\":369,\"commentCount\":0,\"publisher\":{\"@id\":\"https:\\\/\\\/inclusivenews.com.br\\\/#organization\"},\"image\":{\"@id\":\"https:\\\/\\\/inclusivenews.com.br\\\/?p=20634#primaryimage\"},\"thumbnailUrl\":\"http:\\\/\\\/www.cartamaior.com.br\\\/arquivosCartaMaior\\\/FOTO\\\/69\\\/foto_mat_29242.jpg\",\"articleSection\":[\"Cursos e eventos\",\"DIREITOS HUMANOS\",\"NOT\u00cdCIAS\"],\"inLanguage\":\"pt-PT\",\"potentialAction\":[{\"@type\":\"CommentAction\",\"name\":\"Comment\",\"target\":[\"https:\\\/\\\/inclusivenews.com.br\\\/?p=20634#respond\"]}]},{\"@type\":\"WebPage\",\"@id\":\"https:\\\/\\\/inclusivenews.com.br\\\/?p=20634\",\"url\":\"https:\\\/\\\/inclusivenews.com.br\\\/?p=20634\",\"name\":\"Exposi\u00e7\u00e3o sintetiza a hist\u00f3ria dos Direitos Humanos no Brasil -\",\"isPartOf\":{\"@id\":\"https:\\\/\\\/inclusivenews.com.br\\\/#website\"},\"primaryImageOfPage\":{\"@id\":\"https:\\\/\\\/inclusivenews.com.br\\\/?p=20634#primaryimage\"},\"image\":{\"@id\":\"https:\\\/\\\/inclusivenews.com.br\\\/?p=20634#primaryimage\"},\"thumbnailUrl\":\"http:\\\/\\\/www.cartamaior.com.br\\\/arquivosCartaMaior\\\/FOTO\\\/69\\\/foto_mat_29242.jpg\",\"datePublished\":\"2011-08-18T10:23:15+00:00\",\"breadcrumb\":{\"@id\":\"https:\\\/\\\/inclusivenews.com.br\\\/?p=20634#breadcrumb\"},\"inLanguage\":\"pt-PT\",\"potentialAction\":[{\"@type\":\"ReadAction\",\"target\":[\"https:\\\/\\\/inclusivenews.com.br\\\/?p=20634\"]}]},{\"@type\":\"ImageObject\",\"inLanguage\":\"pt-PT\",\"@id\":\"https:\\\/\\\/inclusivenews.com.br\\\/?p=20634#primaryimage\",\"url\":\"http:\\\/\\\/www.cartamaior.com.br\\\/arquivosCartaMaior\\\/FOTO\\\/69\\\/foto_mat_29242.jpg\",\"contentUrl\":\"http:\\\/\\\/www.cartamaior.com.br\\\/arquivosCartaMaior\\\/FOTO\\\/69\\\/foto_mat_29242.jpg\"},{\"@type\":\"BreadcrumbList\",\"@id\":\"https:\\\/\\\/inclusivenews.com.br\\\/?p=20634#breadcrumb\",\"itemListElement\":[{\"@type\":\"ListItem\",\"position\":1,\"name\":\"In\u00edcio\",\"item\":\"https:\\\/\\\/inclusivenews.com.br\\\/\"},{\"@type\":\"ListItem\",\"position\":2,\"name\":\"Exposi\u00e7\u00e3o sintetiza a hist\u00f3ria dos Direitos Humanos no Brasil\"}]},{\"@type\":\"WebSite\",\"@id\":\"https:\\\/\\\/inclusivenews.com.br\\\/#website\",\"url\":\"https:\\\/\\\/inclusivenews.com.br\\\/\",\"name\":\"Inclusive News\",\"description\":\"Inclusive News\",\"publisher\":{\"@id\":\"https:\\\/\\\/inclusivenews.com.br\\\/#organization\"},\"potentialAction\":[{\"@type\":\"SearchAction\",\"target\":{\"@type\":\"EntryPoint\",\"urlTemplate\":\"https:\\\/\\\/inclusivenews.com.br\\\/?s={search_term_string}\"},\"query-input\":{\"@type\":\"PropertyValueSpecification\",\"valueRequired\":true,\"valueName\":\"search_term_string\"}}],\"inLanguage\":\"pt-PT\"},{\"@type\":\"Organization\",\"@id\":\"https:\\\/\\\/inclusivenews.com.br\\\/#organization\",\"name\":\"Inclusive - inclus\u00e3o e cidadania\",\"url\":\"https:\\\/\\\/inclusivenews.com.br\\\/\",\"logo\":{\"@type\":\"ImageObject\",\"inLanguage\":\"pt-PT\",\"@id\":\"https:\\\/\\\/inclusivenews.com.br\\\/#\\\/schema\\\/logo\\\/image\\\/\",\"url\":\"https:\\\/\\\/inclusivenews.com.br\\\/wp-content\\\/uploads\\\/2024\\\/03\\\/@grandesite.png\",\"contentUrl\":\"https:\\\/\\\/inclusivenews.com.br\\\/wp-content\\\/uploads\\\/2024\\\/03\\\/@grandesite.png\",\"width\":1080,\"height\":1080,\"caption\":\"Inclusive - inclus\u00e3o e cidadania\"},\"image\":{\"@id\":\"https:\\\/\\\/inclusivenews.com.br\\\/#\\\/schema\\\/logo\\\/image\\\/\"},\"sameAs\":[\"https:\\\/\\\/www.facebook.com\\\/agenciainclusive\\\/\",\"https:\\\/\\\/www.instagram.com\\\/newsinclusive\\\/\"]},{\"@type\":\"Person\",\"@id\":\"https:\\\/\\\/inclusivenews.com.br\\\/#\\\/schema\\\/person\\\/ae4ec7087559b8692fb33b6fffd2273b\",\"name\":\"inclusivenews2024\",\"image\":{\"@type\":\"ImageObject\",\"inLanguage\":\"pt-PT\",\"@id\":\"https:\\\/\\\/secure.gravatar.com\\\/avatar\\\/c5a7ef84c66fa914f55bc4f7ce26cfa275a3b9a1c5568b907bd184fb4dde7b40?s=96&d=mm&r=g\",\"url\":\"https:\\\/\\\/secure.gravatar.com\\\/avatar\\\/c5a7ef84c66fa914f55bc4f7ce26cfa275a3b9a1c5568b907bd184fb4dde7b40?s=96&d=mm&r=g\",\"contentUrl\":\"https:\\\/\\\/secure.gravatar.com\\\/avatar\\\/c5a7ef84c66fa914f55bc4f7ce26cfa275a3b9a1c5568b907bd184fb4dde7b40?s=96&d=mm&r=g\",\"caption\":\"inclusivenews2024\"},\"sameAs\":[\"https:\\\/\\\/inclusivenews.com.br\"],\"url\":\"https:\\\/\\\/inclusivenews.com.br\\\/?author=1\"}]}<\/script>\n<!-- \/ Yoast SEO plugin. -->","yoast_head_json":{"title":"Exposi\u00e7\u00e3o sintetiza a hist\u00f3ria dos Direitos Humanos no Brasil -","robots":{"index":"index","follow":"follow","max-snippet":"max-snippet:-1","max-image-preview":"max-image-preview:large","max-video-preview":"max-video-preview:-1"},"canonical":"https:\/\/inclusivenews.com.br\/?p=20634","og_locale":"pt_PT","og_type":"article","og_title":"Exposi\u00e7\u00e3o sintetiza a hist\u00f3ria dos Direitos Humanos no Brasil -","og_description":"Imagens jornal\u00edsticas e hist\u00f3ricas, consagradas e in\u00e9ditas, contam a hist\u00f3ria da luta pela conquista dos Direitos Humanos no Brasil. Exposi\u00e7\u00e3o fica aberta at\u00e9 16 de setembro.","og_url":"https:\/\/inclusivenews.com.br\/?p=20634","article_publisher":"https:\/\/www.facebook.com\/agenciainclusive\/","article_published_time":"2011-08-18T10:23:15+00:00","og_image":[{"url":"http:\/\/www.cartamaior.com.br\/arquivosCartaMaior\/FOTO\/69\/foto_mat_29242.jpg","type":"","width":"","height":""}],"author":"inclusivenews2024","twitter_card":"summary_large_image","twitter_misc":{"Escrito por":"inclusivenews2024","Tempo estimado de leitura":"2 minutos"},"schema":{"@context":"https:\/\/schema.org","@graph":[{"@type":"Article","@id":"https:\/\/inclusivenews.com.br\/?p=20634#article","isPartOf":{"@id":"https:\/\/inclusivenews.com.br\/?p=20634"},"author":{"name":"inclusivenews2024","@id":"https:\/\/inclusivenews.com.br\/#\/schema\/person\/ae4ec7087559b8692fb33b6fffd2273b"},"headline":"Exposi\u00e7\u00e3o sintetiza a hist\u00f3ria dos Direitos Humanos no Brasil","datePublished":"2011-08-18T10:23:15+00:00","mainEntityOfPage":{"@id":"https:\/\/inclusivenews.com.br\/?p=20634"},"wordCount":369,"commentCount":0,"publisher":{"@id":"https:\/\/inclusivenews.com.br\/#organization"},"image":{"@id":"https:\/\/inclusivenews.com.br\/?p=20634#primaryimage"},"thumbnailUrl":"http:\/\/www.cartamaior.com.br\/arquivosCartaMaior\/FOTO\/69\/foto_mat_29242.jpg","articleSection":["Cursos e eventos","DIREITOS HUMANOS","NOT\u00cdCIAS"],"inLanguage":"pt-PT","potentialAction":[{"@type":"CommentAction","name":"Comment","target":["https:\/\/inclusivenews.com.br\/?p=20634#respond"]}]},{"@type":"WebPage","@id":"https:\/\/inclusivenews.com.br\/?p=20634","url":"https:\/\/inclusivenews.com.br\/?p=20634","name":"Exposi\u00e7\u00e3o sintetiza a hist\u00f3ria dos Direitos Humanos no Brasil -","isPartOf":{"@id":"https:\/\/inclusivenews.com.br\/#website"},"primaryImageOfPage":{"@id":"https:\/\/inclusivenews.com.br\/?p=20634#primaryimage"},"image":{"@id":"https:\/\/inclusivenews.com.br\/?p=20634#primaryimage"},"thumbnailUrl":"http:\/\/www.cartamaior.com.br\/arquivosCartaMaior\/FOTO\/69\/foto_mat_29242.jpg","datePublished":"2011-08-18T10:23:15+00:00","breadcrumb":{"@id":"https:\/\/inclusivenews.com.br\/?p=20634#breadcrumb"},"inLanguage":"pt-PT","potentialAction":[{"@type":"ReadAction","target":["https:\/\/inclusivenews.com.br\/?p=20634"]}]},{"@type":"ImageObject","inLanguage":"pt-PT","@id":"https:\/\/inclusivenews.com.br\/?p=20634#primaryimage","url":"http:\/\/www.cartamaior.com.br\/arquivosCartaMaior\/FOTO\/69\/foto_mat_29242.jpg","contentUrl":"http:\/\/www.cartamaior.com.br\/arquivosCartaMaior\/FOTO\/69\/foto_mat_29242.jpg"},{"@type":"BreadcrumbList","@id":"https:\/\/inclusivenews.com.br\/?p=20634#breadcrumb","itemListElement":[{"@type":"ListItem","position":1,"name":"In\u00edcio","item":"https:\/\/inclusivenews.com.br\/"},{"@type":"ListItem","position":2,"name":"Exposi\u00e7\u00e3o sintetiza a hist\u00f3ria dos Direitos Humanos no Brasil"}]},{"@type":"WebSite","@id":"https:\/\/inclusivenews.com.br\/#website","url":"https:\/\/inclusivenews.com.br\/","name":"Inclusive News","description":"Inclusive News","publisher":{"@id":"https:\/\/inclusivenews.com.br\/#organization"},"potentialAction":[{"@type":"SearchAction","target":{"@type":"EntryPoint","urlTemplate":"https:\/\/inclusivenews.com.br\/?s={search_term_string}"},"query-input":{"@type":"PropertyValueSpecification","valueRequired":true,"valueName":"search_term_string"}}],"inLanguage":"pt-PT"},{"@type":"Organization","@id":"https:\/\/inclusivenews.com.br\/#organization","name":"Inclusive - inclus\u00e3o e cidadania","url":"https:\/\/inclusivenews.com.br\/","logo":{"@type":"ImageObject","inLanguage":"pt-PT","@id":"https:\/\/inclusivenews.com.br\/#\/schema\/logo\/image\/","url":"https:\/\/inclusivenews.com.br\/wp-content\/uploads\/2024\/03\/@grandesite.png","contentUrl":"https:\/\/inclusivenews.com.br\/wp-content\/uploads\/2024\/03\/@grandesite.png","width":1080,"height":1080,"caption":"Inclusive - inclus\u00e3o e cidadania"},"image":{"@id":"https:\/\/inclusivenews.com.br\/#\/schema\/logo\/image\/"},"sameAs":["https:\/\/www.facebook.com\/agenciainclusive\/","https:\/\/www.instagram.com\/newsinclusive\/"]},{"@type":"Person","@id":"https:\/\/inclusivenews.com.br\/#\/schema\/person\/ae4ec7087559b8692fb33b6fffd2273b","name":"inclusivenews2024","image":{"@type":"ImageObject","inLanguage":"pt-PT","@id":"https:\/\/secure.gravatar.com\/avatar\/c5a7ef84c66fa914f55bc4f7ce26cfa275a3b9a1c5568b907bd184fb4dde7b40?s=96&d=mm&r=g","url":"https:\/\/secure.gravatar.com\/avatar\/c5a7ef84c66fa914f55bc4f7ce26cfa275a3b9a1c5568b907bd184fb4dde7b40?s=96&d=mm&r=g","contentUrl":"https:\/\/secure.gravatar.com\/avatar\/c5a7ef84c66fa914f55bc4f7ce26cfa275a3b9a1c5568b907bd184fb4dde7b40?s=96&d=mm&r=g","caption":"inclusivenews2024"},"sameAs":["https:\/\/inclusivenews.com.br"],"url":"https:\/\/inclusivenews.com.br\/?author=1"}]}},"_links":{"self":[{"href":"https:\/\/inclusivenews.com.br\/index.php?rest_route=\/wp\/v2\/posts\/20634","targetHints":{"allow":["GET"]}}],"collection":[{"href":"https:\/\/inclusivenews.com.br\/index.php?rest_route=\/wp\/v2\/posts"}],"about":[{"href":"https:\/\/inclusivenews.com.br\/index.php?rest_route=\/wp\/v2\/types\/post"}],"author":[{"embeddable":true,"href":"https:\/\/inclusivenews.com.br\/index.php?rest_route=\/wp\/v2\/users\/1"}],"replies":[{"embeddable":true,"href":"https:\/\/inclusivenews.com.br\/index.php?rest_route=%2Fwp%2Fv2%2Fcomments&post=20634"}],"version-history":[{"count":0,"href":"https:\/\/inclusivenews.com.br\/index.php?rest_route=\/wp\/v2\/posts\/20634\/revisions"}],"wp:attachment":[{"href":"https:\/\/inclusivenews.com.br\/index.php?rest_route=%2Fwp%2Fv2%2Fmedia&parent=20634"}],"wp:term":[{"taxonomy":"category","embeddable":true,"href":"https:\/\/inclusivenews.com.br\/index.php?rest_route=%2Fwp%2Fv2%2Fcategories&post=20634"},{"taxonomy":"post_tag","embeddable":true,"href":"https:\/\/inclusivenews.com.br\/index.php?rest_route=%2Fwp%2Fv2%2Ftags&post=20634"}],"curies":[{"name":"wp","href":"https:\/\/api.w.org\/{rel}","templated":true}]}}