{"id":20642,"date":"2011-08-18T07:43:10","date_gmt":"2011-08-18T10:43:10","guid":{"rendered":"http:\/\/www.inclusive.org.br\/?p=20642"},"modified":"2011-08-18T07:43:10","modified_gmt":"2011-08-18T10:43:10","slug":"cada-historia-pode-ser-escrita-de-forma-diferente","status":"publish","type":"post","link":"https:\/\/inclusivenews.com.br\/?p=20642","title":{"rendered":"Cada hist\u00f3ria pode ser escrita de forma diferente"},"content":{"rendered":"<figure style=\"width: 205px\" class=\"wp-caption alignleft\"><img loading=\"lazy\" decoding=\"async\" title=\"OCAS\" src=\"http:\/\/www.ocas.org.br\/wp-content\/themes\/ocas\/images\/logotipo.jpg\" alt=\"OCAS\" width=\"205\" height=\"169\" \/><figcaption class=\"wp-caption-text\"> <\/figcaption><\/figure>\n<p><strong>Por Sara Lee<br \/>\nna Ra\u00e7a Brasil<\/strong><\/p>\n<p>Para Paschoal Piccinato Filho, de 49 anos, a vida fora da pris\u00e3o tamb\u00e9m n\u00e3o seria nada f\u00e1cil. O preconceito \u00e9 grande. Saindo do pres\u00eddio, ele passou tr\u00eas dias na rua at\u00e9 receber apoio da fam\u00edlia de um dos m\u00e9dicos com quem fez amizade na enfermaria da penitenciaria. Tentou arrumar emprego, mas n\u00e3o conseguiu. Seus antecedentes criminais pesaram. E de &#8216;n\u00e3o em n\u00e3o&#8217;, Paschoal chegou at\u00e9 a Organiza\u00e7\u00e3o Civil de A\u00e7\u00e3o Social (OCAS). Ele foi um dos primeiros em situa\u00e7\u00e3o carcer\u00e1ria aceito na entidade sem fins lucrativos que existe em v\u00e1rios pa\u00edses com o mesmo objetivo: a inclus\u00e3o social.<\/p>\n<p>Paschoal perdeu os pais quando ainda era crian\u00e7a. Foi morar com parentes e, como em muitos casos, n\u00e3o se adaptou \u00e0s regras da nova fam\u00edlia e fugiu de casa. Morou nas ruas dos 12 aos 18 anos, dormia em cemit\u00e9rios ou qualquer outro local que achasse seguro. Pior: conheceu as drogas e todas as suas consequ\u00eancias ruins. Logo, partiu para o crime. &#8220;Eu tinha acesso maior \u00e0 criminalidade por ser branco de olhos claros, isso era usado a meu favor para passar pelas barreiras policiais quando transportava drogas. Por causa a minha apar\u00eancia f\u00edsica, n\u00e3o era parado pelas autoridades t\u00e3o facilmente, coisa que j\u00e1 n\u00e3o acontecia com os meus parceiros negros. No Brasil, infelizmente, se voc\u00ea for branco, pode estar com um fuzil na m\u00e3o que ningu\u00e9m olha, mas se for negro pode estar com a carteira de trabalho assinada no bolso que voc\u00ea \u00e9 parado&#8221;, conta.<\/p>\n<p>Aos 22 anos, viu no casamento a primeira tentativa para largar a criminalidade. Deixou de praticar crimes e decidiu que seria &#8220;apenas&#8221; um usu\u00e1rio de drogas. O uso cont\u00ednuo e a exposi\u00e7\u00e3o, por\u00e9m, o deixaram vulner\u00e1vel. As pris\u00f5es come\u00e7aram. A princ\u00edpio, ele resolvia tudo na base da fian\u00e7a. At\u00e9 que um dia o dinheiro n\u00e3o foi suficiente para pagar um &#8216;acerto&#8217; de alto valor e ele foi parar em um pres\u00eddio. L\u00e1 dentro, trabalhou como cozinheiro, faxineiro e enfermeiro. Logo depois foi transferido para a penitenci\u00e1ria de Piraju\u00ed, onde sofreu um acidente de trabalho. Quebrou a perna, precisou ser operado e colocar platina, sem ter a seu favor o tempo e o tratamento necess\u00e1rio para sua recupera\u00e7\u00e3o. Em outra transfer\u00eancia, teve a perna propositalmente quebrada no mesmo lugar por um dos guardas. Com o tempo ela foi diminuindo devido ao deslocamento do osso e, sem um acompanhamento m\u00e9dico, Pachoal ficou deficiente f\u00edsico e hoje depende de muletas para se locomover. Ao todo, foram 15 anos cumprindo pena, sentindo na pele as p\u00e9ssimas condi\u00e7\u00f5es dos pres\u00eddios brasileiros, ainda piores para quem tem problemas f\u00edsicos. E veio a promessa: &#8220;Se ficasse vivo, nunca mais voltaria para a pris\u00e3o. Decidi que queria parar com tudo, meus v\u00edcios, bebidas, drogas, cigarro&#8230; Perdi 15 anos da minha vida&#8221;, afirma.<\/p>\n<p>Da OCAS para a USP<strong> <\/strong><\/p>\n<p>Na entidade, Paschoal se reergueu como cidad\u00e3o atrav\u00e9s de um bem-sucedido sistema de compra e venda de revistas que funciona como instrumento de resgate da autoestima dos vendedores, que se tornam agentes de sua pr\u00f3pria transforma\u00e7\u00e3o. Funciona assim: o interessado vai at\u00e9 a Ocas, se cadastra e passa por um treinamento de capacita\u00e7\u00e3o. Depois, pega certo n\u00famero de revistas para come\u00e7ar a vender e, assim, vai fazendo suas economias e melhorando a sua situa\u00e7\u00e3o. Cada revista sai por R$ 5,80, sendo que o vendedor fica com 4 Reais. O restante do valor volta para ajudar da manuten\u00e7\u00e3o do projeto, al\u00e9m de oficinas e outros benef\u00edcios que os pr\u00f3prios vendedores podem usufruir.<\/p>\n<p>Com o dinheiro que Paschoal conseguiu, mais uma carta de apresenta\u00e7\u00e3o da entidade, conquistou uma bolsa parcial de estudos na Microsoft. &#8220;Busquei empregos e formas para estudar ainda mais, a ponto de participar de alguns projetos sociais at\u00e9 me tornar professor virtual de Direitos Humanos dentro da Universidade de S\u00e3o Paulo (USP) e t\u00e9cnico de inform\u00e1tica. Com a experi\u00eancia adquirida, fiz parcerias com diversas ONGs e implantei o sistema informatizado na Ocas de S\u00e3o Paulo para que as pessoas em situa\u00e7\u00e3o de rua pudessem aprender inform\u00e1tica&#8221;, diz, com orgulho. Seu hist\u00f3rico de vida e sua vontade de se tornar uma pessoa melhor o levou a ser conhecido internacionalmente, com entrevistas para a Homelles internacional do cantor Phill Colins. Ele foi recebido at\u00e9 pelo Papa. Agora, Paschoal luta para tirar do papel um projeto sobre inclus\u00e3o social em rela\u00e7\u00e3o a quest\u00e3o carcer\u00e1ria no Brasil.<\/p>\n<blockquote><p><span style=\"color: #330033;\"><strong>DADOS DAS RUAS<\/strong><\/span><span style=\"color: #330033;\"><br \/>\nPesquisa realizada pela Funda\u00e7\u00e3o Instituto de Pesquisas Econ\u00f4micas (Fipe), em 2009, aponta o total de 13.666 pessoas em situa\u00e7\u00e3o de rua somente em S\u00e3o Paulo (70% s\u00e3o do sexo masculino e se concentram mais na parte central da cidade, como a Pra\u00e7a da S\u00e9 e a Rep\u00fablica), que se dividem entre moradores e acolhidos. Moradores de rua s\u00e3o definidos como pessoas que n\u00e3o tem moradia e que pernoitam em ruas, pra\u00e7as, cal\u00e7adas, jardins, embaixo de viadutos, terrenos baldios e \u00e1reas externas de im\u00f3veis. Os acolhidos tamb\u00e9m n\u00e3o t\u00eam moradia, mas passam a noite em albergues ou abrigos. O livro O outro lado da noite, de Cassio Giorgetti &#8211; que foi diretor de uma casa de conviv\u00eancia &#8211; aborda 3 perfis b\u00e1sicos de moradores de rua. S\u00e3o eles: <\/span><\/p>\n<p><span style=\"color: #330033;\"><strong>CARROCEIRO OU CATADOR<\/strong><br \/>\n\u00e9 aquele que busca alguma forma de subsist\u00eancia, nem sempre \u00e9 catador ou carroceiro, pode fazer pequenos bicos ou mesmo ter um trabalho, mas n\u00e3o ganha o suficiente para manter uma moradia, apenas para comprar um sabonete, um sapato, uma camisa&#8230; <\/span><\/p>\n<p><span style=\"color: #330033;\"><strong>CA\u00cdDO<\/strong><\/span><span style=\"color: #330033;\"><br \/>\nrefer\u00eancia aos que j\u00e1 est\u00e3o muito comprometidos pelo v\u00edcio do \u00e1lcool, crack e, atualmente, tamb\u00e9m do oxi. Esse tipo de morador j\u00e1 n\u00e3o pode mais se virar sozinho e vive de assist\u00eancia. <\/span><\/p>\n<p><span style=\"color: #330033;\"><strong>HOMEM DO SACO<\/strong><\/span><span style=\"color: #330033;\"><br \/>\nesse j\u00e1 perdeu a capacidade de se relacionar com as pessoas, sofre de doen\u00e7as psiqui\u00e1tricas, \u00e0s vezes, se veste com sacos pl\u00e1sticos, quase sempre fala sozinho e reage com agressividade \u00e0 tentativa de aproxima\u00e7\u00e3o.<\/span><\/p><\/blockquote>\n<p>(&#8230;)<strong> <\/strong><br \/>\n<a href=\"http:\/\/racabrasil.uol.com.br\/cultura-gente\/157\/artigo226116-1.asp\"><\/a><\/p>\n<p><a href=\"http:\/\/racabrasil.uol.com.br\/cultura-gente\/157\/artigo226116-1.asp\">Leia a \u00edntegra da reportagem na revista Ra\u00e7a Brasil<\/a><\/p>\n","protected":false},"excerpt":{"rendered":"<p>E de &#8216;n\u00e3o em n\u00e3o&#8217;, Paschoal chegou at\u00e9 a Organiza\u00e7\u00e3o Civil de A\u00e7\u00e3o Social (OCAS). Ele foi um dos primeiros em situa\u00e7\u00e3o carcer\u00e1ria aceito na entidade sem fins lucrativos que existe em v\u00e1rios pa\u00edses com o mesmo objetivo: a inclus\u00e3o social. Reportagem \u00e9 da revista Ra\u00e7a Brasil.<\/p>\n","protected":false},"author":1,"featured_media":0,"comment_status":"open","ping_status":"open","sticky":false,"template":"","format":"standard","meta":{"site-container-style":"default","site-container-layout":"default","site-sidebar-layout":"default","disable-article-header":"default","disable-site-header":"default","disable-site-footer":"default","disable-content-area-spacing":"default","footnotes":""},"categories":[6,48,33],"tags":[],"class_list":["post-20642","post","type-post","status-publish","format-standard","hentry","category-educacao","category-inclusao","category-reportagem"],"yoast_head":"<!-- This site is optimized with the Yoast SEO plugin v27.4 - https:\/\/yoast.com\/product\/yoast-seo-wordpress\/ -->\n<title>Cada hist\u00f3ria pode ser escrita de forma diferente -<\/title>\n<meta name=\"robots\" content=\"index, follow, max-snippet:-1, max-image-preview:large, max-video-preview:-1\" \/>\n<link rel=\"canonical\" href=\"https:\/\/inclusivenews.com.br\/?p=20642\" \/>\n<meta property=\"og:locale\" content=\"pt_PT\" \/>\n<meta property=\"og:type\" content=\"article\" \/>\n<meta property=\"og:title\" content=\"Cada hist\u00f3ria pode ser escrita de forma diferente -\" \/>\n<meta property=\"og:description\" content=\"E de &#039;n\u00e3o em n\u00e3o&#039;, Paschoal chegou at\u00e9 a Organiza\u00e7\u00e3o Civil de A\u00e7\u00e3o Social (OCAS). Ele foi um dos primeiros em situa\u00e7\u00e3o carcer\u00e1ria aceito na entidade sem fins lucrativos que existe em v\u00e1rios pa\u00edses com o mesmo objetivo: a inclus\u00e3o social. Reportagem \u00e9 da revista Ra\u00e7a Brasil.\" \/>\n<meta property=\"og:url\" content=\"https:\/\/inclusivenews.com.br\/?p=20642\" \/>\n<meta property=\"article:publisher\" content=\"https:\/\/www.facebook.com\/agenciainclusive\/\" \/>\n<meta property=\"article:published_time\" content=\"2011-08-18T10:43:10+00:00\" \/>\n<meta property=\"og:image\" content=\"http:\/\/www.ocas.org.br\/wp-content\/themes\/ocas\/images\/logotipo.jpg\" \/>\n<meta name=\"author\" content=\"inclusivenews2024\" \/>\n<meta name=\"twitter:card\" content=\"summary_large_image\" \/>\n<meta name=\"twitter:label1\" content=\"Escrito por\" \/>\n\t<meta name=\"twitter:data1\" content=\"inclusivenews2024\" \/>\n\t<meta name=\"twitter:label2\" content=\"Tempo estimado de leitura\" \/>\n\t<meta name=\"twitter:data2\" content=\"5 minutos\" \/>\n<script type=\"application\/ld+json\" class=\"yoast-schema-graph\">{\"@context\":\"https:\\\/\\\/schema.org\",\"@graph\":[{\"@type\":\"Article\",\"@id\":\"https:\\\/\\\/inclusivenews.com.br\\\/?p=20642#article\",\"isPartOf\":{\"@id\":\"https:\\\/\\\/inclusivenews.com.br\\\/?p=20642\"},\"author\":{\"name\":\"inclusivenews2024\",\"@id\":\"https:\\\/\\\/inclusivenews.com.br\\\/#\\\/schema\\\/person\\\/ae4ec7087559b8692fb33b6fffd2273b\"},\"headline\":\"Cada hist\u00f3ria pode ser escrita de forma diferente\",\"datePublished\":\"2011-08-18T10:43:10+00:00\",\"mainEntityOfPage\":{\"@id\":\"https:\\\/\\\/inclusivenews.com.br\\\/?p=20642\"},\"wordCount\":1086,\"commentCount\":0,\"publisher\":{\"@id\":\"https:\\\/\\\/inclusivenews.com.br\\\/#organization\"},\"image\":{\"@id\":\"https:\\\/\\\/inclusivenews.com.br\\\/?p=20642#primaryimage\"},\"thumbnailUrl\":\"http:\\\/\\\/www.ocas.org.br\\\/wp-content\\\/themes\\\/ocas\\\/images\\\/logotipo.jpg\",\"articleSection\":[\"EDUCA\u00c7\u00c3O\",\"INCLUS\u00c3O SOCIAL\",\"Reportagem\"],\"inLanguage\":\"pt-PT\",\"potentialAction\":[{\"@type\":\"CommentAction\",\"name\":\"Comment\",\"target\":[\"https:\\\/\\\/inclusivenews.com.br\\\/?p=20642#respond\"]}]},{\"@type\":\"WebPage\",\"@id\":\"https:\\\/\\\/inclusivenews.com.br\\\/?p=20642\",\"url\":\"https:\\\/\\\/inclusivenews.com.br\\\/?p=20642\",\"name\":\"Cada hist\u00f3ria pode ser escrita de forma diferente -\",\"isPartOf\":{\"@id\":\"https:\\\/\\\/inclusivenews.com.br\\\/#website\"},\"primaryImageOfPage\":{\"@id\":\"https:\\\/\\\/inclusivenews.com.br\\\/?p=20642#primaryimage\"},\"image\":{\"@id\":\"https:\\\/\\\/inclusivenews.com.br\\\/?p=20642#primaryimage\"},\"thumbnailUrl\":\"http:\\\/\\\/www.ocas.org.br\\\/wp-content\\\/themes\\\/ocas\\\/images\\\/logotipo.jpg\",\"datePublished\":\"2011-08-18T10:43:10+00:00\",\"breadcrumb\":{\"@id\":\"https:\\\/\\\/inclusivenews.com.br\\\/?p=20642#breadcrumb\"},\"inLanguage\":\"pt-PT\",\"potentialAction\":[{\"@type\":\"ReadAction\",\"target\":[\"https:\\\/\\\/inclusivenews.com.br\\\/?p=20642\"]}]},{\"@type\":\"ImageObject\",\"inLanguage\":\"pt-PT\",\"@id\":\"https:\\\/\\\/inclusivenews.com.br\\\/?p=20642#primaryimage\",\"url\":\"http:\\\/\\\/www.ocas.org.br\\\/wp-content\\\/themes\\\/ocas\\\/images\\\/logotipo.jpg\",\"contentUrl\":\"http:\\\/\\\/www.ocas.org.br\\\/wp-content\\\/themes\\\/ocas\\\/images\\\/logotipo.jpg\"},{\"@type\":\"BreadcrumbList\",\"@id\":\"https:\\\/\\\/inclusivenews.com.br\\\/?p=20642#breadcrumb\",\"itemListElement\":[{\"@type\":\"ListItem\",\"position\":1,\"name\":\"In\u00edcio\",\"item\":\"https:\\\/\\\/inclusivenews.com.br\\\/\"},{\"@type\":\"ListItem\",\"position\":2,\"name\":\"Cada hist\u00f3ria pode ser escrita de forma diferente\"}]},{\"@type\":\"WebSite\",\"@id\":\"https:\\\/\\\/inclusivenews.com.br\\\/#website\",\"url\":\"https:\\\/\\\/inclusivenews.com.br\\\/\",\"name\":\"Inclusive News\",\"description\":\"Inclusive News\",\"publisher\":{\"@id\":\"https:\\\/\\\/inclusivenews.com.br\\\/#organization\"},\"potentialAction\":[{\"@type\":\"SearchAction\",\"target\":{\"@type\":\"EntryPoint\",\"urlTemplate\":\"https:\\\/\\\/inclusivenews.com.br\\\/?s={search_term_string}\"},\"query-input\":{\"@type\":\"PropertyValueSpecification\",\"valueRequired\":true,\"valueName\":\"search_term_string\"}}],\"inLanguage\":\"pt-PT\"},{\"@type\":\"Organization\",\"@id\":\"https:\\\/\\\/inclusivenews.com.br\\\/#organization\",\"name\":\"Inclusive - inclus\u00e3o e cidadania\",\"url\":\"https:\\\/\\\/inclusivenews.com.br\\\/\",\"logo\":{\"@type\":\"ImageObject\",\"inLanguage\":\"pt-PT\",\"@id\":\"https:\\\/\\\/inclusivenews.com.br\\\/#\\\/schema\\\/logo\\\/image\\\/\",\"url\":\"https:\\\/\\\/inclusivenews.com.br\\\/wp-content\\\/uploads\\\/2024\\\/03\\\/@grandesite.png\",\"contentUrl\":\"https:\\\/\\\/inclusivenews.com.br\\\/wp-content\\\/uploads\\\/2024\\\/03\\\/@grandesite.png\",\"width\":1080,\"height\":1080,\"caption\":\"Inclusive - inclus\u00e3o e cidadania\"},\"image\":{\"@id\":\"https:\\\/\\\/inclusivenews.com.br\\\/#\\\/schema\\\/logo\\\/image\\\/\"},\"sameAs\":[\"https:\\\/\\\/www.facebook.com\\\/agenciainclusive\\\/\",\"https:\\\/\\\/www.instagram.com\\\/newsinclusive\\\/\"]},{\"@type\":\"Person\",\"@id\":\"https:\\\/\\\/inclusivenews.com.br\\\/#\\\/schema\\\/person\\\/ae4ec7087559b8692fb33b6fffd2273b\",\"name\":\"inclusivenews2024\",\"image\":{\"@type\":\"ImageObject\",\"inLanguage\":\"pt-PT\",\"@id\":\"https:\\\/\\\/secure.gravatar.com\\\/avatar\\\/c5a7ef84c66fa914f55bc4f7ce26cfa275a3b9a1c5568b907bd184fb4dde7b40?s=96&d=mm&r=g\",\"url\":\"https:\\\/\\\/secure.gravatar.com\\\/avatar\\\/c5a7ef84c66fa914f55bc4f7ce26cfa275a3b9a1c5568b907bd184fb4dde7b40?s=96&d=mm&r=g\",\"contentUrl\":\"https:\\\/\\\/secure.gravatar.com\\\/avatar\\\/c5a7ef84c66fa914f55bc4f7ce26cfa275a3b9a1c5568b907bd184fb4dde7b40?s=96&d=mm&r=g\",\"caption\":\"inclusivenews2024\"},\"sameAs\":[\"https:\\\/\\\/inclusivenews.com.br\"],\"url\":\"https:\\\/\\\/inclusivenews.com.br\\\/?author=1\"}]}<\/script>\n<!-- \/ Yoast SEO plugin. -->","yoast_head_json":{"title":"Cada hist\u00f3ria pode ser escrita de forma diferente -","robots":{"index":"index","follow":"follow","max-snippet":"max-snippet:-1","max-image-preview":"max-image-preview:large","max-video-preview":"max-video-preview:-1"},"canonical":"https:\/\/inclusivenews.com.br\/?p=20642","og_locale":"pt_PT","og_type":"article","og_title":"Cada hist\u00f3ria pode ser escrita de forma diferente -","og_description":"E de 'n\u00e3o em n\u00e3o', Paschoal chegou at\u00e9 a Organiza\u00e7\u00e3o Civil de A\u00e7\u00e3o Social (OCAS). Ele foi um dos primeiros em situa\u00e7\u00e3o carcer\u00e1ria aceito na entidade sem fins lucrativos que existe em v\u00e1rios pa\u00edses com o mesmo objetivo: a inclus\u00e3o social. Reportagem \u00e9 da revista Ra\u00e7a Brasil.","og_url":"https:\/\/inclusivenews.com.br\/?p=20642","article_publisher":"https:\/\/www.facebook.com\/agenciainclusive\/","article_published_time":"2011-08-18T10:43:10+00:00","og_image":[{"url":"http:\/\/www.ocas.org.br\/wp-content\/themes\/ocas\/images\/logotipo.jpg","type":"","width":"","height":""}],"author":"inclusivenews2024","twitter_card":"summary_large_image","twitter_misc":{"Escrito por":"inclusivenews2024","Tempo estimado de leitura":"5 minutos"},"schema":{"@context":"https:\/\/schema.org","@graph":[{"@type":"Article","@id":"https:\/\/inclusivenews.com.br\/?p=20642#article","isPartOf":{"@id":"https:\/\/inclusivenews.com.br\/?p=20642"},"author":{"name":"inclusivenews2024","@id":"https:\/\/inclusivenews.com.br\/#\/schema\/person\/ae4ec7087559b8692fb33b6fffd2273b"},"headline":"Cada hist\u00f3ria pode ser escrita de forma diferente","datePublished":"2011-08-18T10:43:10+00:00","mainEntityOfPage":{"@id":"https:\/\/inclusivenews.com.br\/?p=20642"},"wordCount":1086,"commentCount":0,"publisher":{"@id":"https:\/\/inclusivenews.com.br\/#organization"},"image":{"@id":"https:\/\/inclusivenews.com.br\/?p=20642#primaryimage"},"thumbnailUrl":"http:\/\/www.ocas.org.br\/wp-content\/themes\/ocas\/images\/logotipo.jpg","articleSection":["EDUCA\u00c7\u00c3O","INCLUS\u00c3O SOCIAL","Reportagem"],"inLanguage":"pt-PT","potentialAction":[{"@type":"CommentAction","name":"Comment","target":["https:\/\/inclusivenews.com.br\/?p=20642#respond"]}]},{"@type":"WebPage","@id":"https:\/\/inclusivenews.com.br\/?p=20642","url":"https:\/\/inclusivenews.com.br\/?p=20642","name":"Cada hist\u00f3ria pode ser escrita de forma diferente -","isPartOf":{"@id":"https:\/\/inclusivenews.com.br\/#website"},"primaryImageOfPage":{"@id":"https:\/\/inclusivenews.com.br\/?p=20642#primaryimage"},"image":{"@id":"https:\/\/inclusivenews.com.br\/?p=20642#primaryimage"},"thumbnailUrl":"http:\/\/www.ocas.org.br\/wp-content\/themes\/ocas\/images\/logotipo.jpg","datePublished":"2011-08-18T10:43:10+00:00","breadcrumb":{"@id":"https:\/\/inclusivenews.com.br\/?p=20642#breadcrumb"},"inLanguage":"pt-PT","potentialAction":[{"@type":"ReadAction","target":["https:\/\/inclusivenews.com.br\/?p=20642"]}]},{"@type":"ImageObject","inLanguage":"pt-PT","@id":"https:\/\/inclusivenews.com.br\/?p=20642#primaryimage","url":"http:\/\/www.ocas.org.br\/wp-content\/themes\/ocas\/images\/logotipo.jpg","contentUrl":"http:\/\/www.ocas.org.br\/wp-content\/themes\/ocas\/images\/logotipo.jpg"},{"@type":"BreadcrumbList","@id":"https:\/\/inclusivenews.com.br\/?p=20642#breadcrumb","itemListElement":[{"@type":"ListItem","position":1,"name":"In\u00edcio","item":"https:\/\/inclusivenews.com.br\/"},{"@type":"ListItem","position":2,"name":"Cada hist\u00f3ria pode ser escrita de forma diferente"}]},{"@type":"WebSite","@id":"https:\/\/inclusivenews.com.br\/#website","url":"https:\/\/inclusivenews.com.br\/","name":"Inclusive News","description":"Inclusive News","publisher":{"@id":"https:\/\/inclusivenews.com.br\/#organization"},"potentialAction":[{"@type":"SearchAction","target":{"@type":"EntryPoint","urlTemplate":"https:\/\/inclusivenews.com.br\/?s={search_term_string}"},"query-input":{"@type":"PropertyValueSpecification","valueRequired":true,"valueName":"search_term_string"}}],"inLanguage":"pt-PT"},{"@type":"Organization","@id":"https:\/\/inclusivenews.com.br\/#organization","name":"Inclusive - inclus\u00e3o e cidadania","url":"https:\/\/inclusivenews.com.br\/","logo":{"@type":"ImageObject","inLanguage":"pt-PT","@id":"https:\/\/inclusivenews.com.br\/#\/schema\/logo\/image\/","url":"https:\/\/inclusivenews.com.br\/wp-content\/uploads\/2024\/03\/@grandesite.png","contentUrl":"https:\/\/inclusivenews.com.br\/wp-content\/uploads\/2024\/03\/@grandesite.png","width":1080,"height":1080,"caption":"Inclusive - inclus\u00e3o e cidadania"},"image":{"@id":"https:\/\/inclusivenews.com.br\/#\/schema\/logo\/image\/"},"sameAs":["https:\/\/www.facebook.com\/agenciainclusive\/","https:\/\/www.instagram.com\/newsinclusive\/"]},{"@type":"Person","@id":"https:\/\/inclusivenews.com.br\/#\/schema\/person\/ae4ec7087559b8692fb33b6fffd2273b","name":"inclusivenews2024","image":{"@type":"ImageObject","inLanguage":"pt-PT","@id":"https:\/\/secure.gravatar.com\/avatar\/c5a7ef84c66fa914f55bc4f7ce26cfa275a3b9a1c5568b907bd184fb4dde7b40?s=96&d=mm&r=g","url":"https:\/\/secure.gravatar.com\/avatar\/c5a7ef84c66fa914f55bc4f7ce26cfa275a3b9a1c5568b907bd184fb4dde7b40?s=96&d=mm&r=g","contentUrl":"https:\/\/secure.gravatar.com\/avatar\/c5a7ef84c66fa914f55bc4f7ce26cfa275a3b9a1c5568b907bd184fb4dde7b40?s=96&d=mm&r=g","caption":"inclusivenews2024"},"sameAs":["https:\/\/inclusivenews.com.br"],"url":"https:\/\/inclusivenews.com.br\/?author=1"}]}},"_links":{"self":[{"href":"https:\/\/inclusivenews.com.br\/index.php?rest_route=\/wp\/v2\/posts\/20642","targetHints":{"allow":["GET"]}}],"collection":[{"href":"https:\/\/inclusivenews.com.br\/index.php?rest_route=\/wp\/v2\/posts"}],"about":[{"href":"https:\/\/inclusivenews.com.br\/index.php?rest_route=\/wp\/v2\/types\/post"}],"author":[{"embeddable":true,"href":"https:\/\/inclusivenews.com.br\/index.php?rest_route=\/wp\/v2\/users\/1"}],"replies":[{"embeddable":true,"href":"https:\/\/inclusivenews.com.br\/index.php?rest_route=%2Fwp%2Fv2%2Fcomments&post=20642"}],"version-history":[{"count":0,"href":"https:\/\/inclusivenews.com.br\/index.php?rest_route=\/wp\/v2\/posts\/20642\/revisions"}],"wp:attachment":[{"href":"https:\/\/inclusivenews.com.br\/index.php?rest_route=%2Fwp%2Fv2%2Fmedia&parent=20642"}],"wp:term":[{"taxonomy":"category","embeddable":true,"href":"https:\/\/inclusivenews.com.br\/index.php?rest_route=%2Fwp%2Fv2%2Fcategories&post=20642"},{"taxonomy":"post_tag","embeddable":true,"href":"https:\/\/inclusivenews.com.br\/index.php?rest_route=%2Fwp%2Fv2%2Ftags&post=20642"}],"curies":[{"name":"wp","href":"https:\/\/api.w.org\/{rel}","templated":true}]}}