{"id":20644,"date":"2011-08-18T07:41:05","date_gmt":"2011-08-18T10:41:05","guid":{"rendered":"http:\/\/www.inclusive.org.br\/?p=20644"},"modified":"2011-08-18T07:41:05","modified_gmt":"2011-08-18T10:41:05","slug":"urbanizacao-brasileira-mostra-intolerancia-a-pobreza","status":"publish","type":"post","link":"https:\/\/inclusivenews.com.br\/?p=20644","title":{"rendered":"Urbaniza\u00e7\u00e3o brasileira mostra intoler\u00e2ncia \u00e0 pobreza"},"content":{"rendered":"<figure id=\"attachment_15968\" aria-describedby=\"caption-attachment-15968\" style=\"width: 300px\" class=\"wp-caption alignleft\"><img loading=\"lazy\" decoding=\"async\" class=\"size-medium wp-image-15968\" title=\"P\u00f3lis - a cidade vista de cima\" src=\"http:\/\/inclusivenews.com.br\/wp-content\/uploads\/2010\/06\/polis-300x295.jpg\" alt=\"P\u00f3lis - a cidade vista de cima\" width=\"300\" height=\"295\" \/><figcaption id=\"caption-attachment-15968\" class=\"wp-caption-text\"> <\/figcaption><\/figure>\n<p><strong>Por Isabela Palhares<br \/>\nna Com Ci\u00eancia<br \/>\n<\/strong><\/p>\n<p>O ininterrupto crescimento da cidade de S\u00e3o Paulo, tanto econ\u00f4mico quanto f\u00edsico, produz uma perversa desigualdade social. Jo\u00e3o Ferreira, arquiteto e economista,\u00a0 defende que transformar e tornar esse espa\u00e7o mais igualit\u00e1rio passa por uma mudan\u00e7a de conduta individual, pressupondo um combate as atitudes que, mesmo de forma velada, reproduzem uma cultura da intoler\u00e2ncia aos pobres. Para Ferreira, aquilo o que hoje \u00e9 celebrado como modernidade \u00e9 a causa do padr\u00e3o urbano excludente. Padr\u00e3o que n\u00e3o se restringe \u00e0 cidade de S\u00e3o Paulo, que \u00e9 apenas o caso mais evidente e que infelizmente serve de modelo para o resto do pa\u00eds. As conclus\u00f5es est\u00e3o contidas no artigo \u201cS\u00e3o Paulo: cidade da intoler\u00e2ncia, ou o urbanismo &#8216;\u00e0 Brasileira&#8217;\u201d, publicado na revista Estudos Avan\u00e7ados (<a class=\"moz-txt-link-freetext\" href=\"http:\/\/www.scielo.br\/scielo.php?pid=S0103-40142011000100006&amp;script=sci_arttext\">http:\/\/www.scielo.br\/scielo.php?pid=S0103-40142011000100006&amp;script=sci_arttext<\/a>)<\/p>\n<p>Intoler\u00e2ncia que Ferreira define como resultado de uma sociedade em que predomina a indiferen\u00e7a. Ele explica: \u201ca exclus\u00e3o dos mais pobres produz uma l\u00f3gica perversa em que as classes dominantes cultivam a sensa\u00e7\u00e3o de que a cidade funciona sozinha, ignorando que \u00e9 um contingente populacional importante e pobre que a move, mas que tem que desaparecer findo o servi\u00e7o\u201d. N\u00e3o s\u00f3 indiferente, a cidade \u00e9 tamb\u00e9m intolerante: \u201co desprezo, a desconsidera\u00e7\u00e3o para com as condi\u00e7\u00f5es de vida dos mais pobres e suas demandas s\u00e3o tamb\u00e9m motivados por pol\u00edticas e a\u00e7\u00f5es bem determinadas, por\u00e9m veladas. O que nos remete \u00e0 sensa\u00e7\u00e3o de uma esp\u00e9cie de apartheid\u201d.<\/p>\n<p>Pol\u00edticas implementadas por um Estado que promove uma urbaniza\u00e7\u00e3o desigual, porque \u00e9 ele quem define a disponibilidade dos chamados instrumentos urban\u00edsticos. Seu papel seria o de garantir uma produ\u00e7\u00e3o homog\u00eanea de infraestrutura p\u00fablica, evitando, assim, a exclus\u00e3o das parcelas populacionais de menor renda. No entanto, no Brasil, como explica o autor \u201cconfunde-se o p\u00fablico e o privado na defesa dos interesses das elites, e essa equa\u00e7\u00e3o afetou dramaticamente o modelo da nossa urbaniza\u00e7\u00e3o\u201d. Teria sido desenvolvida no Brasil uma situa\u00e7\u00e3o de segrega\u00e7\u00e3o socioespacial em que a popula\u00e7\u00e3o mais pobre, sem op\u00e7\u00e3o de moradia, foi se \u201cexilar na periferia\u201d.<\/p>\n<p>Embora causada pelo Estado, a segrega\u00e7\u00e3o seria legitimada pelas classes dominantes, que o coagem para que aja em benef\u00edcio delas. Exerceria assim o que o autor chama de \u201cracismo \u00e0 brasileira\u201d, ou seja, um racismo que existe mas n\u00e3o \u00e9 confesso, e que n\u00e3o por isso faz menos v\u00edtimas. Essa intoler\u00e2ncia \u00e0 pobreza \u00e9 revelada em v\u00e1rias a\u00e7\u00f5es, exemplifica Ferreira, como no caso de empreendedores de um condom\u00ednio de luxo que, incomodados com a vista para uma favela, acharam por bem \u2018estimular\u2019 a sa\u00edda dos indesejados vizinhos pagando-lhes R$ 40 mil por fam\u00edlia. E tamb\u00e9m uma pol\u00edtica da prefeitura de S\u00e3o Paulo que se encarrega da a\u00e7\u00e3o de \u2018limpeza\u2019, oferecendo o \u2018cheque de despejo\u2019, R$ 1,5 mil para sair de suas casas, e R$ 5 mil se a fam\u00edlia fizer a \u2018gentileza\u2019 de voltar ao seu estado de origem.<\/p>\n<p>O Estado, al\u00e9m de n\u00e3o desenvolver pol\u00edticas habitacionais que beneficie os mais pobres, acaba por impedi-los de viver em bairros mais ricos. Isso faria sentido pelo Estado ser patrimonialista, legitimado pelas classes mais abastadas, e em que o direito \u00e0 propriedade est\u00e1 acima do direito \u00e0 moradia. Uma realidade perversa em que a desigualdade n\u00e3o ocorre por falta de leis, mas pelo contr\u00e1rio, \u00e9 legitimada por elas.<\/p>\n<p>Ferreira aponta caminhos para reverter essa desigualdade, pois desde a redemocratiza\u00e7\u00e3o do pa\u00eds os governos comprometidos com as demandas populares propuseram uma \u201creforma urbana\u201d, conseguindo pelo menos inserir essa problem\u00e1tica na agenda pol\u00edtica. Um exemplo teria sido a cria\u00e7\u00e3o do Minist\u00e9rio das Cidades e do Fundo Nacional de Habita\u00e7\u00e3o de Interesse Social &#8211; embora at\u00e9 hoje n\u00e3o tenham tido quase nenhuma efetividade. Essa dificuldade em transformar essas propostas em verdadeiras a\u00e7\u00f5es ocorreria, segundo explica Ferreira, porque \u201cuma das raz\u00f5es desse impasse est\u00e1 na dificuldade de transforma\u00e7\u00e3o do pr\u00f3prio Estado e, em maior escala, do sistema e das pr\u00e1ticas pol\u00edticas que o legitimam. Uma m\u00e1quina aperfei\u00e7oada durante s\u00e9culos para dificultar qualquer tentativa de transforma\u00e7\u00e3o da l\u00f3gica de produ\u00e7\u00e3o do espa\u00e7o urbano desigual n\u00e3o facilita a vida daqueles que participam de gest\u00f5es com interven\u00e7\u00f5es verdadeiramente p\u00fablicas\u201d.<\/p>\n<p>Fonte: <a href=\"http:\/\/www.comciencia.br\/comciencia\/?section=3&amp;noticia=696\">Com Ci\u00eancia<\/a><\/p>\n","protected":false},"excerpt":{"rendered":"<p>Para Jo\u00e3o Ferreira \u201ca exclus\u00e3o dos mais pobres produz uma l\u00f3gica perversa em que as classes dominantes cultivam a sensa\u00e7\u00e3o de que a cidade funciona sozinha, ignorando que \u00e9 um contingente populacional importante e pobre que a move, mas que tem que desaparecer findo o servi\u00e7o\u201d. Reportagem est\u00e1 na Com Ci\u00eancia.<\/p>\n","protected":false},"author":1,"featured_media":0,"comment_status":"open","ping_status":"open","sticky":false,"template":"","format":"standard","meta":{"site-container-style":"default","site-container-layout":"default","site-sidebar-layout":"default","disable-article-header":"default","disable-site-header":"default","disable-site-footer":"default","disable-content-area-spacing":"default","footnotes":""},"categories":[11,33],"tags":[172],"class_list":["post-20644","post","type-post","status-publish","format-standard","hentry","category-direitos-humanos","category-reportagem","tag-moradia"],"yoast_head":"<!-- This site is optimized with the Yoast SEO plugin v27.4 - https:\/\/yoast.com\/product\/yoast-seo-wordpress\/ -->\n<title>Urbaniza\u00e7\u00e3o brasileira mostra intoler\u00e2ncia \u00e0 pobreza -<\/title>\n<meta name=\"robots\" content=\"index, follow, max-snippet:-1, max-image-preview:large, max-video-preview:-1\" \/>\n<link rel=\"canonical\" href=\"https:\/\/inclusivenews.com.br\/?p=20644\" \/>\n<meta property=\"og:locale\" content=\"pt_PT\" \/>\n<meta property=\"og:type\" content=\"article\" \/>\n<meta property=\"og:title\" content=\"Urbaniza\u00e7\u00e3o brasileira mostra intoler\u00e2ncia \u00e0 pobreza -\" \/>\n<meta property=\"og:description\" content=\"Para Jo\u00e3o Ferreira \u201ca exclus\u00e3o dos mais pobres produz uma l\u00f3gica perversa em que as classes dominantes cultivam a sensa\u00e7\u00e3o de que a cidade funciona sozinha, ignorando que \u00e9 um contingente populacional importante e pobre que a move, mas que tem que desaparecer findo o servi\u00e7o\u201d. Reportagem est\u00e1 na Com Ci\u00eancia.\" \/>\n<meta property=\"og:url\" content=\"https:\/\/inclusivenews.com.br\/?p=20644\" \/>\n<meta property=\"article:publisher\" content=\"https:\/\/www.facebook.com\/agenciainclusive\/\" \/>\n<meta property=\"article:published_time\" content=\"2011-08-18T10:41:05+00:00\" \/>\n<meta property=\"og:image\" content=\"http:\/\/inclusivenews.com.br\/wp-content\/uploads\/2010\/06\/polis-300x295.jpg\" \/>\n<meta name=\"author\" content=\"inclusivenews2024\" \/>\n<meta name=\"twitter:card\" content=\"summary_large_image\" \/>\n<meta name=\"twitter:label1\" content=\"Escrito por\" \/>\n\t<meta name=\"twitter:data1\" content=\"inclusivenews2024\" \/>\n\t<meta name=\"twitter:label2\" content=\"Tempo estimado de leitura\" \/>\n\t<meta name=\"twitter:data2\" content=\"4 minutos\" \/>\n<script type=\"application\/ld+json\" class=\"yoast-schema-graph\">{\"@context\":\"https:\\\/\\\/schema.org\",\"@graph\":[{\"@type\":\"Article\",\"@id\":\"https:\\\/\\\/inclusivenews.com.br\\\/?p=20644#article\",\"isPartOf\":{\"@id\":\"https:\\\/\\\/inclusivenews.com.br\\\/?p=20644\"},\"author\":{\"name\":\"inclusivenews2024\",\"@id\":\"https:\\\/\\\/inclusivenews.com.br\\\/#\\\/schema\\\/person\\\/ae4ec7087559b8692fb33b6fffd2273b\"},\"headline\":\"Urbaniza\u00e7\u00e3o brasileira mostra intoler\u00e2ncia \u00e0 pobreza\",\"datePublished\":\"2011-08-18T10:41:05+00:00\",\"mainEntityOfPage\":{\"@id\":\"https:\\\/\\\/inclusivenews.com.br\\\/?p=20644\"},\"wordCount\":779,\"commentCount\":0,\"publisher\":{\"@id\":\"https:\\\/\\\/inclusivenews.com.br\\\/#organization\"},\"image\":{\"@id\":\"https:\\\/\\\/inclusivenews.com.br\\\/?p=20644#primaryimage\"},\"thumbnailUrl\":\"http:\\\/\\\/inclusivenews.com.br\\\/wp-content\\\/uploads\\\/2010\\\/06\\\/polis-300x295.jpg\",\"keywords\":[\"Moradia\"],\"articleSection\":[\"DIREITOS HUMANOS\",\"Reportagem\"],\"inLanguage\":\"pt-PT\",\"potentialAction\":[{\"@type\":\"CommentAction\",\"name\":\"Comment\",\"target\":[\"https:\\\/\\\/inclusivenews.com.br\\\/?p=20644#respond\"]}]},{\"@type\":\"WebPage\",\"@id\":\"https:\\\/\\\/inclusivenews.com.br\\\/?p=20644\",\"url\":\"https:\\\/\\\/inclusivenews.com.br\\\/?p=20644\",\"name\":\"Urbaniza\u00e7\u00e3o brasileira mostra intoler\u00e2ncia \u00e0 pobreza -\",\"isPartOf\":{\"@id\":\"https:\\\/\\\/inclusivenews.com.br\\\/#website\"},\"primaryImageOfPage\":{\"@id\":\"https:\\\/\\\/inclusivenews.com.br\\\/?p=20644#primaryimage\"},\"image\":{\"@id\":\"https:\\\/\\\/inclusivenews.com.br\\\/?p=20644#primaryimage\"},\"thumbnailUrl\":\"http:\\\/\\\/inclusivenews.com.br\\\/wp-content\\\/uploads\\\/2010\\\/06\\\/polis-300x295.jpg\",\"datePublished\":\"2011-08-18T10:41:05+00:00\",\"breadcrumb\":{\"@id\":\"https:\\\/\\\/inclusivenews.com.br\\\/?p=20644#breadcrumb\"},\"inLanguage\":\"pt-PT\",\"potentialAction\":[{\"@type\":\"ReadAction\",\"target\":[\"https:\\\/\\\/inclusivenews.com.br\\\/?p=20644\"]}]},{\"@type\":\"ImageObject\",\"inLanguage\":\"pt-PT\",\"@id\":\"https:\\\/\\\/inclusivenews.com.br\\\/?p=20644#primaryimage\",\"url\":\"\",\"contentUrl\":\"\"},{\"@type\":\"BreadcrumbList\",\"@id\":\"https:\\\/\\\/inclusivenews.com.br\\\/?p=20644#breadcrumb\",\"itemListElement\":[{\"@type\":\"ListItem\",\"position\":1,\"name\":\"In\u00edcio\",\"item\":\"https:\\\/\\\/inclusivenews.com.br\\\/\"},{\"@type\":\"ListItem\",\"position\":2,\"name\":\"Urbaniza\u00e7\u00e3o brasileira mostra intoler\u00e2ncia \u00e0 pobreza\"}]},{\"@type\":\"WebSite\",\"@id\":\"https:\\\/\\\/inclusivenews.com.br\\\/#website\",\"url\":\"https:\\\/\\\/inclusivenews.com.br\\\/\",\"name\":\"Inclusive News\",\"description\":\"Inclusive News\",\"publisher\":{\"@id\":\"https:\\\/\\\/inclusivenews.com.br\\\/#organization\"},\"potentialAction\":[{\"@type\":\"SearchAction\",\"target\":{\"@type\":\"EntryPoint\",\"urlTemplate\":\"https:\\\/\\\/inclusivenews.com.br\\\/?s={search_term_string}\"},\"query-input\":{\"@type\":\"PropertyValueSpecification\",\"valueRequired\":true,\"valueName\":\"search_term_string\"}}],\"inLanguage\":\"pt-PT\"},{\"@type\":\"Organization\",\"@id\":\"https:\\\/\\\/inclusivenews.com.br\\\/#organization\",\"name\":\"Inclusive - inclus\u00e3o e cidadania\",\"url\":\"https:\\\/\\\/inclusivenews.com.br\\\/\",\"logo\":{\"@type\":\"ImageObject\",\"inLanguage\":\"pt-PT\",\"@id\":\"https:\\\/\\\/inclusivenews.com.br\\\/#\\\/schema\\\/logo\\\/image\\\/\",\"url\":\"https:\\\/\\\/inclusivenews.com.br\\\/wp-content\\\/uploads\\\/2024\\\/03\\\/@grandesite.png\",\"contentUrl\":\"https:\\\/\\\/inclusivenews.com.br\\\/wp-content\\\/uploads\\\/2024\\\/03\\\/@grandesite.png\",\"width\":1080,\"height\":1080,\"caption\":\"Inclusive - inclus\u00e3o e cidadania\"},\"image\":{\"@id\":\"https:\\\/\\\/inclusivenews.com.br\\\/#\\\/schema\\\/logo\\\/image\\\/\"},\"sameAs\":[\"https:\\\/\\\/www.facebook.com\\\/agenciainclusive\\\/\",\"https:\\\/\\\/www.instagram.com\\\/newsinclusive\\\/\"]},{\"@type\":\"Person\",\"@id\":\"https:\\\/\\\/inclusivenews.com.br\\\/#\\\/schema\\\/person\\\/ae4ec7087559b8692fb33b6fffd2273b\",\"name\":\"inclusivenews2024\",\"image\":{\"@type\":\"ImageObject\",\"inLanguage\":\"pt-PT\",\"@id\":\"https:\\\/\\\/secure.gravatar.com\\\/avatar\\\/c5a7ef84c66fa914f55bc4f7ce26cfa275a3b9a1c5568b907bd184fb4dde7b40?s=96&d=mm&r=g\",\"url\":\"https:\\\/\\\/secure.gravatar.com\\\/avatar\\\/c5a7ef84c66fa914f55bc4f7ce26cfa275a3b9a1c5568b907bd184fb4dde7b40?s=96&d=mm&r=g\",\"contentUrl\":\"https:\\\/\\\/secure.gravatar.com\\\/avatar\\\/c5a7ef84c66fa914f55bc4f7ce26cfa275a3b9a1c5568b907bd184fb4dde7b40?s=96&d=mm&r=g\",\"caption\":\"inclusivenews2024\"},\"sameAs\":[\"https:\\\/\\\/inclusivenews.com.br\"],\"url\":\"https:\\\/\\\/inclusivenews.com.br\\\/?author=1\"}]}<\/script>\n<!-- \/ Yoast SEO plugin. -->","yoast_head_json":{"title":"Urbaniza\u00e7\u00e3o brasileira mostra intoler\u00e2ncia \u00e0 pobreza -","robots":{"index":"index","follow":"follow","max-snippet":"max-snippet:-1","max-image-preview":"max-image-preview:large","max-video-preview":"max-video-preview:-1"},"canonical":"https:\/\/inclusivenews.com.br\/?p=20644","og_locale":"pt_PT","og_type":"article","og_title":"Urbaniza\u00e7\u00e3o brasileira mostra intoler\u00e2ncia \u00e0 pobreza -","og_description":"Para Jo\u00e3o Ferreira \u201ca exclus\u00e3o dos mais pobres produz uma l\u00f3gica perversa em que as classes dominantes cultivam a sensa\u00e7\u00e3o de que a cidade funciona sozinha, ignorando que \u00e9 um contingente populacional importante e pobre que a move, mas que tem que desaparecer findo o servi\u00e7o\u201d. Reportagem est\u00e1 na Com Ci\u00eancia.","og_url":"https:\/\/inclusivenews.com.br\/?p=20644","article_publisher":"https:\/\/www.facebook.com\/agenciainclusive\/","article_published_time":"2011-08-18T10:41:05+00:00","og_image":[{"url":"http:\/\/inclusivenews.com.br\/wp-content\/uploads\/2010\/06\/polis-300x295.jpg","type":"","width":"","height":""}],"author":"inclusivenews2024","twitter_card":"summary_large_image","twitter_misc":{"Escrito por":"inclusivenews2024","Tempo estimado de leitura":"4 minutos"},"schema":{"@context":"https:\/\/schema.org","@graph":[{"@type":"Article","@id":"https:\/\/inclusivenews.com.br\/?p=20644#article","isPartOf":{"@id":"https:\/\/inclusivenews.com.br\/?p=20644"},"author":{"name":"inclusivenews2024","@id":"https:\/\/inclusivenews.com.br\/#\/schema\/person\/ae4ec7087559b8692fb33b6fffd2273b"},"headline":"Urbaniza\u00e7\u00e3o brasileira mostra intoler\u00e2ncia \u00e0 pobreza","datePublished":"2011-08-18T10:41:05+00:00","mainEntityOfPage":{"@id":"https:\/\/inclusivenews.com.br\/?p=20644"},"wordCount":779,"commentCount":0,"publisher":{"@id":"https:\/\/inclusivenews.com.br\/#organization"},"image":{"@id":"https:\/\/inclusivenews.com.br\/?p=20644#primaryimage"},"thumbnailUrl":"http:\/\/inclusivenews.com.br\/wp-content\/uploads\/2010\/06\/polis-300x295.jpg","keywords":["Moradia"],"articleSection":["DIREITOS HUMANOS","Reportagem"],"inLanguage":"pt-PT","potentialAction":[{"@type":"CommentAction","name":"Comment","target":["https:\/\/inclusivenews.com.br\/?p=20644#respond"]}]},{"@type":"WebPage","@id":"https:\/\/inclusivenews.com.br\/?p=20644","url":"https:\/\/inclusivenews.com.br\/?p=20644","name":"Urbaniza\u00e7\u00e3o brasileira mostra intoler\u00e2ncia \u00e0 pobreza -","isPartOf":{"@id":"https:\/\/inclusivenews.com.br\/#website"},"primaryImageOfPage":{"@id":"https:\/\/inclusivenews.com.br\/?p=20644#primaryimage"},"image":{"@id":"https:\/\/inclusivenews.com.br\/?p=20644#primaryimage"},"thumbnailUrl":"http:\/\/inclusivenews.com.br\/wp-content\/uploads\/2010\/06\/polis-300x295.jpg","datePublished":"2011-08-18T10:41:05+00:00","breadcrumb":{"@id":"https:\/\/inclusivenews.com.br\/?p=20644#breadcrumb"},"inLanguage":"pt-PT","potentialAction":[{"@type":"ReadAction","target":["https:\/\/inclusivenews.com.br\/?p=20644"]}]},{"@type":"ImageObject","inLanguage":"pt-PT","@id":"https:\/\/inclusivenews.com.br\/?p=20644#primaryimage","url":"","contentUrl":""},{"@type":"BreadcrumbList","@id":"https:\/\/inclusivenews.com.br\/?p=20644#breadcrumb","itemListElement":[{"@type":"ListItem","position":1,"name":"In\u00edcio","item":"https:\/\/inclusivenews.com.br\/"},{"@type":"ListItem","position":2,"name":"Urbaniza\u00e7\u00e3o brasileira mostra intoler\u00e2ncia \u00e0 pobreza"}]},{"@type":"WebSite","@id":"https:\/\/inclusivenews.com.br\/#website","url":"https:\/\/inclusivenews.com.br\/","name":"Inclusive News","description":"Inclusive News","publisher":{"@id":"https:\/\/inclusivenews.com.br\/#organization"},"potentialAction":[{"@type":"SearchAction","target":{"@type":"EntryPoint","urlTemplate":"https:\/\/inclusivenews.com.br\/?s={search_term_string}"},"query-input":{"@type":"PropertyValueSpecification","valueRequired":true,"valueName":"search_term_string"}}],"inLanguage":"pt-PT"},{"@type":"Organization","@id":"https:\/\/inclusivenews.com.br\/#organization","name":"Inclusive - inclus\u00e3o e cidadania","url":"https:\/\/inclusivenews.com.br\/","logo":{"@type":"ImageObject","inLanguage":"pt-PT","@id":"https:\/\/inclusivenews.com.br\/#\/schema\/logo\/image\/","url":"https:\/\/inclusivenews.com.br\/wp-content\/uploads\/2024\/03\/@grandesite.png","contentUrl":"https:\/\/inclusivenews.com.br\/wp-content\/uploads\/2024\/03\/@grandesite.png","width":1080,"height":1080,"caption":"Inclusive - inclus\u00e3o e cidadania"},"image":{"@id":"https:\/\/inclusivenews.com.br\/#\/schema\/logo\/image\/"},"sameAs":["https:\/\/www.facebook.com\/agenciainclusive\/","https:\/\/www.instagram.com\/newsinclusive\/"]},{"@type":"Person","@id":"https:\/\/inclusivenews.com.br\/#\/schema\/person\/ae4ec7087559b8692fb33b6fffd2273b","name":"inclusivenews2024","image":{"@type":"ImageObject","inLanguage":"pt-PT","@id":"https:\/\/secure.gravatar.com\/avatar\/c5a7ef84c66fa914f55bc4f7ce26cfa275a3b9a1c5568b907bd184fb4dde7b40?s=96&d=mm&r=g","url":"https:\/\/secure.gravatar.com\/avatar\/c5a7ef84c66fa914f55bc4f7ce26cfa275a3b9a1c5568b907bd184fb4dde7b40?s=96&d=mm&r=g","contentUrl":"https:\/\/secure.gravatar.com\/avatar\/c5a7ef84c66fa914f55bc4f7ce26cfa275a3b9a1c5568b907bd184fb4dde7b40?s=96&d=mm&r=g","caption":"inclusivenews2024"},"sameAs":["https:\/\/inclusivenews.com.br"],"url":"https:\/\/inclusivenews.com.br\/?author=1"}]}},"_links":{"self":[{"href":"https:\/\/inclusivenews.com.br\/index.php?rest_route=\/wp\/v2\/posts\/20644","targetHints":{"allow":["GET"]}}],"collection":[{"href":"https:\/\/inclusivenews.com.br\/index.php?rest_route=\/wp\/v2\/posts"}],"about":[{"href":"https:\/\/inclusivenews.com.br\/index.php?rest_route=\/wp\/v2\/types\/post"}],"author":[{"embeddable":true,"href":"https:\/\/inclusivenews.com.br\/index.php?rest_route=\/wp\/v2\/users\/1"}],"replies":[{"embeddable":true,"href":"https:\/\/inclusivenews.com.br\/index.php?rest_route=%2Fwp%2Fv2%2Fcomments&post=20644"}],"version-history":[{"count":0,"href":"https:\/\/inclusivenews.com.br\/index.php?rest_route=\/wp\/v2\/posts\/20644\/revisions"}],"wp:attachment":[{"href":"https:\/\/inclusivenews.com.br\/index.php?rest_route=%2Fwp%2Fv2%2Fmedia&parent=20644"}],"wp:term":[{"taxonomy":"category","embeddable":true,"href":"https:\/\/inclusivenews.com.br\/index.php?rest_route=%2Fwp%2Fv2%2Fcategories&post=20644"},{"taxonomy":"post_tag","embeddable":true,"href":"https:\/\/inclusivenews.com.br\/index.php?rest_route=%2Fwp%2Fv2%2Ftags&post=20644"}],"curies":[{"name":"wp","href":"https:\/\/api.w.org\/{rel}","templated":true}]}}