{"id":20648,"date":"2011-08-18T07:22:55","date_gmt":"2011-08-18T10:22:55","guid":{"rendered":"http:\/\/www.inclusive.org.br\/?p=20648"},"modified":"2011-08-18T07:22:55","modified_gmt":"2011-08-18T10:22:55","slug":"educacao-e-desigualdade","status":"publish","type":"post","link":"https:\/\/inclusivenews.com.br\/?p=20648","title":{"rendered":"Educa\u00e7\u00e3o e desigualdade"},"content":{"rendered":"<figure id=\"attachment_13969\" aria-describedby=\"caption-attachment-13969\" style=\"width: 265px\" class=\"wp-caption alignleft\"><img loading=\"lazy\" decoding=\"async\" class=\"size-full wp-image-13969\" title=\"Inclusive - problemas na educa\u00e7\u00e3o. A palavra educa\u00e7\u00e3o escrita com as letras invertidas e um aluno desolado em frente ao quadro negro.\" src=\"http:\/\/inclusivenews.com.br\/wp-content\/uploads\/2010\/02\/inclusive_educacao.jpg\" alt=\"Inclusive - problemas na educa\u00e7\u00e3o. A palavra educa\u00e7\u00e3o escrita com as letras invertidas e um aluno desolado em frente ao quadro negro.\" width=\"265\" height=\"200\" \/><figcaption id=\"caption-attachment-13969\" class=\"wp-caption-text\"> <\/figcaption><\/figure>\n<p><strong>Por Otaviano Helene<br \/>\nno Brasil de Fato<br \/>\n<\/strong><\/p>\n<p>Uma das caracter\u00edsticas mais perversas da sociedade brasileira \u00e9 a desigualdade de renda. Nas \u00faltimas d\u00e9cadas, chegamos a ocupar a pior posi\u00e7\u00e3o entre todos os pa\u00edses. Mesmo considerando certa melhoria mais recentemente, ainda estamos entre os 12 pa\u00edses mais desiguais do mundo, juntamente com a \u00c1frica do Sul, o Chile, o Paraguai, o Haiti, Honduras, entre outros.<\/p>\n<p>Enquanto entre n\u00f3s os 10% mais ricos t\u00eam uma renda m\u00e9dia (familiar <em>per capita<\/em>) mais do que 50 vezes maior que os 10% mais pobres, nos antigos pa\u00edses socialistas que ainda preservam algumas conquistas sociais (Eslov\u00e1quia, Rep\u00fablica Checa e Hungria entre eles), ou nos pa\u00edses que t\u00eam ou tiveram recentemente influ\u00eancias socialistas relativamente fortes (como os pa\u00edses n\u00f3rdicos, por exemplo), essa mesma rela\u00e7\u00e3o \u00e9 da ordem de cinco vezes. Mesmo nos pa\u00edses de economia fortemente liberal, Estados Unidos entre eles, essa rela\u00e7\u00e3o est\u00e1 na faixa entre dez e 20 vezes. O que ocorre aqui \u00e9 simplesmente escandaloso.<\/p>\n<p>Muitos fatores est\u00e3o na origem dessa situa\u00e7\u00e3o, entre eles o sistema econ\u00f4mico, a aus\u00eancia de uma reforma agr\u00e1ria real e efetiva, as heran\u00e7as do escravagismo, a repress\u00e3o aos movimentos sociais organizados, o monop\u00f3lio dos meios de comunica\u00e7\u00e3o usados para propaganda das \u201cverdades\u201d que interessam \u00e0s elites, e as pol\u00edticas educacionais excludentes.<\/p>\n<p>De fato, a educa\u00e7\u00e3o tem sido um importante instrumento para a reprodu\u00e7\u00e3o das desigualdades. Vejamos alguns dados que ilustram como e com que intensidade isso ocorre.<\/p>\n<p>Atualmente, tr\u00eas em cada dez crian\u00e7as abandonam a escola, em definitivo, antes de completar o ensino fundamental e praticamente a totalidade delas vem dos setores economicamente mais desfavorecidos. Como o investimento anual na educa\u00e7\u00e3o dessas crian\u00e7as est\u00e1 na casa dos R$ 2 mil ou R$ 3 mil, todo o investimento ao longo da vida pode n\u00e3o exceder os R$ 10 mil ou R$ 20 mil. No outro extremo, onde est\u00e3o os mais ricos, o investimento por crian\u00e7a e por ano pode exceder \u2013 e em muito, se considerarmos as escolas de elite e incluirmos cursos de l\u00ednguas, aulas particulares, material did\u00e1tico, viagens culturais, etc. \u2013 os R$ 30 mil por ano. Ao longo de toda a vida escolar, esse investimento pode chegar a R$ 500 mil, ou ainda muito mais que isso.<\/p>\n<p>Essa perversa desigualdade na forma\u00e7\u00e3o educacional, quando combinada com a depend\u00eancia da renda de uma pessoa adulta com seu n\u00edvel de escolariza\u00e7\u00e3o, fecha um c\u00edrculo vicioso extremamente perverso. Em valores aproximados, segundo v\u00e1rios levantamentos feitos por especialistas, cada ano de escolaridade a mais de uma pessoa implica um aumento de renda da ordem de 10% a 20% (varia\u00e7\u00e3o essa devida \u00e0 \u00e9poca, \u00e0 sistem\u00e1tica adotada no levantamento dos dados e aos n\u00edveis escolares considerados). A qualidade da educa\u00e7\u00e3o, por sua vez, medida, por exemplo, pelo n\u00edvel escolar do professor, pode contribuir com uma diferen\u00e7a de cerca de 50% na renda de pessoas com mesmos n\u00edveis de forma\u00e7\u00e3o educacional.<\/p>\n<p>Assim, ao escolarizar mal as crian\u00e7as e jovens mais desfavorecidos, nosso sistema educacional est\u00e1 contribuindo para preservar ou mesmo acirrar nossas desigualdades econ\u00f4micas, respondendo aos des\u00edgnios das elites econ\u00f4micas, que consideram inaceit\u00e1vel qualquer destina\u00e7\u00e3o de recursos p\u00fablicos para fins sociais, inclusive para a educa\u00e7\u00e3o p\u00fablica. Programas como o Bolsa Fam\u00edlia e sua extens\u00e3o, o Brasil Sem Mis\u00e9ria, ainda que sejam importantes instrumentos de distribui\u00e7\u00e3o de renda, t\u00eam efeitos apenas nos casos de pauperiza\u00e7\u00e3o extrema, pouco contribuindo para combater as ra\u00edzes do problema da distribui\u00e7\u00e3o de renda. Para isso, seriam necess\u00e1rios instrumentos mais permanentes e mais s\u00f3lidos, que viabilizassem a desconcentra\u00e7\u00e3o de renda em longo prazo. E a educa\u00e7\u00e3o \u00e9 um deles.<\/p>\n<p>A luta por uma educa\u00e7\u00e3o p\u00fablica e igualit\u00e1ria deve estar na pauta das lutas pol\u00edticas nos mesmos n\u00edveis das demais lutas sociais e econ\u00f4micas, como a reforma agr\u00e1ria, a luta por moradia, a defesa do setor p\u00fablico e a luta por sal\u00e1rios dignos. Se n\u00e3o rompermos com a atual situa\u00e7\u00e3o educacional \u2013 e esse rompimento s\u00f3 ser\u00e1 poss\u00edvel por meio de uma ampla luta social \u2013, jamais construiremos bases realmente s\u00f3lidas para superarmos nossa desigualdade.<\/p>\n<p>* Otaviano Helene \u00e9 professor associado do Instituto de F\u00edsica, presidiu a Adusp (Associa\u00e7\u00e3o de Docentes da Universidade de S\u00e3o Paulo) de julho de 2007 a junho de 2009, e foi presidente do Inep (Instituto Nacional de Estudos e Pesquisas Educacionais).<\/p>\n<p>Fonte: <a href=\"http:\/\/www.brasildefato.com.br\/node\/7045\">Brasil de Fato<\/a><\/p>\n","protected":false},"excerpt":{"rendered":"<p>Artigo \u00e9 de Otaviano Helene. &#8220;A luta por uma educa\u00e7\u00e3o p\u00fablica e igualit\u00e1ria deve estar na pauta das lutas pol\u00edticas nos mesmos n\u00edveis das demais lutas sociais e econ\u00f4micas.&#8221;<\/p>\n","protected":false},"author":1,"featured_media":0,"comment_status":"open","ping_status":"open","sticky":false,"template":"","format":"standard","meta":{"site-container-style":"default","site-container-layout":"default","site-sidebar-layout":"default","disable-article-header":"default","disable-site-header":"default","disable-site-footer":"default","disable-content-area-spacing":"default","footnotes":""},"categories":[6,8],"tags":[],"class_list":["post-20648","post","type-post","status-publish","format-standard","hentry","category-educacao","category-textos-e-artigos"],"yoast_head":"<!-- This site is optimized with the Yoast SEO plugin v27.4 - https:\/\/yoast.com\/product\/yoast-seo-wordpress\/ -->\n<title>Educa\u00e7\u00e3o e desigualdade -<\/title>\n<meta name=\"robots\" content=\"index, follow, max-snippet:-1, max-image-preview:large, max-video-preview:-1\" \/>\n<link rel=\"canonical\" href=\"https:\/\/inclusivenews.com.br\/?p=20648\" \/>\n<meta property=\"og:locale\" content=\"pt_PT\" \/>\n<meta property=\"og:type\" content=\"article\" \/>\n<meta property=\"og:title\" content=\"Educa\u00e7\u00e3o e desigualdade -\" \/>\n<meta property=\"og:description\" content=\"Artigo \u00e9 de Otaviano Helene. &quot;A luta por uma educa\u00e7\u00e3o p\u00fablica e igualit\u00e1ria deve estar na pauta das lutas pol\u00edticas nos mesmos n\u00edveis das demais lutas sociais e econ\u00f4micas.&quot;\" \/>\n<meta property=\"og:url\" content=\"https:\/\/inclusivenews.com.br\/?p=20648\" \/>\n<meta property=\"article:publisher\" content=\"https:\/\/www.facebook.com\/agenciainclusive\/\" \/>\n<meta property=\"article:published_time\" content=\"2011-08-18T10:22:55+00:00\" \/>\n<meta property=\"og:image\" content=\"http:\/\/inclusivenews.com.br\/wp-content\/uploads\/2010\/02\/inclusive_educacao.jpg\" \/>\n<meta name=\"author\" content=\"inclusivenews2024\" \/>\n<meta name=\"twitter:card\" content=\"summary_large_image\" \/>\n<meta name=\"twitter:label1\" content=\"Escrito por\" \/>\n\t<meta name=\"twitter:data1\" content=\"inclusivenews2024\" \/>\n\t<meta name=\"twitter:label2\" content=\"Tempo estimado de leitura\" \/>\n\t<meta name=\"twitter:data2\" content=\"4 minutos\" \/>\n<script type=\"application\/ld+json\" class=\"yoast-schema-graph\">{\"@context\":\"https:\\\/\\\/schema.org\",\"@graph\":[{\"@type\":\"Article\",\"@id\":\"https:\\\/\\\/inclusivenews.com.br\\\/?p=20648#article\",\"isPartOf\":{\"@id\":\"https:\\\/\\\/inclusivenews.com.br\\\/?p=20648\"},\"author\":{\"name\":\"inclusivenews2024\",\"@id\":\"https:\\\/\\\/inclusivenews.com.br\\\/#\\\/schema\\\/person\\\/ae4ec7087559b8692fb33b6fffd2273b\"},\"headline\":\"Educa\u00e7\u00e3o e desigualdade\",\"datePublished\":\"2011-08-18T10:22:55+00:00\",\"mainEntityOfPage\":{\"@id\":\"https:\\\/\\\/inclusivenews.com.br\\\/?p=20648\"},\"wordCount\":784,\"commentCount\":0,\"publisher\":{\"@id\":\"https:\\\/\\\/inclusivenews.com.br\\\/#organization\"},\"image\":{\"@id\":\"https:\\\/\\\/inclusivenews.com.br\\\/?p=20648#primaryimage\"},\"thumbnailUrl\":\"http:\\\/\\\/inclusivenews.com.br\\\/wp-content\\\/uploads\\\/2010\\\/02\\\/inclusive_educacao.jpg\",\"articleSection\":[\"EDUCA\u00c7\u00c3O\",\"OPINI\u00c3O\"],\"inLanguage\":\"pt-PT\",\"potentialAction\":[{\"@type\":\"CommentAction\",\"name\":\"Comment\",\"target\":[\"https:\\\/\\\/inclusivenews.com.br\\\/?p=20648#respond\"]}]},{\"@type\":\"WebPage\",\"@id\":\"https:\\\/\\\/inclusivenews.com.br\\\/?p=20648\",\"url\":\"https:\\\/\\\/inclusivenews.com.br\\\/?p=20648\",\"name\":\"Educa\u00e7\u00e3o e desigualdade -\",\"isPartOf\":{\"@id\":\"https:\\\/\\\/inclusivenews.com.br\\\/#website\"},\"primaryImageOfPage\":{\"@id\":\"https:\\\/\\\/inclusivenews.com.br\\\/?p=20648#primaryimage\"},\"image\":{\"@id\":\"https:\\\/\\\/inclusivenews.com.br\\\/?p=20648#primaryimage\"},\"thumbnailUrl\":\"http:\\\/\\\/inclusivenews.com.br\\\/wp-content\\\/uploads\\\/2010\\\/02\\\/inclusive_educacao.jpg\",\"datePublished\":\"2011-08-18T10:22:55+00:00\",\"breadcrumb\":{\"@id\":\"https:\\\/\\\/inclusivenews.com.br\\\/?p=20648#breadcrumb\"},\"inLanguage\":\"pt-PT\",\"potentialAction\":[{\"@type\":\"ReadAction\",\"target\":[\"https:\\\/\\\/inclusivenews.com.br\\\/?p=20648\"]}]},{\"@type\":\"ImageObject\",\"inLanguage\":\"pt-PT\",\"@id\":\"https:\\\/\\\/inclusivenews.com.br\\\/?p=20648#primaryimage\",\"url\":\"\",\"contentUrl\":\"\"},{\"@type\":\"BreadcrumbList\",\"@id\":\"https:\\\/\\\/inclusivenews.com.br\\\/?p=20648#breadcrumb\",\"itemListElement\":[{\"@type\":\"ListItem\",\"position\":1,\"name\":\"In\u00edcio\",\"item\":\"https:\\\/\\\/inclusivenews.com.br\\\/\"},{\"@type\":\"ListItem\",\"position\":2,\"name\":\"Educa\u00e7\u00e3o e desigualdade\"}]},{\"@type\":\"WebSite\",\"@id\":\"https:\\\/\\\/inclusivenews.com.br\\\/#website\",\"url\":\"https:\\\/\\\/inclusivenews.com.br\\\/\",\"name\":\"Inclusive News\",\"description\":\"Inclusive News\",\"publisher\":{\"@id\":\"https:\\\/\\\/inclusivenews.com.br\\\/#organization\"},\"potentialAction\":[{\"@type\":\"SearchAction\",\"target\":{\"@type\":\"EntryPoint\",\"urlTemplate\":\"https:\\\/\\\/inclusivenews.com.br\\\/?s={search_term_string}\"},\"query-input\":{\"@type\":\"PropertyValueSpecification\",\"valueRequired\":true,\"valueName\":\"search_term_string\"}}],\"inLanguage\":\"pt-PT\"},{\"@type\":\"Organization\",\"@id\":\"https:\\\/\\\/inclusivenews.com.br\\\/#organization\",\"name\":\"Inclusive - inclus\u00e3o e cidadania\",\"url\":\"https:\\\/\\\/inclusivenews.com.br\\\/\",\"logo\":{\"@type\":\"ImageObject\",\"inLanguage\":\"pt-PT\",\"@id\":\"https:\\\/\\\/inclusivenews.com.br\\\/#\\\/schema\\\/logo\\\/image\\\/\",\"url\":\"https:\\\/\\\/inclusivenews.com.br\\\/wp-content\\\/uploads\\\/2024\\\/03\\\/@grandesite.png\",\"contentUrl\":\"https:\\\/\\\/inclusivenews.com.br\\\/wp-content\\\/uploads\\\/2024\\\/03\\\/@grandesite.png\",\"width\":1080,\"height\":1080,\"caption\":\"Inclusive - inclus\u00e3o e cidadania\"},\"image\":{\"@id\":\"https:\\\/\\\/inclusivenews.com.br\\\/#\\\/schema\\\/logo\\\/image\\\/\"},\"sameAs\":[\"https:\\\/\\\/www.facebook.com\\\/agenciainclusive\\\/\",\"https:\\\/\\\/www.instagram.com\\\/newsinclusive\\\/\"]},{\"@type\":\"Person\",\"@id\":\"https:\\\/\\\/inclusivenews.com.br\\\/#\\\/schema\\\/person\\\/ae4ec7087559b8692fb33b6fffd2273b\",\"name\":\"inclusivenews2024\",\"image\":{\"@type\":\"ImageObject\",\"inLanguage\":\"pt-PT\",\"@id\":\"https:\\\/\\\/secure.gravatar.com\\\/avatar\\\/c5a7ef84c66fa914f55bc4f7ce26cfa275a3b9a1c5568b907bd184fb4dde7b40?s=96&d=mm&r=g\",\"url\":\"https:\\\/\\\/secure.gravatar.com\\\/avatar\\\/c5a7ef84c66fa914f55bc4f7ce26cfa275a3b9a1c5568b907bd184fb4dde7b40?s=96&d=mm&r=g\",\"contentUrl\":\"https:\\\/\\\/secure.gravatar.com\\\/avatar\\\/c5a7ef84c66fa914f55bc4f7ce26cfa275a3b9a1c5568b907bd184fb4dde7b40?s=96&d=mm&r=g\",\"caption\":\"inclusivenews2024\"},\"sameAs\":[\"https:\\\/\\\/inclusivenews.com.br\"],\"url\":\"https:\\\/\\\/inclusivenews.com.br\\\/?author=1\"}]}<\/script>\n<!-- \/ Yoast SEO plugin. -->","yoast_head_json":{"title":"Educa\u00e7\u00e3o e desigualdade -","robots":{"index":"index","follow":"follow","max-snippet":"max-snippet:-1","max-image-preview":"max-image-preview:large","max-video-preview":"max-video-preview:-1"},"canonical":"https:\/\/inclusivenews.com.br\/?p=20648","og_locale":"pt_PT","og_type":"article","og_title":"Educa\u00e7\u00e3o e desigualdade -","og_description":"Artigo \u00e9 de Otaviano Helene. \"A luta por uma educa\u00e7\u00e3o p\u00fablica e igualit\u00e1ria deve estar na pauta das lutas pol\u00edticas nos mesmos n\u00edveis das demais lutas sociais e econ\u00f4micas.\"","og_url":"https:\/\/inclusivenews.com.br\/?p=20648","article_publisher":"https:\/\/www.facebook.com\/agenciainclusive\/","article_published_time":"2011-08-18T10:22:55+00:00","og_image":[{"url":"http:\/\/inclusivenews.com.br\/wp-content\/uploads\/2010\/02\/inclusive_educacao.jpg","type":"","width":"","height":""}],"author":"inclusivenews2024","twitter_card":"summary_large_image","twitter_misc":{"Escrito por":"inclusivenews2024","Tempo estimado de leitura":"4 minutos"},"schema":{"@context":"https:\/\/schema.org","@graph":[{"@type":"Article","@id":"https:\/\/inclusivenews.com.br\/?p=20648#article","isPartOf":{"@id":"https:\/\/inclusivenews.com.br\/?p=20648"},"author":{"name":"inclusivenews2024","@id":"https:\/\/inclusivenews.com.br\/#\/schema\/person\/ae4ec7087559b8692fb33b6fffd2273b"},"headline":"Educa\u00e7\u00e3o e desigualdade","datePublished":"2011-08-18T10:22:55+00:00","mainEntityOfPage":{"@id":"https:\/\/inclusivenews.com.br\/?p=20648"},"wordCount":784,"commentCount":0,"publisher":{"@id":"https:\/\/inclusivenews.com.br\/#organization"},"image":{"@id":"https:\/\/inclusivenews.com.br\/?p=20648#primaryimage"},"thumbnailUrl":"http:\/\/inclusivenews.com.br\/wp-content\/uploads\/2010\/02\/inclusive_educacao.jpg","articleSection":["EDUCA\u00c7\u00c3O","OPINI\u00c3O"],"inLanguage":"pt-PT","potentialAction":[{"@type":"CommentAction","name":"Comment","target":["https:\/\/inclusivenews.com.br\/?p=20648#respond"]}]},{"@type":"WebPage","@id":"https:\/\/inclusivenews.com.br\/?p=20648","url":"https:\/\/inclusivenews.com.br\/?p=20648","name":"Educa\u00e7\u00e3o e desigualdade -","isPartOf":{"@id":"https:\/\/inclusivenews.com.br\/#website"},"primaryImageOfPage":{"@id":"https:\/\/inclusivenews.com.br\/?p=20648#primaryimage"},"image":{"@id":"https:\/\/inclusivenews.com.br\/?p=20648#primaryimage"},"thumbnailUrl":"http:\/\/inclusivenews.com.br\/wp-content\/uploads\/2010\/02\/inclusive_educacao.jpg","datePublished":"2011-08-18T10:22:55+00:00","breadcrumb":{"@id":"https:\/\/inclusivenews.com.br\/?p=20648#breadcrumb"},"inLanguage":"pt-PT","potentialAction":[{"@type":"ReadAction","target":["https:\/\/inclusivenews.com.br\/?p=20648"]}]},{"@type":"ImageObject","inLanguage":"pt-PT","@id":"https:\/\/inclusivenews.com.br\/?p=20648#primaryimage","url":"","contentUrl":""},{"@type":"BreadcrumbList","@id":"https:\/\/inclusivenews.com.br\/?p=20648#breadcrumb","itemListElement":[{"@type":"ListItem","position":1,"name":"In\u00edcio","item":"https:\/\/inclusivenews.com.br\/"},{"@type":"ListItem","position":2,"name":"Educa\u00e7\u00e3o e desigualdade"}]},{"@type":"WebSite","@id":"https:\/\/inclusivenews.com.br\/#website","url":"https:\/\/inclusivenews.com.br\/","name":"Inclusive News","description":"Inclusive News","publisher":{"@id":"https:\/\/inclusivenews.com.br\/#organization"},"potentialAction":[{"@type":"SearchAction","target":{"@type":"EntryPoint","urlTemplate":"https:\/\/inclusivenews.com.br\/?s={search_term_string}"},"query-input":{"@type":"PropertyValueSpecification","valueRequired":true,"valueName":"search_term_string"}}],"inLanguage":"pt-PT"},{"@type":"Organization","@id":"https:\/\/inclusivenews.com.br\/#organization","name":"Inclusive - inclus\u00e3o e cidadania","url":"https:\/\/inclusivenews.com.br\/","logo":{"@type":"ImageObject","inLanguage":"pt-PT","@id":"https:\/\/inclusivenews.com.br\/#\/schema\/logo\/image\/","url":"https:\/\/inclusivenews.com.br\/wp-content\/uploads\/2024\/03\/@grandesite.png","contentUrl":"https:\/\/inclusivenews.com.br\/wp-content\/uploads\/2024\/03\/@grandesite.png","width":1080,"height":1080,"caption":"Inclusive - inclus\u00e3o e cidadania"},"image":{"@id":"https:\/\/inclusivenews.com.br\/#\/schema\/logo\/image\/"},"sameAs":["https:\/\/www.facebook.com\/agenciainclusive\/","https:\/\/www.instagram.com\/newsinclusive\/"]},{"@type":"Person","@id":"https:\/\/inclusivenews.com.br\/#\/schema\/person\/ae4ec7087559b8692fb33b6fffd2273b","name":"inclusivenews2024","image":{"@type":"ImageObject","inLanguage":"pt-PT","@id":"https:\/\/secure.gravatar.com\/avatar\/c5a7ef84c66fa914f55bc4f7ce26cfa275a3b9a1c5568b907bd184fb4dde7b40?s=96&d=mm&r=g","url":"https:\/\/secure.gravatar.com\/avatar\/c5a7ef84c66fa914f55bc4f7ce26cfa275a3b9a1c5568b907bd184fb4dde7b40?s=96&d=mm&r=g","contentUrl":"https:\/\/secure.gravatar.com\/avatar\/c5a7ef84c66fa914f55bc4f7ce26cfa275a3b9a1c5568b907bd184fb4dde7b40?s=96&d=mm&r=g","caption":"inclusivenews2024"},"sameAs":["https:\/\/inclusivenews.com.br"],"url":"https:\/\/inclusivenews.com.br\/?author=1"}]}},"_links":{"self":[{"href":"https:\/\/inclusivenews.com.br\/index.php?rest_route=\/wp\/v2\/posts\/20648","targetHints":{"allow":["GET"]}}],"collection":[{"href":"https:\/\/inclusivenews.com.br\/index.php?rest_route=\/wp\/v2\/posts"}],"about":[{"href":"https:\/\/inclusivenews.com.br\/index.php?rest_route=\/wp\/v2\/types\/post"}],"author":[{"embeddable":true,"href":"https:\/\/inclusivenews.com.br\/index.php?rest_route=\/wp\/v2\/users\/1"}],"replies":[{"embeddable":true,"href":"https:\/\/inclusivenews.com.br\/index.php?rest_route=%2Fwp%2Fv2%2Fcomments&post=20648"}],"version-history":[{"count":0,"href":"https:\/\/inclusivenews.com.br\/index.php?rest_route=\/wp\/v2\/posts\/20648\/revisions"}],"wp:attachment":[{"href":"https:\/\/inclusivenews.com.br\/index.php?rest_route=%2Fwp%2Fv2%2Fmedia&parent=20648"}],"wp:term":[{"taxonomy":"category","embeddable":true,"href":"https:\/\/inclusivenews.com.br\/index.php?rest_route=%2Fwp%2Fv2%2Fcategories&post=20648"},{"taxonomy":"post_tag","embeddable":true,"href":"https:\/\/inclusivenews.com.br\/index.php?rest_route=%2Fwp%2Fv2%2Ftags&post=20648"}],"curies":[{"name":"wp","href":"https:\/\/api.w.org\/{rel}","templated":true}]}}