{"id":20666,"date":"2011-08-18T07:42:08","date_gmt":"2011-08-18T10:42:08","guid":{"rendered":"http:\/\/www.inclusive.org.br\/?p=20666"},"modified":"2011-08-18T07:42:08","modified_gmt":"2011-08-18T10:42:08","slug":"passeata-movimento-superacao-em-porto-alegre","status":"publish","type":"post","link":"https:\/\/inclusivenews.com.br\/?p=20666","title":{"rendered":"Passeata Movimento SuperA\u00e7\u00e3o em Porto Alegre"},"content":{"rendered":"<figure id=\"attachment_20667\" aria-describedby=\"caption-attachment-20667\" style=\"width: 307px\" class=\"wp-caption alignleft\"><img loading=\"lazy\" decoding=\"async\" class=\"size-full wp-image-20667\" title=\"Flyer de divulga\u00e7\u00e3o da passeata - descri\u00e7\u00e3o n\u00e3o fornecida\" src=\"http:\/\/inclusivenews.com.br\/wp-content\/uploads\/WebMSPoa11.jpg\" alt=\"Flyer de divulga\u00e7\u00e3o da passeata - descri\u00e7\u00e3o n\u00e3o fornecida\" width=\"307\" height=\"508\" \/><figcaption id=\"caption-attachment-20667\" class=\"wp-caption-text\">Dia 21 de agosto de 2011  Passeata Movimento SuperA\u00e7\u00e3o - Porto Alegre - 2\u00aa Edi\u00e7\u00e3o  Abertura da Semana de Valoriza\u00e7\u00e3o da Pessoa com Defici\u00eancia  10h - Concentra\u00e7\u00e3o  Av. Setembrino (Espelho d\u00e1gua pr\u00f3x. UFRGS)  11h30 - Sa\u00edda da Passeata  Chegada - Monumento ao Expedicion\u00e1rio  Palco com apresenta\u00e7\u00f5es art\u00edsticas e musicais:  Sombrero Luminoso, Estado das Coisas e Saga (SP) entre outros.  Mais informa\u00e7\u00f5es: www.movimentosuperacao.org.br  Realiza\u00e7\u00e3o: Movimento SuperA\u00e7\u00e3o e Mais Diferen\u00e7as  Apoio: Som da Luz, Assembl\u00e9ia Inclusiva, Desenvolver, Inclusive, Top Ag\u00eancia Produtora, Egalit\u00ea, Caminhadores Ecoturismo, Como Ir, Assembl\u00e9ia Legislativa, Escola do Legislativo, Rumo Norte, Guia do Deficiente, RS Paradesporto.<\/figcaption><\/figure>\n<p>No dia 21 de agosto, acontece a 2\u00aa edi\u00e7\u00e3o da Passeata Movimento Supera\u00e7\u00e3o. A passeata \u00e9 a a\u00e7\u00e3o mais conhecida da ONG Movimento Supera\u00e7\u00e3o (www.movimentosuperacao.org.br) e abre a semana da valoriza\u00e7\u00e3o da pessoa com defici\u00eancia. A concentra\u00e7\u00e3o tem in\u00edcio \u00e0s 10h e a passeata sair\u00e1 \u00e1s 11h30min do espelho d&#8217;\u00e1gua pr\u00f3ximo \u00e0 UFRGS (Av. Setembrina), no Parque da Reden\u00e7\u00e3o.<\/p>\n<p>O evento reunir\u00e1 pessoas com defici\u00eancia de todo Brasil, bem como contar\u00e1 com a presen\u00e7a do cadeirante, idealizador e presidente da associa\u00e7\u00e3o, Billy Saga. Ap\u00f3s a passeata, o p\u00fablico poder\u00e1 curtir os shows do grupo Estado das Coisas, Sombrero Luminoso e a apresenta\u00e7\u00e3o art\u00edstica do Centro Inclusivo de Artes Legato.<\/p>\n<p>O tema da passeata \u00e9 uma adapta\u00e7\u00e3o da m\u00fasica Mi Casa Es Su Casa, do grupo Sombrero Luminoso, com rap de Billy Saga e trova de Neto Fagundes. O clipe com a m\u00fasica j\u00e1 pode ser visto no youtube. O v\u00eddeo, com imagens da passeata do ano passado, tem libras e audiodescri\u00e7\u00e3o.<\/p>\n<p><object classid=\"clsid:d27cdb6e-ae6d-11cf-96b8-444553540000\" width=\"425\" height=\"350\" codebase=\"http:\/\/download.macromedia.com\/pub\/shockwave\/cabs\/flash\/swflash.cab#version=6,0,40,0\"><param name=\"src\" value=\"http:\/\/www.youtube.com\/v\/26zg7yDFLlg\" \/><embed type=\"application\/x-shockwave-flash\" width=\"425\" height=\"350\" src=\"http:\/\/www.youtube.com\/v\/26zg7yDFLlg\"><\/embed><\/object><\/p>\n<p>Outras informa\u00e7\u00f5es com a organizadora do evento, Juliana Carvalho, no telefone 8121-1282.<\/p>\n","protected":false},"excerpt":{"rendered":"<p>A concentra\u00e7\u00e3o tem in\u00edcio \u00e0s 10h e a passeata sair\u00e1 \u00e1s 11h30min do espelho d&#8217;\u00e1gua pr\u00f3ximo \u00e0 UFRGS (Av. Setembrina), no Parque da Reden\u00e7\u00e3o.<\/p>\n","protected":false},"author":1,"featured_media":0,"comment_status":"open","ping_status":"open","sticky":false,"template":"","format":"standard","meta":{"site-container-style":"default","site-container-layout":"default","site-sidebar-layout":"default","disable-article-header":"default","disable-site-header":"default","disable-site-footer":"default","disable-content-area-spacing":"default","footnotes":""},"categories":[3,12,4],"tags":[],"class_list":["post-20666","post","type-post","status-publish","format-standard","hentry","category-campanhas","category-cursos-e-eventos","category-noticias"],"yoast_head":"<!-- This site is optimized with the Yoast SEO plugin v27.4 - https:\/\/yoast.com\/product\/yoast-seo-wordpress\/ -->\n<title>Passeata Movimento SuperA\u00e7\u00e3o em Porto Alegre -<\/title>\n<meta name=\"robots\" content=\"index, follow, max-snippet:-1, max-image-preview:large, max-video-preview:-1\" \/>\n<link rel=\"canonical\" href=\"https:\/\/inclusivenews.com.br\/?p=20666\" \/>\n<meta property=\"og:locale\" content=\"pt_PT\" \/>\n<meta property=\"og:type\" content=\"article\" \/>\n<meta property=\"og:title\" content=\"Passeata Movimento SuperA\u00e7\u00e3o em Porto Alegre -\" \/>\n<meta property=\"og:description\" content=\"A concentra\u00e7\u00e3o tem in\u00edcio \u00e0s 10h e a passeata sair\u00e1 \u00e1s 11h30min do espelho d&#039;\u00e1gua pr\u00f3ximo \u00e0 UFRGS (Av. Setembrina), no Parque da Reden\u00e7\u00e3o.\" \/>\n<meta property=\"og:url\" content=\"https:\/\/inclusivenews.com.br\/?p=20666\" \/>\n<meta property=\"article:publisher\" content=\"https:\/\/www.facebook.com\/agenciainclusive\/\" \/>\n<meta property=\"article:published_time\" content=\"2011-08-18T10:42:08+00:00\" \/>\n<meta property=\"og:image\" content=\"http:\/\/inclusivenews.com.br\/wp-content\/uploads\/WebMSPoa11.jpg\" \/>\n<meta name=\"author\" content=\"inclusivenews2024\" \/>\n<meta name=\"twitter:card\" content=\"summary_large_image\" \/>\n<meta name=\"twitter:label1\" content=\"Escrito por\" \/>\n\t<meta name=\"twitter:data1\" content=\"inclusivenews2024\" \/>\n\t<meta name=\"twitter:label2\" content=\"Tempo estimado de leitura\" \/>\n\t<meta name=\"twitter:data2\" content=\"2 minutos\" \/>\n<script type=\"application\/ld+json\" class=\"yoast-schema-graph\">{\"@context\":\"https:\\\/\\\/schema.org\",\"@graph\":[{\"@type\":\"Article\",\"@id\":\"https:\\\/\\\/inclusivenews.com.br\\\/?p=20666#article\",\"isPartOf\":{\"@id\":\"https:\\\/\\\/inclusivenews.com.br\\\/?p=20666\"},\"author\":{\"name\":\"inclusivenews2024\",\"@id\":\"https:\\\/\\\/inclusivenews.com.br\\\/#\\\/schema\\\/person\\\/ae4ec7087559b8692fb33b6fffd2273b\"},\"headline\":\"Passeata Movimento SuperA\u00e7\u00e3o em Porto Alegre\",\"datePublished\":\"2011-08-18T10:42:08+00:00\",\"mainEntityOfPage\":{\"@id\":\"https:\\\/\\\/inclusivenews.com.br\\\/?p=20666\"},\"wordCount\":325,\"commentCount\":0,\"publisher\":{\"@id\":\"https:\\\/\\\/inclusivenews.com.br\\\/#organization\"},\"image\":{\"@id\":\"https:\\\/\\\/inclusivenews.com.br\\\/?p=20666#primaryimage\"},\"thumbnailUrl\":\"http:\\\/\\\/inclusivenews.com.br\\\/wp-content\\\/uploads\\\/WebMSPoa11.jpg\",\"articleSection\":[\"CAMPANHAS\",\"Cursos e eventos\",\"NOT\u00cdCIAS\"],\"inLanguage\":\"pt-PT\",\"potentialAction\":[{\"@type\":\"CommentAction\",\"name\":\"Comment\",\"target\":[\"https:\\\/\\\/inclusivenews.com.br\\\/?p=20666#respond\"]}]},{\"@type\":\"WebPage\",\"@id\":\"https:\\\/\\\/inclusivenews.com.br\\\/?p=20666\",\"url\":\"https:\\\/\\\/inclusivenews.com.br\\\/?p=20666\",\"name\":\"Passeata Movimento SuperA\u00e7\u00e3o em Porto Alegre -\",\"isPartOf\":{\"@id\":\"https:\\\/\\\/inclusivenews.com.br\\\/#website\"},\"primaryImageOfPage\":{\"@id\":\"https:\\\/\\\/inclusivenews.com.br\\\/?p=20666#primaryimage\"},\"image\":{\"@id\":\"https:\\\/\\\/inclusivenews.com.br\\\/?p=20666#primaryimage\"},\"thumbnailUrl\":\"http:\\\/\\\/inclusivenews.com.br\\\/wp-content\\\/uploads\\\/WebMSPoa11.jpg\",\"datePublished\":\"2011-08-18T10:42:08+00:00\",\"breadcrumb\":{\"@id\":\"https:\\\/\\\/inclusivenews.com.br\\\/?p=20666#breadcrumb\"},\"inLanguage\":\"pt-PT\",\"potentialAction\":[{\"@type\":\"ReadAction\",\"target\":[\"https:\\\/\\\/inclusivenews.com.br\\\/?p=20666\"]}]},{\"@type\":\"ImageObject\",\"inLanguage\":\"pt-PT\",\"@id\":\"https:\\\/\\\/inclusivenews.com.br\\\/?p=20666#primaryimage\",\"url\":\"\",\"contentUrl\":\"\"},{\"@type\":\"BreadcrumbList\",\"@id\":\"https:\\\/\\\/inclusivenews.com.br\\\/?p=20666#breadcrumb\",\"itemListElement\":[{\"@type\":\"ListItem\",\"position\":1,\"name\":\"In\u00edcio\",\"item\":\"https:\\\/\\\/inclusivenews.com.br\\\/\"},{\"@type\":\"ListItem\",\"position\":2,\"name\":\"Passeata Movimento SuperA\u00e7\u00e3o em Porto Alegre\"}]},{\"@type\":\"WebSite\",\"@id\":\"https:\\\/\\\/inclusivenews.com.br\\\/#website\",\"url\":\"https:\\\/\\\/inclusivenews.com.br\\\/\",\"name\":\"Inclusive News\",\"description\":\"Inclusive News\",\"publisher\":{\"@id\":\"https:\\\/\\\/inclusivenews.com.br\\\/#organization\"},\"potentialAction\":[{\"@type\":\"SearchAction\",\"target\":{\"@type\":\"EntryPoint\",\"urlTemplate\":\"https:\\\/\\\/inclusivenews.com.br\\\/?s={search_term_string}\"},\"query-input\":{\"@type\":\"PropertyValueSpecification\",\"valueRequired\":true,\"valueName\":\"search_term_string\"}}],\"inLanguage\":\"pt-PT\"},{\"@type\":\"Organization\",\"@id\":\"https:\\\/\\\/inclusivenews.com.br\\\/#organization\",\"name\":\"Inclusive - inclus\u00e3o e cidadania\",\"url\":\"https:\\\/\\\/inclusivenews.com.br\\\/\",\"logo\":{\"@type\":\"ImageObject\",\"inLanguage\":\"pt-PT\",\"@id\":\"https:\\\/\\\/inclusivenews.com.br\\\/#\\\/schema\\\/logo\\\/image\\\/\",\"url\":\"https:\\\/\\\/inclusivenews.com.br\\\/wp-content\\\/uploads\\\/2024\\\/03\\\/@grandesite.png\",\"contentUrl\":\"https:\\\/\\\/inclusivenews.com.br\\\/wp-content\\\/uploads\\\/2024\\\/03\\\/@grandesite.png\",\"width\":1080,\"height\":1080,\"caption\":\"Inclusive - inclus\u00e3o e cidadania\"},\"image\":{\"@id\":\"https:\\\/\\\/inclusivenews.com.br\\\/#\\\/schema\\\/logo\\\/image\\\/\"},\"sameAs\":[\"https:\\\/\\\/www.facebook.com\\\/agenciainclusive\\\/\",\"https:\\\/\\\/www.instagram.com\\\/newsinclusive\\\/\"]},{\"@type\":\"Person\",\"@id\":\"https:\\\/\\\/inclusivenews.com.br\\\/#\\\/schema\\\/person\\\/ae4ec7087559b8692fb33b6fffd2273b\",\"name\":\"inclusivenews2024\",\"image\":{\"@type\":\"ImageObject\",\"inLanguage\":\"pt-PT\",\"@id\":\"https:\\\/\\\/secure.gravatar.com\\\/avatar\\\/c5a7ef84c66fa914f55bc4f7ce26cfa275a3b9a1c5568b907bd184fb4dde7b40?s=96&d=mm&r=g\",\"url\":\"https:\\\/\\\/secure.gravatar.com\\\/avatar\\\/c5a7ef84c66fa914f55bc4f7ce26cfa275a3b9a1c5568b907bd184fb4dde7b40?s=96&d=mm&r=g\",\"contentUrl\":\"https:\\\/\\\/secure.gravatar.com\\\/avatar\\\/c5a7ef84c66fa914f55bc4f7ce26cfa275a3b9a1c5568b907bd184fb4dde7b40?s=96&d=mm&r=g\",\"caption\":\"inclusivenews2024\"},\"sameAs\":[\"https:\\\/\\\/inclusivenews.com.br\"],\"url\":\"https:\\\/\\\/inclusivenews.com.br\\\/?author=1\"}]}<\/script>\n<!-- \/ Yoast SEO plugin. -->","yoast_head_json":{"title":"Passeata Movimento SuperA\u00e7\u00e3o em Porto Alegre -","robots":{"index":"index","follow":"follow","max-snippet":"max-snippet:-1","max-image-preview":"max-image-preview:large","max-video-preview":"max-video-preview:-1"},"canonical":"https:\/\/inclusivenews.com.br\/?p=20666","og_locale":"pt_PT","og_type":"article","og_title":"Passeata Movimento SuperA\u00e7\u00e3o em Porto Alegre -","og_description":"A concentra\u00e7\u00e3o tem in\u00edcio \u00e0s 10h e a passeata sair\u00e1 \u00e1s 11h30min do espelho d'\u00e1gua pr\u00f3ximo \u00e0 UFRGS (Av. Setembrina), no Parque da Reden\u00e7\u00e3o.","og_url":"https:\/\/inclusivenews.com.br\/?p=20666","article_publisher":"https:\/\/www.facebook.com\/agenciainclusive\/","article_published_time":"2011-08-18T10:42:08+00:00","og_image":[{"url":"http:\/\/inclusivenews.com.br\/wp-content\/uploads\/WebMSPoa11.jpg","type":"","width":"","height":""}],"author":"inclusivenews2024","twitter_card":"summary_large_image","twitter_misc":{"Escrito por":"inclusivenews2024","Tempo estimado de leitura":"2 minutos"},"schema":{"@context":"https:\/\/schema.org","@graph":[{"@type":"Article","@id":"https:\/\/inclusivenews.com.br\/?p=20666#article","isPartOf":{"@id":"https:\/\/inclusivenews.com.br\/?p=20666"},"author":{"name":"inclusivenews2024","@id":"https:\/\/inclusivenews.com.br\/#\/schema\/person\/ae4ec7087559b8692fb33b6fffd2273b"},"headline":"Passeata Movimento SuperA\u00e7\u00e3o em Porto Alegre","datePublished":"2011-08-18T10:42:08+00:00","mainEntityOfPage":{"@id":"https:\/\/inclusivenews.com.br\/?p=20666"},"wordCount":325,"commentCount":0,"publisher":{"@id":"https:\/\/inclusivenews.com.br\/#organization"},"image":{"@id":"https:\/\/inclusivenews.com.br\/?p=20666#primaryimage"},"thumbnailUrl":"http:\/\/inclusivenews.com.br\/wp-content\/uploads\/WebMSPoa11.jpg","articleSection":["CAMPANHAS","Cursos e eventos","NOT\u00cdCIAS"],"inLanguage":"pt-PT","potentialAction":[{"@type":"CommentAction","name":"Comment","target":["https:\/\/inclusivenews.com.br\/?p=20666#respond"]}]},{"@type":"WebPage","@id":"https:\/\/inclusivenews.com.br\/?p=20666","url":"https:\/\/inclusivenews.com.br\/?p=20666","name":"Passeata Movimento SuperA\u00e7\u00e3o em Porto Alegre -","isPartOf":{"@id":"https:\/\/inclusivenews.com.br\/#website"},"primaryImageOfPage":{"@id":"https:\/\/inclusivenews.com.br\/?p=20666#primaryimage"},"image":{"@id":"https:\/\/inclusivenews.com.br\/?p=20666#primaryimage"},"thumbnailUrl":"http:\/\/inclusivenews.com.br\/wp-content\/uploads\/WebMSPoa11.jpg","datePublished":"2011-08-18T10:42:08+00:00","breadcrumb":{"@id":"https:\/\/inclusivenews.com.br\/?p=20666#breadcrumb"},"inLanguage":"pt-PT","potentialAction":[{"@type":"ReadAction","target":["https:\/\/inclusivenews.com.br\/?p=20666"]}]},{"@type":"ImageObject","inLanguage":"pt-PT","@id":"https:\/\/inclusivenews.com.br\/?p=20666#primaryimage","url":"","contentUrl":""},{"@type":"BreadcrumbList","@id":"https:\/\/inclusivenews.com.br\/?p=20666#breadcrumb","itemListElement":[{"@type":"ListItem","position":1,"name":"In\u00edcio","item":"https:\/\/inclusivenews.com.br\/"},{"@type":"ListItem","position":2,"name":"Passeata Movimento SuperA\u00e7\u00e3o em Porto Alegre"}]},{"@type":"WebSite","@id":"https:\/\/inclusivenews.com.br\/#website","url":"https:\/\/inclusivenews.com.br\/","name":"Inclusive News","description":"Inclusive News","publisher":{"@id":"https:\/\/inclusivenews.com.br\/#organization"},"potentialAction":[{"@type":"SearchAction","target":{"@type":"EntryPoint","urlTemplate":"https:\/\/inclusivenews.com.br\/?s={search_term_string}"},"query-input":{"@type":"PropertyValueSpecification","valueRequired":true,"valueName":"search_term_string"}}],"inLanguage":"pt-PT"},{"@type":"Organization","@id":"https:\/\/inclusivenews.com.br\/#organization","name":"Inclusive - inclus\u00e3o e cidadania","url":"https:\/\/inclusivenews.com.br\/","logo":{"@type":"ImageObject","inLanguage":"pt-PT","@id":"https:\/\/inclusivenews.com.br\/#\/schema\/logo\/image\/","url":"https:\/\/inclusivenews.com.br\/wp-content\/uploads\/2024\/03\/@grandesite.png","contentUrl":"https:\/\/inclusivenews.com.br\/wp-content\/uploads\/2024\/03\/@grandesite.png","width":1080,"height":1080,"caption":"Inclusive - inclus\u00e3o e cidadania"},"image":{"@id":"https:\/\/inclusivenews.com.br\/#\/schema\/logo\/image\/"},"sameAs":["https:\/\/www.facebook.com\/agenciainclusive\/","https:\/\/www.instagram.com\/newsinclusive\/"]},{"@type":"Person","@id":"https:\/\/inclusivenews.com.br\/#\/schema\/person\/ae4ec7087559b8692fb33b6fffd2273b","name":"inclusivenews2024","image":{"@type":"ImageObject","inLanguage":"pt-PT","@id":"https:\/\/secure.gravatar.com\/avatar\/c5a7ef84c66fa914f55bc4f7ce26cfa275a3b9a1c5568b907bd184fb4dde7b40?s=96&d=mm&r=g","url":"https:\/\/secure.gravatar.com\/avatar\/c5a7ef84c66fa914f55bc4f7ce26cfa275a3b9a1c5568b907bd184fb4dde7b40?s=96&d=mm&r=g","contentUrl":"https:\/\/secure.gravatar.com\/avatar\/c5a7ef84c66fa914f55bc4f7ce26cfa275a3b9a1c5568b907bd184fb4dde7b40?s=96&d=mm&r=g","caption":"inclusivenews2024"},"sameAs":["https:\/\/inclusivenews.com.br"],"url":"https:\/\/inclusivenews.com.br\/?author=1"}]}},"_links":{"self":[{"href":"https:\/\/inclusivenews.com.br\/index.php?rest_route=\/wp\/v2\/posts\/20666","targetHints":{"allow":["GET"]}}],"collection":[{"href":"https:\/\/inclusivenews.com.br\/index.php?rest_route=\/wp\/v2\/posts"}],"about":[{"href":"https:\/\/inclusivenews.com.br\/index.php?rest_route=\/wp\/v2\/types\/post"}],"author":[{"embeddable":true,"href":"https:\/\/inclusivenews.com.br\/index.php?rest_route=\/wp\/v2\/users\/1"}],"replies":[{"embeddable":true,"href":"https:\/\/inclusivenews.com.br\/index.php?rest_route=%2Fwp%2Fv2%2Fcomments&post=20666"}],"version-history":[{"count":0,"href":"https:\/\/inclusivenews.com.br\/index.php?rest_route=\/wp\/v2\/posts\/20666\/revisions"}],"wp:attachment":[{"href":"https:\/\/inclusivenews.com.br\/index.php?rest_route=%2Fwp%2Fv2%2Fmedia&parent=20666"}],"wp:term":[{"taxonomy":"category","embeddable":true,"href":"https:\/\/inclusivenews.com.br\/index.php?rest_route=%2Fwp%2Fv2%2Fcategories&post=20666"},{"taxonomy":"post_tag","embeddable":true,"href":"https:\/\/inclusivenews.com.br\/index.php?rest_route=%2Fwp%2Fv2%2Ftags&post=20666"}],"curies":[{"name":"wp","href":"https:\/\/api.w.org\/{rel}","templated":true}]}}