{"id":20674,"date":"2011-08-18T07:40:34","date_gmt":"2011-08-18T10:40:34","guid":{"rendered":"http:\/\/www.inclusive.org.br\/?p=20674"},"modified":"2011-08-18T07:40:34","modified_gmt":"2011-08-18T10:40:34","slug":"a-anistia-internacional-no-brasil","status":"publish","type":"post","link":"https:\/\/inclusivenews.com.br\/?p=20674","title":{"rendered":"A Anistia Internacional no Brasil"},"content":{"rendered":"<figure id=\"attachment_20697\" aria-describedby=\"caption-attachment-20697\" style=\"width: 141px\" class=\"wp-caption alignleft\"><img loading=\"lazy\" decoding=\"async\" class=\"size-full wp-image-20697\" title=\"Anistia Internacional, uma vela acesa cercada por um arame farpado\" src=\"http:\/\/inclusivenews.com.br\/wp-content\/uploads\/anistia_logo.jpg\" alt=\"Anistia Internacional, uma vela acesa cercada por um arame farpado\" width=\"141\" height=\"115\" \/><figcaption id=\"caption-attachment-20697\" class=\"wp-caption-text\"> <\/figcaption><\/figure>\n<p>Em 2011, a Anistia Internacional ir\u00e1 abrir um escrit\u00f3rio no Brasil. Vamos consolidar o nosso di\u00e1logo com a sociedade brasileira e com as organiza\u00e7\u00f5es brasileiras e internacionais, al\u00e9m de desenvolver novas parcerias e contribuir a inda mais para que todos os brasileiros possam desfrutar plenamente dos direitos humanos.<\/p>\n<p>* Iremos apoiar os milh\u00f5es de brasileiros que lutam todos os dias por um mundo em que a igualdade e a justi\u00e7a social sejam realidade:<br \/>\n* Canalizando a energia e o entusiasmo das pessoas, principalmente dos mais jovens, para produzir melhoras concretas nas quest\u00f5es de direitos humanos que afetam suas vidas.<br \/>\n* Apoiando os mais vulner\u00e1veis e marginalizados \u2013 como os povos ind\u00edgenas, as mulheres e os que vivem na pobreza \u2013 na sua luta por direitos humanos.<br \/>\n* Unir os brasileiros aos ativistas ao redor do mundo para agir em solidariedade e lutar contra a injusti\u00e7a em escala global.<\/p>\n<p>Hist\u00f3ria<\/p>\n<p>O trabalho da Anistia Internacional no Brasil tem uma hist\u00f3ria que n\u00e3o \u00e9 de hoje.<\/p>\n<p>Na verdade, a primeira a\u00e7\u00e3o urgente emitida mundialmente pela Anistia, no dia 19 de mar\u00e7o de 1973, foi em favor de um ativista brasileiro.<\/p>\n<p>O professor universit\u00e1rio Luiz Basilio Rossi, por motivos pol\u00edticos, havia sido preso pelo regime militar. Sua fam\u00edlia s\u00f3 teve permiss\u00e3o de visit\u00e1-lo depois que as cartas escritas pelos membros da AI em todo o mundo come\u00e7aram a chegar. Naquela \u00e9poca, muitas das pessoas que acabaram em cust\u00f3dia da pol\u00edcia jamais foram vistas novamente. O professor Rossi, felizmente, acabou sendo posto em liberdade em outubro de 1973.<\/p>\n<p>Ele considerou que apoio da Anistia Internacional foi crucial para isso: &#8220;Eu sabia que meu caso havia se tornado p\u00fablico, sabia que eles n\u00e3o podiam mais me matar. Isso fez com que a press\u00e3o sobre mim diminu\u00edsse e que minhas condi\u00e7\u00f5es melhorassem.&#8221;<\/p>\n<p>Desde ent\u00e3o, nossos membros em todo o mundo t\u00eam convocado diferentes governos brasileiros para que melhorem as condi\u00e7\u00f5es nas pris\u00f5es e acabem com a tortura, os maus-tratos e os homic\u00eddios cometidos por policiais. Atuamos para impedir que os mais marginalizados sejam criminalizados e sofram abusos, e fazemos campanhas em favor dos direitos dos povos ind\u00edgenas e para terminar com a viol\u00eancia contra as mulheres.<\/p>\n<p>O Brasil e o direitos humanos<\/p>\n<p>Nos \u00faltimos anos, o Brasil tem tido um forte crescimento econ\u00f4mico e muitos brasileiros sa\u00edram da mis\u00e9ria. Mas ainda h\u00e1 milh\u00f5es de pessoas sem prote\u00e7\u00e3o de seus direitos e que precisam lutar para sobreviver.<\/p>\n<p>Em seu discurso de posse, a presidenta Dilma Rousseff manifestou seu compromisso com os direitos humanos, e enfatizou que atender \u00e0s necessidades dos mais pobres \u00e9 crucial para assegurar o desenvolvimento do pa\u00eds. Chegou a hora de garantir que esse compromisso se traduza em melhoras concretas no dia-a-dia dos brasileiros.<\/p>\n<p>Por sua lideran\u00e7a na pol\u00edtica regional e sua crescente import\u00e2ncia no cen\u00e1rio internacional, o Brasil tem o potencial para influenciar a agenda de direitos humanos no \u00e2mbito regional e internacional.<\/p>\n<p>Fonte: <a href=\"http:\/\/br.amnesty.org\/?q=quem_oquejaconquistamos\">Anistia Internacional<\/a><\/p>\n","protected":false},"excerpt":{"rendered":"<p>Nos \u00faltimos anos, o Brasil tem tido um forte crescimento econ\u00f4mico e muitos brasileiros sa\u00edram da mis\u00e9ria. Mas ainda h\u00e1 milh\u00f5es de pessoas sem prote\u00e7\u00e3o de seus direitos e que precisam lutar para sobreviver. Em 2011, a Anistia Internacional ir\u00e1 abrir um escrit\u00f3rio no Brasil.<\/p>\n","protected":false},"author":1,"featured_media":0,"comment_status":"open","ping_status":"open","sticky":false,"template":"","format":"standard","meta":{"site-container-style":"default","site-container-layout":"default","site-sidebar-layout":"default","disable-article-header":"default","disable-site-header":"default","disable-site-footer":"default","disable-content-area-spacing":"default","footnotes":""},"categories":[11,4],"tags":[],"class_list":["post-20674","post","type-post","status-publish","format-standard","hentry","category-direitos-humanos","category-noticias"],"yoast_head":"<!-- This site is optimized with the Yoast SEO plugin v27.4 - https:\/\/yoast.com\/product\/yoast-seo-wordpress\/ -->\n<title>A Anistia Internacional no Brasil -<\/title>\n<meta name=\"robots\" content=\"index, follow, max-snippet:-1, max-image-preview:large, max-video-preview:-1\" \/>\n<link rel=\"canonical\" href=\"https:\/\/inclusivenews.com.br\/?p=20674\" \/>\n<meta property=\"og:locale\" content=\"pt_PT\" \/>\n<meta property=\"og:type\" content=\"article\" \/>\n<meta property=\"og:title\" content=\"A Anistia Internacional no Brasil -\" \/>\n<meta property=\"og:description\" content=\"Nos \u00faltimos anos, o Brasil tem tido um forte crescimento econ\u00f4mico e muitos brasileiros sa\u00edram da mis\u00e9ria. Mas ainda h\u00e1 milh\u00f5es de pessoas sem prote\u00e7\u00e3o de seus direitos e que precisam lutar para sobreviver. Em 2011, a Anistia Internacional ir\u00e1 abrir um escrit\u00f3rio no Brasil.\" \/>\n<meta property=\"og:url\" content=\"https:\/\/inclusivenews.com.br\/?p=20674\" \/>\n<meta property=\"article:publisher\" content=\"https:\/\/www.facebook.com\/agenciainclusive\/\" \/>\n<meta property=\"article:published_time\" content=\"2011-08-18T10:40:34+00:00\" \/>\n<meta property=\"og:image\" content=\"http:\/\/inclusivenews.com.br\/wp-content\/uploads\/anistia_logo.jpg\" \/>\n<meta name=\"author\" content=\"inclusivenews2024\" \/>\n<meta name=\"twitter:card\" content=\"summary_large_image\" \/>\n<meta name=\"twitter:label1\" content=\"Escrito por\" \/>\n\t<meta name=\"twitter:data1\" content=\"inclusivenews2024\" \/>\n\t<meta name=\"twitter:label2\" content=\"Tempo estimado de leitura\" \/>\n\t<meta name=\"twitter:data2\" content=\"3 minutos\" \/>\n<script type=\"application\/ld+json\" class=\"yoast-schema-graph\">{\"@context\":\"https:\\\/\\\/schema.org\",\"@graph\":[{\"@type\":\"Article\",\"@id\":\"https:\\\/\\\/inclusivenews.com.br\\\/?p=20674#article\",\"isPartOf\":{\"@id\":\"https:\\\/\\\/inclusivenews.com.br\\\/?p=20674\"},\"author\":{\"name\":\"inclusivenews2024\",\"@id\":\"https:\\\/\\\/inclusivenews.com.br\\\/#\\\/schema\\\/person\\\/ae4ec7087559b8692fb33b6fffd2273b\"},\"headline\":\"A Anistia Internacional no Brasil\",\"datePublished\":\"2011-08-18T10:40:34+00:00\",\"mainEntityOfPage\":{\"@id\":\"https:\\\/\\\/inclusivenews.com.br\\\/?p=20674\"},\"wordCount\":529,\"commentCount\":0,\"publisher\":{\"@id\":\"https:\\\/\\\/inclusivenews.com.br\\\/#organization\"},\"image\":{\"@id\":\"https:\\\/\\\/inclusivenews.com.br\\\/?p=20674#primaryimage\"},\"thumbnailUrl\":\"http:\\\/\\\/inclusivenews.com.br\\\/wp-content\\\/uploads\\\/anistia_logo.jpg\",\"articleSection\":[\"DIREITOS HUMANOS\",\"NOT\u00cdCIAS\"],\"inLanguage\":\"pt-PT\",\"potentialAction\":[{\"@type\":\"CommentAction\",\"name\":\"Comment\",\"target\":[\"https:\\\/\\\/inclusivenews.com.br\\\/?p=20674#respond\"]}]},{\"@type\":\"WebPage\",\"@id\":\"https:\\\/\\\/inclusivenews.com.br\\\/?p=20674\",\"url\":\"https:\\\/\\\/inclusivenews.com.br\\\/?p=20674\",\"name\":\"A Anistia Internacional no Brasil -\",\"isPartOf\":{\"@id\":\"https:\\\/\\\/inclusivenews.com.br\\\/#website\"},\"primaryImageOfPage\":{\"@id\":\"https:\\\/\\\/inclusivenews.com.br\\\/?p=20674#primaryimage\"},\"image\":{\"@id\":\"https:\\\/\\\/inclusivenews.com.br\\\/?p=20674#primaryimage\"},\"thumbnailUrl\":\"http:\\\/\\\/inclusivenews.com.br\\\/wp-content\\\/uploads\\\/anistia_logo.jpg\",\"datePublished\":\"2011-08-18T10:40:34+00:00\",\"breadcrumb\":{\"@id\":\"https:\\\/\\\/inclusivenews.com.br\\\/?p=20674#breadcrumb\"},\"inLanguage\":\"pt-PT\",\"potentialAction\":[{\"@type\":\"ReadAction\",\"target\":[\"https:\\\/\\\/inclusivenews.com.br\\\/?p=20674\"]}]},{\"@type\":\"ImageObject\",\"inLanguage\":\"pt-PT\",\"@id\":\"https:\\\/\\\/inclusivenews.com.br\\\/?p=20674#primaryimage\",\"url\":\"\",\"contentUrl\":\"\"},{\"@type\":\"BreadcrumbList\",\"@id\":\"https:\\\/\\\/inclusivenews.com.br\\\/?p=20674#breadcrumb\",\"itemListElement\":[{\"@type\":\"ListItem\",\"position\":1,\"name\":\"In\u00edcio\",\"item\":\"https:\\\/\\\/inclusivenews.com.br\\\/\"},{\"@type\":\"ListItem\",\"position\":2,\"name\":\"A Anistia Internacional no Brasil\"}]},{\"@type\":\"WebSite\",\"@id\":\"https:\\\/\\\/inclusivenews.com.br\\\/#website\",\"url\":\"https:\\\/\\\/inclusivenews.com.br\\\/\",\"name\":\"Inclusive News\",\"description\":\"Inclusive News\",\"publisher\":{\"@id\":\"https:\\\/\\\/inclusivenews.com.br\\\/#organization\"},\"potentialAction\":[{\"@type\":\"SearchAction\",\"target\":{\"@type\":\"EntryPoint\",\"urlTemplate\":\"https:\\\/\\\/inclusivenews.com.br\\\/?s={search_term_string}\"},\"query-input\":{\"@type\":\"PropertyValueSpecification\",\"valueRequired\":true,\"valueName\":\"search_term_string\"}}],\"inLanguage\":\"pt-PT\"},{\"@type\":\"Organization\",\"@id\":\"https:\\\/\\\/inclusivenews.com.br\\\/#organization\",\"name\":\"Inclusive - inclus\u00e3o e cidadania\",\"url\":\"https:\\\/\\\/inclusivenews.com.br\\\/\",\"logo\":{\"@type\":\"ImageObject\",\"inLanguage\":\"pt-PT\",\"@id\":\"https:\\\/\\\/inclusivenews.com.br\\\/#\\\/schema\\\/logo\\\/image\\\/\",\"url\":\"https:\\\/\\\/inclusivenews.com.br\\\/wp-content\\\/uploads\\\/2024\\\/03\\\/@grandesite.png\",\"contentUrl\":\"https:\\\/\\\/inclusivenews.com.br\\\/wp-content\\\/uploads\\\/2024\\\/03\\\/@grandesite.png\",\"width\":1080,\"height\":1080,\"caption\":\"Inclusive - inclus\u00e3o e cidadania\"},\"image\":{\"@id\":\"https:\\\/\\\/inclusivenews.com.br\\\/#\\\/schema\\\/logo\\\/image\\\/\"},\"sameAs\":[\"https:\\\/\\\/www.facebook.com\\\/agenciainclusive\\\/\",\"https:\\\/\\\/www.instagram.com\\\/newsinclusive\\\/\"]},{\"@type\":\"Person\",\"@id\":\"https:\\\/\\\/inclusivenews.com.br\\\/#\\\/schema\\\/person\\\/ae4ec7087559b8692fb33b6fffd2273b\",\"name\":\"inclusivenews2024\",\"image\":{\"@type\":\"ImageObject\",\"inLanguage\":\"pt-PT\",\"@id\":\"https:\\\/\\\/secure.gravatar.com\\\/avatar\\\/c5a7ef84c66fa914f55bc4f7ce26cfa275a3b9a1c5568b907bd184fb4dde7b40?s=96&d=mm&r=g\",\"url\":\"https:\\\/\\\/secure.gravatar.com\\\/avatar\\\/c5a7ef84c66fa914f55bc4f7ce26cfa275a3b9a1c5568b907bd184fb4dde7b40?s=96&d=mm&r=g\",\"contentUrl\":\"https:\\\/\\\/secure.gravatar.com\\\/avatar\\\/c5a7ef84c66fa914f55bc4f7ce26cfa275a3b9a1c5568b907bd184fb4dde7b40?s=96&d=mm&r=g\",\"caption\":\"inclusivenews2024\"},\"sameAs\":[\"https:\\\/\\\/inclusivenews.com.br\"],\"url\":\"https:\\\/\\\/inclusivenews.com.br\\\/?author=1\"}]}<\/script>\n<!-- \/ Yoast SEO plugin. -->","yoast_head_json":{"title":"A Anistia Internacional no Brasil -","robots":{"index":"index","follow":"follow","max-snippet":"max-snippet:-1","max-image-preview":"max-image-preview:large","max-video-preview":"max-video-preview:-1"},"canonical":"https:\/\/inclusivenews.com.br\/?p=20674","og_locale":"pt_PT","og_type":"article","og_title":"A Anistia Internacional no Brasil -","og_description":"Nos \u00faltimos anos, o Brasil tem tido um forte crescimento econ\u00f4mico e muitos brasileiros sa\u00edram da mis\u00e9ria. Mas ainda h\u00e1 milh\u00f5es de pessoas sem prote\u00e7\u00e3o de seus direitos e que precisam lutar para sobreviver. Em 2011, a Anistia Internacional ir\u00e1 abrir um escrit\u00f3rio no Brasil.","og_url":"https:\/\/inclusivenews.com.br\/?p=20674","article_publisher":"https:\/\/www.facebook.com\/agenciainclusive\/","article_published_time":"2011-08-18T10:40:34+00:00","og_image":[{"url":"http:\/\/inclusivenews.com.br\/wp-content\/uploads\/anistia_logo.jpg","type":"","width":"","height":""}],"author":"inclusivenews2024","twitter_card":"summary_large_image","twitter_misc":{"Escrito por":"inclusivenews2024","Tempo estimado de leitura":"3 minutos"},"schema":{"@context":"https:\/\/schema.org","@graph":[{"@type":"Article","@id":"https:\/\/inclusivenews.com.br\/?p=20674#article","isPartOf":{"@id":"https:\/\/inclusivenews.com.br\/?p=20674"},"author":{"name":"inclusivenews2024","@id":"https:\/\/inclusivenews.com.br\/#\/schema\/person\/ae4ec7087559b8692fb33b6fffd2273b"},"headline":"A Anistia Internacional no Brasil","datePublished":"2011-08-18T10:40:34+00:00","mainEntityOfPage":{"@id":"https:\/\/inclusivenews.com.br\/?p=20674"},"wordCount":529,"commentCount":0,"publisher":{"@id":"https:\/\/inclusivenews.com.br\/#organization"},"image":{"@id":"https:\/\/inclusivenews.com.br\/?p=20674#primaryimage"},"thumbnailUrl":"http:\/\/inclusivenews.com.br\/wp-content\/uploads\/anistia_logo.jpg","articleSection":["DIREITOS HUMANOS","NOT\u00cdCIAS"],"inLanguage":"pt-PT","potentialAction":[{"@type":"CommentAction","name":"Comment","target":["https:\/\/inclusivenews.com.br\/?p=20674#respond"]}]},{"@type":"WebPage","@id":"https:\/\/inclusivenews.com.br\/?p=20674","url":"https:\/\/inclusivenews.com.br\/?p=20674","name":"A Anistia Internacional no Brasil -","isPartOf":{"@id":"https:\/\/inclusivenews.com.br\/#website"},"primaryImageOfPage":{"@id":"https:\/\/inclusivenews.com.br\/?p=20674#primaryimage"},"image":{"@id":"https:\/\/inclusivenews.com.br\/?p=20674#primaryimage"},"thumbnailUrl":"http:\/\/inclusivenews.com.br\/wp-content\/uploads\/anistia_logo.jpg","datePublished":"2011-08-18T10:40:34+00:00","breadcrumb":{"@id":"https:\/\/inclusivenews.com.br\/?p=20674#breadcrumb"},"inLanguage":"pt-PT","potentialAction":[{"@type":"ReadAction","target":["https:\/\/inclusivenews.com.br\/?p=20674"]}]},{"@type":"ImageObject","inLanguage":"pt-PT","@id":"https:\/\/inclusivenews.com.br\/?p=20674#primaryimage","url":"","contentUrl":""},{"@type":"BreadcrumbList","@id":"https:\/\/inclusivenews.com.br\/?p=20674#breadcrumb","itemListElement":[{"@type":"ListItem","position":1,"name":"In\u00edcio","item":"https:\/\/inclusivenews.com.br\/"},{"@type":"ListItem","position":2,"name":"A Anistia Internacional no Brasil"}]},{"@type":"WebSite","@id":"https:\/\/inclusivenews.com.br\/#website","url":"https:\/\/inclusivenews.com.br\/","name":"Inclusive News","description":"Inclusive News","publisher":{"@id":"https:\/\/inclusivenews.com.br\/#organization"},"potentialAction":[{"@type":"SearchAction","target":{"@type":"EntryPoint","urlTemplate":"https:\/\/inclusivenews.com.br\/?s={search_term_string}"},"query-input":{"@type":"PropertyValueSpecification","valueRequired":true,"valueName":"search_term_string"}}],"inLanguage":"pt-PT"},{"@type":"Organization","@id":"https:\/\/inclusivenews.com.br\/#organization","name":"Inclusive - inclus\u00e3o e cidadania","url":"https:\/\/inclusivenews.com.br\/","logo":{"@type":"ImageObject","inLanguage":"pt-PT","@id":"https:\/\/inclusivenews.com.br\/#\/schema\/logo\/image\/","url":"https:\/\/inclusivenews.com.br\/wp-content\/uploads\/2024\/03\/@grandesite.png","contentUrl":"https:\/\/inclusivenews.com.br\/wp-content\/uploads\/2024\/03\/@grandesite.png","width":1080,"height":1080,"caption":"Inclusive - inclus\u00e3o e cidadania"},"image":{"@id":"https:\/\/inclusivenews.com.br\/#\/schema\/logo\/image\/"},"sameAs":["https:\/\/www.facebook.com\/agenciainclusive\/","https:\/\/www.instagram.com\/newsinclusive\/"]},{"@type":"Person","@id":"https:\/\/inclusivenews.com.br\/#\/schema\/person\/ae4ec7087559b8692fb33b6fffd2273b","name":"inclusivenews2024","image":{"@type":"ImageObject","inLanguage":"pt-PT","@id":"https:\/\/secure.gravatar.com\/avatar\/c5a7ef84c66fa914f55bc4f7ce26cfa275a3b9a1c5568b907bd184fb4dde7b40?s=96&d=mm&r=g","url":"https:\/\/secure.gravatar.com\/avatar\/c5a7ef84c66fa914f55bc4f7ce26cfa275a3b9a1c5568b907bd184fb4dde7b40?s=96&d=mm&r=g","contentUrl":"https:\/\/secure.gravatar.com\/avatar\/c5a7ef84c66fa914f55bc4f7ce26cfa275a3b9a1c5568b907bd184fb4dde7b40?s=96&d=mm&r=g","caption":"inclusivenews2024"},"sameAs":["https:\/\/inclusivenews.com.br"],"url":"https:\/\/inclusivenews.com.br\/?author=1"}]}},"_links":{"self":[{"href":"https:\/\/inclusivenews.com.br\/index.php?rest_route=\/wp\/v2\/posts\/20674","targetHints":{"allow":["GET"]}}],"collection":[{"href":"https:\/\/inclusivenews.com.br\/index.php?rest_route=\/wp\/v2\/posts"}],"about":[{"href":"https:\/\/inclusivenews.com.br\/index.php?rest_route=\/wp\/v2\/types\/post"}],"author":[{"embeddable":true,"href":"https:\/\/inclusivenews.com.br\/index.php?rest_route=\/wp\/v2\/users\/1"}],"replies":[{"embeddable":true,"href":"https:\/\/inclusivenews.com.br\/index.php?rest_route=%2Fwp%2Fv2%2Fcomments&post=20674"}],"version-history":[{"count":0,"href":"https:\/\/inclusivenews.com.br\/index.php?rest_route=\/wp\/v2\/posts\/20674\/revisions"}],"wp:attachment":[{"href":"https:\/\/inclusivenews.com.br\/index.php?rest_route=%2Fwp%2Fv2%2Fmedia&parent=20674"}],"wp:term":[{"taxonomy":"category","embeddable":true,"href":"https:\/\/inclusivenews.com.br\/index.php?rest_route=%2Fwp%2Fv2%2Fcategories&post=20674"},{"taxonomy":"post_tag","embeddable":true,"href":"https:\/\/inclusivenews.com.br\/index.php?rest_route=%2Fwp%2Fv2%2Ftags&post=20674"}],"curies":[{"name":"wp","href":"https:\/\/api.w.org\/{rel}","templated":true}]}}