{"id":20684,"date":"2011-08-18T07:16:35","date_gmt":"2011-08-18T10:16:35","guid":{"rendered":"http:\/\/www.inclusive.org.br\/?p=20684"},"modified":"2011-08-18T07:16:35","modified_gmt":"2011-08-18T10:16:35","slug":"conanda-a-violencia-nao-vai-se-acabar-com-a-reducao-da-maioridade-penal","status":"publish","type":"post","link":"https:\/\/inclusivenews.com.br\/?p=20684","title":{"rendered":"CONANDA: \u201cA viol\u00eancia n\u00e3o vai se acabar com a redu\u00e7\u00e3o da maioridade penal\u201d"},"content":{"rendered":"<p><strong><\/p>\n<figure id=\"attachment_19958\" aria-describedby=\"caption-attachment-19958\" style=\"width: 200px\" class=\"wp-caption alignleft\"><img loading=\"lazy\" decoding=\"async\" class=\"size-full wp-image-19958 \" title=\"Logotipo do CONANDA - Conselho Nacional dos Direitos da Crian\u00e7a e do Adolescente.\" src=\"http:\/\/inclusivenews.com.br\/wp-content\/uploads\/conanda.jpg\" alt=\"Logotipo do CONANDA - Conselho Nacional dos Direitos da Crian\u00e7a e do Adolescente.\" width=\"200\" height=\"135\" \/><figcaption id=\"caption-attachment-19958\" class=\"wp-caption-text\"> <\/figcaption><\/figure>\n<p>Por Jeane Freitas<br \/>\nda Adital<\/p>\n<p><\/strong><\/p>\n<p>A redu\u00e7\u00e3o da maioridade penal voltou a ser pauta das discuss\u00f5es entre os deputados no Congresso Federal ap\u00f3s apresenta\u00e7\u00e3o da proposta de emenda constitucional de autoria do deputado federal de Sergipe, regi\u00e3o do nordeste brasileiro, Andr\u00e9 Moura (PSC).<\/p>\n<p>A Proposta de Emenda Constitucional (PEC) n\u00ba. 57\/2011 prev\u00ea que os adolescentes menores de 18 anos sejam respons\u00e1veis por seus atos, argumento que se contradiz com uma das legisla\u00e7\u00f5es mais avan\u00e7adas dos diretos infanto-juvenis, o Estatuto da Crian\u00e7a e do Adolescente (ECA). O estatuto defende que os adolescentes sejam responsabilizados, levando em considera\u00e7\u00e3o, o car\u00e1ter de ressocializa\u00e7\u00e3o do atendimento socioeducativo.<\/p>\n<p>O documento j\u00e1 est\u00e1 com 180 assinaturas, restando apenas 70 para que o mesmo seja apreciado no plen\u00e1rio do Congresso Federal. Dentre as in\u00fameras justificativas favor\u00e1veis \u00e0 aprova\u00e7\u00e3o da lei pelo deputado Andr\u00e9 Moura, est\u00e1 o argumento de que os menores de 16 ou 17 anos t\u00eam a total condi\u00e7\u00e3o de compreender o mal que praticam.<\/p>\n<p>Contr\u00e1rio a essa determina\u00e7\u00e3o, o Conselho Nacional dos Direitos da Crian\u00e7a e do Adolescente (Conanda) tem se manifestado a partir de notas p\u00fablicas e se agregado \u00e0s diversas entidades que atuam na defesa dos direitos infanto-juvenis. A Pastoral da Crian\u00e7a, por exemplo, lan\u00e7ou recentemente uma cartilha sobre os danos que a redu\u00e7\u00e3o da maioridade poder\u00e1 trazer para os adolescentes e \u00e0 sociedade em geral.<\/p>\n<p>Para Gl\u00edcia Salmeron, conselheira do Conanda, &#8220;\u00e9 necess\u00e1rio fazer um trabalho em conjunto com a sociedade e com a imprensa para que compreendam a import\u00e2ncia do tema, e n\u00e3o apenas despertem a ira para punir os adolescentes, que s\u00e3o as maiores v\u00edtimas\u201d.<\/p>\n<p>Gl\u00edcia complementa ainda, que, cada vez que um adolescente se envolve em algum ato infracional a discuss\u00e3o vem \u00e0 tona, desrespeitando o Estatuto da Crian\u00e7a e do adolescente (ECA). &#8220;O Brasil promete o direito humano. Se a crian\u00e7a \u00e9 prioridade absoluta, como fala o ECA, n\u00e3o faz nenhum sentido retroceder nessa discuss\u00e3o\u201d, critica. &#8220;A viol\u00eancia n\u00e3o vai se acabar com a redu\u00e7\u00e3o da maioridade penal\u201d, completa.<\/p>\n<p>O Conanda assegura que a proposta \u00e9 invi\u00e1vel e confirma a exist\u00eancia de uma s\u00e9rie de estudos psicol\u00f3gicos que apontam que os adolescentes sofrem diversas transforma\u00e7\u00f5es psicossom\u00e1ticas que repercutem na estrutura biol\u00f3gica e conduta social e que somente a partir dos 19 anos passam a compreender seu comportamento e atos.<\/p>\n<p>Para a conselheira, algumas das alternativas mais indicadas para enfrentar a situa\u00e7\u00e3o deveriam ser &#8220;o investimento maior do estado na educa\u00e7\u00e3o de forma integral e trabalhar a prote\u00e7\u00e3o e integra\u00e7\u00e3o do adolescente infrator antes da aplica\u00e7\u00e3o da pena\u201d.<\/p>\n<p>O impasse sobre a aprova\u00e7\u00e3o ou n\u00e3o da emenda est\u00e1 em discuss\u00e3o. Enquanto isso, ressalta Gl\u00edcia, &#8220;a luta dos movimentos de defesa dos direitos infanto-juvenis n\u00e3o ir\u00e1 retroceder\u201d.<\/p>\n<p>Prova disso \u00e9 que est\u00e1 em discuss\u00e3o um Plano Nacional de Pol\u00edtica para Crian\u00e7a e Adolescente, que ser\u00e1 tema da Confer\u00eancia Nacional em julho de 2012.<\/p>\n<p>Estat\u00edsticas da viol\u00eancia<\/p>\n<p>Segundo o \u00cdndice de Homic\u00eddios na Adolesc\u00eancia (IHA), de cada mil jovens de 12 anos, dois ser\u00e3o assassinados antes dos 19. Representando 15% da popula\u00e7\u00e3o brasileira, os jovens s\u00e3o respons\u00e1veis por apenas cerca de 10% dos delitos cometidos, segundo a Secretaria Nacional de Seguran\u00e7a P\u00fablica (Senasp).<\/p>\n<p>O Instituto Latino-Americano das Na\u00e7\u00f5es Unidas para Preven\u00e7\u00e3o e Tratamento do Delinquente (Ilanud) aponta que cerca de 10% do total de crimes s\u00e3o cometidos por jovens com menos de 18 anos, enquanto mais de 40% das v\u00edtimas de assassinatos s\u00e3o adolescentes. A mesma pesquisa mostra que 87% dos crimes cometidos por jovens s\u00e3o contra o patrim\u00f4nio, como roubo e furto, e n\u00e3o contra a vida.<\/p>\n<p>Fonte: <a href=\"http:\/\/www.adital.org.br\/site\/noticia.asp?lang=PT&amp;cat=2&amp;cod=59307\">Adital<\/a><\/p>\n","protected":false},"excerpt":{"rendered":"<p>Contr\u00e1rio a ideia, o Conselho Nacional dos Direitos da Crian\u00e7a e do Adolescente (Conanda) tem se manifestado a partir de notas p\u00fablicas e se agregado \u00e0s diversas entidades que atuam na defesa dos direitos infanto-juvenis. Informa\u00e7\u00e3o \u00e9 da Adital.<\/p>\n","protected":false},"author":1,"featured_media":0,"comment_status":"open","ping_status":"open","sticky":false,"template":"","format":"standard","meta":{"site-container-style":"default","site-container-layout":"default","site-sidebar-layout":"default","disable-article-header":"default","disable-site-header":"default","disable-site-footer":"default","disable-content-area-spacing":"default","footnotes":""},"categories":[11,4],"tags":[159],"class_list":["post-20684","post","type-post","status-publish","format-standard","hentry","category-direitos-humanos","category-noticias","tag-juventude"],"yoast_head":"<!-- This site is optimized with the Yoast SEO plugin v27.4 - https:\/\/yoast.com\/product\/yoast-seo-wordpress\/ -->\n<title>CONANDA: \u201cA viol\u00eancia n\u00e3o vai se acabar com a redu\u00e7\u00e3o da maioridade penal\u201d -<\/title>\n<meta name=\"robots\" content=\"index, follow, max-snippet:-1, max-image-preview:large, max-video-preview:-1\" \/>\n<link rel=\"canonical\" href=\"https:\/\/inclusivenews.com.br\/?p=20684\" \/>\n<meta property=\"og:locale\" content=\"pt_PT\" \/>\n<meta property=\"og:type\" content=\"article\" \/>\n<meta property=\"og:title\" content=\"CONANDA: \u201cA viol\u00eancia n\u00e3o vai se acabar com a redu\u00e7\u00e3o da maioridade penal\u201d -\" \/>\n<meta property=\"og:description\" content=\"Contr\u00e1rio a ideia, o Conselho Nacional dos Direitos da Crian\u00e7a e do Adolescente (Conanda) tem se manifestado a partir de notas p\u00fablicas e se agregado \u00e0s diversas entidades que atuam na defesa dos direitos infanto-juvenis. Informa\u00e7\u00e3o \u00e9 da Adital.\" \/>\n<meta property=\"og:url\" content=\"https:\/\/inclusivenews.com.br\/?p=20684\" \/>\n<meta property=\"article:publisher\" content=\"https:\/\/www.facebook.com\/agenciainclusive\/\" \/>\n<meta property=\"article:published_time\" content=\"2011-08-18T10:16:35+00:00\" \/>\n<meta property=\"og:image\" content=\"http:\/\/inclusivenews.com.br\/wp-content\/uploads\/conanda.jpg\" \/>\n<meta name=\"author\" content=\"inclusivenews2024\" \/>\n<meta name=\"twitter:card\" content=\"summary_large_image\" \/>\n<meta name=\"twitter:label1\" content=\"Escrito por\" \/>\n\t<meta name=\"twitter:data1\" content=\"inclusivenews2024\" \/>\n\t<meta name=\"twitter:label2\" content=\"Tempo estimado de leitura\" \/>\n\t<meta name=\"twitter:data2\" content=\"3 minutos\" \/>\n<script type=\"application\/ld+json\" class=\"yoast-schema-graph\">{\"@context\":\"https:\\\/\\\/schema.org\",\"@graph\":[{\"@type\":\"Article\",\"@id\":\"https:\\\/\\\/inclusivenews.com.br\\\/?p=20684#article\",\"isPartOf\":{\"@id\":\"https:\\\/\\\/inclusivenews.com.br\\\/?p=20684\"},\"author\":{\"name\":\"inclusivenews2024\",\"@id\":\"https:\\\/\\\/inclusivenews.com.br\\\/#\\\/schema\\\/person\\\/ae4ec7087559b8692fb33b6fffd2273b\"},\"headline\":\"CONANDA: \u201cA viol\u00eancia n\u00e3o vai se acabar com a redu\u00e7\u00e3o da maioridade penal\u201d\",\"datePublished\":\"2011-08-18T10:16:35+00:00\",\"mainEntityOfPage\":{\"@id\":\"https:\\\/\\\/inclusivenews.com.br\\\/?p=20684\"},\"wordCount\":669,\"commentCount\":0,\"publisher\":{\"@id\":\"https:\\\/\\\/inclusivenews.com.br\\\/#organization\"},\"image\":{\"@id\":\"https:\\\/\\\/inclusivenews.com.br\\\/?p=20684#primaryimage\"},\"thumbnailUrl\":\"http:\\\/\\\/inclusivenews.com.br\\\/wp-content\\\/uploads\\\/conanda.jpg\",\"keywords\":[\"Juventude\"],\"articleSection\":[\"DIREITOS HUMANOS\",\"NOT\u00cdCIAS\"],\"inLanguage\":\"pt-PT\",\"potentialAction\":[{\"@type\":\"CommentAction\",\"name\":\"Comment\",\"target\":[\"https:\\\/\\\/inclusivenews.com.br\\\/?p=20684#respond\"]}]},{\"@type\":\"WebPage\",\"@id\":\"https:\\\/\\\/inclusivenews.com.br\\\/?p=20684\",\"url\":\"https:\\\/\\\/inclusivenews.com.br\\\/?p=20684\",\"name\":\"CONANDA: \u201cA viol\u00eancia n\u00e3o vai se acabar com a redu\u00e7\u00e3o da maioridade penal\u201d -\",\"isPartOf\":{\"@id\":\"https:\\\/\\\/inclusivenews.com.br\\\/#website\"},\"primaryImageOfPage\":{\"@id\":\"https:\\\/\\\/inclusivenews.com.br\\\/?p=20684#primaryimage\"},\"image\":{\"@id\":\"https:\\\/\\\/inclusivenews.com.br\\\/?p=20684#primaryimage\"},\"thumbnailUrl\":\"http:\\\/\\\/inclusivenews.com.br\\\/wp-content\\\/uploads\\\/conanda.jpg\",\"datePublished\":\"2011-08-18T10:16:35+00:00\",\"breadcrumb\":{\"@id\":\"https:\\\/\\\/inclusivenews.com.br\\\/?p=20684#breadcrumb\"},\"inLanguage\":\"pt-PT\",\"potentialAction\":[{\"@type\":\"ReadAction\",\"target\":[\"https:\\\/\\\/inclusivenews.com.br\\\/?p=20684\"]}]},{\"@type\":\"ImageObject\",\"inLanguage\":\"pt-PT\",\"@id\":\"https:\\\/\\\/inclusivenews.com.br\\\/?p=20684#primaryimage\",\"url\":\"\",\"contentUrl\":\"\"},{\"@type\":\"BreadcrumbList\",\"@id\":\"https:\\\/\\\/inclusivenews.com.br\\\/?p=20684#breadcrumb\",\"itemListElement\":[{\"@type\":\"ListItem\",\"position\":1,\"name\":\"In\u00edcio\",\"item\":\"https:\\\/\\\/inclusivenews.com.br\\\/\"},{\"@type\":\"ListItem\",\"position\":2,\"name\":\"CONANDA: \u201cA viol\u00eancia n\u00e3o vai se acabar com a redu\u00e7\u00e3o da maioridade penal\u201d\"}]},{\"@type\":\"WebSite\",\"@id\":\"https:\\\/\\\/inclusivenews.com.br\\\/#website\",\"url\":\"https:\\\/\\\/inclusivenews.com.br\\\/\",\"name\":\"Inclusive News\",\"description\":\"Inclusive News\",\"publisher\":{\"@id\":\"https:\\\/\\\/inclusivenews.com.br\\\/#organization\"},\"potentialAction\":[{\"@type\":\"SearchAction\",\"target\":{\"@type\":\"EntryPoint\",\"urlTemplate\":\"https:\\\/\\\/inclusivenews.com.br\\\/?s={search_term_string}\"},\"query-input\":{\"@type\":\"PropertyValueSpecification\",\"valueRequired\":true,\"valueName\":\"search_term_string\"}}],\"inLanguage\":\"pt-PT\"},{\"@type\":\"Organization\",\"@id\":\"https:\\\/\\\/inclusivenews.com.br\\\/#organization\",\"name\":\"Inclusive - inclus\u00e3o e cidadania\",\"url\":\"https:\\\/\\\/inclusivenews.com.br\\\/\",\"logo\":{\"@type\":\"ImageObject\",\"inLanguage\":\"pt-PT\",\"@id\":\"https:\\\/\\\/inclusivenews.com.br\\\/#\\\/schema\\\/logo\\\/image\\\/\",\"url\":\"https:\\\/\\\/inclusivenews.com.br\\\/wp-content\\\/uploads\\\/2024\\\/03\\\/@grandesite.png\",\"contentUrl\":\"https:\\\/\\\/inclusivenews.com.br\\\/wp-content\\\/uploads\\\/2024\\\/03\\\/@grandesite.png\",\"width\":1080,\"height\":1080,\"caption\":\"Inclusive - inclus\u00e3o e cidadania\"},\"image\":{\"@id\":\"https:\\\/\\\/inclusivenews.com.br\\\/#\\\/schema\\\/logo\\\/image\\\/\"},\"sameAs\":[\"https:\\\/\\\/www.facebook.com\\\/agenciainclusive\\\/\",\"https:\\\/\\\/www.instagram.com\\\/newsinclusive\\\/\"]},{\"@type\":\"Person\",\"@id\":\"https:\\\/\\\/inclusivenews.com.br\\\/#\\\/schema\\\/person\\\/ae4ec7087559b8692fb33b6fffd2273b\",\"name\":\"inclusivenews2024\",\"image\":{\"@type\":\"ImageObject\",\"inLanguage\":\"pt-PT\",\"@id\":\"https:\\\/\\\/secure.gravatar.com\\\/avatar\\\/c5a7ef84c66fa914f55bc4f7ce26cfa275a3b9a1c5568b907bd184fb4dde7b40?s=96&d=mm&r=g\",\"url\":\"https:\\\/\\\/secure.gravatar.com\\\/avatar\\\/c5a7ef84c66fa914f55bc4f7ce26cfa275a3b9a1c5568b907bd184fb4dde7b40?s=96&d=mm&r=g\",\"contentUrl\":\"https:\\\/\\\/secure.gravatar.com\\\/avatar\\\/c5a7ef84c66fa914f55bc4f7ce26cfa275a3b9a1c5568b907bd184fb4dde7b40?s=96&d=mm&r=g\",\"caption\":\"inclusivenews2024\"},\"sameAs\":[\"https:\\\/\\\/inclusivenews.com.br\"],\"url\":\"https:\\\/\\\/inclusivenews.com.br\\\/?author=1\"}]}<\/script>\n<!-- \/ Yoast SEO plugin. -->","yoast_head_json":{"title":"CONANDA: \u201cA viol\u00eancia n\u00e3o vai se acabar com a redu\u00e7\u00e3o da maioridade penal\u201d -","robots":{"index":"index","follow":"follow","max-snippet":"max-snippet:-1","max-image-preview":"max-image-preview:large","max-video-preview":"max-video-preview:-1"},"canonical":"https:\/\/inclusivenews.com.br\/?p=20684","og_locale":"pt_PT","og_type":"article","og_title":"CONANDA: \u201cA viol\u00eancia n\u00e3o vai se acabar com a redu\u00e7\u00e3o da maioridade penal\u201d -","og_description":"Contr\u00e1rio a ideia, o Conselho Nacional dos Direitos da Crian\u00e7a e do Adolescente (Conanda) tem se manifestado a partir de notas p\u00fablicas e se agregado \u00e0s diversas entidades que atuam na defesa dos direitos infanto-juvenis. Informa\u00e7\u00e3o \u00e9 da Adital.","og_url":"https:\/\/inclusivenews.com.br\/?p=20684","article_publisher":"https:\/\/www.facebook.com\/agenciainclusive\/","article_published_time":"2011-08-18T10:16:35+00:00","og_image":[{"url":"http:\/\/inclusivenews.com.br\/wp-content\/uploads\/conanda.jpg","type":"","width":"","height":""}],"author":"inclusivenews2024","twitter_card":"summary_large_image","twitter_misc":{"Escrito por":"inclusivenews2024","Tempo estimado de leitura":"3 minutos"},"schema":{"@context":"https:\/\/schema.org","@graph":[{"@type":"Article","@id":"https:\/\/inclusivenews.com.br\/?p=20684#article","isPartOf":{"@id":"https:\/\/inclusivenews.com.br\/?p=20684"},"author":{"name":"inclusivenews2024","@id":"https:\/\/inclusivenews.com.br\/#\/schema\/person\/ae4ec7087559b8692fb33b6fffd2273b"},"headline":"CONANDA: \u201cA viol\u00eancia n\u00e3o vai se acabar com a redu\u00e7\u00e3o da maioridade penal\u201d","datePublished":"2011-08-18T10:16:35+00:00","mainEntityOfPage":{"@id":"https:\/\/inclusivenews.com.br\/?p=20684"},"wordCount":669,"commentCount":0,"publisher":{"@id":"https:\/\/inclusivenews.com.br\/#organization"},"image":{"@id":"https:\/\/inclusivenews.com.br\/?p=20684#primaryimage"},"thumbnailUrl":"http:\/\/inclusivenews.com.br\/wp-content\/uploads\/conanda.jpg","keywords":["Juventude"],"articleSection":["DIREITOS HUMANOS","NOT\u00cdCIAS"],"inLanguage":"pt-PT","potentialAction":[{"@type":"CommentAction","name":"Comment","target":["https:\/\/inclusivenews.com.br\/?p=20684#respond"]}]},{"@type":"WebPage","@id":"https:\/\/inclusivenews.com.br\/?p=20684","url":"https:\/\/inclusivenews.com.br\/?p=20684","name":"CONANDA: \u201cA viol\u00eancia n\u00e3o vai se acabar com a redu\u00e7\u00e3o da maioridade penal\u201d -","isPartOf":{"@id":"https:\/\/inclusivenews.com.br\/#website"},"primaryImageOfPage":{"@id":"https:\/\/inclusivenews.com.br\/?p=20684#primaryimage"},"image":{"@id":"https:\/\/inclusivenews.com.br\/?p=20684#primaryimage"},"thumbnailUrl":"http:\/\/inclusivenews.com.br\/wp-content\/uploads\/conanda.jpg","datePublished":"2011-08-18T10:16:35+00:00","breadcrumb":{"@id":"https:\/\/inclusivenews.com.br\/?p=20684#breadcrumb"},"inLanguage":"pt-PT","potentialAction":[{"@type":"ReadAction","target":["https:\/\/inclusivenews.com.br\/?p=20684"]}]},{"@type":"ImageObject","inLanguage":"pt-PT","@id":"https:\/\/inclusivenews.com.br\/?p=20684#primaryimage","url":"","contentUrl":""},{"@type":"BreadcrumbList","@id":"https:\/\/inclusivenews.com.br\/?p=20684#breadcrumb","itemListElement":[{"@type":"ListItem","position":1,"name":"In\u00edcio","item":"https:\/\/inclusivenews.com.br\/"},{"@type":"ListItem","position":2,"name":"CONANDA: \u201cA viol\u00eancia n\u00e3o vai se acabar com a redu\u00e7\u00e3o da maioridade penal\u201d"}]},{"@type":"WebSite","@id":"https:\/\/inclusivenews.com.br\/#website","url":"https:\/\/inclusivenews.com.br\/","name":"Inclusive News","description":"Inclusive News","publisher":{"@id":"https:\/\/inclusivenews.com.br\/#organization"},"potentialAction":[{"@type":"SearchAction","target":{"@type":"EntryPoint","urlTemplate":"https:\/\/inclusivenews.com.br\/?s={search_term_string}"},"query-input":{"@type":"PropertyValueSpecification","valueRequired":true,"valueName":"search_term_string"}}],"inLanguage":"pt-PT"},{"@type":"Organization","@id":"https:\/\/inclusivenews.com.br\/#organization","name":"Inclusive - inclus\u00e3o e cidadania","url":"https:\/\/inclusivenews.com.br\/","logo":{"@type":"ImageObject","inLanguage":"pt-PT","@id":"https:\/\/inclusivenews.com.br\/#\/schema\/logo\/image\/","url":"https:\/\/inclusivenews.com.br\/wp-content\/uploads\/2024\/03\/@grandesite.png","contentUrl":"https:\/\/inclusivenews.com.br\/wp-content\/uploads\/2024\/03\/@grandesite.png","width":1080,"height":1080,"caption":"Inclusive - inclus\u00e3o e cidadania"},"image":{"@id":"https:\/\/inclusivenews.com.br\/#\/schema\/logo\/image\/"},"sameAs":["https:\/\/www.facebook.com\/agenciainclusive\/","https:\/\/www.instagram.com\/newsinclusive\/"]},{"@type":"Person","@id":"https:\/\/inclusivenews.com.br\/#\/schema\/person\/ae4ec7087559b8692fb33b6fffd2273b","name":"inclusivenews2024","image":{"@type":"ImageObject","inLanguage":"pt-PT","@id":"https:\/\/secure.gravatar.com\/avatar\/c5a7ef84c66fa914f55bc4f7ce26cfa275a3b9a1c5568b907bd184fb4dde7b40?s=96&d=mm&r=g","url":"https:\/\/secure.gravatar.com\/avatar\/c5a7ef84c66fa914f55bc4f7ce26cfa275a3b9a1c5568b907bd184fb4dde7b40?s=96&d=mm&r=g","contentUrl":"https:\/\/secure.gravatar.com\/avatar\/c5a7ef84c66fa914f55bc4f7ce26cfa275a3b9a1c5568b907bd184fb4dde7b40?s=96&d=mm&r=g","caption":"inclusivenews2024"},"sameAs":["https:\/\/inclusivenews.com.br"],"url":"https:\/\/inclusivenews.com.br\/?author=1"}]}},"_links":{"self":[{"href":"https:\/\/inclusivenews.com.br\/index.php?rest_route=\/wp\/v2\/posts\/20684","targetHints":{"allow":["GET"]}}],"collection":[{"href":"https:\/\/inclusivenews.com.br\/index.php?rest_route=\/wp\/v2\/posts"}],"about":[{"href":"https:\/\/inclusivenews.com.br\/index.php?rest_route=\/wp\/v2\/types\/post"}],"author":[{"embeddable":true,"href":"https:\/\/inclusivenews.com.br\/index.php?rest_route=\/wp\/v2\/users\/1"}],"replies":[{"embeddable":true,"href":"https:\/\/inclusivenews.com.br\/index.php?rest_route=%2Fwp%2Fv2%2Fcomments&post=20684"}],"version-history":[{"count":0,"href":"https:\/\/inclusivenews.com.br\/index.php?rest_route=\/wp\/v2\/posts\/20684\/revisions"}],"wp:attachment":[{"href":"https:\/\/inclusivenews.com.br\/index.php?rest_route=%2Fwp%2Fv2%2Fmedia&parent=20684"}],"wp:term":[{"taxonomy":"category","embeddable":true,"href":"https:\/\/inclusivenews.com.br\/index.php?rest_route=%2Fwp%2Fv2%2Fcategories&post=20684"},{"taxonomy":"post_tag","embeddable":true,"href":"https:\/\/inclusivenews.com.br\/index.php?rest_route=%2Fwp%2Fv2%2Ftags&post=20684"}],"curies":[{"name":"wp","href":"https:\/\/api.w.org\/{rel}","templated":true}]}}