{"id":20686,"date":"2011-08-18T07:24:38","date_gmt":"2011-08-18T10:24:38","guid":{"rendered":"http:\/\/www.inclusive.org.br\/?p=20686"},"modified":"2011-08-18T07:24:38","modified_gmt":"2011-08-18T10:24:38","slug":"tia-dag-ninguem-pergunta-aos-alunos-o-que-eles-querem","status":"publish","type":"post","link":"https:\/\/inclusivenews.com.br\/?p=20686","title":{"rendered":"Tia Dag: \u201dNingu\u00e9m pergunta aos alunos o que eles querem\u201d"},"content":{"rendered":"<p><a rel=\"attachment wp-att-20722\" href=\"http:\/\/www.inclusive.org.br\/?attachment_id=20722\"><img loading=\"lazy\" decoding=\"async\" class=\"alignnone size-full wp-image-20722\" title=\"v\u00e1rios l\u00e1pis de cor\" src=\"http:\/\/inclusivenews.com.br\/wp-content\/uploads\/v\u00e1rios-l\u00e1pis-de-cor.jpg\" alt=\"\" width=\"276\" height=\"183\" \/><\/a><\/p>\n<p>Entrar na Casa do Zezinho \u00e9, antes de mais nada, experimentar um espa\u00e7o vivo. Cada canto, sala, escada, ateli\u00ea ou p\u00e1tio guarda uma hist\u00f3ria dos mais de 10 mil \u201czezinhos\u201d que por ali passaram. Um verdadeiro labirinto, me arrisco no in\u00edcio da entrevista com a fundadora do lugar. \u201cN\u00e3o, um verdadeiro puxadinho\u201d, corrige ela, revelando que aprendeu a t\u00e9cnica na favela.<\/p>\n<p>\u201cN\u00e3o teria sentido algum eu construir um grande bloco, como s\u00e3o as escolas hoje em dia. A gente foi aumentando, juntando, formando um espa\u00e7o muito parecido com o que eles t\u00eam como refer\u00eancia. E \u00e9 por isso que eles se apropriam.\u201d<\/p>\n<p>\u00c9 com essa vivacidade que, aos poucos, Dagmar Garroux, a Tia Dag, vai desvelando a pedagogia que h\u00e1 18 anos v\u00ea florescer no centro educacional criado por ela. Localizada num dos distritos mais vulner\u00e1veis da cidade de S\u00e3o Paulo, o Cap\u00e3o Redondo, a Casa do Zezinho ocupa hoje quase um quarteir\u00e3o e atende 1.500 crian\u00e7as e adolescentes que, em sua maioria, n\u00e3o t\u00eam acesso aos servi\u00e7os b\u00e1sicos para uma vida digna.<\/p>\n<p>Quando pergunto \u00e0 Tia Dag qual o balan\u00e7o at\u00e9 agora de um projeto ambicioso como aquele, ela responde sem titubear: sucesso. \u201cPosso dizer que 90% dos jovens que passaram por aqui foram para a faculdade ou abriram seu pr\u00f3prio neg\u00f3cio ou terminaram os estudos. Uma parte, perdemos para o tr\u00e1fico ou roubo e ainda t\u00eam aqueles que est\u00e3o entre o trampolim e o sonho.\u201d<\/p>\n<p>Educar para o mundo<\/p>\n<p>&#8220;Ningu\u00e9m pergunta aos alunos o que eles querem.&#8221;<\/p>\n<p>Precursora da chamada \u201cpedagogia do arco-\u00edris\u201d, Tia Dag defende que o segredo para qualquer educador \u00e9 saber escutar o que o aluno tem a dizer. \u201cNo Brasil todos sabem o que querem os professores, os diretores de escola, gestores, mas ningu\u00e9m pergunta aos alunos o que eles querem.\u201d Na Casa do Zezinho, segundo ela, os educadores s\u00e3o convidados a usar os cinco sentidos, mas principalmente a audi\u00e7\u00e3o. \u201c\u00c9 preciso escutar esses meninos para depois tentar uma media\u00e7\u00e3o.\u201d<\/p>\n<p>Al\u00e9m desses elementos, a pedagogia do arco-\u00edris tem como ponto central o desenvolvimento da autonomia de pensamento e de a\u00e7\u00e3o a partir de quatro pilares da educa\u00e7\u00e3o: Ser (Espiritualidade), Conhecer (Ci\u00eancias), Saber (Filosofia) e Fazer (Arte). \u201cEducar para o mundo, para a realidade n\u00e3o \u00e9 uma tarefa f\u00e1cil, envolve uma por\u00e7\u00e3o de coisas que a escola n\u00e3o tem dado conta\u201d, admite.<\/p>\n<p>Apesar da constata\u00e7\u00e3o, a Casa do Zezinho mant\u00e9m uma rela\u00e7\u00e3o bem pr\u00f3xima com a escola e as fam\u00edlias dos \u201czezinhos\u201d. O acompanhamento inclui visitas e reuni\u00f5es, al\u00e9m do monitoramento do desempenho dos alunos em sala de aula. Para Tia Dag, esse di\u00e1logo \u00e9 fundamental para entender e acolher as dificuldades que eles enfrentam.<\/p>\n<p>A outra margem<\/p>\n<p>\u201cSe no passado os rios da cidade foram usados para ampliar o Brasil, hoje eles servem para reduzi-lo e separ\u00e1-lo. Quem est\u00e1 do lado de l\u00e1 da ponte vive uma vida muito diferente de quem est\u00e1 entre as margens. A ponte divide os ricos dos pobres\u201d, reflete Tia Dag sobre as divis\u00f5es geogr\u00e1fica e social da capital paulista, que \u00e9 cortada pelos rios Pinheiros e Tiet\u00ea, barreiras naturais que separam a parte rica da periferia da cidade.<\/p>\n<p>Al\u00e9m de ser considerado um dos distritos mais violentos da cidade (dados do primeiro semestre de 2011 o colocam como o terceiro em n\u00famero de homic\u00eddios), o Cap\u00e3o Redondo sofre com a aus\u00eancia de teatros, museus e casas de shows, al\u00e9m da falta de equipamentos culturais p\u00fablicos. Sem ofertas e com uma demanda cada vez maior, os moradores dependem de iniciativas pr\u00f3prias ou das organiza\u00e7\u00f5es que atuam na \u00e1rea para ter acesso \u00e0 cultura.<\/p>\n<p>\u201c\u00c9 o Cinema na Laje, o Ferr\u00e9z, os saraus, o Hip Hop, tem algo muito interessante acontecendo nos \u00faltimos anos no Cap\u00e3o. O resto da cidade precisa saber que a criatividade leva \u00e0 for\u00e7a e \u00e0 coragem e que, em algum momento, essas pessoas \u2013 que s\u00e3o a maioria em S\u00e3o Paulo \u2013 v\u00e3o querer mais\u201d, sinaliza.<\/p>\n<p>Ela \u00e9 categ\u00f3rica ao afirmar que se nega a chamar a favela de comunidade. \u201cUma comunidade tem endere\u00e7o, ruas, pra\u00e7as, casas, energia el\u00e9trica, saneamento b\u00e1sico. Favela tem beco, esgoto, barraco, umidade. Agora me diz: d\u00e1 pra chamar favela de comunidade?\u201d<\/p>\n<p>Dagmar ou Tia Dag<\/p>\n<p>\u201cOs pedagogos v\u00e3o dizer que est\u00e1 errado, que n\u00e3o pode chamar de tia, mas olha, se eu considerar que todos vivemos na Terra, que \u00e9 a nossa m\u00e3e, posso dizer que somos todos irm\u00e3os, primos, tios. Ent\u00e3o n\u00e3o h\u00e1 problema algum em ser a Tia Dag. Eu nem ligo mais pra isso, mas tem gente que ainda pega no p\u00e9\u201d, afirma sobre a pol\u00eamica do apelido.<\/p>\n<p>Mais de 10 mil &#8220;zezinhos&#8221; j\u00e1 passaram pelo centro educacional.<\/p>\n<p>Aos 56 anos, Dagmar parece incans\u00e1vel. \u201cUma das nossas prioridades agora \u00e9 a Ecocabana. Voc\u00ea j\u00e1 visitou?\u201d A constru\u00e7\u00e3o, que leva garrafas PET recheadas de sobras de materiais das aulas dos \u201czezinhos\u201d, foi erguida com a ajuda de pais que estavam desempregados e \u00e9 a nova aposta em educa\u00e7\u00e3o ambiental da Tia Dag.<\/p>\n<p>E n\u00e3o parece ser a \u00fanica. A lista de ideias e projetos que ela carrega indica que n\u00e3o h\u00e1 inten\u00e7\u00e3o de parar t\u00e3o cedo. \u201cN\u00e3o penso mesmo. Ali\u00e1s, pode anotar a\u00ed: ainda tenho muito o que fazer como educadora.\u201d<\/p>\n<p>Fonte: <a href=\"http:\/\/portal.aprendiz.uol.com.br\/2011\/08\/12\/tia-dag-ninguem-pergunta-aos-alunos-o-que-eles-querem\/\">Portal Aprendiz<\/a><\/p>\n","protected":false},"excerpt":{"rendered":"<p>Precursora da chamada \u201cpedagogia do arco-\u00edris\u201d, Tia Dag defende que o segredo para qualquer educador \u00e9 saber escutar o que o aluno tem a dizer. \u201cNo Brasil todos sabem o que querem os professores, os diretores de escola, gestores, mas ningu\u00e9m pergunta aos alunos o que eles querem.\u201d Na Casa do Zezinho, segundo ela, os educadores s\u00e3o convidados a usar os cinco sentidos, mas principalmente a audi\u00e7\u00e3o. \u201c\u00c9 preciso escutar esses meninos para depois tentar uma media\u00e7\u00e3o.\u201d<\/p>\n","protected":false},"author":1,"featured_media":0,"comment_status":"open","ping_status":"open","sticky":false,"template":"","format":"standard","meta":{"site-container-style":"default","site-container-layout":"default","site-sidebar-layout":"default","disable-article-header":"default","disable-site-header":"default","disable-site-footer":"default","disable-content-area-spacing":"default","footnotes":""},"categories":[6,48],"tags":[],"class_list":["post-20686","post","type-post","status-publish","format-standard","hentry","category-educacao","category-inclusao"],"yoast_head":"<!-- This site is optimized with the Yoast SEO plugin v27.4 - https:\/\/yoast.com\/product\/yoast-seo-wordpress\/ -->\n<title>Tia Dag: \u201dNingu\u00e9m pergunta aos alunos o que eles querem\u201d -<\/title>\n<meta name=\"robots\" content=\"index, follow, max-snippet:-1, max-image-preview:large, max-video-preview:-1\" \/>\n<link rel=\"canonical\" href=\"https:\/\/inclusivenews.com.br\/?p=20686\" \/>\n<meta property=\"og:locale\" content=\"pt_PT\" \/>\n<meta property=\"og:type\" content=\"article\" \/>\n<meta property=\"og:title\" content=\"Tia Dag: \u201dNingu\u00e9m pergunta aos alunos o que eles querem\u201d -\" \/>\n<meta property=\"og:description\" content=\"Precursora da chamada \u201cpedagogia do arco-\u00edris\u201d, Tia Dag defende que o segredo para qualquer educador \u00e9 saber escutar o que o aluno tem a dizer. \u201cNo Brasil todos sabem o que querem os professores, os diretores de escola, gestores, mas ningu\u00e9m pergunta aos alunos o que eles querem.\u201d Na Casa do Zezinho, segundo ela, os educadores s\u00e3o convidados a usar os cinco sentidos, mas principalmente a audi\u00e7\u00e3o. \u201c\u00c9 preciso escutar esses meninos para depois tentar uma media\u00e7\u00e3o.\u201d\" \/>\n<meta property=\"og:url\" content=\"https:\/\/inclusivenews.com.br\/?p=20686\" \/>\n<meta property=\"article:publisher\" content=\"https:\/\/www.facebook.com\/agenciainclusive\/\" \/>\n<meta property=\"article:published_time\" content=\"2011-08-18T10:24:38+00:00\" \/>\n<meta name=\"author\" content=\"inclusivenews2024\" \/>\n<meta name=\"twitter:card\" content=\"summary_large_image\" \/>\n<meta name=\"twitter:label1\" content=\"Escrito por\" \/>\n\t<meta name=\"twitter:data1\" content=\"inclusivenews2024\" \/>\n\t<meta name=\"twitter:label2\" content=\"Tempo estimado de leitura\" \/>\n\t<meta name=\"twitter:data2\" content=\"5 minutos\" \/>\n<script type=\"application\/ld+json\" class=\"yoast-schema-graph\">{\"@context\":\"https:\\\/\\\/schema.org\",\"@graph\":[{\"@type\":\"Article\",\"@id\":\"https:\\\/\\\/inclusivenews.com.br\\\/?p=20686#article\",\"isPartOf\":{\"@id\":\"https:\\\/\\\/inclusivenews.com.br\\\/?p=20686\"},\"author\":{\"name\":\"inclusivenews2024\",\"@id\":\"https:\\\/\\\/inclusivenews.com.br\\\/#\\\/schema\\\/person\\\/ae4ec7087559b8692fb33b6fffd2273b\"},\"headline\":\"Tia Dag: \u201dNingu\u00e9m pergunta aos alunos o que eles querem\u201d\",\"datePublished\":\"2011-08-18T10:24:38+00:00\",\"mainEntityOfPage\":{\"@id\":\"https:\\\/\\\/inclusivenews.com.br\\\/?p=20686\"},\"wordCount\":939,\"commentCount\":0,\"publisher\":{\"@id\":\"https:\\\/\\\/inclusivenews.com.br\\\/#organization\"},\"articleSection\":[\"EDUCA\u00c7\u00c3O\",\"INCLUS\u00c3O SOCIAL\"],\"inLanguage\":\"pt-PT\",\"potentialAction\":[{\"@type\":\"CommentAction\",\"name\":\"Comment\",\"target\":[\"https:\\\/\\\/inclusivenews.com.br\\\/?p=20686#respond\"]}]},{\"@type\":\"WebPage\",\"@id\":\"https:\\\/\\\/inclusivenews.com.br\\\/?p=20686\",\"url\":\"https:\\\/\\\/inclusivenews.com.br\\\/?p=20686\",\"name\":\"Tia Dag: \u201dNingu\u00e9m pergunta aos alunos o que eles querem\u201d -\",\"isPartOf\":{\"@id\":\"https:\\\/\\\/inclusivenews.com.br\\\/#website\"},\"datePublished\":\"2011-08-18T10:24:38+00:00\",\"breadcrumb\":{\"@id\":\"https:\\\/\\\/inclusivenews.com.br\\\/?p=20686#breadcrumb\"},\"inLanguage\":\"pt-PT\",\"potentialAction\":[{\"@type\":\"ReadAction\",\"target\":[\"https:\\\/\\\/inclusivenews.com.br\\\/?p=20686\"]}]},{\"@type\":\"BreadcrumbList\",\"@id\":\"https:\\\/\\\/inclusivenews.com.br\\\/?p=20686#breadcrumb\",\"itemListElement\":[{\"@type\":\"ListItem\",\"position\":1,\"name\":\"In\u00edcio\",\"item\":\"https:\\\/\\\/inclusivenews.com.br\\\/\"},{\"@type\":\"ListItem\",\"position\":2,\"name\":\"Tia Dag: \u201dNingu\u00e9m pergunta aos alunos o que eles querem\u201d\"}]},{\"@type\":\"WebSite\",\"@id\":\"https:\\\/\\\/inclusivenews.com.br\\\/#website\",\"url\":\"https:\\\/\\\/inclusivenews.com.br\\\/\",\"name\":\"Inclusive News\",\"description\":\"Inclusive News\",\"publisher\":{\"@id\":\"https:\\\/\\\/inclusivenews.com.br\\\/#organization\"},\"potentialAction\":[{\"@type\":\"SearchAction\",\"target\":{\"@type\":\"EntryPoint\",\"urlTemplate\":\"https:\\\/\\\/inclusivenews.com.br\\\/?s={search_term_string}\"},\"query-input\":{\"@type\":\"PropertyValueSpecification\",\"valueRequired\":true,\"valueName\":\"search_term_string\"}}],\"inLanguage\":\"pt-PT\"},{\"@type\":\"Organization\",\"@id\":\"https:\\\/\\\/inclusivenews.com.br\\\/#organization\",\"name\":\"Inclusive - inclus\u00e3o e cidadania\",\"url\":\"https:\\\/\\\/inclusivenews.com.br\\\/\",\"logo\":{\"@type\":\"ImageObject\",\"inLanguage\":\"pt-PT\",\"@id\":\"https:\\\/\\\/inclusivenews.com.br\\\/#\\\/schema\\\/logo\\\/image\\\/\",\"url\":\"https:\\\/\\\/inclusivenews.com.br\\\/wp-content\\\/uploads\\\/2024\\\/03\\\/@grandesite.png\",\"contentUrl\":\"https:\\\/\\\/inclusivenews.com.br\\\/wp-content\\\/uploads\\\/2024\\\/03\\\/@grandesite.png\",\"width\":1080,\"height\":1080,\"caption\":\"Inclusive - inclus\u00e3o e cidadania\"},\"image\":{\"@id\":\"https:\\\/\\\/inclusivenews.com.br\\\/#\\\/schema\\\/logo\\\/image\\\/\"},\"sameAs\":[\"https:\\\/\\\/www.facebook.com\\\/agenciainclusive\\\/\",\"https:\\\/\\\/www.instagram.com\\\/newsinclusive\\\/\"]},{\"@type\":\"Person\",\"@id\":\"https:\\\/\\\/inclusivenews.com.br\\\/#\\\/schema\\\/person\\\/ae4ec7087559b8692fb33b6fffd2273b\",\"name\":\"inclusivenews2024\",\"image\":{\"@type\":\"ImageObject\",\"inLanguage\":\"pt-PT\",\"@id\":\"https:\\\/\\\/secure.gravatar.com\\\/avatar\\\/c5a7ef84c66fa914f55bc4f7ce26cfa275a3b9a1c5568b907bd184fb4dde7b40?s=96&d=mm&r=g\",\"url\":\"https:\\\/\\\/secure.gravatar.com\\\/avatar\\\/c5a7ef84c66fa914f55bc4f7ce26cfa275a3b9a1c5568b907bd184fb4dde7b40?s=96&d=mm&r=g\",\"contentUrl\":\"https:\\\/\\\/secure.gravatar.com\\\/avatar\\\/c5a7ef84c66fa914f55bc4f7ce26cfa275a3b9a1c5568b907bd184fb4dde7b40?s=96&d=mm&r=g\",\"caption\":\"inclusivenews2024\"},\"sameAs\":[\"https:\\\/\\\/inclusivenews.com.br\"],\"url\":\"https:\\\/\\\/inclusivenews.com.br\\\/?author=1\"}]}<\/script>\n<!-- \/ Yoast SEO plugin. -->","yoast_head_json":{"title":"Tia Dag: \u201dNingu\u00e9m pergunta aos alunos o que eles querem\u201d -","robots":{"index":"index","follow":"follow","max-snippet":"max-snippet:-1","max-image-preview":"max-image-preview:large","max-video-preview":"max-video-preview:-1"},"canonical":"https:\/\/inclusivenews.com.br\/?p=20686","og_locale":"pt_PT","og_type":"article","og_title":"Tia Dag: \u201dNingu\u00e9m pergunta aos alunos o que eles querem\u201d -","og_description":"Precursora da chamada \u201cpedagogia do arco-\u00edris\u201d, Tia Dag defende que o segredo para qualquer educador \u00e9 saber escutar o que o aluno tem a dizer. \u201cNo Brasil todos sabem o que querem os professores, os diretores de escola, gestores, mas ningu\u00e9m pergunta aos alunos o que eles querem.\u201d Na Casa do Zezinho, segundo ela, os educadores s\u00e3o convidados a usar os cinco sentidos, mas principalmente a audi\u00e7\u00e3o. \u201c\u00c9 preciso escutar esses meninos para depois tentar uma media\u00e7\u00e3o.\u201d","og_url":"https:\/\/inclusivenews.com.br\/?p=20686","article_publisher":"https:\/\/www.facebook.com\/agenciainclusive\/","article_published_time":"2011-08-18T10:24:38+00:00","author":"inclusivenews2024","twitter_card":"summary_large_image","twitter_misc":{"Escrito por":"inclusivenews2024","Tempo estimado de leitura":"5 minutos"},"schema":{"@context":"https:\/\/schema.org","@graph":[{"@type":"Article","@id":"https:\/\/inclusivenews.com.br\/?p=20686#article","isPartOf":{"@id":"https:\/\/inclusivenews.com.br\/?p=20686"},"author":{"name":"inclusivenews2024","@id":"https:\/\/inclusivenews.com.br\/#\/schema\/person\/ae4ec7087559b8692fb33b6fffd2273b"},"headline":"Tia Dag: \u201dNingu\u00e9m pergunta aos alunos o que eles querem\u201d","datePublished":"2011-08-18T10:24:38+00:00","mainEntityOfPage":{"@id":"https:\/\/inclusivenews.com.br\/?p=20686"},"wordCount":939,"commentCount":0,"publisher":{"@id":"https:\/\/inclusivenews.com.br\/#organization"},"articleSection":["EDUCA\u00c7\u00c3O","INCLUS\u00c3O SOCIAL"],"inLanguage":"pt-PT","potentialAction":[{"@type":"CommentAction","name":"Comment","target":["https:\/\/inclusivenews.com.br\/?p=20686#respond"]}]},{"@type":"WebPage","@id":"https:\/\/inclusivenews.com.br\/?p=20686","url":"https:\/\/inclusivenews.com.br\/?p=20686","name":"Tia Dag: \u201dNingu\u00e9m pergunta aos alunos o que eles querem\u201d -","isPartOf":{"@id":"https:\/\/inclusivenews.com.br\/#website"},"datePublished":"2011-08-18T10:24:38+00:00","breadcrumb":{"@id":"https:\/\/inclusivenews.com.br\/?p=20686#breadcrumb"},"inLanguage":"pt-PT","potentialAction":[{"@type":"ReadAction","target":["https:\/\/inclusivenews.com.br\/?p=20686"]}]},{"@type":"BreadcrumbList","@id":"https:\/\/inclusivenews.com.br\/?p=20686#breadcrumb","itemListElement":[{"@type":"ListItem","position":1,"name":"In\u00edcio","item":"https:\/\/inclusivenews.com.br\/"},{"@type":"ListItem","position":2,"name":"Tia Dag: \u201dNingu\u00e9m pergunta aos alunos o que eles querem\u201d"}]},{"@type":"WebSite","@id":"https:\/\/inclusivenews.com.br\/#website","url":"https:\/\/inclusivenews.com.br\/","name":"Inclusive News","description":"Inclusive News","publisher":{"@id":"https:\/\/inclusivenews.com.br\/#organization"},"potentialAction":[{"@type":"SearchAction","target":{"@type":"EntryPoint","urlTemplate":"https:\/\/inclusivenews.com.br\/?s={search_term_string}"},"query-input":{"@type":"PropertyValueSpecification","valueRequired":true,"valueName":"search_term_string"}}],"inLanguage":"pt-PT"},{"@type":"Organization","@id":"https:\/\/inclusivenews.com.br\/#organization","name":"Inclusive - inclus\u00e3o e cidadania","url":"https:\/\/inclusivenews.com.br\/","logo":{"@type":"ImageObject","inLanguage":"pt-PT","@id":"https:\/\/inclusivenews.com.br\/#\/schema\/logo\/image\/","url":"https:\/\/inclusivenews.com.br\/wp-content\/uploads\/2024\/03\/@grandesite.png","contentUrl":"https:\/\/inclusivenews.com.br\/wp-content\/uploads\/2024\/03\/@grandesite.png","width":1080,"height":1080,"caption":"Inclusive - inclus\u00e3o e cidadania"},"image":{"@id":"https:\/\/inclusivenews.com.br\/#\/schema\/logo\/image\/"},"sameAs":["https:\/\/www.facebook.com\/agenciainclusive\/","https:\/\/www.instagram.com\/newsinclusive\/"]},{"@type":"Person","@id":"https:\/\/inclusivenews.com.br\/#\/schema\/person\/ae4ec7087559b8692fb33b6fffd2273b","name":"inclusivenews2024","image":{"@type":"ImageObject","inLanguage":"pt-PT","@id":"https:\/\/secure.gravatar.com\/avatar\/c5a7ef84c66fa914f55bc4f7ce26cfa275a3b9a1c5568b907bd184fb4dde7b40?s=96&d=mm&r=g","url":"https:\/\/secure.gravatar.com\/avatar\/c5a7ef84c66fa914f55bc4f7ce26cfa275a3b9a1c5568b907bd184fb4dde7b40?s=96&d=mm&r=g","contentUrl":"https:\/\/secure.gravatar.com\/avatar\/c5a7ef84c66fa914f55bc4f7ce26cfa275a3b9a1c5568b907bd184fb4dde7b40?s=96&d=mm&r=g","caption":"inclusivenews2024"},"sameAs":["https:\/\/inclusivenews.com.br"],"url":"https:\/\/inclusivenews.com.br\/?author=1"}]}},"_links":{"self":[{"href":"https:\/\/inclusivenews.com.br\/index.php?rest_route=\/wp\/v2\/posts\/20686","targetHints":{"allow":["GET"]}}],"collection":[{"href":"https:\/\/inclusivenews.com.br\/index.php?rest_route=\/wp\/v2\/posts"}],"about":[{"href":"https:\/\/inclusivenews.com.br\/index.php?rest_route=\/wp\/v2\/types\/post"}],"author":[{"embeddable":true,"href":"https:\/\/inclusivenews.com.br\/index.php?rest_route=\/wp\/v2\/users\/1"}],"replies":[{"embeddable":true,"href":"https:\/\/inclusivenews.com.br\/index.php?rest_route=%2Fwp%2Fv2%2Fcomments&post=20686"}],"version-history":[{"count":0,"href":"https:\/\/inclusivenews.com.br\/index.php?rest_route=\/wp\/v2\/posts\/20686\/revisions"}],"wp:attachment":[{"href":"https:\/\/inclusivenews.com.br\/index.php?rest_route=%2Fwp%2Fv2%2Fmedia&parent=20686"}],"wp:term":[{"taxonomy":"category","embeddable":true,"href":"https:\/\/inclusivenews.com.br\/index.php?rest_route=%2Fwp%2Fv2%2Fcategories&post=20686"},{"taxonomy":"post_tag","embeddable":true,"href":"https:\/\/inclusivenews.com.br\/index.php?rest_route=%2Fwp%2Fv2%2Ftags&post=20686"}],"curies":[{"name":"wp","href":"https:\/\/api.w.org\/{rel}","templated":true}]}}