{"id":20691,"date":"2011-08-18T07:27:43","date_gmt":"2011-08-18T10:27:43","guid":{"rendered":"http:\/\/www.inclusive.org.br\/?p=20691"},"modified":"2011-08-18T07:27:43","modified_gmt":"2011-08-18T10:27:43","slug":"investimento-de-7-do-pib-para-educacao-nao-garante-padrao-minimo-de-qualidade","status":"publish","type":"post","link":"https:\/\/inclusivenews.com.br\/?p=20691","title":{"rendered":"Investimento de 7% do PIB para educa\u00e7\u00e3o n\u00e3o garante padr\u00e3o m\u00ednimo de qualidade"},"content":{"rendered":"<p><img loading=\"lazy\" decoding=\"async\" class=\"alignleft size-full wp-image-12548\" title=\"Campanha Nacional pelo Direito \u00e0 Educa\u00e7\u00e3o - um livro e aves saindo dentro dele\" src=\"http:\/\/inclusivenews.com.br\/wp-content\/uploads\/2009\/11\/campanha.jpg\" alt=\"Campanha Nacional pelo Direito \u00e0 Educa\u00e7\u00e3o - um livro e aves saindo dentro dele\" width=\"190\" height=\"190\" srcset=\"https:\/\/inclusivenews.com.br\/wp-content\/uploads\/2009\/11\/campanha.jpg 190w, https:\/\/inclusivenews.com.br\/wp-content\/uploads\/2009\/11\/campanha-150x150.jpg 150w\" sizes=\"auto, (max-width: 190px) 100vw, 190px\" \/>A Campanha Nacional pelo Direito \u00e0 Educa\u00e7\u00e3o lan\u00e7ou no come\u00e7o da manh\u00e3 do dia 17 de agosto de 2011, Nota T\u00e9cnica que demonstra a necessidade de investimento de cerca de 10% do PIB para a educa\u00e7\u00e3o p\u00fablica alcan\u00e7ar um padr\u00e3o m\u00ednimo de qualidade na pr\u00f3xima d\u00e9cada.<\/p>\n<p>A divulga\u00e7\u00e3o do estudo faz parte da programa\u00e7\u00e3o do 7\u00ba Encontro Nacional da Campanha, que tem como tema \u201cPNE pra Valer! A educa\u00e7\u00e3o que o Brasil quer e precisa\u201d.<\/p>\n<p>Nota T\u00e9cnica<\/p>\n<p>Utilizando a mesma metodologia da planilha de custos do MEC, o estudo comprova que a proposta do Governo Federal para o novo PNE \u00e9 insuficiente para garantir o direito \u00e0 educa\u00e7\u00e3o de qualidade.<\/p>\n<p>Para o coordenador da Campanha Nacional pelo Direito \u00e0 Educa\u00e7\u00e3o, Daniel Cara, o Brasil n\u00e3o pode perder mais uma d\u00e9cada em termos de direitos educacionais. \u201cInvestir 7% do PIB em educa\u00e7\u00e3o p\u00fablica significa manter apenas a expans\u00e3o prec\u00e1ria do acesso \u00e0 educa\u00e7\u00e3o. Nosso estudo mostra que investir cerca de 10% do PIB garante um padr\u00e3o m\u00ednimo de qualidade, que n\u00e3o \u00e9 o ideal, mas representa um primeiro passo\u201d.<\/p>\n<p>Enquanto em sua planilha de custos o MEC calcula que o Brasil precisa investir aproximadamente R$ 61,058 bilh\u00f5es na pr\u00f3xima d\u00e9cada para cumprir com as metas do novo PNE, o estudo da Campanha Nacional pelo Direito \u00e0 Educa\u00e7\u00e3o apresenta uma necessidade de R$ 169,830 bilh\u00f5es.<\/p>\n<p>Em termos de investimento como propor\u00e7\u00e3o do PIB, para a educa\u00e7\u00e3o p\u00fablica brasileira alcan\u00e7ar um padr\u00e3o m\u00ednimo de qualidade, a Campanha verificou a necessidade de uma meta de investimento na ordem de 10,403% do Produto Interno Bruto.<\/p>\n<p>Acesse a Nota T\u00e9cnica aqui: <a href=\"http:\/\/arquivo.campanhaeducacao.org.br\/noticias\/NotaTecnica_10PIB_Campanha_17ago2011.pdf\">http:\/\/arquivo.campanhaeducacao.org.br\/noticias\/NotaTecnica_10PIB_Campanha_17ago2011.pdf<\/a><\/p>\n","protected":false},"excerpt":{"rendered":"<p>Utilizando a mesma metodologia da planilha de custos do MEC, o estudo comprova que a proposta do Governo Federal para o novo PNE \u00e9 insuficiente para garantir o direito \u00e0 educa\u00e7\u00e3o de qualidade.<\/p>\n","protected":false},"author":1,"featured_media":0,"comment_status":"open","ping_status":"open","sticky":false,"template":"","format":"standard","meta":{"site-container-style":"default","site-container-layout":"default","site-sidebar-layout":"default","disable-article-header":"default","disable-site-header":"default","disable-site-footer":"default","disable-content-area-spacing":"default","footnotes":""},"categories":[6],"tags":[],"class_list":["post-20691","post","type-post","status-publish","format-standard","hentry","category-educacao"],"yoast_head":"<!-- This site is optimized with the Yoast SEO plugin v27.4 - https:\/\/yoast.com\/product\/yoast-seo-wordpress\/ -->\n<title>Investimento de 7% do PIB para educa\u00e7\u00e3o n\u00e3o garante padr\u00e3o m\u00ednimo de qualidade -<\/title>\n<meta name=\"robots\" content=\"index, follow, max-snippet:-1, max-image-preview:large, max-video-preview:-1\" \/>\n<link rel=\"canonical\" href=\"https:\/\/inclusivenews.com.br\/?p=20691\" \/>\n<meta property=\"og:locale\" content=\"pt_PT\" \/>\n<meta property=\"og:type\" content=\"article\" \/>\n<meta property=\"og:title\" content=\"Investimento de 7% do PIB para educa\u00e7\u00e3o n\u00e3o garante padr\u00e3o m\u00ednimo de qualidade -\" \/>\n<meta property=\"og:description\" content=\"Utilizando a mesma metodologia da planilha de custos do MEC, o estudo comprova que a proposta do Governo Federal para o novo PNE \u00e9 insuficiente para garantir o direito \u00e0 educa\u00e7\u00e3o de qualidade.\" \/>\n<meta property=\"og:url\" content=\"https:\/\/inclusivenews.com.br\/?p=20691\" \/>\n<meta property=\"article:publisher\" content=\"https:\/\/www.facebook.com\/agenciainclusive\/\" \/>\n<meta property=\"article:published_time\" content=\"2011-08-18T10:27:43+00:00\" \/>\n<meta property=\"og:image\" content=\"http:\/\/inclusivenews.com.br\/wp-content\/uploads\/2009\/11\/campanha.jpg\" \/>\n<meta name=\"author\" content=\"inclusivenews2024\" \/>\n<meta name=\"twitter:card\" content=\"summary_large_image\" \/>\n<meta name=\"twitter:label1\" content=\"Escrito por\" \/>\n\t<meta name=\"twitter:data1\" content=\"inclusivenews2024\" \/>\n\t<meta name=\"twitter:label2\" content=\"Tempo estimado de leitura\" \/>\n\t<meta name=\"twitter:data2\" content=\"1 minuto\" \/>\n<script type=\"application\/ld+json\" class=\"yoast-schema-graph\">{\"@context\":\"https:\\\/\\\/schema.org\",\"@graph\":[{\"@type\":\"Article\",\"@id\":\"https:\\\/\\\/inclusivenews.com.br\\\/?p=20691#article\",\"isPartOf\":{\"@id\":\"https:\\\/\\\/inclusivenews.com.br\\\/?p=20691\"},\"author\":{\"name\":\"inclusivenews2024\",\"@id\":\"https:\\\/\\\/inclusivenews.com.br\\\/#\\\/schema\\\/person\\\/ae4ec7087559b8692fb33b6fffd2273b\"},\"headline\":\"Investimento de 7% do PIB para educa\u00e7\u00e3o n\u00e3o garante padr\u00e3o m\u00ednimo de qualidade\",\"datePublished\":\"2011-08-18T10:27:43+00:00\",\"mainEntityOfPage\":{\"@id\":\"https:\\\/\\\/inclusivenews.com.br\\\/?p=20691\"},\"wordCount\":315,\"commentCount\":0,\"publisher\":{\"@id\":\"https:\\\/\\\/inclusivenews.com.br\\\/#organization\"},\"image\":{\"@id\":\"https:\\\/\\\/inclusivenews.com.br\\\/?p=20691#primaryimage\"},\"thumbnailUrl\":\"http:\\\/\\\/inclusivenews.com.br\\\/wp-content\\\/uploads\\\/2009\\\/11\\\/campanha.jpg\",\"articleSection\":[\"EDUCA\u00c7\u00c3O\"],\"inLanguage\":\"pt-PT\",\"potentialAction\":[{\"@type\":\"CommentAction\",\"name\":\"Comment\",\"target\":[\"https:\\\/\\\/inclusivenews.com.br\\\/?p=20691#respond\"]}]},{\"@type\":\"WebPage\",\"@id\":\"https:\\\/\\\/inclusivenews.com.br\\\/?p=20691\",\"url\":\"https:\\\/\\\/inclusivenews.com.br\\\/?p=20691\",\"name\":\"Investimento de 7% do PIB para educa\u00e7\u00e3o n\u00e3o garante padr\u00e3o m\u00ednimo de qualidade -\",\"isPartOf\":{\"@id\":\"https:\\\/\\\/inclusivenews.com.br\\\/#website\"},\"primaryImageOfPage\":{\"@id\":\"https:\\\/\\\/inclusivenews.com.br\\\/?p=20691#primaryimage\"},\"image\":{\"@id\":\"https:\\\/\\\/inclusivenews.com.br\\\/?p=20691#primaryimage\"},\"thumbnailUrl\":\"http:\\\/\\\/inclusivenews.com.br\\\/wp-content\\\/uploads\\\/2009\\\/11\\\/campanha.jpg\",\"datePublished\":\"2011-08-18T10:27:43+00:00\",\"breadcrumb\":{\"@id\":\"https:\\\/\\\/inclusivenews.com.br\\\/?p=20691#breadcrumb\"},\"inLanguage\":\"pt-PT\",\"potentialAction\":[{\"@type\":\"ReadAction\",\"target\":[\"https:\\\/\\\/inclusivenews.com.br\\\/?p=20691\"]}]},{\"@type\":\"ImageObject\",\"inLanguage\":\"pt-PT\",\"@id\":\"https:\\\/\\\/inclusivenews.com.br\\\/?p=20691#primaryimage\",\"url\":\"https:\\\/\\\/inclusivenews.com.br\\\/wp-content\\\/uploads\\\/2009\\\/11\\\/campanha.jpg\",\"contentUrl\":\"https:\\\/\\\/inclusivenews.com.br\\\/wp-content\\\/uploads\\\/2009\\\/11\\\/campanha.jpg\",\"width\":190,\"height\":190,\"caption\":\"Campanha Nacional pelo Direito \u00e0 Educa\u00e7\u00e3o - um livro e aves saindo dentro dele\"},{\"@type\":\"BreadcrumbList\",\"@id\":\"https:\\\/\\\/inclusivenews.com.br\\\/?p=20691#breadcrumb\",\"itemListElement\":[{\"@type\":\"ListItem\",\"position\":1,\"name\":\"In\u00edcio\",\"item\":\"https:\\\/\\\/inclusivenews.com.br\\\/\"},{\"@type\":\"ListItem\",\"position\":2,\"name\":\"Investimento de 7% do PIB para educa\u00e7\u00e3o n\u00e3o garante padr\u00e3o m\u00ednimo de qualidade\"}]},{\"@type\":\"WebSite\",\"@id\":\"https:\\\/\\\/inclusivenews.com.br\\\/#website\",\"url\":\"https:\\\/\\\/inclusivenews.com.br\\\/\",\"name\":\"Inclusive News\",\"description\":\"Inclusive News\",\"publisher\":{\"@id\":\"https:\\\/\\\/inclusivenews.com.br\\\/#organization\"},\"potentialAction\":[{\"@type\":\"SearchAction\",\"target\":{\"@type\":\"EntryPoint\",\"urlTemplate\":\"https:\\\/\\\/inclusivenews.com.br\\\/?s={search_term_string}\"},\"query-input\":{\"@type\":\"PropertyValueSpecification\",\"valueRequired\":true,\"valueName\":\"search_term_string\"}}],\"inLanguage\":\"pt-PT\"},{\"@type\":\"Organization\",\"@id\":\"https:\\\/\\\/inclusivenews.com.br\\\/#organization\",\"name\":\"Inclusive - inclus\u00e3o e cidadania\",\"url\":\"https:\\\/\\\/inclusivenews.com.br\\\/\",\"logo\":{\"@type\":\"ImageObject\",\"inLanguage\":\"pt-PT\",\"@id\":\"https:\\\/\\\/inclusivenews.com.br\\\/#\\\/schema\\\/logo\\\/image\\\/\",\"url\":\"https:\\\/\\\/inclusivenews.com.br\\\/wp-content\\\/uploads\\\/2024\\\/03\\\/@grandesite.png\",\"contentUrl\":\"https:\\\/\\\/inclusivenews.com.br\\\/wp-content\\\/uploads\\\/2024\\\/03\\\/@grandesite.png\",\"width\":1080,\"height\":1080,\"caption\":\"Inclusive - inclus\u00e3o e cidadania\"},\"image\":{\"@id\":\"https:\\\/\\\/inclusivenews.com.br\\\/#\\\/schema\\\/logo\\\/image\\\/\"},\"sameAs\":[\"https:\\\/\\\/www.facebook.com\\\/agenciainclusive\\\/\",\"https:\\\/\\\/www.instagram.com\\\/newsinclusive\\\/\"]},{\"@type\":\"Person\",\"@id\":\"https:\\\/\\\/inclusivenews.com.br\\\/#\\\/schema\\\/person\\\/ae4ec7087559b8692fb33b6fffd2273b\",\"name\":\"inclusivenews2024\",\"image\":{\"@type\":\"ImageObject\",\"inLanguage\":\"pt-PT\",\"@id\":\"https:\\\/\\\/secure.gravatar.com\\\/avatar\\\/c5a7ef84c66fa914f55bc4f7ce26cfa275a3b9a1c5568b907bd184fb4dde7b40?s=96&d=mm&r=g\",\"url\":\"https:\\\/\\\/secure.gravatar.com\\\/avatar\\\/c5a7ef84c66fa914f55bc4f7ce26cfa275a3b9a1c5568b907bd184fb4dde7b40?s=96&d=mm&r=g\",\"contentUrl\":\"https:\\\/\\\/secure.gravatar.com\\\/avatar\\\/c5a7ef84c66fa914f55bc4f7ce26cfa275a3b9a1c5568b907bd184fb4dde7b40?s=96&d=mm&r=g\",\"caption\":\"inclusivenews2024\"},\"sameAs\":[\"https:\\\/\\\/inclusivenews.com.br\"],\"url\":\"https:\\\/\\\/inclusivenews.com.br\\\/?author=1\"}]}<\/script>\n<!-- \/ Yoast SEO plugin. -->","yoast_head_json":{"title":"Investimento de 7% do PIB para educa\u00e7\u00e3o n\u00e3o garante padr\u00e3o m\u00ednimo de qualidade -","robots":{"index":"index","follow":"follow","max-snippet":"max-snippet:-1","max-image-preview":"max-image-preview:large","max-video-preview":"max-video-preview:-1"},"canonical":"https:\/\/inclusivenews.com.br\/?p=20691","og_locale":"pt_PT","og_type":"article","og_title":"Investimento de 7% do PIB para educa\u00e7\u00e3o n\u00e3o garante padr\u00e3o m\u00ednimo de qualidade -","og_description":"Utilizando a mesma metodologia da planilha de custos do MEC, o estudo comprova que a proposta do Governo Federal para o novo PNE \u00e9 insuficiente para garantir o direito \u00e0 educa\u00e7\u00e3o de qualidade.","og_url":"https:\/\/inclusivenews.com.br\/?p=20691","article_publisher":"https:\/\/www.facebook.com\/agenciainclusive\/","article_published_time":"2011-08-18T10:27:43+00:00","og_image":[{"url":"http:\/\/inclusivenews.com.br\/wp-content\/uploads\/2009\/11\/campanha.jpg","type":"","width":"","height":""}],"author":"inclusivenews2024","twitter_card":"summary_large_image","twitter_misc":{"Escrito por":"inclusivenews2024","Tempo estimado de leitura":"1 minuto"},"schema":{"@context":"https:\/\/schema.org","@graph":[{"@type":"Article","@id":"https:\/\/inclusivenews.com.br\/?p=20691#article","isPartOf":{"@id":"https:\/\/inclusivenews.com.br\/?p=20691"},"author":{"name":"inclusivenews2024","@id":"https:\/\/inclusivenews.com.br\/#\/schema\/person\/ae4ec7087559b8692fb33b6fffd2273b"},"headline":"Investimento de 7% do PIB para educa\u00e7\u00e3o n\u00e3o garante padr\u00e3o m\u00ednimo de qualidade","datePublished":"2011-08-18T10:27:43+00:00","mainEntityOfPage":{"@id":"https:\/\/inclusivenews.com.br\/?p=20691"},"wordCount":315,"commentCount":0,"publisher":{"@id":"https:\/\/inclusivenews.com.br\/#organization"},"image":{"@id":"https:\/\/inclusivenews.com.br\/?p=20691#primaryimage"},"thumbnailUrl":"http:\/\/inclusivenews.com.br\/wp-content\/uploads\/2009\/11\/campanha.jpg","articleSection":["EDUCA\u00c7\u00c3O"],"inLanguage":"pt-PT","potentialAction":[{"@type":"CommentAction","name":"Comment","target":["https:\/\/inclusivenews.com.br\/?p=20691#respond"]}]},{"@type":"WebPage","@id":"https:\/\/inclusivenews.com.br\/?p=20691","url":"https:\/\/inclusivenews.com.br\/?p=20691","name":"Investimento de 7% do PIB para educa\u00e7\u00e3o n\u00e3o garante padr\u00e3o m\u00ednimo de qualidade -","isPartOf":{"@id":"https:\/\/inclusivenews.com.br\/#website"},"primaryImageOfPage":{"@id":"https:\/\/inclusivenews.com.br\/?p=20691#primaryimage"},"image":{"@id":"https:\/\/inclusivenews.com.br\/?p=20691#primaryimage"},"thumbnailUrl":"http:\/\/inclusivenews.com.br\/wp-content\/uploads\/2009\/11\/campanha.jpg","datePublished":"2011-08-18T10:27:43+00:00","breadcrumb":{"@id":"https:\/\/inclusivenews.com.br\/?p=20691#breadcrumb"},"inLanguage":"pt-PT","potentialAction":[{"@type":"ReadAction","target":["https:\/\/inclusivenews.com.br\/?p=20691"]}]},{"@type":"ImageObject","inLanguage":"pt-PT","@id":"https:\/\/inclusivenews.com.br\/?p=20691#primaryimage","url":"https:\/\/inclusivenews.com.br\/wp-content\/uploads\/2009\/11\/campanha.jpg","contentUrl":"https:\/\/inclusivenews.com.br\/wp-content\/uploads\/2009\/11\/campanha.jpg","width":190,"height":190,"caption":"Campanha Nacional pelo Direito \u00e0 Educa\u00e7\u00e3o - um livro e aves saindo dentro dele"},{"@type":"BreadcrumbList","@id":"https:\/\/inclusivenews.com.br\/?p=20691#breadcrumb","itemListElement":[{"@type":"ListItem","position":1,"name":"In\u00edcio","item":"https:\/\/inclusivenews.com.br\/"},{"@type":"ListItem","position":2,"name":"Investimento de 7% do PIB para educa\u00e7\u00e3o n\u00e3o garante padr\u00e3o m\u00ednimo de qualidade"}]},{"@type":"WebSite","@id":"https:\/\/inclusivenews.com.br\/#website","url":"https:\/\/inclusivenews.com.br\/","name":"Inclusive News","description":"Inclusive News","publisher":{"@id":"https:\/\/inclusivenews.com.br\/#organization"},"potentialAction":[{"@type":"SearchAction","target":{"@type":"EntryPoint","urlTemplate":"https:\/\/inclusivenews.com.br\/?s={search_term_string}"},"query-input":{"@type":"PropertyValueSpecification","valueRequired":true,"valueName":"search_term_string"}}],"inLanguage":"pt-PT"},{"@type":"Organization","@id":"https:\/\/inclusivenews.com.br\/#organization","name":"Inclusive - inclus\u00e3o e cidadania","url":"https:\/\/inclusivenews.com.br\/","logo":{"@type":"ImageObject","inLanguage":"pt-PT","@id":"https:\/\/inclusivenews.com.br\/#\/schema\/logo\/image\/","url":"https:\/\/inclusivenews.com.br\/wp-content\/uploads\/2024\/03\/@grandesite.png","contentUrl":"https:\/\/inclusivenews.com.br\/wp-content\/uploads\/2024\/03\/@grandesite.png","width":1080,"height":1080,"caption":"Inclusive - inclus\u00e3o e cidadania"},"image":{"@id":"https:\/\/inclusivenews.com.br\/#\/schema\/logo\/image\/"},"sameAs":["https:\/\/www.facebook.com\/agenciainclusive\/","https:\/\/www.instagram.com\/newsinclusive\/"]},{"@type":"Person","@id":"https:\/\/inclusivenews.com.br\/#\/schema\/person\/ae4ec7087559b8692fb33b6fffd2273b","name":"inclusivenews2024","image":{"@type":"ImageObject","inLanguage":"pt-PT","@id":"https:\/\/secure.gravatar.com\/avatar\/c5a7ef84c66fa914f55bc4f7ce26cfa275a3b9a1c5568b907bd184fb4dde7b40?s=96&d=mm&r=g","url":"https:\/\/secure.gravatar.com\/avatar\/c5a7ef84c66fa914f55bc4f7ce26cfa275a3b9a1c5568b907bd184fb4dde7b40?s=96&d=mm&r=g","contentUrl":"https:\/\/secure.gravatar.com\/avatar\/c5a7ef84c66fa914f55bc4f7ce26cfa275a3b9a1c5568b907bd184fb4dde7b40?s=96&d=mm&r=g","caption":"inclusivenews2024"},"sameAs":["https:\/\/inclusivenews.com.br"],"url":"https:\/\/inclusivenews.com.br\/?author=1"}]}},"_links":{"self":[{"href":"https:\/\/inclusivenews.com.br\/index.php?rest_route=\/wp\/v2\/posts\/20691","targetHints":{"allow":["GET"]}}],"collection":[{"href":"https:\/\/inclusivenews.com.br\/index.php?rest_route=\/wp\/v2\/posts"}],"about":[{"href":"https:\/\/inclusivenews.com.br\/index.php?rest_route=\/wp\/v2\/types\/post"}],"author":[{"embeddable":true,"href":"https:\/\/inclusivenews.com.br\/index.php?rest_route=\/wp\/v2\/users\/1"}],"replies":[{"embeddable":true,"href":"https:\/\/inclusivenews.com.br\/index.php?rest_route=%2Fwp%2Fv2%2Fcomments&post=20691"}],"version-history":[{"count":0,"href":"https:\/\/inclusivenews.com.br\/index.php?rest_route=\/wp\/v2\/posts\/20691\/revisions"}],"wp:attachment":[{"href":"https:\/\/inclusivenews.com.br\/index.php?rest_route=%2Fwp%2Fv2%2Fmedia&parent=20691"}],"wp:term":[{"taxonomy":"category","embeddable":true,"href":"https:\/\/inclusivenews.com.br\/index.php?rest_route=%2Fwp%2Fv2%2Fcategories&post=20691"},{"taxonomy":"post_tag","embeddable":true,"href":"https:\/\/inclusivenews.com.br\/index.php?rest_route=%2Fwp%2Fv2%2Ftags&post=20691"}],"curies":[{"name":"wp","href":"https:\/\/api.w.org\/{rel}","templated":true}]}}