{"id":20702,"date":"2011-08-18T07:42:29","date_gmt":"2011-08-18T10:42:29","guid":{"rendered":"http:\/\/www.inclusive.org.br\/?p=20702"},"modified":"2011-08-18T07:42:29","modified_gmt":"2011-08-18T10:42:29","slug":"nos-dificeis-caminhos-da-liberdade-estudo-sobre-o-papel-do-trabalho-na-vida-de-egressos-do-sistema-prisional","status":"publish","type":"post","link":"https:\/\/inclusivenews.com.br\/?p=20702","title":{"rendered":"Nos dificeis caminhos da liberdade: estudo sobre o papel do trabalho na vida de egressos do sistema prisional"},"content":{"rendered":"<figure id=\"attachment_20703\" aria-describedby=\"caption-attachment-20703\" style=\"width: 210px\" class=\"wp-caption alignnone\"><img loading=\"lazy\" decoding=\"async\" class=\"size-medium wp-image-20703 \" title=\"Grades de uma pris\u00e3o com uma porta aberta\" src=\"http:\/\/inclusivenews.com.br\/wp-content\/uploads\/grades-300x300.jpg\" alt=\"Grades de uma pris\u00e3o com uma porta aberta\" width=\"210\" height=\"210\" \/><figcaption id=\"caption-attachment-20703\" class=\"wp-caption-text\"> <\/figcaption><\/figure>\n<p>Nos dif\u00edceis caminhos da liberdade: estudo sobre o papel do trabalho na vida de egressos do sistema prisional, por Paulo C\u00e9sar Ceron. Universidade de S\u00e3o Paulo, 2009.<\/p>\n<p><a href=\"http:\/\/www.teses.usp.br\/teses\/disponiveis\/47\/47134\/tde-11122009-114347\/publico\/TESE_SERON.pdf\">Link para download.<\/a><\/p>\n<p><strong>RESUMO\/ABSTRACT<\/strong><\/p>\n<p>Este trabalho de pesquisa foi realizado com o objetivo de compreender o  papel do trabalho na trajet\u00f3ria de vida dos egressos do sistema  prisional, a partir do ponto de vista dos participantes. O estudo se  encontra fundamentado em pressupostos te\u00f3ricos baseados na Psicologia  Social e da legisla\u00e7\u00e3o penal. Participaram da pesquisa emp\u00edrica, quatro  egressos do sexo masculino, com idade que varia de 24 a 55 anos.  Oriundos do sistema prisional do Estado do Paran\u00e1 e benefici\u00e1rios do  Programa Pr\u00f3-Egresso de Maring\u00e1. Todos os sujeitos se encontravam  cumprindo pena sob regime aberto, isto \u00e9, em liberdade condicional  (sursis). A investiga\u00e7\u00e3o foi realizada com base na metodologia de  pesquisa qualitativa, e a coleta de dados, por meio de entrevistas  individuais semi-estruturadas, conduzidas de maneira assistem\u00e1tica. O  registro das informa\u00e7\u00f5es de cada entrevista foi gravado em \u00e1udio e,  posteriormente, convertido para a forma escrita. A trajet\u00f3ria da vida de  cada participante foi cronologicamente, organizada com base em sete  aspectos diferentes, da inf\u00e2ncia at\u00e9 a fase adulta, per\u00edodo em que eles  j\u00e1 estavam em liberdade. A partir dessa organiza\u00e7\u00e3o das informa\u00e7\u00f5es foi  poss\u00edvel identificar a maneira como o trabalho fez e faz parte da vida  de cada sujeito, nas diferentes fases de suas vidas. O estudo permitiu  perceber e compreender que: quase todos os egressos s\u00e3o oriundos de  fam\u00edlias de classe socioecon\u00f4mica baixa, cujos pais possu\u00edam uma renda  muito pequena: a decis\u00e3o de trabalhar ainda na inf\u00e2ncia quase sempre  est\u00e1 relacionada com a din\u00e2mica familiar: quase todos os sujeitos  deixaram de estudar ainda no ensino fundamental, e passaram somente a  trabalhar, o que de certa forma lhes trouxe limita\u00e7\u00f5es profissionais  futuras; nenhum dos entrevistados recebeu algum tipo de qualifica\u00e7\u00e3o  profissional durante o tempo em que se encontrava preso, a n\u00e3o ser um  incincipiente aprendizado na confec\u00e7\u00e3o de artesanato; ap\u00f3s a obten\u00e7\u00e3o da  liberdade, a maioria passou a trabalhar na informalidade, sem nenhuma  garantia trabalhista nem previdenci\u00e1ria: o trabalho, em suas vidas,  representou quase que somente uma estrat\u00e9gia de sobreviv\u00eancia: o acesso  ao universo produtivo sempre foi limitado, tomando-se ainda mais dif\u00edcil  ap\u00f3s o epis\u00f3dio da pris\u00e3o. Entretanto, foi poss\u00edvel identificar que o  trabalho representa um papel important\u00edssimo, mas n\u00e3o suficiente, para  que essas pessoas se lancem na busca de novas conquistas, seja materiais  ou socioafetivas. O trabalho, formal e ou informal, possibilita ao  egresso se manter junto da fam\u00edlia, na medida em que viabiliza as  condi\u00e7\u00f5es materiais m\u00ednimas para a conviv\u00eancia do grupo familiar,  condi\u00e7\u00e3o important\u00edssima, segundo os depoentes. para a sua  (re)\u00edntegra\u00e7\u00e3o social. Na opini\u00e3o deles, a fam\u00edlia aparece como sendo o  principal ponto de refer\u00eancia no momento em que deixaram a pris\u00e3o e  representa o primeiro grupo social do qual passam a fazer parte ao  conquistar a liberdade. Ela se constitui tamb\u00e9m no primeiro apoio  material e afetivo, e ainda \u00e9 a fam\u00edlia que o estimula a tra\u00e7ar planos  para o futuro, e a assumir o compromisso e a responsabilidade de se  manter firme na inten\u00e7\u00e3o de n\u00e3o reincidir. Concluo este trabalho com a  compreens\u00e3o de que o papel do trabalho \u00e9 de grande import\u00e2ncia na vida  do egresso, posto que ele se constitui na \u00fanica alternativa ao crime:  serve como base para a exist\u00eancia da fam\u00edlia, que por sua vez representa  um papel significativo no processo de (reintegra\u00e7\u00e3o social do egresso.  Trabalho e fam\u00edlia desempenham papeis complementares nos dif\u00edceis  caminhos da liberdade do egresso do sistema prisional.<\/p>\n","protected":false},"excerpt":{"rendered":"<p>Este trabalho de pesquisa foi realizado com o objetivo de compreender o papel do trabalho na trajet\u00f3ria de vida dos egressos do sistema prisional, a partir do ponto de vista dos participantes.<\/p>\n","protected":false},"author":1,"featured_media":0,"comment_status":"open","ping_status":"open","sticky":false,"template":"","format":"standard","meta":{"site-container-style":"default","site-container-layout":"default","site-sidebar-layout":"default","disable-article-header":"default","disable-site-header":"default","disable-site-footer":"default","disable-content-area-spacing":"default","footnotes":""},"categories":[24,10],"tags":[],"class_list":["post-20702","post","type-post","status-publish","format-standard","hentry","category-producao-academica","category-publicacoes"],"yoast_head":"<!-- This site is optimized with the Yoast SEO plugin v27.4 - https:\/\/yoast.com\/product\/yoast-seo-wordpress\/ -->\n<title>Nos dificeis caminhos da liberdade: estudo sobre o papel do trabalho na vida de egressos do sistema prisional -<\/title>\n<meta name=\"robots\" content=\"index, follow, max-snippet:-1, max-image-preview:large, max-video-preview:-1\" \/>\n<link rel=\"canonical\" href=\"https:\/\/inclusivenews.com.br\/?p=20702\" \/>\n<meta property=\"og:locale\" content=\"pt_PT\" \/>\n<meta property=\"og:type\" content=\"article\" \/>\n<meta property=\"og:title\" content=\"Nos dificeis caminhos da liberdade: estudo sobre o papel do trabalho na vida de egressos do sistema prisional -\" \/>\n<meta property=\"og:description\" content=\"Este trabalho de pesquisa foi realizado com o objetivo de compreender o papel do trabalho na trajet\u00f3ria de vida dos egressos do sistema prisional, a partir do ponto de vista dos participantes.\" \/>\n<meta property=\"og:url\" content=\"https:\/\/inclusivenews.com.br\/?p=20702\" \/>\n<meta property=\"article:publisher\" content=\"https:\/\/www.facebook.com\/agenciainclusive\/\" \/>\n<meta property=\"article:published_time\" content=\"2011-08-18T10:42:29+00:00\" \/>\n<meta property=\"og:image\" content=\"http:\/\/inclusivenews.com.br\/wp-content\/uploads\/grades-300x300.jpg\" \/>\n<meta name=\"author\" content=\"inclusivenews2024\" \/>\n<meta name=\"twitter:card\" content=\"summary_large_image\" \/>\n<meta name=\"twitter:label1\" content=\"Escrito por\" \/>\n\t<meta name=\"twitter:data1\" content=\"inclusivenews2024\" \/>\n\t<meta name=\"twitter:label2\" content=\"Tempo estimado de leitura\" \/>\n\t<meta name=\"twitter:data2\" content=\"3 minutos\" \/>\n<script type=\"application\/ld+json\" class=\"yoast-schema-graph\">{\"@context\":\"https:\\\/\\\/schema.org\",\"@graph\":[{\"@type\":\"Article\",\"@id\":\"https:\\\/\\\/inclusivenews.com.br\\\/?p=20702#article\",\"isPartOf\":{\"@id\":\"https:\\\/\\\/inclusivenews.com.br\\\/?p=20702\"},\"author\":{\"name\":\"inclusivenews2024\",\"@id\":\"https:\\\/\\\/inclusivenews.com.br\\\/#\\\/schema\\\/person\\\/ae4ec7087559b8692fb33b6fffd2273b\"},\"headline\":\"Nos dificeis caminhos da liberdade: estudo sobre o papel do trabalho na vida de egressos do sistema prisional\",\"datePublished\":\"2011-08-18T10:42:29+00:00\",\"mainEntityOfPage\":{\"@id\":\"https:\\\/\\\/inclusivenews.com.br\\\/?p=20702\"},\"wordCount\":673,\"commentCount\":0,\"publisher\":{\"@id\":\"https:\\\/\\\/inclusivenews.com.br\\\/#organization\"},\"image\":{\"@id\":\"https:\\\/\\\/inclusivenews.com.br\\\/?p=20702#primaryimage\"},\"thumbnailUrl\":\"http:\\\/\\\/inclusivenews.com.br\\\/wp-content\\\/uploads\\\/grades-300x300.jpg\",\"articleSection\":[\"Produ\u00e7\u00e3o acad\u00eamica\",\"PUBLICA\u00c7\u00d5ES\"],\"inLanguage\":\"pt-PT\",\"potentialAction\":[{\"@type\":\"CommentAction\",\"name\":\"Comment\",\"target\":[\"https:\\\/\\\/inclusivenews.com.br\\\/?p=20702#respond\"]}]},{\"@type\":\"WebPage\",\"@id\":\"https:\\\/\\\/inclusivenews.com.br\\\/?p=20702\",\"url\":\"https:\\\/\\\/inclusivenews.com.br\\\/?p=20702\",\"name\":\"Nos dificeis caminhos da liberdade: estudo sobre o papel do trabalho na vida de egressos do sistema prisional -\",\"isPartOf\":{\"@id\":\"https:\\\/\\\/inclusivenews.com.br\\\/#website\"},\"primaryImageOfPage\":{\"@id\":\"https:\\\/\\\/inclusivenews.com.br\\\/?p=20702#primaryimage\"},\"image\":{\"@id\":\"https:\\\/\\\/inclusivenews.com.br\\\/?p=20702#primaryimage\"},\"thumbnailUrl\":\"http:\\\/\\\/inclusivenews.com.br\\\/wp-content\\\/uploads\\\/grades-300x300.jpg\",\"datePublished\":\"2011-08-18T10:42:29+00:00\",\"breadcrumb\":{\"@id\":\"https:\\\/\\\/inclusivenews.com.br\\\/?p=20702#breadcrumb\"},\"inLanguage\":\"pt-PT\",\"potentialAction\":[{\"@type\":\"ReadAction\",\"target\":[\"https:\\\/\\\/inclusivenews.com.br\\\/?p=20702\"]}]},{\"@type\":\"ImageObject\",\"inLanguage\":\"pt-PT\",\"@id\":\"https:\\\/\\\/inclusivenews.com.br\\\/?p=20702#primaryimage\",\"url\":\"\",\"contentUrl\":\"\"},{\"@type\":\"BreadcrumbList\",\"@id\":\"https:\\\/\\\/inclusivenews.com.br\\\/?p=20702#breadcrumb\",\"itemListElement\":[{\"@type\":\"ListItem\",\"position\":1,\"name\":\"In\u00edcio\",\"item\":\"https:\\\/\\\/inclusivenews.com.br\\\/\"},{\"@type\":\"ListItem\",\"position\":2,\"name\":\"Nos dificeis caminhos da liberdade: estudo sobre o papel do trabalho na vida de egressos do sistema prisional\"}]},{\"@type\":\"WebSite\",\"@id\":\"https:\\\/\\\/inclusivenews.com.br\\\/#website\",\"url\":\"https:\\\/\\\/inclusivenews.com.br\\\/\",\"name\":\"Inclusive News\",\"description\":\"Inclusive News\",\"publisher\":{\"@id\":\"https:\\\/\\\/inclusivenews.com.br\\\/#organization\"},\"potentialAction\":[{\"@type\":\"SearchAction\",\"target\":{\"@type\":\"EntryPoint\",\"urlTemplate\":\"https:\\\/\\\/inclusivenews.com.br\\\/?s={search_term_string}\"},\"query-input\":{\"@type\":\"PropertyValueSpecification\",\"valueRequired\":true,\"valueName\":\"search_term_string\"}}],\"inLanguage\":\"pt-PT\"},{\"@type\":\"Organization\",\"@id\":\"https:\\\/\\\/inclusivenews.com.br\\\/#organization\",\"name\":\"Inclusive - inclus\u00e3o e cidadania\",\"url\":\"https:\\\/\\\/inclusivenews.com.br\\\/\",\"logo\":{\"@type\":\"ImageObject\",\"inLanguage\":\"pt-PT\",\"@id\":\"https:\\\/\\\/inclusivenews.com.br\\\/#\\\/schema\\\/logo\\\/image\\\/\",\"url\":\"https:\\\/\\\/inclusivenews.com.br\\\/wp-content\\\/uploads\\\/2024\\\/03\\\/@grandesite.png\",\"contentUrl\":\"https:\\\/\\\/inclusivenews.com.br\\\/wp-content\\\/uploads\\\/2024\\\/03\\\/@grandesite.png\",\"width\":1080,\"height\":1080,\"caption\":\"Inclusive - inclus\u00e3o e cidadania\"},\"image\":{\"@id\":\"https:\\\/\\\/inclusivenews.com.br\\\/#\\\/schema\\\/logo\\\/image\\\/\"},\"sameAs\":[\"https:\\\/\\\/www.facebook.com\\\/agenciainclusive\\\/\",\"https:\\\/\\\/www.instagram.com\\\/newsinclusive\\\/\"]},{\"@type\":\"Person\",\"@id\":\"https:\\\/\\\/inclusivenews.com.br\\\/#\\\/schema\\\/person\\\/ae4ec7087559b8692fb33b6fffd2273b\",\"name\":\"inclusivenews2024\",\"image\":{\"@type\":\"ImageObject\",\"inLanguage\":\"pt-PT\",\"@id\":\"https:\\\/\\\/secure.gravatar.com\\\/avatar\\\/c5a7ef84c66fa914f55bc4f7ce26cfa275a3b9a1c5568b907bd184fb4dde7b40?s=96&d=mm&r=g\",\"url\":\"https:\\\/\\\/secure.gravatar.com\\\/avatar\\\/c5a7ef84c66fa914f55bc4f7ce26cfa275a3b9a1c5568b907bd184fb4dde7b40?s=96&d=mm&r=g\",\"contentUrl\":\"https:\\\/\\\/secure.gravatar.com\\\/avatar\\\/c5a7ef84c66fa914f55bc4f7ce26cfa275a3b9a1c5568b907bd184fb4dde7b40?s=96&d=mm&r=g\",\"caption\":\"inclusivenews2024\"},\"sameAs\":[\"https:\\\/\\\/inclusivenews.com.br\"],\"url\":\"https:\\\/\\\/inclusivenews.com.br\\\/?author=1\"}]}<\/script>\n<!-- \/ Yoast SEO plugin. -->","yoast_head_json":{"title":"Nos dificeis caminhos da liberdade: estudo sobre o papel do trabalho na vida de egressos do sistema prisional -","robots":{"index":"index","follow":"follow","max-snippet":"max-snippet:-1","max-image-preview":"max-image-preview:large","max-video-preview":"max-video-preview:-1"},"canonical":"https:\/\/inclusivenews.com.br\/?p=20702","og_locale":"pt_PT","og_type":"article","og_title":"Nos dificeis caminhos da liberdade: estudo sobre o papel do trabalho na vida de egressos do sistema prisional -","og_description":"Este trabalho de pesquisa foi realizado com o objetivo de compreender o papel do trabalho na trajet\u00f3ria de vida dos egressos do sistema prisional, a partir do ponto de vista dos participantes.","og_url":"https:\/\/inclusivenews.com.br\/?p=20702","article_publisher":"https:\/\/www.facebook.com\/agenciainclusive\/","article_published_time":"2011-08-18T10:42:29+00:00","og_image":[{"url":"http:\/\/inclusivenews.com.br\/wp-content\/uploads\/grades-300x300.jpg","type":"","width":"","height":""}],"author":"inclusivenews2024","twitter_card":"summary_large_image","twitter_misc":{"Escrito por":"inclusivenews2024","Tempo estimado de leitura":"3 minutos"},"schema":{"@context":"https:\/\/schema.org","@graph":[{"@type":"Article","@id":"https:\/\/inclusivenews.com.br\/?p=20702#article","isPartOf":{"@id":"https:\/\/inclusivenews.com.br\/?p=20702"},"author":{"name":"inclusivenews2024","@id":"https:\/\/inclusivenews.com.br\/#\/schema\/person\/ae4ec7087559b8692fb33b6fffd2273b"},"headline":"Nos dificeis caminhos da liberdade: estudo sobre o papel do trabalho na vida de egressos do sistema prisional","datePublished":"2011-08-18T10:42:29+00:00","mainEntityOfPage":{"@id":"https:\/\/inclusivenews.com.br\/?p=20702"},"wordCount":673,"commentCount":0,"publisher":{"@id":"https:\/\/inclusivenews.com.br\/#organization"},"image":{"@id":"https:\/\/inclusivenews.com.br\/?p=20702#primaryimage"},"thumbnailUrl":"http:\/\/inclusivenews.com.br\/wp-content\/uploads\/grades-300x300.jpg","articleSection":["Produ\u00e7\u00e3o acad\u00eamica","PUBLICA\u00c7\u00d5ES"],"inLanguage":"pt-PT","potentialAction":[{"@type":"CommentAction","name":"Comment","target":["https:\/\/inclusivenews.com.br\/?p=20702#respond"]}]},{"@type":"WebPage","@id":"https:\/\/inclusivenews.com.br\/?p=20702","url":"https:\/\/inclusivenews.com.br\/?p=20702","name":"Nos dificeis caminhos da liberdade: estudo sobre o papel do trabalho na vida de egressos do sistema prisional -","isPartOf":{"@id":"https:\/\/inclusivenews.com.br\/#website"},"primaryImageOfPage":{"@id":"https:\/\/inclusivenews.com.br\/?p=20702#primaryimage"},"image":{"@id":"https:\/\/inclusivenews.com.br\/?p=20702#primaryimage"},"thumbnailUrl":"http:\/\/inclusivenews.com.br\/wp-content\/uploads\/grades-300x300.jpg","datePublished":"2011-08-18T10:42:29+00:00","breadcrumb":{"@id":"https:\/\/inclusivenews.com.br\/?p=20702#breadcrumb"},"inLanguage":"pt-PT","potentialAction":[{"@type":"ReadAction","target":["https:\/\/inclusivenews.com.br\/?p=20702"]}]},{"@type":"ImageObject","inLanguage":"pt-PT","@id":"https:\/\/inclusivenews.com.br\/?p=20702#primaryimage","url":"","contentUrl":""},{"@type":"BreadcrumbList","@id":"https:\/\/inclusivenews.com.br\/?p=20702#breadcrumb","itemListElement":[{"@type":"ListItem","position":1,"name":"In\u00edcio","item":"https:\/\/inclusivenews.com.br\/"},{"@type":"ListItem","position":2,"name":"Nos dificeis caminhos da liberdade: estudo sobre o papel do trabalho na vida de egressos do sistema prisional"}]},{"@type":"WebSite","@id":"https:\/\/inclusivenews.com.br\/#website","url":"https:\/\/inclusivenews.com.br\/","name":"Inclusive News","description":"Inclusive News","publisher":{"@id":"https:\/\/inclusivenews.com.br\/#organization"},"potentialAction":[{"@type":"SearchAction","target":{"@type":"EntryPoint","urlTemplate":"https:\/\/inclusivenews.com.br\/?s={search_term_string}"},"query-input":{"@type":"PropertyValueSpecification","valueRequired":true,"valueName":"search_term_string"}}],"inLanguage":"pt-PT"},{"@type":"Organization","@id":"https:\/\/inclusivenews.com.br\/#organization","name":"Inclusive - inclus\u00e3o e cidadania","url":"https:\/\/inclusivenews.com.br\/","logo":{"@type":"ImageObject","inLanguage":"pt-PT","@id":"https:\/\/inclusivenews.com.br\/#\/schema\/logo\/image\/","url":"https:\/\/inclusivenews.com.br\/wp-content\/uploads\/2024\/03\/@grandesite.png","contentUrl":"https:\/\/inclusivenews.com.br\/wp-content\/uploads\/2024\/03\/@grandesite.png","width":1080,"height":1080,"caption":"Inclusive - inclus\u00e3o e cidadania"},"image":{"@id":"https:\/\/inclusivenews.com.br\/#\/schema\/logo\/image\/"},"sameAs":["https:\/\/www.facebook.com\/agenciainclusive\/","https:\/\/www.instagram.com\/newsinclusive\/"]},{"@type":"Person","@id":"https:\/\/inclusivenews.com.br\/#\/schema\/person\/ae4ec7087559b8692fb33b6fffd2273b","name":"inclusivenews2024","image":{"@type":"ImageObject","inLanguage":"pt-PT","@id":"https:\/\/secure.gravatar.com\/avatar\/c5a7ef84c66fa914f55bc4f7ce26cfa275a3b9a1c5568b907bd184fb4dde7b40?s=96&d=mm&r=g","url":"https:\/\/secure.gravatar.com\/avatar\/c5a7ef84c66fa914f55bc4f7ce26cfa275a3b9a1c5568b907bd184fb4dde7b40?s=96&d=mm&r=g","contentUrl":"https:\/\/secure.gravatar.com\/avatar\/c5a7ef84c66fa914f55bc4f7ce26cfa275a3b9a1c5568b907bd184fb4dde7b40?s=96&d=mm&r=g","caption":"inclusivenews2024"},"sameAs":["https:\/\/inclusivenews.com.br"],"url":"https:\/\/inclusivenews.com.br\/?author=1"}]}},"_links":{"self":[{"href":"https:\/\/inclusivenews.com.br\/index.php?rest_route=\/wp\/v2\/posts\/20702","targetHints":{"allow":["GET"]}}],"collection":[{"href":"https:\/\/inclusivenews.com.br\/index.php?rest_route=\/wp\/v2\/posts"}],"about":[{"href":"https:\/\/inclusivenews.com.br\/index.php?rest_route=\/wp\/v2\/types\/post"}],"author":[{"embeddable":true,"href":"https:\/\/inclusivenews.com.br\/index.php?rest_route=\/wp\/v2\/users\/1"}],"replies":[{"embeddable":true,"href":"https:\/\/inclusivenews.com.br\/index.php?rest_route=%2Fwp%2Fv2%2Fcomments&post=20702"}],"version-history":[{"count":0,"href":"https:\/\/inclusivenews.com.br\/index.php?rest_route=\/wp\/v2\/posts\/20702\/revisions"}],"wp:attachment":[{"href":"https:\/\/inclusivenews.com.br\/index.php?rest_route=%2Fwp%2Fv2%2Fmedia&parent=20702"}],"wp:term":[{"taxonomy":"category","embeddable":true,"href":"https:\/\/inclusivenews.com.br\/index.php?rest_route=%2Fwp%2Fv2%2Fcategories&post=20702"},{"taxonomy":"post_tag","embeddable":true,"href":"https:\/\/inclusivenews.com.br\/index.php?rest_route=%2Fwp%2Fv2%2Ftags&post=20702"}],"curies":[{"name":"wp","href":"https:\/\/api.w.org\/{rel}","templated":true}]}}