{"id":20718,"date":"2011-08-18T07:22:24","date_gmt":"2011-08-18T10:22:24","guid":{"rendered":"http:\/\/www.inclusive.org.br\/?p=20718"},"modified":"2011-08-18T07:22:24","modified_gmt":"2011-08-18T10:22:24","slug":"professores-de-escolas-publicas-fazem-paralisacao-nacional-para-cobrar-cumprimento-da-lei-do-piso","status":"publish","type":"post","link":"https:\/\/inclusivenews.com.br\/?p=20718","title":{"rendered":"Professores de escolas p\u00fablicas fazem paralisa\u00e7\u00e3o nacional para cobrar cumprimento da Lei do Piso"},"content":{"rendered":"<figure id=\"attachment_19950\" aria-describedby=\"caption-attachment-19950\" style=\"width: 300px\" class=\"wp-caption alignnone\"><a rel=\"attachment wp-att-19950\" href=\"http:\/\/www.inclusive.org.br\/?attachment_id=19950\"><img loading=\"lazy\" decoding=\"async\" class=\"size-medium wp-image-19950\" title=\"professores\" src=\"http:\/\/inclusivenews.com.br\/wp-content\/uploads\/professores-300x200.jpg\" alt=\"Professores em greve realizando passeata. Alguns carregam guarda-chuvas.\" width=\"300\" height=\"200\" \/><\/a><figcaption id=\"caption-attachment-19950\" class=\"wp-caption-text\">Professores em greve realizando passeata. Alguns carregam guarda-chuvas.<\/figcaption><\/figure>\n<p>Professores de escolas p\u00fablicas de todo o pa\u00eds pararam as atividades nesta ter\u00e7a-feira, dia 16, para pedir o cumprimento da lei que estabelece um piso salarial para a categoria. A paralisa\u00e7\u00e3o foi convocada pela Confedera\u00e7\u00e3o Nacional dos Trabalhadores em Educa\u00e7\u00e3o (CNTE) e pelo menos em 11 estados os sindicatos locais realizaram assembleias e outras atividades de mobiliza\u00e7\u00e3o.<\/p>\n<p>A Lei do Piso foi sancionada em 2008 e determinou que nenhum professor da rede p\u00fablica com forma\u00e7\u00e3o de n\u00edvel m\u00e9dio e carga hor\u00e1ria de 40 horas semanais pode ganhar menos do que R$ 950. O valor do piso corrigido para 2011 \u00e9 R$ 1.187. Naquele mesmo ano, cinco governadores entraram com a\u00e7\u00e3o no Supremo Tribunal Federal (STF) questionando a constitucionalidade da legisla\u00e7\u00e3o e s\u00f3 este ano a Corte decidiu pela legalidade do dispositivo. Desde ent\u00e3o, professores de pelo menos oito estados entraram em greve no primeiro semestre de 2011 reivindicando a aplica\u00e7\u00e3o da lei.<\/p>\n<p>&#8220;\u00c9 uma teimosia e um descaso dos gestores em cumprir essa lei, o que caracteriza falta de respeito com o educador. Prefeitos e governadores est\u00e3o ensinando a popula\u00e7\u00e3o a desrespeitar a lei quando n\u00e3o cumprem ou buscam subterf\u00fagios para n\u00e3o cumprir&#8221;, defende o presidente da CNTE, Roberto Le\u00e3o.<\/p>\n<p>Um dos pontos da lei que foi questionado pelos gestores \u00e9 o entendimento de piso como remunera\u00e7\u00e3o inicial. O STF confirmou, durante o julgamento, que o piso deve ser interpretado como vencimento b\u00e1sico: as gratifica\u00e7\u00f5es e outros extras n\u00e3o poderiam ser incorporados \u00e0 conta como costumam fazer algumas secretarias de Educa\u00e7\u00e3o. &#8220;Isso [incorpora\u00e7\u00e3o de gratifica\u00e7\u00f5es] descaracteriza o piso e a carreira. Como a lei determina um piso para professores de n\u00edvel m\u00e9dio, em alguns estados a diferen\u00e7a do piso do profissional de n\u00edvel m\u00e9dio para o de n\u00edvel superior \u00e9 apenas R$ 30. Desse jeito, a carreira n\u00e3o atrai mais os jovens para o magist\u00e9rio porque ele n\u00e3o tem perspectiva&#8221;, diz Le\u00e3o.<\/p>\n<p>As prefeituras alegam que faltam recursos para pagar o que determina a lei. Levantamento feito pela Confedera\u00e7\u00e3o Nacional dos Munic\u00edpios (CNM) com 1.641 prefeituras mostra que, considerando o piso como vencimento inicial, a m\u00e9dia salarial paga a professores de n\u00edvel m\u00e9dio variou, em 2010, entre R$ 587 e R$ 1.011,39. No caso dos docentes com forma\u00e7\u00e3o superior, os valores variaram entre R$ 731,84 e R$ 1.299,59. &#8220;Eu nunca vi munic\u00edpio ir \u00e0 fal\u00eancia porque construiu biblioteca ou pagou bem a seus professores&#8221;, reclama o presidente da CNTE.<\/p>\n<p>Fonte: <a href=\"http:\/\/www.sinprocampinas.org.br\/?q=node\/7826\">http:\/\/www.sinprocampinas.org.br\/?q=node\/7826<\/a><\/p>\n","protected":false},"excerpt":{"rendered":"<p>Professores de escolas p\u00fablicas de todo o pa\u00eds pararam as atividades nesta ter\u00e7a-feira, dia 16, para pedir o cumprimento da lei que estabelece um piso salarial para a categoria. A Lei do Piso foi sancionada em 2008 e determinou que nenhum professor da rede p\u00fablica com forma\u00e7\u00e3o de n\u00edvel m\u00e9dio e carga hor\u00e1ria de 40 horas semanais pode ganhar menos do que R$ 950. O valor do piso corrigido para 2011 \u00e9 R$ 1.187.<\/p>\n","protected":false},"author":1,"featured_media":0,"comment_status":"open","ping_status":"open","sticky":false,"template":"","format":"standard","meta":{"site-container-style":"default","site-container-layout":"default","site-sidebar-layout":"default","disable-article-header":"default","disable-site-header":"default","disable-site-footer":"default","disable-content-area-spacing":"default","footnotes":""},"categories":[6,4],"tags":[],"class_list":["post-20718","post","type-post","status-publish","format-standard","hentry","category-educacao","category-noticias"],"yoast_head":"<!-- This site is optimized with the Yoast SEO plugin v27.4 - https:\/\/yoast.com\/product\/yoast-seo-wordpress\/ -->\n<title>Professores de escolas p\u00fablicas fazem paralisa\u00e7\u00e3o nacional para cobrar cumprimento da Lei do Piso -<\/title>\n<meta name=\"robots\" content=\"index, follow, max-snippet:-1, max-image-preview:large, max-video-preview:-1\" \/>\n<link rel=\"canonical\" href=\"https:\/\/inclusivenews.com.br\/?p=20718\" \/>\n<meta property=\"og:locale\" content=\"pt_PT\" \/>\n<meta property=\"og:type\" content=\"article\" \/>\n<meta property=\"og:title\" content=\"Professores de escolas p\u00fablicas fazem paralisa\u00e7\u00e3o nacional para cobrar cumprimento da Lei do Piso -\" \/>\n<meta property=\"og:description\" content=\"Professores de escolas p\u00fablicas de todo o pa\u00eds pararam as atividades nesta ter\u00e7a-feira, dia 16, para pedir o cumprimento da lei que estabelece um piso salarial para a categoria. A Lei do Piso foi sancionada em 2008 e determinou que nenhum professor da rede p\u00fablica com forma\u00e7\u00e3o de n\u00edvel m\u00e9dio e carga hor\u00e1ria de 40 horas semanais pode ganhar menos do que R$ 950. O valor do piso corrigido para 2011 \u00e9 R$ 1.187.\" \/>\n<meta property=\"og:url\" content=\"https:\/\/inclusivenews.com.br\/?p=20718\" \/>\n<meta property=\"article:publisher\" content=\"https:\/\/www.facebook.com\/agenciainclusive\/\" \/>\n<meta property=\"article:published_time\" content=\"2011-08-18T10:22:24+00:00\" \/>\n<meta property=\"og:image\" content=\"http:\/\/inclusivenews.com.br\/wp-content\/uploads\/professores-300x200.jpg\" \/>\n<meta name=\"author\" content=\"inclusivenews2024\" \/>\n<meta name=\"twitter:card\" content=\"summary_large_image\" \/>\n<meta name=\"twitter:label1\" content=\"Escrito por\" \/>\n\t<meta name=\"twitter:data1\" content=\"inclusivenews2024\" \/>\n\t<meta name=\"twitter:label2\" content=\"Tempo estimado de leitura\" \/>\n\t<meta name=\"twitter:data2\" content=\"2 minutos\" \/>\n<script type=\"application\/ld+json\" class=\"yoast-schema-graph\">{\"@context\":\"https:\\\/\\\/schema.org\",\"@graph\":[{\"@type\":\"Article\",\"@id\":\"https:\\\/\\\/inclusivenews.com.br\\\/?p=20718#article\",\"isPartOf\":{\"@id\":\"https:\\\/\\\/inclusivenews.com.br\\\/?p=20718\"},\"author\":{\"name\":\"inclusivenews2024\",\"@id\":\"https:\\\/\\\/inclusivenews.com.br\\\/#\\\/schema\\\/person\\\/ae4ec7087559b8692fb33b6fffd2273b\"},\"headline\":\"Professores de escolas p\u00fablicas fazem paralisa\u00e7\u00e3o nacional para cobrar cumprimento da Lei do Piso\",\"datePublished\":\"2011-08-18T10:22:24+00:00\",\"mainEntityOfPage\":{\"@id\":\"https:\\\/\\\/inclusivenews.com.br\\\/?p=20718\"},\"wordCount\":465,\"commentCount\":0,\"publisher\":{\"@id\":\"https:\\\/\\\/inclusivenews.com.br\\\/#organization\"},\"image\":{\"@id\":\"https:\\\/\\\/inclusivenews.com.br\\\/?p=20718#primaryimage\"},\"thumbnailUrl\":\"http:\\\/\\\/inclusivenews.com.br\\\/wp-content\\\/uploads\\\/professores-300x200.jpg\",\"articleSection\":[\"EDUCA\u00c7\u00c3O\",\"NOT\u00cdCIAS\"],\"inLanguage\":\"pt-PT\",\"potentialAction\":[{\"@type\":\"CommentAction\",\"name\":\"Comment\",\"target\":[\"https:\\\/\\\/inclusivenews.com.br\\\/?p=20718#respond\"]}]},{\"@type\":\"WebPage\",\"@id\":\"https:\\\/\\\/inclusivenews.com.br\\\/?p=20718\",\"url\":\"https:\\\/\\\/inclusivenews.com.br\\\/?p=20718\",\"name\":\"Professores de escolas p\u00fablicas fazem paralisa\u00e7\u00e3o nacional para cobrar cumprimento da Lei do Piso -\",\"isPartOf\":{\"@id\":\"https:\\\/\\\/inclusivenews.com.br\\\/#website\"},\"primaryImageOfPage\":{\"@id\":\"https:\\\/\\\/inclusivenews.com.br\\\/?p=20718#primaryimage\"},\"image\":{\"@id\":\"https:\\\/\\\/inclusivenews.com.br\\\/?p=20718#primaryimage\"},\"thumbnailUrl\":\"http:\\\/\\\/inclusivenews.com.br\\\/wp-content\\\/uploads\\\/professores-300x200.jpg\",\"datePublished\":\"2011-08-18T10:22:24+00:00\",\"breadcrumb\":{\"@id\":\"https:\\\/\\\/inclusivenews.com.br\\\/?p=20718#breadcrumb\"},\"inLanguage\":\"pt-PT\",\"potentialAction\":[{\"@type\":\"ReadAction\",\"target\":[\"https:\\\/\\\/inclusivenews.com.br\\\/?p=20718\"]}]},{\"@type\":\"ImageObject\",\"inLanguage\":\"pt-PT\",\"@id\":\"https:\\\/\\\/inclusivenews.com.br\\\/?p=20718#primaryimage\",\"url\":\"\",\"contentUrl\":\"\"},{\"@type\":\"BreadcrumbList\",\"@id\":\"https:\\\/\\\/inclusivenews.com.br\\\/?p=20718#breadcrumb\",\"itemListElement\":[{\"@type\":\"ListItem\",\"position\":1,\"name\":\"In\u00edcio\",\"item\":\"https:\\\/\\\/inclusivenews.com.br\\\/\"},{\"@type\":\"ListItem\",\"position\":2,\"name\":\"Professores de escolas p\u00fablicas fazem paralisa\u00e7\u00e3o nacional para cobrar cumprimento da Lei do Piso\"}]},{\"@type\":\"WebSite\",\"@id\":\"https:\\\/\\\/inclusivenews.com.br\\\/#website\",\"url\":\"https:\\\/\\\/inclusivenews.com.br\\\/\",\"name\":\"Inclusive News\",\"description\":\"Inclusive News\",\"publisher\":{\"@id\":\"https:\\\/\\\/inclusivenews.com.br\\\/#organization\"},\"potentialAction\":[{\"@type\":\"SearchAction\",\"target\":{\"@type\":\"EntryPoint\",\"urlTemplate\":\"https:\\\/\\\/inclusivenews.com.br\\\/?s={search_term_string}\"},\"query-input\":{\"@type\":\"PropertyValueSpecification\",\"valueRequired\":true,\"valueName\":\"search_term_string\"}}],\"inLanguage\":\"pt-PT\"},{\"@type\":\"Organization\",\"@id\":\"https:\\\/\\\/inclusivenews.com.br\\\/#organization\",\"name\":\"Inclusive - inclus\u00e3o e cidadania\",\"url\":\"https:\\\/\\\/inclusivenews.com.br\\\/\",\"logo\":{\"@type\":\"ImageObject\",\"inLanguage\":\"pt-PT\",\"@id\":\"https:\\\/\\\/inclusivenews.com.br\\\/#\\\/schema\\\/logo\\\/image\\\/\",\"url\":\"https:\\\/\\\/inclusivenews.com.br\\\/wp-content\\\/uploads\\\/2024\\\/03\\\/@grandesite.png\",\"contentUrl\":\"https:\\\/\\\/inclusivenews.com.br\\\/wp-content\\\/uploads\\\/2024\\\/03\\\/@grandesite.png\",\"width\":1080,\"height\":1080,\"caption\":\"Inclusive - inclus\u00e3o e cidadania\"},\"image\":{\"@id\":\"https:\\\/\\\/inclusivenews.com.br\\\/#\\\/schema\\\/logo\\\/image\\\/\"},\"sameAs\":[\"https:\\\/\\\/www.facebook.com\\\/agenciainclusive\\\/\",\"https:\\\/\\\/www.instagram.com\\\/newsinclusive\\\/\"]},{\"@type\":\"Person\",\"@id\":\"https:\\\/\\\/inclusivenews.com.br\\\/#\\\/schema\\\/person\\\/ae4ec7087559b8692fb33b6fffd2273b\",\"name\":\"inclusivenews2024\",\"image\":{\"@type\":\"ImageObject\",\"inLanguage\":\"pt-PT\",\"@id\":\"https:\\\/\\\/secure.gravatar.com\\\/avatar\\\/c5a7ef84c66fa914f55bc4f7ce26cfa275a3b9a1c5568b907bd184fb4dde7b40?s=96&d=mm&r=g\",\"url\":\"https:\\\/\\\/secure.gravatar.com\\\/avatar\\\/c5a7ef84c66fa914f55bc4f7ce26cfa275a3b9a1c5568b907bd184fb4dde7b40?s=96&d=mm&r=g\",\"contentUrl\":\"https:\\\/\\\/secure.gravatar.com\\\/avatar\\\/c5a7ef84c66fa914f55bc4f7ce26cfa275a3b9a1c5568b907bd184fb4dde7b40?s=96&d=mm&r=g\",\"caption\":\"inclusivenews2024\"},\"sameAs\":[\"https:\\\/\\\/inclusivenews.com.br\"],\"url\":\"https:\\\/\\\/inclusivenews.com.br\\\/?author=1\"}]}<\/script>\n<!-- \/ Yoast SEO plugin. -->","yoast_head_json":{"title":"Professores de escolas p\u00fablicas fazem paralisa\u00e7\u00e3o nacional para cobrar cumprimento da Lei do Piso -","robots":{"index":"index","follow":"follow","max-snippet":"max-snippet:-1","max-image-preview":"max-image-preview:large","max-video-preview":"max-video-preview:-1"},"canonical":"https:\/\/inclusivenews.com.br\/?p=20718","og_locale":"pt_PT","og_type":"article","og_title":"Professores de escolas p\u00fablicas fazem paralisa\u00e7\u00e3o nacional para cobrar cumprimento da Lei do Piso -","og_description":"Professores de escolas p\u00fablicas de todo o pa\u00eds pararam as atividades nesta ter\u00e7a-feira, dia 16, para pedir o cumprimento da lei que estabelece um piso salarial para a categoria. A Lei do Piso foi sancionada em 2008 e determinou que nenhum professor da rede p\u00fablica com forma\u00e7\u00e3o de n\u00edvel m\u00e9dio e carga hor\u00e1ria de 40 horas semanais pode ganhar menos do que R$ 950. O valor do piso corrigido para 2011 \u00e9 R$ 1.187.","og_url":"https:\/\/inclusivenews.com.br\/?p=20718","article_publisher":"https:\/\/www.facebook.com\/agenciainclusive\/","article_published_time":"2011-08-18T10:22:24+00:00","og_image":[{"url":"http:\/\/inclusivenews.com.br\/wp-content\/uploads\/professores-300x200.jpg","type":"","width":"","height":""}],"author":"inclusivenews2024","twitter_card":"summary_large_image","twitter_misc":{"Escrito por":"inclusivenews2024","Tempo estimado de leitura":"2 minutos"},"schema":{"@context":"https:\/\/schema.org","@graph":[{"@type":"Article","@id":"https:\/\/inclusivenews.com.br\/?p=20718#article","isPartOf":{"@id":"https:\/\/inclusivenews.com.br\/?p=20718"},"author":{"name":"inclusivenews2024","@id":"https:\/\/inclusivenews.com.br\/#\/schema\/person\/ae4ec7087559b8692fb33b6fffd2273b"},"headline":"Professores de escolas p\u00fablicas fazem paralisa\u00e7\u00e3o nacional para cobrar cumprimento da Lei do Piso","datePublished":"2011-08-18T10:22:24+00:00","mainEntityOfPage":{"@id":"https:\/\/inclusivenews.com.br\/?p=20718"},"wordCount":465,"commentCount":0,"publisher":{"@id":"https:\/\/inclusivenews.com.br\/#organization"},"image":{"@id":"https:\/\/inclusivenews.com.br\/?p=20718#primaryimage"},"thumbnailUrl":"http:\/\/inclusivenews.com.br\/wp-content\/uploads\/professores-300x200.jpg","articleSection":["EDUCA\u00c7\u00c3O","NOT\u00cdCIAS"],"inLanguage":"pt-PT","potentialAction":[{"@type":"CommentAction","name":"Comment","target":["https:\/\/inclusivenews.com.br\/?p=20718#respond"]}]},{"@type":"WebPage","@id":"https:\/\/inclusivenews.com.br\/?p=20718","url":"https:\/\/inclusivenews.com.br\/?p=20718","name":"Professores de escolas p\u00fablicas fazem paralisa\u00e7\u00e3o nacional para cobrar cumprimento da Lei do Piso -","isPartOf":{"@id":"https:\/\/inclusivenews.com.br\/#website"},"primaryImageOfPage":{"@id":"https:\/\/inclusivenews.com.br\/?p=20718#primaryimage"},"image":{"@id":"https:\/\/inclusivenews.com.br\/?p=20718#primaryimage"},"thumbnailUrl":"http:\/\/inclusivenews.com.br\/wp-content\/uploads\/professores-300x200.jpg","datePublished":"2011-08-18T10:22:24+00:00","breadcrumb":{"@id":"https:\/\/inclusivenews.com.br\/?p=20718#breadcrumb"},"inLanguage":"pt-PT","potentialAction":[{"@type":"ReadAction","target":["https:\/\/inclusivenews.com.br\/?p=20718"]}]},{"@type":"ImageObject","inLanguage":"pt-PT","@id":"https:\/\/inclusivenews.com.br\/?p=20718#primaryimage","url":"","contentUrl":""},{"@type":"BreadcrumbList","@id":"https:\/\/inclusivenews.com.br\/?p=20718#breadcrumb","itemListElement":[{"@type":"ListItem","position":1,"name":"In\u00edcio","item":"https:\/\/inclusivenews.com.br\/"},{"@type":"ListItem","position":2,"name":"Professores de escolas p\u00fablicas fazem paralisa\u00e7\u00e3o nacional para cobrar cumprimento da Lei do Piso"}]},{"@type":"WebSite","@id":"https:\/\/inclusivenews.com.br\/#website","url":"https:\/\/inclusivenews.com.br\/","name":"Inclusive News","description":"Inclusive News","publisher":{"@id":"https:\/\/inclusivenews.com.br\/#organization"},"potentialAction":[{"@type":"SearchAction","target":{"@type":"EntryPoint","urlTemplate":"https:\/\/inclusivenews.com.br\/?s={search_term_string}"},"query-input":{"@type":"PropertyValueSpecification","valueRequired":true,"valueName":"search_term_string"}}],"inLanguage":"pt-PT"},{"@type":"Organization","@id":"https:\/\/inclusivenews.com.br\/#organization","name":"Inclusive - inclus\u00e3o e cidadania","url":"https:\/\/inclusivenews.com.br\/","logo":{"@type":"ImageObject","inLanguage":"pt-PT","@id":"https:\/\/inclusivenews.com.br\/#\/schema\/logo\/image\/","url":"https:\/\/inclusivenews.com.br\/wp-content\/uploads\/2024\/03\/@grandesite.png","contentUrl":"https:\/\/inclusivenews.com.br\/wp-content\/uploads\/2024\/03\/@grandesite.png","width":1080,"height":1080,"caption":"Inclusive - inclus\u00e3o e cidadania"},"image":{"@id":"https:\/\/inclusivenews.com.br\/#\/schema\/logo\/image\/"},"sameAs":["https:\/\/www.facebook.com\/agenciainclusive\/","https:\/\/www.instagram.com\/newsinclusive\/"]},{"@type":"Person","@id":"https:\/\/inclusivenews.com.br\/#\/schema\/person\/ae4ec7087559b8692fb33b6fffd2273b","name":"inclusivenews2024","image":{"@type":"ImageObject","inLanguage":"pt-PT","@id":"https:\/\/secure.gravatar.com\/avatar\/c5a7ef84c66fa914f55bc4f7ce26cfa275a3b9a1c5568b907bd184fb4dde7b40?s=96&d=mm&r=g","url":"https:\/\/secure.gravatar.com\/avatar\/c5a7ef84c66fa914f55bc4f7ce26cfa275a3b9a1c5568b907bd184fb4dde7b40?s=96&d=mm&r=g","contentUrl":"https:\/\/secure.gravatar.com\/avatar\/c5a7ef84c66fa914f55bc4f7ce26cfa275a3b9a1c5568b907bd184fb4dde7b40?s=96&d=mm&r=g","caption":"inclusivenews2024"},"sameAs":["https:\/\/inclusivenews.com.br"],"url":"https:\/\/inclusivenews.com.br\/?author=1"}]}},"_links":{"self":[{"href":"https:\/\/inclusivenews.com.br\/index.php?rest_route=\/wp\/v2\/posts\/20718","targetHints":{"allow":["GET"]}}],"collection":[{"href":"https:\/\/inclusivenews.com.br\/index.php?rest_route=\/wp\/v2\/posts"}],"about":[{"href":"https:\/\/inclusivenews.com.br\/index.php?rest_route=\/wp\/v2\/types\/post"}],"author":[{"embeddable":true,"href":"https:\/\/inclusivenews.com.br\/index.php?rest_route=\/wp\/v2\/users\/1"}],"replies":[{"embeddable":true,"href":"https:\/\/inclusivenews.com.br\/index.php?rest_route=%2Fwp%2Fv2%2Fcomments&post=20718"}],"version-history":[{"count":0,"href":"https:\/\/inclusivenews.com.br\/index.php?rest_route=\/wp\/v2\/posts\/20718\/revisions"}],"wp:attachment":[{"href":"https:\/\/inclusivenews.com.br\/index.php?rest_route=%2Fwp%2Fv2%2Fmedia&parent=20718"}],"wp:term":[{"taxonomy":"category","embeddable":true,"href":"https:\/\/inclusivenews.com.br\/index.php?rest_route=%2Fwp%2Fv2%2Fcategories&post=20718"},{"taxonomy":"post_tag","embeddable":true,"href":"https:\/\/inclusivenews.com.br\/index.php?rest_route=%2Fwp%2Fv2%2Ftags&post=20718"}],"curies":[{"name":"wp","href":"https:\/\/api.w.org\/{rel}","templated":true}]}}