{"id":20719,"date":"2011-08-18T07:21:34","date_gmt":"2011-08-18T10:21:34","guid":{"rendered":"http:\/\/www.inclusive.org.br\/?p=20719"},"modified":"2011-08-18T07:21:34","modified_gmt":"2011-08-18T10:21:34","slug":"onu-oferece-vagas-a-jovens-brasileiros","status":"publish","type":"post","link":"https:\/\/inclusivenews.com.br\/?p=20719","title":{"rendered":"ONU oferece vagas a jovens brasileiros"},"content":{"rendered":"<p>\ufeff\ufeff\ufeff<img decoding=\"async\" class=\"alignleft size-full wp-image-17136\" title=\"predio da onu\" src=\"http:\/\/inclusivenews.com.br\/wp-content\/uploads\/2010\/09\/predio-da-onu.bmp\" alt=\"Pr\u00e9dio da ONU\" \/>Candidatos de at\u00e9 32 anos podem se candidatar para carreira internacional nas Na\u00e7\u00f5es Unidas; inscri\u00e7\u00f5es v\u00e3o at\u00e9 setembro e s\u00e3o para diversas \u00e1reas das ci\u00eancias sociais, humanas e exatas<\/p>\n<p>Inscreva-se<\/p>\n<p>Todo o processo de inscri\u00e7\u00e3o, bem como informa\u00e7\u00f5es adicionais\/d\u00favidas sobre o programa devem ser obtidas no site do Programa Jovens Profissionais, do Secretariado-Geral das Na\u00e7\u00f5es Unidas.<\/p>\n<p>UN Careers &#8211; Young Professionals Programme<br \/>\nO Secretariado-Geral das Na\u00e7\u00f5es Unidas incluiu o Brasil na lista de pa\u00edses participantes no Programa de Jovens Profissionais (YPP, em ingl\u00eas) para o ano de 2011. As op\u00e7\u00f5es de carreira, nessa edi\u00e7\u00e3o, s\u00e3o nas \u00e1reas de assuntos humanit\u00e1rios, informa\u00e7\u00e3o p\u00fablica e comunica\u00e7\u00e3o, administra\u00e7\u00e3o e estat\u00edstica. As vagas devem ser preenchidas por profissionais de at\u00e9 32 anos, que falem com flu\u00eancia ingl\u00eas ou franc\u00eas e que possuam diploma em algum curso superior relacionado \u00e0 \u00e1rea de atua\u00e7\u00e3o (ver tabela abaixo). A remunera\u00e7\u00e3o b\u00e1sica para quem for trabalhar em Nova York, por exemplo, varia de US$6.200,00 a US$10.800,00, por m\u00eas.<\/p>\n<p>A busca por jovens, como no caso do YPP, pode ser um componente importante na mudan\u00e7a de cultura dentro de uma organiza\u00e7\u00e3o. \u201cEm programas como esse o que se busca \u00e9 o potencial, e n\u00e3o a experi\u00eancia do profissional. Do ponto de vista da organiza\u00e7\u00e3o, isso traz benef\u00edcios a m\u00e9dio e longo prazo para mudan\u00e7a organizacional. Do ponto de vista do jovem profissional, \u00e9 uma oportunidade de adquirir conhecimentos e habilidades para se desenvolver profissionalmente\u201d, explica Alzira Silva, coordenadora de recursos humanos do PNUD Brasil.<\/p>\n<p>O momento \u00e9 oportuno para os brasileiros que querem ter uma carreira internacional. O crescente envolvimento do pa\u00eds nos f\u00f3runs multilaterais e organismos internacionais fez com que, nos \u00faltimos anos, aumentasse a demanda por brasileiros ocupando cargos nessas organiza\u00e7\u00f5es. A lista de pa\u00edses eleg\u00edveis para o Programa de Jovens Profissionais \u00e9 atualizada anualmente, e muda de acordo com o n\u00edvel de representa\u00e7\u00e3o que eles possuem no secretariado da ONU.<\/p>\n<p>Embora existam v\u00e1rios atrativos para uma carreira na ONU, h\u00e1 alguns princ\u00edpios centrais que devem guiar o candidato em sua escolha. \u201c\u00c9 fundamental que o profissional se identifique com a causa, a miss\u00e3o da organiza\u00e7\u00e3o. Esse \u00e9 o primeiro passo para uma escolha acertada\u201d, avalia a coordenadora.<\/p>\n<p>Processo seletivo<\/p>\n<p>As inscri\u00e7\u00f5es devem ser feitas online diretamente pelo site do Programa Jovens Profissionais. Depois de uma triagem inicial, os melhores candidatos de cada pa\u00eds far\u00e3o uma prova escrita de conhecimentos gerais e espec\u00edficos da \u00e1rea de atua\u00e7\u00e3o. Somente aqueles que se classificarem ser\u00e3o convidados para a entrevista. As cidades em que as provas ser\u00e3o realizadas ainda n\u00e3o foram definidas.Todo o processo \u00e9 realizado em ingl\u00eas ou franc\u00eas, os dois idiomas oficiais do Secretariado da ONU.<\/p>\n<p>Veja no link abaixo as quatro \u00e1reas de atua\u00e7\u00e3o do Programa Jovens Profissionais a que os brasileiros podem se candidatar esse ano.<\/p>\n<p>Fonte: <a href=\"http:\/\/www.pnud.org.br\/administracao\/reportagens\/index.php?id01=3800&amp;lay=apu\">PNUD<\/a><\/p>\n","protected":false},"excerpt":{"rendered":"<p>Candidatos de at\u00e9 32 anos podem se candidatar para carreira internacional nas Na\u00e7\u00f5es Unidas; inscri\u00e7\u00f5es v\u00e3o at\u00e9 setembro e s\u00e3o para diversas \u00e1reas das ci\u00eancias sociais, humanas e exatas.<\/p>\n","protected":false},"author":1,"featured_media":0,"comment_status":"open","ping_status":"open","sticky":false,"template":"","format":"standard","meta":{"site-container-style":"default","site-container-layout":"default","site-sidebar-layout":"default","disable-article-header":"default","disable-site-header":"default","disable-site-footer":"default","disable-content-area-spacing":"default","footnotes":""},"categories":[11,46],"tags":[],"class_list":["post-20719","post","type-post","status-publish","format-standard","hentry","category-direitos-humanos","category-mercado-de-trabalho"],"yoast_head":"<!-- This site is optimized with the Yoast SEO plugin v27.4 - https:\/\/yoast.com\/product\/yoast-seo-wordpress\/ -->\n<title>ONU oferece vagas a jovens brasileiros -<\/title>\n<meta name=\"robots\" content=\"index, follow, max-snippet:-1, max-image-preview:large, max-video-preview:-1\" \/>\n<link rel=\"canonical\" href=\"https:\/\/inclusivenews.com.br\/?p=20719\" \/>\n<meta property=\"og:locale\" content=\"pt_PT\" \/>\n<meta property=\"og:type\" content=\"article\" \/>\n<meta property=\"og:title\" content=\"ONU oferece vagas a jovens brasileiros -\" \/>\n<meta property=\"og:description\" content=\"Candidatos de at\u00e9 32 anos podem se candidatar para carreira internacional nas Na\u00e7\u00f5es Unidas; inscri\u00e7\u00f5es v\u00e3o at\u00e9 setembro e s\u00e3o para diversas \u00e1reas das ci\u00eancias sociais, humanas e exatas.\" \/>\n<meta property=\"og:url\" content=\"https:\/\/inclusivenews.com.br\/?p=20719\" \/>\n<meta property=\"article:publisher\" content=\"https:\/\/www.facebook.com\/agenciainclusive\/\" \/>\n<meta property=\"article:published_time\" content=\"2011-08-18T10:21:34+00:00\" \/>\n<meta property=\"og:image\" content=\"http:\/\/inclusivenews.com.br\/wp-content\/uploads\/2010\/09\/predio-da-onu.bmp\" \/>\n<meta name=\"author\" content=\"inclusivenews2024\" \/>\n<meta name=\"twitter:card\" content=\"summary_large_image\" \/>\n<meta name=\"twitter:label1\" content=\"Escrito por\" \/>\n\t<meta name=\"twitter:data1\" content=\"inclusivenews2024\" \/>\n\t<meta name=\"twitter:label2\" content=\"Tempo estimado de leitura\" \/>\n\t<meta name=\"twitter:data2\" content=\"3 minutos\" \/>\n<script type=\"application\/ld+json\" class=\"yoast-schema-graph\">{\"@context\":\"https:\\\/\\\/schema.org\",\"@graph\":[{\"@type\":\"Article\",\"@id\":\"https:\\\/\\\/inclusivenews.com.br\\\/?p=20719#article\",\"isPartOf\":{\"@id\":\"https:\\\/\\\/inclusivenews.com.br\\\/?p=20719\"},\"author\":{\"name\":\"inclusivenews2024\",\"@id\":\"https:\\\/\\\/inclusivenews.com.br\\\/#\\\/schema\\\/person\\\/ae4ec7087559b8692fb33b6fffd2273b\"},\"headline\":\"ONU oferece vagas a jovens brasileiros\",\"datePublished\":\"2011-08-18T10:21:34+00:00\",\"mainEntityOfPage\":{\"@id\":\"https:\\\/\\\/inclusivenews.com.br\\\/?p=20719\"},\"wordCount\":517,\"commentCount\":0,\"publisher\":{\"@id\":\"https:\\\/\\\/inclusivenews.com.br\\\/#organization\"},\"image\":{\"@id\":\"https:\\\/\\\/inclusivenews.com.br\\\/?p=20719#primaryimage\"},\"thumbnailUrl\":\"http:\\\/\\\/inclusivenews.com.br\\\/wp-content\\\/uploads\\\/2010\\\/09\\\/predio-da-onu.bmp\",\"articleSection\":[\"DIREITOS HUMANOS\",\"Mercado de Trabalho\"],\"inLanguage\":\"pt-PT\",\"potentialAction\":[{\"@type\":\"CommentAction\",\"name\":\"Comment\",\"target\":[\"https:\\\/\\\/inclusivenews.com.br\\\/?p=20719#respond\"]}]},{\"@type\":\"WebPage\",\"@id\":\"https:\\\/\\\/inclusivenews.com.br\\\/?p=20719\",\"url\":\"https:\\\/\\\/inclusivenews.com.br\\\/?p=20719\",\"name\":\"ONU oferece vagas a jovens brasileiros -\",\"isPartOf\":{\"@id\":\"https:\\\/\\\/inclusivenews.com.br\\\/#website\"},\"primaryImageOfPage\":{\"@id\":\"https:\\\/\\\/inclusivenews.com.br\\\/?p=20719#primaryimage\"},\"image\":{\"@id\":\"https:\\\/\\\/inclusivenews.com.br\\\/?p=20719#primaryimage\"},\"thumbnailUrl\":\"http:\\\/\\\/inclusivenews.com.br\\\/wp-content\\\/uploads\\\/2010\\\/09\\\/predio-da-onu.bmp\",\"datePublished\":\"2011-08-18T10:21:34+00:00\",\"breadcrumb\":{\"@id\":\"https:\\\/\\\/inclusivenews.com.br\\\/?p=20719#breadcrumb\"},\"inLanguage\":\"pt-PT\",\"potentialAction\":[{\"@type\":\"ReadAction\",\"target\":[\"https:\\\/\\\/inclusivenews.com.br\\\/?p=20719\"]}]},{\"@type\":\"ImageObject\",\"inLanguage\":\"pt-PT\",\"@id\":\"https:\\\/\\\/inclusivenews.com.br\\\/?p=20719#primaryimage\",\"url\":\"\",\"contentUrl\":\"\"},{\"@type\":\"BreadcrumbList\",\"@id\":\"https:\\\/\\\/inclusivenews.com.br\\\/?p=20719#breadcrumb\",\"itemListElement\":[{\"@type\":\"ListItem\",\"position\":1,\"name\":\"In\u00edcio\",\"item\":\"https:\\\/\\\/inclusivenews.com.br\\\/\"},{\"@type\":\"ListItem\",\"position\":2,\"name\":\"ONU oferece vagas a jovens brasileiros\"}]},{\"@type\":\"WebSite\",\"@id\":\"https:\\\/\\\/inclusivenews.com.br\\\/#website\",\"url\":\"https:\\\/\\\/inclusivenews.com.br\\\/\",\"name\":\"Inclusive News\",\"description\":\"Inclusive News\",\"publisher\":{\"@id\":\"https:\\\/\\\/inclusivenews.com.br\\\/#organization\"},\"potentialAction\":[{\"@type\":\"SearchAction\",\"target\":{\"@type\":\"EntryPoint\",\"urlTemplate\":\"https:\\\/\\\/inclusivenews.com.br\\\/?s={search_term_string}\"},\"query-input\":{\"@type\":\"PropertyValueSpecification\",\"valueRequired\":true,\"valueName\":\"search_term_string\"}}],\"inLanguage\":\"pt-PT\"},{\"@type\":\"Organization\",\"@id\":\"https:\\\/\\\/inclusivenews.com.br\\\/#organization\",\"name\":\"Inclusive - inclus\u00e3o e cidadania\",\"url\":\"https:\\\/\\\/inclusivenews.com.br\\\/\",\"logo\":{\"@type\":\"ImageObject\",\"inLanguage\":\"pt-PT\",\"@id\":\"https:\\\/\\\/inclusivenews.com.br\\\/#\\\/schema\\\/logo\\\/image\\\/\",\"url\":\"https:\\\/\\\/inclusivenews.com.br\\\/wp-content\\\/uploads\\\/2024\\\/03\\\/@grandesite.png\",\"contentUrl\":\"https:\\\/\\\/inclusivenews.com.br\\\/wp-content\\\/uploads\\\/2024\\\/03\\\/@grandesite.png\",\"width\":1080,\"height\":1080,\"caption\":\"Inclusive - inclus\u00e3o e cidadania\"},\"image\":{\"@id\":\"https:\\\/\\\/inclusivenews.com.br\\\/#\\\/schema\\\/logo\\\/image\\\/\"},\"sameAs\":[\"https:\\\/\\\/www.facebook.com\\\/agenciainclusive\\\/\",\"https:\\\/\\\/www.instagram.com\\\/newsinclusive\\\/\"]},{\"@type\":\"Person\",\"@id\":\"https:\\\/\\\/inclusivenews.com.br\\\/#\\\/schema\\\/person\\\/ae4ec7087559b8692fb33b6fffd2273b\",\"name\":\"inclusivenews2024\",\"image\":{\"@type\":\"ImageObject\",\"inLanguage\":\"pt-PT\",\"@id\":\"https:\\\/\\\/secure.gravatar.com\\\/avatar\\\/c5a7ef84c66fa914f55bc4f7ce26cfa275a3b9a1c5568b907bd184fb4dde7b40?s=96&d=mm&r=g\",\"url\":\"https:\\\/\\\/secure.gravatar.com\\\/avatar\\\/c5a7ef84c66fa914f55bc4f7ce26cfa275a3b9a1c5568b907bd184fb4dde7b40?s=96&d=mm&r=g\",\"contentUrl\":\"https:\\\/\\\/secure.gravatar.com\\\/avatar\\\/c5a7ef84c66fa914f55bc4f7ce26cfa275a3b9a1c5568b907bd184fb4dde7b40?s=96&d=mm&r=g\",\"caption\":\"inclusivenews2024\"},\"sameAs\":[\"https:\\\/\\\/inclusivenews.com.br\"],\"url\":\"https:\\\/\\\/inclusivenews.com.br\\\/?author=1\"}]}<\/script>\n<!-- \/ Yoast SEO plugin. -->","yoast_head_json":{"title":"ONU oferece vagas a jovens brasileiros -","robots":{"index":"index","follow":"follow","max-snippet":"max-snippet:-1","max-image-preview":"max-image-preview:large","max-video-preview":"max-video-preview:-1"},"canonical":"https:\/\/inclusivenews.com.br\/?p=20719","og_locale":"pt_PT","og_type":"article","og_title":"ONU oferece vagas a jovens brasileiros -","og_description":"Candidatos de at\u00e9 32 anos podem se candidatar para carreira internacional nas Na\u00e7\u00f5es Unidas; inscri\u00e7\u00f5es v\u00e3o at\u00e9 setembro e s\u00e3o para diversas \u00e1reas das ci\u00eancias sociais, humanas e exatas.","og_url":"https:\/\/inclusivenews.com.br\/?p=20719","article_publisher":"https:\/\/www.facebook.com\/agenciainclusive\/","article_published_time":"2011-08-18T10:21:34+00:00","og_image":[{"url":"http:\/\/inclusivenews.com.br\/wp-content\/uploads\/2010\/09\/predio-da-onu.bmp","type":"","width":"","height":""}],"author":"inclusivenews2024","twitter_card":"summary_large_image","twitter_misc":{"Escrito por":"inclusivenews2024","Tempo estimado de leitura":"3 minutos"},"schema":{"@context":"https:\/\/schema.org","@graph":[{"@type":"Article","@id":"https:\/\/inclusivenews.com.br\/?p=20719#article","isPartOf":{"@id":"https:\/\/inclusivenews.com.br\/?p=20719"},"author":{"name":"inclusivenews2024","@id":"https:\/\/inclusivenews.com.br\/#\/schema\/person\/ae4ec7087559b8692fb33b6fffd2273b"},"headline":"ONU oferece vagas a jovens brasileiros","datePublished":"2011-08-18T10:21:34+00:00","mainEntityOfPage":{"@id":"https:\/\/inclusivenews.com.br\/?p=20719"},"wordCount":517,"commentCount":0,"publisher":{"@id":"https:\/\/inclusivenews.com.br\/#organization"},"image":{"@id":"https:\/\/inclusivenews.com.br\/?p=20719#primaryimage"},"thumbnailUrl":"http:\/\/inclusivenews.com.br\/wp-content\/uploads\/2010\/09\/predio-da-onu.bmp","articleSection":["DIREITOS HUMANOS","Mercado de Trabalho"],"inLanguage":"pt-PT","potentialAction":[{"@type":"CommentAction","name":"Comment","target":["https:\/\/inclusivenews.com.br\/?p=20719#respond"]}]},{"@type":"WebPage","@id":"https:\/\/inclusivenews.com.br\/?p=20719","url":"https:\/\/inclusivenews.com.br\/?p=20719","name":"ONU oferece vagas a jovens brasileiros -","isPartOf":{"@id":"https:\/\/inclusivenews.com.br\/#website"},"primaryImageOfPage":{"@id":"https:\/\/inclusivenews.com.br\/?p=20719#primaryimage"},"image":{"@id":"https:\/\/inclusivenews.com.br\/?p=20719#primaryimage"},"thumbnailUrl":"http:\/\/inclusivenews.com.br\/wp-content\/uploads\/2010\/09\/predio-da-onu.bmp","datePublished":"2011-08-18T10:21:34+00:00","breadcrumb":{"@id":"https:\/\/inclusivenews.com.br\/?p=20719#breadcrumb"},"inLanguage":"pt-PT","potentialAction":[{"@type":"ReadAction","target":["https:\/\/inclusivenews.com.br\/?p=20719"]}]},{"@type":"ImageObject","inLanguage":"pt-PT","@id":"https:\/\/inclusivenews.com.br\/?p=20719#primaryimage","url":"","contentUrl":""},{"@type":"BreadcrumbList","@id":"https:\/\/inclusivenews.com.br\/?p=20719#breadcrumb","itemListElement":[{"@type":"ListItem","position":1,"name":"In\u00edcio","item":"https:\/\/inclusivenews.com.br\/"},{"@type":"ListItem","position":2,"name":"ONU oferece vagas a jovens brasileiros"}]},{"@type":"WebSite","@id":"https:\/\/inclusivenews.com.br\/#website","url":"https:\/\/inclusivenews.com.br\/","name":"Inclusive News","description":"Inclusive News","publisher":{"@id":"https:\/\/inclusivenews.com.br\/#organization"},"potentialAction":[{"@type":"SearchAction","target":{"@type":"EntryPoint","urlTemplate":"https:\/\/inclusivenews.com.br\/?s={search_term_string}"},"query-input":{"@type":"PropertyValueSpecification","valueRequired":true,"valueName":"search_term_string"}}],"inLanguage":"pt-PT"},{"@type":"Organization","@id":"https:\/\/inclusivenews.com.br\/#organization","name":"Inclusive - inclus\u00e3o e cidadania","url":"https:\/\/inclusivenews.com.br\/","logo":{"@type":"ImageObject","inLanguage":"pt-PT","@id":"https:\/\/inclusivenews.com.br\/#\/schema\/logo\/image\/","url":"https:\/\/inclusivenews.com.br\/wp-content\/uploads\/2024\/03\/@grandesite.png","contentUrl":"https:\/\/inclusivenews.com.br\/wp-content\/uploads\/2024\/03\/@grandesite.png","width":1080,"height":1080,"caption":"Inclusive - inclus\u00e3o e cidadania"},"image":{"@id":"https:\/\/inclusivenews.com.br\/#\/schema\/logo\/image\/"},"sameAs":["https:\/\/www.facebook.com\/agenciainclusive\/","https:\/\/www.instagram.com\/newsinclusive\/"]},{"@type":"Person","@id":"https:\/\/inclusivenews.com.br\/#\/schema\/person\/ae4ec7087559b8692fb33b6fffd2273b","name":"inclusivenews2024","image":{"@type":"ImageObject","inLanguage":"pt-PT","@id":"https:\/\/secure.gravatar.com\/avatar\/c5a7ef84c66fa914f55bc4f7ce26cfa275a3b9a1c5568b907bd184fb4dde7b40?s=96&d=mm&r=g","url":"https:\/\/secure.gravatar.com\/avatar\/c5a7ef84c66fa914f55bc4f7ce26cfa275a3b9a1c5568b907bd184fb4dde7b40?s=96&d=mm&r=g","contentUrl":"https:\/\/secure.gravatar.com\/avatar\/c5a7ef84c66fa914f55bc4f7ce26cfa275a3b9a1c5568b907bd184fb4dde7b40?s=96&d=mm&r=g","caption":"inclusivenews2024"},"sameAs":["https:\/\/inclusivenews.com.br"],"url":"https:\/\/inclusivenews.com.br\/?author=1"}]}},"_links":{"self":[{"href":"https:\/\/inclusivenews.com.br\/index.php?rest_route=\/wp\/v2\/posts\/20719","targetHints":{"allow":["GET"]}}],"collection":[{"href":"https:\/\/inclusivenews.com.br\/index.php?rest_route=\/wp\/v2\/posts"}],"about":[{"href":"https:\/\/inclusivenews.com.br\/index.php?rest_route=\/wp\/v2\/types\/post"}],"author":[{"embeddable":true,"href":"https:\/\/inclusivenews.com.br\/index.php?rest_route=\/wp\/v2\/users\/1"}],"replies":[{"embeddable":true,"href":"https:\/\/inclusivenews.com.br\/index.php?rest_route=%2Fwp%2Fv2%2Fcomments&post=20719"}],"version-history":[{"count":0,"href":"https:\/\/inclusivenews.com.br\/index.php?rest_route=\/wp\/v2\/posts\/20719\/revisions"}],"wp:attachment":[{"href":"https:\/\/inclusivenews.com.br\/index.php?rest_route=%2Fwp%2Fv2%2Fmedia&parent=20719"}],"wp:term":[{"taxonomy":"category","embeddable":true,"href":"https:\/\/inclusivenews.com.br\/index.php?rest_route=%2Fwp%2Fv2%2Fcategories&post=20719"},{"taxonomy":"post_tag","embeddable":true,"href":"https:\/\/inclusivenews.com.br\/index.php?rest_route=%2Fwp%2Fv2%2Ftags&post=20719"}],"curies":[{"name":"wp","href":"https:\/\/api.w.org\/{rel}","templated":true}]}}