{"id":20720,"date":"2011-08-18T07:20:26","date_gmt":"2011-08-18T10:20:26","guid":{"rendered":"http:\/\/www.inclusive.org.br\/?p=20720"},"modified":"2011-08-18T07:20:26","modified_gmt":"2011-08-18T10:20:26","slug":"cultura-inclusao-social-e-cidadania-para-diminuir-as-desigualdades","status":"publish","type":"post","link":"https:\/\/inclusivenews.com.br\/?p=20720","title":{"rendered":"Cultura, Inclus\u00e3o Social e Cidadania para diminuir as desigualdades"},"content":{"rendered":"<figure id=\"attachment_18051\" aria-describedby=\"caption-attachment-18051\" style=\"width: 160px\" class=\"wp-caption alignleft\"><a rel=\"attachment wp-att-18051\" href=\"http:\/\/www.inclusive.org.br\/?attachment_id=18051\"><img loading=\"lazy\" decoding=\"async\" class=\"size-full wp-image-18051 \" title=\"Movimento negro - quatro faces de pessoas negras dentro de um quadrado, no sentido hor\u00e1rio\" src=\"http:\/\/inclusivenews.com.br\/wp-content\/uploads\/2010\/11\/movimento_negro.jpg\" alt=\"Movimento negro - quatro faces de pessoas negras dentro de um quadrado, no sentido hor\u00e1rio\" width=\"160\" height=\"226\" \/><\/a><figcaption id=\"caption-attachment-18051\" class=\"wp-caption-text\"> <\/figcaption><\/figure>\n<p><strong>Por Jacqueline Freitas<\/strong><\/p>\n<p>\u201cCultura, inclus\u00e3o social e cidadania\u201d foi o tema que abriu os debates do Semin\u00e1rio Nacional \u201cA cultura como ve\u00edculo de erradica\u00e7\u00e3o da mis\u00e9ria\u201d, na manh\u00e3 desta quarta-feira (17), em Bras\u00edlia, como parte das comemora\u00e7\u00f5es dos 23 anos da Funda\u00e7\u00e3o Cultural Palmares.<\/p>\n<p>Sob a coordena\u00e7\u00e3o do diretor do Departamento de Prote\u00e7\u00e3o ao Patrim\u00f4nio Afro-brasileiro da FCP, Alexandro Reis, participaram da mesa: a secret\u00e1ria de Cidadania Cultural, do Minist\u00e9rio da Cultura, Marta Porto; o coordenador do N\u00facleo de Estudos Afro-brasileiros da Universidade de Bras\u00edlia (UnB), professor Nelson Inoc\u00eancio e a presidenta do Instituto Feira Preta, Adriana Barbosa.<\/p>\n<p>\u201cNa d\u00e9cada de 1930, o Estado brasileiro come\u00e7ou a se debru\u00e7ar sobre o tema inclus\u00e3o social e, somente em 1988, a Constitui\u00e7\u00e3o ampliou esse conceito, envolvendo a cultura\u201d, disse Alexandro Reis. Na oportunidade, o professor Nelson Inoc\u00eancio enfatizou que \u201ca erradica\u00e7\u00e3o da mis\u00e9ria passa, sobretudo, pela erradica\u00e7\u00e3o da pobreza do conhecimento\u201d.<\/p>\n<p>O incentivo a grupos culturais como forma de reduzir as desigualdades e a pobreza foi um dos destaques da fala da secret\u00e1ria de Cidadania Cultural do Minist\u00e9rio da Cultura. Para Marta Porto, n\u00e3o \u00e9 poss\u00edvel tratar os desiguais de uma forma igual, por isso, uma das metas do MinC \u00e9 promover iniciativas que contemplem a cultura afro-brasileira.<\/p>\n<p>Economia criativa afro-brasileira<\/p>\n<p>Durante o debate, a economia criativa, que caracteriza o novo modelo de gest\u00e3o e neg\u00f3cios baseado no bem intelectual, foi apontada como um dos mecanismos para a melhoria das condi\u00e7\u00f5es social e cultural da popula\u00e7\u00e3o negra no pa\u00eds, o que j\u00e1 tem sido visto nos projetos desenvolvidos pelo Olodum, AFroReggae, N\u00f3s do Morro e Gum Boot. Outro exemplo apresentado foi a Feira Preta, realizada h\u00e1 10 anos em S\u00e3o Paulo e hoje \u00e9 considerada o maior evento de cultura negra da Am\u00e9rica Latina. Segundo a produtora cultural e idealizadora da Feira Preta, Adriana Barbosa, todos esses projetos come\u00e7aram como movimentos sociais e, atualmente, s\u00e3o empreendimentos que efetivamente comp\u00f5em e contribuem para a cadeira produtiva da cultura.<\/p>\n<p>Programa\u00e7\u00e3o do Semin\u00e1rio \u2013 Ainda nesta quarta-feira (17), no per\u00edodo da tarde, o debate foi sobre \u201cCultura: erradicar a mis\u00e9ria e ampliar a cidadania. Na quinta-feira (18), \u00e0s 9 horas, o tema ser\u00e1 a \u201c Juventude negra e o legado cultural afro-brasileiro\u201d e grupos de trabalho, a partir das 13h30. \u00c0 noite, para encerrar a programa\u00e7\u00e3o\u00a0 do 23\u00ba anivers\u00e1rio da Funda\u00e7\u00e3o Cultural Palmares em grande estilo haver\u00e1 homenagem Post Mortem ao ativista negro Abdias Nascimento, com a entrega do Trof\u00e9u Palmares, a esposa dele Elisa Larkin. Ao final , um show com a cantora Leci Brand\u00e3o e o rapper GOG. O encerramento das comemora\u00e7\u00f5es, contar\u00e1 com a presen\u00e7a da ministra da Cultura, Ana de Hollanda.<\/p>\n<p>Fonte: <a href=\"http:\/\/www.palmares.gov.br\/?p=13600\">http:\/\/www.palmares.gov.br\/?p=13600<\/a><\/p>\n","protected":false},"excerpt":{"rendered":"<p>Para comemorar os seus 23 anos de exist\u00eancia, a Funda\u00e7\u00e3o Cultural Palmares realiza semin\u00e1rio em Bras\u00edlia. O evento re\u00fane ministros, especialistas e militantes para tratar de diretrizes para a erradica\u00e7\u00e3o da pobreza em que vive 16,27 milh\u00f5es de brasileiros. Dados do Ipea apontam que 70% dos pobres s\u00e3o negros.<\/p>\n","protected":false},"author":1,"featured_media":0,"comment_status":"open","ping_status":"open","sticky":false,"template":"","format":"standard","meta":{"site-container-style":"default","site-container-layout":"default","site-sidebar-layout":"default","disable-article-header":"default","disable-site-header":"default","disable-site-footer":"default","disable-content-area-spacing":"default","footnotes":""},"categories":[29,48,4],"tags":[],"class_list":["post-20720","post","type-post","status-publish","format-standard","hentry","category-cultura","category-inclusao","category-noticias"],"yoast_head":"<!-- This site is optimized with the Yoast SEO plugin v27.4 - https:\/\/yoast.com\/product\/yoast-seo-wordpress\/ -->\n<title>Cultura, Inclus\u00e3o Social e Cidadania para diminuir as desigualdades -<\/title>\n<meta name=\"robots\" content=\"index, follow, max-snippet:-1, max-image-preview:large, max-video-preview:-1\" \/>\n<link rel=\"canonical\" href=\"https:\/\/inclusivenews.com.br\/?p=20720\" \/>\n<meta property=\"og:locale\" content=\"pt_PT\" \/>\n<meta property=\"og:type\" content=\"article\" \/>\n<meta property=\"og:title\" content=\"Cultura, Inclus\u00e3o Social e Cidadania para diminuir as desigualdades -\" \/>\n<meta property=\"og:description\" content=\"Para comemorar os seus 23 anos de exist\u00eancia, a Funda\u00e7\u00e3o Cultural Palmares realiza semin\u00e1rio em Bras\u00edlia. O evento re\u00fane ministros, especialistas e militantes para tratar de diretrizes para a erradica\u00e7\u00e3o da pobreza em que vive 16,27 milh\u00f5es de brasileiros. Dados do Ipea apontam que 70% dos pobres s\u00e3o negros.\" \/>\n<meta property=\"og:url\" content=\"https:\/\/inclusivenews.com.br\/?p=20720\" \/>\n<meta property=\"article:publisher\" content=\"https:\/\/www.facebook.com\/agenciainclusive\/\" \/>\n<meta property=\"article:published_time\" content=\"2011-08-18T10:20:26+00:00\" \/>\n<meta property=\"og:image\" content=\"http:\/\/inclusivenews.com.br\/wp-content\/uploads\/2010\/11\/movimento_negro.jpg\" \/>\n<meta name=\"author\" content=\"inclusivenews2024\" \/>\n<meta name=\"twitter:card\" content=\"summary_large_image\" \/>\n<meta name=\"twitter:label1\" content=\"Escrito por\" \/>\n\t<meta name=\"twitter:data1\" content=\"inclusivenews2024\" \/>\n\t<meta name=\"twitter:label2\" content=\"Tempo estimado de leitura\" \/>\n\t<meta name=\"twitter:data2\" content=\"2 minutos\" \/>\n<script type=\"application\/ld+json\" class=\"yoast-schema-graph\">{\"@context\":\"https:\\\/\\\/schema.org\",\"@graph\":[{\"@type\":\"Article\",\"@id\":\"https:\\\/\\\/inclusivenews.com.br\\\/?p=20720#article\",\"isPartOf\":{\"@id\":\"https:\\\/\\\/inclusivenews.com.br\\\/?p=20720\"},\"author\":{\"name\":\"inclusivenews2024\",\"@id\":\"https:\\\/\\\/inclusivenews.com.br\\\/#\\\/schema\\\/person\\\/ae4ec7087559b8692fb33b6fffd2273b\"},\"headline\":\"Cultura, Inclus\u00e3o Social e Cidadania para diminuir as desigualdades\",\"datePublished\":\"2011-08-18T10:20:26+00:00\",\"mainEntityOfPage\":{\"@id\":\"https:\\\/\\\/inclusivenews.com.br\\\/?p=20720\"},\"wordCount\":500,\"commentCount\":0,\"publisher\":{\"@id\":\"https:\\\/\\\/inclusivenews.com.br\\\/#organization\"},\"image\":{\"@id\":\"https:\\\/\\\/inclusivenews.com.br\\\/?p=20720#primaryimage\"},\"thumbnailUrl\":\"http:\\\/\\\/inclusivenews.com.br\\\/wp-content\\\/uploads\\\/2010\\\/11\\\/movimento_negro.jpg\",\"articleSection\":[\"Cultura\",\"INCLUS\u00c3O SOCIAL\",\"NOT\u00cdCIAS\"],\"inLanguage\":\"pt-PT\",\"potentialAction\":[{\"@type\":\"CommentAction\",\"name\":\"Comment\",\"target\":[\"https:\\\/\\\/inclusivenews.com.br\\\/?p=20720#respond\"]}]},{\"@type\":\"WebPage\",\"@id\":\"https:\\\/\\\/inclusivenews.com.br\\\/?p=20720\",\"url\":\"https:\\\/\\\/inclusivenews.com.br\\\/?p=20720\",\"name\":\"Cultura, Inclus\u00e3o Social e Cidadania para diminuir as desigualdades -\",\"isPartOf\":{\"@id\":\"https:\\\/\\\/inclusivenews.com.br\\\/#website\"},\"primaryImageOfPage\":{\"@id\":\"https:\\\/\\\/inclusivenews.com.br\\\/?p=20720#primaryimage\"},\"image\":{\"@id\":\"https:\\\/\\\/inclusivenews.com.br\\\/?p=20720#primaryimage\"},\"thumbnailUrl\":\"http:\\\/\\\/inclusivenews.com.br\\\/wp-content\\\/uploads\\\/2010\\\/11\\\/movimento_negro.jpg\",\"datePublished\":\"2011-08-18T10:20:26+00:00\",\"breadcrumb\":{\"@id\":\"https:\\\/\\\/inclusivenews.com.br\\\/?p=20720#breadcrumb\"},\"inLanguage\":\"pt-PT\",\"potentialAction\":[{\"@type\":\"ReadAction\",\"target\":[\"https:\\\/\\\/inclusivenews.com.br\\\/?p=20720\"]}]},{\"@type\":\"ImageObject\",\"inLanguage\":\"pt-PT\",\"@id\":\"https:\\\/\\\/inclusivenews.com.br\\\/?p=20720#primaryimage\",\"url\":\"\",\"contentUrl\":\"\"},{\"@type\":\"BreadcrumbList\",\"@id\":\"https:\\\/\\\/inclusivenews.com.br\\\/?p=20720#breadcrumb\",\"itemListElement\":[{\"@type\":\"ListItem\",\"position\":1,\"name\":\"In\u00edcio\",\"item\":\"https:\\\/\\\/inclusivenews.com.br\\\/\"},{\"@type\":\"ListItem\",\"position\":2,\"name\":\"Cultura, Inclus\u00e3o Social e Cidadania para diminuir as desigualdades\"}]},{\"@type\":\"WebSite\",\"@id\":\"https:\\\/\\\/inclusivenews.com.br\\\/#website\",\"url\":\"https:\\\/\\\/inclusivenews.com.br\\\/\",\"name\":\"Inclusive News\",\"description\":\"Inclusive News\",\"publisher\":{\"@id\":\"https:\\\/\\\/inclusivenews.com.br\\\/#organization\"},\"potentialAction\":[{\"@type\":\"SearchAction\",\"target\":{\"@type\":\"EntryPoint\",\"urlTemplate\":\"https:\\\/\\\/inclusivenews.com.br\\\/?s={search_term_string}\"},\"query-input\":{\"@type\":\"PropertyValueSpecification\",\"valueRequired\":true,\"valueName\":\"search_term_string\"}}],\"inLanguage\":\"pt-PT\"},{\"@type\":\"Organization\",\"@id\":\"https:\\\/\\\/inclusivenews.com.br\\\/#organization\",\"name\":\"Inclusive - inclus\u00e3o e cidadania\",\"url\":\"https:\\\/\\\/inclusivenews.com.br\\\/\",\"logo\":{\"@type\":\"ImageObject\",\"inLanguage\":\"pt-PT\",\"@id\":\"https:\\\/\\\/inclusivenews.com.br\\\/#\\\/schema\\\/logo\\\/image\\\/\",\"url\":\"https:\\\/\\\/inclusivenews.com.br\\\/wp-content\\\/uploads\\\/2024\\\/03\\\/@grandesite.png\",\"contentUrl\":\"https:\\\/\\\/inclusivenews.com.br\\\/wp-content\\\/uploads\\\/2024\\\/03\\\/@grandesite.png\",\"width\":1080,\"height\":1080,\"caption\":\"Inclusive - inclus\u00e3o e cidadania\"},\"image\":{\"@id\":\"https:\\\/\\\/inclusivenews.com.br\\\/#\\\/schema\\\/logo\\\/image\\\/\"},\"sameAs\":[\"https:\\\/\\\/www.facebook.com\\\/agenciainclusive\\\/\",\"https:\\\/\\\/www.instagram.com\\\/newsinclusive\\\/\"]},{\"@type\":\"Person\",\"@id\":\"https:\\\/\\\/inclusivenews.com.br\\\/#\\\/schema\\\/person\\\/ae4ec7087559b8692fb33b6fffd2273b\",\"name\":\"inclusivenews2024\",\"image\":{\"@type\":\"ImageObject\",\"inLanguage\":\"pt-PT\",\"@id\":\"https:\\\/\\\/secure.gravatar.com\\\/avatar\\\/c5a7ef84c66fa914f55bc4f7ce26cfa275a3b9a1c5568b907bd184fb4dde7b40?s=96&d=mm&r=g\",\"url\":\"https:\\\/\\\/secure.gravatar.com\\\/avatar\\\/c5a7ef84c66fa914f55bc4f7ce26cfa275a3b9a1c5568b907bd184fb4dde7b40?s=96&d=mm&r=g\",\"contentUrl\":\"https:\\\/\\\/secure.gravatar.com\\\/avatar\\\/c5a7ef84c66fa914f55bc4f7ce26cfa275a3b9a1c5568b907bd184fb4dde7b40?s=96&d=mm&r=g\",\"caption\":\"inclusivenews2024\"},\"sameAs\":[\"https:\\\/\\\/inclusivenews.com.br\"],\"url\":\"https:\\\/\\\/inclusivenews.com.br\\\/?author=1\"}]}<\/script>\n<!-- \/ Yoast SEO plugin. -->","yoast_head_json":{"title":"Cultura, Inclus\u00e3o Social e Cidadania para diminuir as desigualdades -","robots":{"index":"index","follow":"follow","max-snippet":"max-snippet:-1","max-image-preview":"max-image-preview:large","max-video-preview":"max-video-preview:-1"},"canonical":"https:\/\/inclusivenews.com.br\/?p=20720","og_locale":"pt_PT","og_type":"article","og_title":"Cultura, Inclus\u00e3o Social e Cidadania para diminuir as desigualdades -","og_description":"Para comemorar os seus 23 anos de exist\u00eancia, a Funda\u00e7\u00e3o Cultural Palmares realiza semin\u00e1rio em Bras\u00edlia. O evento re\u00fane ministros, especialistas e militantes para tratar de diretrizes para a erradica\u00e7\u00e3o da pobreza em que vive 16,27 milh\u00f5es de brasileiros. Dados do Ipea apontam que 70% dos pobres s\u00e3o negros.","og_url":"https:\/\/inclusivenews.com.br\/?p=20720","article_publisher":"https:\/\/www.facebook.com\/agenciainclusive\/","article_published_time":"2011-08-18T10:20:26+00:00","og_image":[{"url":"http:\/\/inclusivenews.com.br\/wp-content\/uploads\/2010\/11\/movimento_negro.jpg","type":"","width":"","height":""}],"author":"inclusivenews2024","twitter_card":"summary_large_image","twitter_misc":{"Escrito por":"inclusivenews2024","Tempo estimado de leitura":"2 minutos"},"schema":{"@context":"https:\/\/schema.org","@graph":[{"@type":"Article","@id":"https:\/\/inclusivenews.com.br\/?p=20720#article","isPartOf":{"@id":"https:\/\/inclusivenews.com.br\/?p=20720"},"author":{"name":"inclusivenews2024","@id":"https:\/\/inclusivenews.com.br\/#\/schema\/person\/ae4ec7087559b8692fb33b6fffd2273b"},"headline":"Cultura, Inclus\u00e3o Social e Cidadania para diminuir as desigualdades","datePublished":"2011-08-18T10:20:26+00:00","mainEntityOfPage":{"@id":"https:\/\/inclusivenews.com.br\/?p=20720"},"wordCount":500,"commentCount":0,"publisher":{"@id":"https:\/\/inclusivenews.com.br\/#organization"},"image":{"@id":"https:\/\/inclusivenews.com.br\/?p=20720#primaryimage"},"thumbnailUrl":"http:\/\/inclusivenews.com.br\/wp-content\/uploads\/2010\/11\/movimento_negro.jpg","articleSection":["Cultura","INCLUS\u00c3O SOCIAL","NOT\u00cdCIAS"],"inLanguage":"pt-PT","potentialAction":[{"@type":"CommentAction","name":"Comment","target":["https:\/\/inclusivenews.com.br\/?p=20720#respond"]}]},{"@type":"WebPage","@id":"https:\/\/inclusivenews.com.br\/?p=20720","url":"https:\/\/inclusivenews.com.br\/?p=20720","name":"Cultura, Inclus\u00e3o Social e Cidadania para diminuir as desigualdades -","isPartOf":{"@id":"https:\/\/inclusivenews.com.br\/#website"},"primaryImageOfPage":{"@id":"https:\/\/inclusivenews.com.br\/?p=20720#primaryimage"},"image":{"@id":"https:\/\/inclusivenews.com.br\/?p=20720#primaryimage"},"thumbnailUrl":"http:\/\/inclusivenews.com.br\/wp-content\/uploads\/2010\/11\/movimento_negro.jpg","datePublished":"2011-08-18T10:20:26+00:00","breadcrumb":{"@id":"https:\/\/inclusivenews.com.br\/?p=20720#breadcrumb"},"inLanguage":"pt-PT","potentialAction":[{"@type":"ReadAction","target":["https:\/\/inclusivenews.com.br\/?p=20720"]}]},{"@type":"ImageObject","inLanguage":"pt-PT","@id":"https:\/\/inclusivenews.com.br\/?p=20720#primaryimage","url":"","contentUrl":""},{"@type":"BreadcrumbList","@id":"https:\/\/inclusivenews.com.br\/?p=20720#breadcrumb","itemListElement":[{"@type":"ListItem","position":1,"name":"In\u00edcio","item":"https:\/\/inclusivenews.com.br\/"},{"@type":"ListItem","position":2,"name":"Cultura, Inclus\u00e3o Social e Cidadania para diminuir as desigualdades"}]},{"@type":"WebSite","@id":"https:\/\/inclusivenews.com.br\/#website","url":"https:\/\/inclusivenews.com.br\/","name":"Inclusive News","description":"Inclusive News","publisher":{"@id":"https:\/\/inclusivenews.com.br\/#organization"},"potentialAction":[{"@type":"SearchAction","target":{"@type":"EntryPoint","urlTemplate":"https:\/\/inclusivenews.com.br\/?s={search_term_string}"},"query-input":{"@type":"PropertyValueSpecification","valueRequired":true,"valueName":"search_term_string"}}],"inLanguage":"pt-PT"},{"@type":"Organization","@id":"https:\/\/inclusivenews.com.br\/#organization","name":"Inclusive - inclus\u00e3o e cidadania","url":"https:\/\/inclusivenews.com.br\/","logo":{"@type":"ImageObject","inLanguage":"pt-PT","@id":"https:\/\/inclusivenews.com.br\/#\/schema\/logo\/image\/","url":"https:\/\/inclusivenews.com.br\/wp-content\/uploads\/2024\/03\/@grandesite.png","contentUrl":"https:\/\/inclusivenews.com.br\/wp-content\/uploads\/2024\/03\/@grandesite.png","width":1080,"height":1080,"caption":"Inclusive - inclus\u00e3o e cidadania"},"image":{"@id":"https:\/\/inclusivenews.com.br\/#\/schema\/logo\/image\/"},"sameAs":["https:\/\/www.facebook.com\/agenciainclusive\/","https:\/\/www.instagram.com\/newsinclusive\/"]},{"@type":"Person","@id":"https:\/\/inclusivenews.com.br\/#\/schema\/person\/ae4ec7087559b8692fb33b6fffd2273b","name":"inclusivenews2024","image":{"@type":"ImageObject","inLanguage":"pt-PT","@id":"https:\/\/secure.gravatar.com\/avatar\/c5a7ef84c66fa914f55bc4f7ce26cfa275a3b9a1c5568b907bd184fb4dde7b40?s=96&d=mm&r=g","url":"https:\/\/secure.gravatar.com\/avatar\/c5a7ef84c66fa914f55bc4f7ce26cfa275a3b9a1c5568b907bd184fb4dde7b40?s=96&d=mm&r=g","contentUrl":"https:\/\/secure.gravatar.com\/avatar\/c5a7ef84c66fa914f55bc4f7ce26cfa275a3b9a1c5568b907bd184fb4dde7b40?s=96&d=mm&r=g","caption":"inclusivenews2024"},"sameAs":["https:\/\/inclusivenews.com.br"],"url":"https:\/\/inclusivenews.com.br\/?author=1"}]}},"_links":{"self":[{"href":"https:\/\/inclusivenews.com.br\/index.php?rest_route=\/wp\/v2\/posts\/20720","targetHints":{"allow":["GET"]}}],"collection":[{"href":"https:\/\/inclusivenews.com.br\/index.php?rest_route=\/wp\/v2\/posts"}],"about":[{"href":"https:\/\/inclusivenews.com.br\/index.php?rest_route=\/wp\/v2\/types\/post"}],"author":[{"embeddable":true,"href":"https:\/\/inclusivenews.com.br\/index.php?rest_route=\/wp\/v2\/users\/1"}],"replies":[{"embeddable":true,"href":"https:\/\/inclusivenews.com.br\/index.php?rest_route=%2Fwp%2Fv2%2Fcomments&post=20720"}],"version-history":[{"count":0,"href":"https:\/\/inclusivenews.com.br\/index.php?rest_route=\/wp\/v2\/posts\/20720\/revisions"}],"wp:attachment":[{"href":"https:\/\/inclusivenews.com.br\/index.php?rest_route=%2Fwp%2Fv2%2Fmedia&parent=20720"}],"wp:term":[{"taxonomy":"category","embeddable":true,"href":"https:\/\/inclusivenews.com.br\/index.php?rest_route=%2Fwp%2Fv2%2Fcategories&post=20720"},{"taxonomy":"post_tag","embeddable":true,"href":"https:\/\/inclusivenews.com.br\/index.php?rest_route=%2Fwp%2Fv2%2Ftags&post=20720"}],"curies":[{"name":"wp","href":"https:\/\/api.w.org\/{rel}","templated":true}]}}