{"id":20739,"date":"2011-08-25T07:31:35","date_gmt":"2011-08-25T10:31:35","guid":{"rendered":"http:\/\/www.inclusive.org.br\/?p=20739"},"modified":"2011-08-25T07:31:35","modified_gmt":"2011-08-25T10:31:35","slug":"intolerancia-religiosa-afeta-autoestima-de-alunos-e-dificulta-aprendizagem-aponta-pesquisa","status":"publish","type":"post","link":"https:\/\/inclusivenews.com.br\/?p=20739","title":{"rendered":"Intoler\u00e2ncia religiosa afeta autoestima de alunos e dificulta aprendizagem, aponta pesquisa"},"content":{"rendered":"<p><img loading=\"lazy\" decoding=\"async\" class=\"alignleft size-medium wp-image-20808\" title=\"Ecumenismo - intoler\u00e2ncia religiosa - s\u00edmbolos religiosos\" src=\"http:\/\/inclusivenews.com.br\/wp-content\/uploads\/ecumenismo-280x300.jpg\" alt=\"Ecumenismo - intoler\u00e2ncia religiosa - s\u00edmbolos religiosos\" width=\"196\" height=\"210\" \/><\/p>\n<p>Fernando* estava na aula de artes e tinha acabado de terminar uma maquete sobre as pir\u00e2mides do Egito. Conversava com os amigos quando foi expulso da sala aos gritos de \u201cdem\u00f4nio\u201d e \u201cfilho do capeta\u201d. N\u00e3o tinha desrespeitado a professora nem deixado de fazer alguma tarefa. Seu pecado foi usar colares de contas por debaixo do uniforme, s\u00edmbolos da sua religi\u00e3o, o candombl\u00e9. O fato de o menino, com ent\u00e3o 13 anos, manifestar-se abertamente sobre sua cren\u00e7a provocou a ira de uma professora de portugu\u00eas que era evang\u00e9lica. Depois do epis\u00f3dio, ela proibiu Fernando de assistir \u00e0s suas aulas e orientou outros alunos para que n\u00e3o falassem mais com o colega. O menino, aos poucos, perdeu a vontade de ir \u00e0 escola. Naquele ano, ele foi reprovado e teve que mudar de col\u00e9gio.<\/p>\n<p>Quem conta a hist\u00f3ria \u00e9 a m\u00e3e de Fernando, Andrea Ramito, que trabalha como caixa em uma loja. Segundo ela, o epis\u00f3dio modificou a personalidade do filho e deixou marcas tamb\u00e9m na trajet\u00f3ria escolar. \u201cA autoestima ficou muito baixa, ele fez tratamento com psic\u00f3logo e queria se matar. Foi lastim\u00e1vel ver um filho sendo agredido verbalmente, fisicamente, sem voc\u00ea poder fazer nada. Mas o maior prejudicado foi ele que ficou muito revoltado e \u00e9 assim at\u00e9 hoje\u201d, diz.<\/p>\n<p>Antes de levar o caso \u00e0 Justi\u00e7a, Andr\u00e9a tentou resolver a situa\u00e7\u00e3o ainda na escola, mas, segundo ela, a dire\u00e7\u00e3o foi omissa em rela\u00e7\u00e3o ao comportamento da professora. A m\u00e3e, ent\u00e3o, decidiu procurar uma delegacia para registrar um boletim de ocorr\u00eancia contra a docente. O caso aguarda julgamento no Tribunal de Justi\u00e7a do Rio de Janeiro. Se for condenada, o mais prov\u00e1vel \u00e9 que a professora tenha a pena revertida em presta\u00e7\u00e3o de servi\u00e7os \u00e0 comunidade.<\/p>\n<p>J\u00e1 a Funda\u00e7\u00e3o de \u00a0Apoio \u00e0 Escola T\u00e9cnica do Estado do Rio de Janeiro (Faetec), respons\u00e1vel pela unidade, abriu uma sindic\u00e2ncia administrativa para avaliar o ocorrido, mas a investiga\u00e7\u00e3o ainda n\u00e3o foi conclu\u00edda. Por essa raz\u00e3o, a professora \u2013 que \u00e9 servidora p\u00fablica \u2013 ainda faz parte do quadro da institui\u00e7\u00e3o, \u201crespeitando o amplo direito de defesa das partes envolvidas e o Estatuto dos Funcion\u00e1rios P\u00fablicos do Estado do Rio de Janeiro\u201d, segundo nota enviada pelo \u00f3rg\u00e3o. A assessoria n\u00e3o informou, entretanto, se ela est\u00e1 trabalhando em sala de aula.<\/p>\n<p>A hist\u00f3ria do estudante Fernando, atualmente com 16 anos, n\u00e3o \u00e9 um fato isolado. A pesquisadora Denise Carrera conheceu casos parecidos de intoler\u00e2ncia religiosa em escolas de pelo menos tr\u00eas estados \u2013 Bahia, Rio de Janeiro e S\u00e3o Paulo. A investiga\u00e7\u00e3o ser\u00e1 inclu\u00edda em um relat\u00f3rio sobre educa\u00e7\u00e3o e racismo no Brasil, ainda em fase de finaliza\u00e7\u00e3o.<\/p>\n<p>\u201cO que a gente observou \u00e9 que a intoler\u00e2ncia religiosa no Brasil se manifesta principalmente contra as pessoas vinculadas \u00e0s religi\u00f5es de matriz africana. Dessa forma, a gente entende que o problema est\u00e1 muito ligado ao desafio do enfrentamento do racismo, j\u00e1 que essas religi\u00f5es historicamente foram demonizadas\u201d, explica Denise, ligada \u00e0 Plataforma de Direitos Humanos, Econ\u00f4micos, Sociais, Culturais e Ambientais (Dhesca Brasil), que re\u00fane movimentos e organiza\u00e7\u00f5es da sociedade civil.<\/p>\n<p>Denise e sua equipe visitaram escolas de Salvador, Rio de Janeiro e S\u00e3o Paulo. Ouviram de fam\u00edlias, professores e entidades religiosas casos que v\u00e3o desde humilha\u00e7\u00e3o at\u00e9 viol\u00eancia f\u00edsica contra alunos de determinadas religi\u00f5es. E, muitas vezes, o agressor era um educador ou membro da equipe escolar.<\/p>\n<p>\u201cA gente observa um crescimento do n\u00famero de professores ligados a determinadas denomina\u00e7\u00f5es neopentecostais que compreendem que o seu fazer profissional deve ser um desdobramento do seu v\u00ednculo religioso. Ou seja, ele pensa o fazer profissional como parte da doutrina\u00e7\u00e3o, nessa perspectiva do proselitismo\u201d, aponta a pesquisadora.<\/p>\n<p>Alunos que s\u00e3o discriminados dentro da escola, por motivos religiosos, culturais ou sociais, t\u00eam o processo de aprendizagem comprometido. \u201cAfeta a constru\u00e7\u00e3o da autoestima positiva no ambiente escolar e isso mina o processo de aprendizagem porque ele se alimenta da afetividade, da capacidade de se reconhecer como algu\u00e9m respeitado em um grupo. E, na medida em que voc\u00ea recebe tantos sinais de que sua cren\u00e7a religiosa \u00e9 negativa e s\u00f3 faz o mal, essa autoafirma\u00e7\u00e3o fica muito dif\u00edcil\u201d, acredita Denise.<\/p>\n<p>Para ela, a religi\u00e3o est\u00e1 presente na escola n\u00e3o s\u00f3 na disciplina de ensino religioso. \u201cH\u00e1 aqueles col\u00e9gios em que se reza o Pai-Nosso na entrada, que param para fazer determinados rituais, cantar m\u00fasicas religiosas. Criticamos isso no nosso relat\u00f3rio porque entendemos que a escola deve se constituir como um espa\u00e7o laico que respeite a liberdade religiosa, mas n\u00e3o que propague um determinado credo ou constranja aqueles que n\u00e3o t\u00eam v\u00ednculo religioso algum\u201d, diz.<\/p>\n<p><em>*o nome foi alterado em respeito ao Estatuto da Crian\u00e7a e do Adolescente (ECA).<\/em><\/p>\n<p>Fonte:\u00a0<a href=\"http:\/\/agenciabrasil.ebc.com.br\/noticia\/2011-08-19\/intolerancia-religiosa-afeta-autoestima-de-alunos-e-dificulta-aprendizagem-aponta-pesquisa\">Ag\u00eancia Brasil<\/a><\/p>\n","protected":false},"excerpt":{"rendered":"<p>Fernando* estava na aula de artes e tinha acabado de terminar uma maquete sobre as pir\u00e2mides do Egito. Conversava com os amigos quando foi expulso da sala aos gritos de \u201cdem\u00f4nio\u201d e \u201cfilho do capeta\u201d. N\u00e3o tinha desrespeitado a professora nem deixado de fazer alguma tarefa. Seu pecado foi usar colares de contas por debaixo do uniforme, s\u00edmbolos da sua religi\u00e3o, o candombl\u00e9. Da Ag\u00eancia Brasil.<\/p>\n","protected":false},"author":1,"featured_media":0,"comment_status":"open","ping_status":"open","sticky":false,"template":"","format":"standard","meta":{"site-container-style":"default","site-container-layout":"default","site-sidebar-layout":"default","disable-article-header":"default","disable-site-header":"default","disable-site-footer":"default","disable-content-area-spacing":"default","footnotes":""},"categories":[39,40,6,41],"tags":[],"class_list":["post-20739","post","type-post","status-publish","format-standard","hentry","category-discriminacao","category-diversidade","category-educacao","category-preconceito"],"yoast_head":"<!-- This site is optimized with the Yoast SEO plugin v27.4 - https:\/\/yoast.com\/product\/yoast-seo-wordpress\/ -->\n<title>Intoler\u00e2ncia religiosa afeta autoestima de alunos e dificulta aprendizagem, aponta pesquisa -<\/title>\n<meta name=\"robots\" content=\"index, follow, max-snippet:-1, max-image-preview:large, max-video-preview:-1\" \/>\n<link rel=\"canonical\" href=\"https:\/\/inclusivenews.com.br\/?p=20739\" \/>\n<meta property=\"og:locale\" content=\"pt_PT\" \/>\n<meta property=\"og:type\" content=\"article\" \/>\n<meta property=\"og:title\" content=\"Intoler\u00e2ncia religiosa afeta autoestima de alunos e dificulta aprendizagem, aponta pesquisa -\" \/>\n<meta property=\"og:description\" content=\"Fernando* estava na aula de artes e tinha acabado de terminar uma maquete sobre as pir\u00e2mides do Egito. Conversava com os amigos quando foi expulso da sala aos gritos de \u201cdem\u00f4nio\u201d e \u201cfilho do capeta\u201d. N\u00e3o tinha desrespeitado a professora nem deixado de fazer alguma tarefa. Seu pecado foi usar colares de contas por debaixo do uniforme, s\u00edmbolos da sua religi\u00e3o, o candombl\u00e9. Da Ag\u00eancia Brasil.\" \/>\n<meta property=\"og:url\" content=\"https:\/\/inclusivenews.com.br\/?p=20739\" \/>\n<meta property=\"article:publisher\" content=\"https:\/\/www.facebook.com\/agenciainclusive\/\" \/>\n<meta property=\"article:published_time\" content=\"2011-08-25T10:31:35+00:00\" \/>\n<meta property=\"og:image\" content=\"http:\/\/inclusivenews.com.br\/wp-content\/uploads\/ecumenismo-280x300.jpg\" \/>\n<meta name=\"author\" content=\"inclusivenews2024\" \/>\n<meta name=\"twitter:card\" content=\"summary_large_image\" \/>\n<meta name=\"twitter:label1\" content=\"Escrito por\" \/>\n\t<meta name=\"twitter:data1\" content=\"inclusivenews2024\" \/>\n\t<meta name=\"twitter:label2\" content=\"Tempo estimado de leitura\" \/>\n\t<meta name=\"twitter:data2\" content=\"4 minutos\" \/>\n<script type=\"application\/ld+json\" class=\"yoast-schema-graph\">{\"@context\":\"https:\\\/\\\/schema.org\",\"@graph\":[{\"@type\":\"Article\",\"@id\":\"https:\\\/\\\/inclusivenews.com.br\\\/?p=20739#article\",\"isPartOf\":{\"@id\":\"https:\\\/\\\/inclusivenews.com.br\\\/?p=20739\"},\"author\":{\"name\":\"inclusivenews2024\",\"@id\":\"https:\\\/\\\/inclusivenews.com.br\\\/#\\\/schema\\\/person\\\/ae4ec7087559b8692fb33b6fffd2273b\"},\"headline\":\"Intoler\u00e2ncia religiosa afeta autoestima de alunos e dificulta aprendizagem, aponta pesquisa\",\"datePublished\":\"2011-08-25T10:31:35+00:00\",\"mainEntityOfPage\":{\"@id\":\"https:\\\/\\\/inclusivenews.com.br\\\/?p=20739\"},\"wordCount\":856,\"commentCount\":2,\"publisher\":{\"@id\":\"https:\\\/\\\/inclusivenews.com.br\\\/#organization\"},\"image\":{\"@id\":\"https:\\\/\\\/inclusivenews.com.br\\\/?p=20739#primaryimage\"},\"thumbnailUrl\":\"http:\\\/\\\/inclusivenews.com.br\\\/wp-content\\\/uploads\\\/ecumenismo-280x300.jpg\",\"articleSection\":[\"Discrimina\u00e7\u00e3o\",\"Diversidade\",\"EDUCA\u00c7\u00c3O\",\"Preconceito\"],\"inLanguage\":\"pt-PT\",\"potentialAction\":[{\"@type\":\"CommentAction\",\"name\":\"Comment\",\"target\":[\"https:\\\/\\\/inclusivenews.com.br\\\/?p=20739#respond\"]}]},{\"@type\":\"WebPage\",\"@id\":\"https:\\\/\\\/inclusivenews.com.br\\\/?p=20739\",\"url\":\"https:\\\/\\\/inclusivenews.com.br\\\/?p=20739\",\"name\":\"Intoler\u00e2ncia religiosa afeta autoestima de alunos e dificulta aprendizagem, aponta pesquisa -\",\"isPartOf\":{\"@id\":\"https:\\\/\\\/inclusivenews.com.br\\\/#website\"},\"primaryImageOfPage\":{\"@id\":\"https:\\\/\\\/inclusivenews.com.br\\\/?p=20739#primaryimage\"},\"image\":{\"@id\":\"https:\\\/\\\/inclusivenews.com.br\\\/?p=20739#primaryimage\"},\"thumbnailUrl\":\"http:\\\/\\\/inclusivenews.com.br\\\/wp-content\\\/uploads\\\/ecumenismo-280x300.jpg\",\"datePublished\":\"2011-08-25T10:31:35+00:00\",\"breadcrumb\":{\"@id\":\"https:\\\/\\\/inclusivenews.com.br\\\/?p=20739#breadcrumb\"},\"inLanguage\":\"pt-PT\",\"potentialAction\":[{\"@type\":\"ReadAction\",\"target\":[\"https:\\\/\\\/inclusivenews.com.br\\\/?p=20739\"]}]},{\"@type\":\"ImageObject\",\"inLanguage\":\"pt-PT\",\"@id\":\"https:\\\/\\\/inclusivenews.com.br\\\/?p=20739#primaryimage\",\"url\":\"\",\"contentUrl\":\"\"},{\"@type\":\"BreadcrumbList\",\"@id\":\"https:\\\/\\\/inclusivenews.com.br\\\/?p=20739#breadcrumb\",\"itemListElement\":[{\"@type\":\"ListItem\",\"position\":1,\"name\":\"In\u00edcio\",\"item\":\"https:\\\/\\\/inclusivenews.com.br\\\/\"},{\"@type\":\"ListItem\",\"position\":2,\"name\":\"Intoler\u00e2ncia religiosa afeta autoestima de alunos e dificulta aprendizagem, aponta pesquisa\"}]},{\"@type\":\"WebSite\",\"@id\":\"https:\\\/\\\/inclusivenews.com.br\\\/#website\",\"url\":\"https:\\\/\\\/inclusivenews.com.br\\\/\",\"name\":\"Inclusive News\",\"description\":\"Inclusive News\",\"publisher\":{\"@id\":\"https:\\\/\\\/inclusivenews.com.br\\\/#organization\"},\"potentialAction\":[{\"@type\":\"SearchAction\",\"target\":{\"@type\":\"EntryPoint\",\"urlTemplate\":\"https:\\\/\\\/inclusivenews.com.br\\\/?s={search_term_string}\"},\"query-input\":{\"@type\":\"PropertyValueSpecification\",\"valueRequired\":true,\"valueName\":\"search_term_string\"}}],\"inLanguage\":\"pt-PT\"},{\"@type\":\"Organization\",\"@id\":\"https:\\\/\\\/inclusivenews.com.br\\\/#organization\",\"name\":\"Inclusive - inclus\u00e3o e cidadania\",\"url\":\"https:\\\/\\\/inclusivenews.com.br\\\/\",\"logo\":{\"@type\":\"ImageObject\",\"inLanguage\":\"pt-PT\",\"@id\":\"https:\\\/\\\/inclusivenews.com.br\\\/#\\\/schema\\\/logo\\\/image\\\/\",\"url\":\"https:\\\/\\\/inclusivenews.com.br\\\/wp-content\\\/uploads\\\/2024\\\/03\\\/@grandesite.png\",\"contentUrl\":\"https:\\\/\\\/inclusivenews.com.br\\\/wp-content\\\/uploads\\\/2024\\\/03\\\/@grandesite.png\",\"width\":1080,\"height\":1080,\"caption\":\"Inclusive - inclus\u00e3o e cidadania\"},\"image\":{\"@id\":\"https:\\\/\\\/inclusivenews.com.br\\\/#\\\/schema\\\/logo\\\/image\\\/\"},\"sameAs\":[\"https:\\\/\\\/www.facebook.com\\\/agenciainclusive\\\/\",\"https:\\\/\\\/www.instagram.com\\\/newsinclusive\\\/\"]},{\"@type\":\"Person\",\"@id\":\"https:\\\/\\\/inclusivenews.com.br\\\/#\\\/schema\\\/person\\\/ae4ec7087559b8692fb33b6fffd2273b\",\"name\":\"inclusivenews2024\",\"image\":{\"@type\":\"ImageObject\",\"inLanguage\":\"pt-PT\",\"@id\":\"https:\\\/\\\/secure.gravatar.com\\\/avatar\\\/c5a7ef84c66fa914f55bc4f7ce26cfa275a3b9a1c5568b907bd184fb4dde7b40?s=96&d=mm&r=g\",\"url\":\"https:\\\/\\\/secure.gravatar.com\\\/avatar\\\/c5a7ef84c66fa914f55bc4f7ce26cfa275a3b9a1c5568b907bd184fb4dde7b40?s=96&d=mm&r=g\",\"contentUrl\":\"https:\\\/\\\/secure.gravatar.com\\\/avatar\\\/c5a7ef84c66fa914f55bc4f7ce26cfa275a3b9a1c5568b907bd184fb4dde7b40?s=96&d=mm&r=g\",\"caption\":\"inclusivenews2024\"},\"sameAs\":[\"https:\\\/\\\/inclusivenews.com.br\"],\"url\":\"https:\\\/\\\/inclusivenews.com.br\\\/?author=1\"}]}<\/script>\n<!-- \/ Yoast SEO plugin. -->","yoast_head_json":{"title":"Intoler\u00e2ncia religiosa afeta autoestima de alunos e dificulta aprendizagem, aponta pesquisa -","robots":{"index":"index","follow":"follow","max-snippet":"max-snippet:-1","max-image-preview":"max-image-preview:large","max-video-preview":"max-video-preview:-1"},"canonical":"https:\/\/inclusivenews.com.br\/?p=20739","og_locale":"pt_PT","og_type":"article","og_title":"Intoler\u00e2ncia religiosa afeta autoestima de alunos e dificulta aprendizagem, aponta pesquisa -","og_description":"Fernando* estava na aula de artes e tinha acabado de terminar uma maquete sobre as pir\u00e2mides do Egito. Conversava com os amigos quando foi expulso da sala aos gritos de \u201cdem\u00f4nio\u201d e \u201cfilho do capeta\u201d. N\u00e3o tinha desrespeitado a professora nem deixado de fazer alguma tarefa. Seu pecado foi usar colares de contas por debaixo do uniforme, s\u00edmbolos da sua religi\u00e3o, o candombl\u00e9. Da Ag\u00eancia Brasil.","og_url":"https:\/\/inclusivenews.com.br\/?p=20739","article_publisher":"https:\/\/www.facebook.com\/agenciainclusive\/","article_published_time":"2011-08-25T10:31:35+00:00","og_image":[{"url":"http:\/\/inclusivenews.com.br\/wp-content\/uploads\/ecumenismo-280x300.jpg","type":"","width":"","height":""}],"author":"inclusivenews2024","twitter_card":"summary_large_image","twitter_misc":{"Escrito por":"inclusivenews2024","Tempo estimado de leitura":"4 minutos"},"schema":{"@context":"https:\/\/schema.org","@graph":[{"@type":"Article","@id":"https:\/\/inclusivenews.com.br\/?p=20739#article","isPartOf":{"@id":"https:\/\/inclusivenews.com.br\/?p=20739"},"author":{"name":"inclusivenews2024","@id":"https:\/\/inclusivenews.com.br\/#\/schema\/person\/ae4ec7087559b8692fb33b6fffd2273b"},"headline":"Intoler\u00e2ncia religiosa afeta autoestima de alunos e dificulta aprendizagem, aponta pesquisa","datePublished":"2011-08-25T10:31:35+00:00","mainEntityOfPage":{"@id":"https:\/\/inclusivenews.com.br\/?p=20739"},"wordCount":856,"commentCount":2,"publisher":{"@id":"https:\/\/inclusivenews.com.br\/#organization"},"image":{"@id":"https:\/\/inclusivenews.com.br\/?p=20739#primaryimage"},"thumbnailUrl":"http:\/\/inclusivenews.com.br\/wp-content\/uploads\/ecumenismo-280x300.jpg","articleSection":["Discrimina\u00e7\u00e3o","Diversidade","EDUCA\u00c7\u00c3O","Preconceito"],"inLanguage":"pt-PT","potentialAction":[{"@type":"CommentAction","name":"Comment","target":["https:\/\/inclusivenews.com.br\/?p=20739#respond"]}]},{"@type":"WebPage","@id":"https:\/\/inclusivenews.com.br\/?p=20739","url":"https:\/\/inclusivenews.com.br\/?p=20739","name":"Intoler\u00e2ncia religiosa afeta autoestima de alunos e dificulta aprendizagem, aponta pesquisa -","isPartOf":{"@id":"https:\/\/inclusivenews.com.br\/#website"},"primaryImageOfPage":{"@id":"https:\/\/inclusivenews.com.br\/?p=20739#primaryimage"},"image":{"@id":"https:\/\/inclusivenews.com.br\/?p=20739#primaryimage"},"thumbnailUrl":"http:\/\/inclusivenews.com.br\/wp-content\/uploads\/ecumenismo-280x300.jpg","datePublished":"2011-08-25T10:31:35+00:00","breadcrumb":{"@id":"https:\/\/inclusivenews.com.br\/?p=20739#breadcrumb"},"inLanguage":"pt-PT","potentialAction":[{"@type":"ReadAction","target":["https:\/\/inclusivenews.com.br\/?p=20739"]}]},{"@type":"ImageObject","inLanguage":"pt-PT","@id":"https:\/\/inclusivenews.com.br\/?p=20739#primaryimage","url":"","contentUrl":""},{"@type":"BreadcrumbList","@id":"https:\/\/inclusivenews.com.br\/?p=20739#breadcrumb","itemListElement":[{"@type":"ListItem","position":1,"name":"In\u00edcio","item":"https:\/\/inclusivenews.com.br\/"},{"@type":"ListItem","position":2,"name":"Intoler\u00e2ncia religiosa afeta autoestima de alunos e dificulta aprendizagem, aponta pesquisa"}]},{"@type":"WebSite","@id":"https:\/\/inclusivenews.com.br\/#website","url":"https:\/\/inclusivenews.com.br\/","name":"Inclusive News","description":"Inclusive News","publisher":{"@id":"https:\/\/inclusivenews.com.br\/#organization"},"potentialAction":[{"@type":"SearchAction","target":{"@type":"EntryPoint","urlTemplate":"https:\/\/inclusivenews.com.br\/?s={search_term_string}"},"query-input":{"@type":"PropertyValueSpecification","valueRequired":true,"valueName":"search_term_string"}}],"inLanguage":"pt-PT"},{"@type":"Organization","@id":"https:\/\/inclusivenews.com.br\/#organization","name":"Inclusive - inclus\u00e3o e cidadania","url":"https:\/\/inclusivenews.com.br\/","logo":{"@type":"ImageObject","inLanguage":"pt-PT","@id":"https:\/\/inclusivenews.com.br\/#\/schema\/logo\/image\/","url":"https:\/\/inclusivenews.com.br\/wp-content\/uploads\/2024\/03\/@grandesite.png","contentUrl":"https:\/\/inclusivenews.com.br\/wp-content\/uploads\/2024\/03\/@grandesite.png","width":1080,"height":1080,"caption":"Inclusive - inclus\u00e3o e cidadania"},"image":{"@id":"https:\/\/inclusivenews.com.br\/#\/schema\/logo\/image\/"},"sameAs":["https:\/\/www.facebook.com\/agenciainclusive\/","https:\/\/www.instagram.com\/newsinclusive\/"]},{"@type":"Person","@id":"https:\/\/inclusivenews.com.br\/#\/schema\/person\/ae4ec7087559b8692fb33b6fffd2273b","name":"inclusivenews2024","image":{"@type":"ImageObject","inLanguage":"pt-PT","@id":"https:\/\/secure.gravatar.com\/avatar\/c5a7ef84c66fa914f55bc4f7ce26cfa275a3b9a1c5568b907bd184fb4dde7b40?s=96&d=mm&r=g","url":"https:\/\/secure.gravatar.com\/avatar\/c5a7ef84c66fa914f55bc4f7ce26cfa275a3b9a1c5568b907bd184fb4dde7b40?s=96&d=mm&r=g","contentUrl":"https:\/\/secure.gravatar.com\/avatar\/c5a7ef84c66fa914f55bc4f7ce26cfa275a3b9a1c5568b907bd184fb4dde7b40?s=96&d=mm&r=g","caption":"inclusivenews2024"},"sameAs":["https:\/\/inclusivenews.com.br"],"url":"https:\/\/inclusivenews.com.br\/?author=1"}]}},"_links":{"self":[{"href":"https:\/\/inclusivenews.com.br\/index.php?rest_route=\/wp\/v2\/posts\/20739","targetHints":{"allow":["GET"]}}],"collection":[{"href":"https:\/\/inclusivenews.com.br\/index.php?rest_route=\/wp\/v2\/posts"}],"about":[{"href":"https:\/\/inclusivenews.com.br\/index.php?rest_route=\/wp\/v2\/types\/post"}],"author":[{"embeddable":true,"href":"https:\/\/inclusivenews.com.br\/index.php?rest_route=\/wp\/v2\/users\/1"}],"replies":[{"embeddable":true,"href":"https:\/\/inclusivenews.com.br\/index.php?rest_route=%2Fwp%2Fv2%2Fcomments&post=20739"}],"version-history":[{"count":0,"href":"https:\/\/inclusivenews.com.br\/index.php?rest_route=\/wp\/v2\/posts\/20739\/revisions"}],"wp:attachment":[{"href":"https:\/\/inclusivenews.com.br\/index.php?rest_route=%2Fwp%2Fv2%2Fmedia&parent=20739"}],"wp:term":[{"taxonomy":"category","embeddable":true,"href":"https:\/\/inclusivenews.com.br\/index.php?rest_route=%2Fwp%2Fv2%2Fcategories&post=20739"},{"taxonomy":"post_tag","embeddable":true,"href":"https:\/\/inclusivenews.com.br\/index.php?rest_route=%2Fwp%2Fv2%2Ftags&post=20739"}],"curies":[{"name":"wp","href":"https:\/\/api.w.org\/{rel}","templated":true}]}}