{"id":20741,"date":"2011-08-25T07:39:37","date_gmt":"2011-08-25T10:39:37","guid":{"rendered":"http:\/\/www.inclusive.org.br\/?p=20741"},"modified":"2011-08-25T07:39:37","modified_gmt":"2011-08-25T10:39:37","slug":"lancamento-do-livro-a-representacao-social-do-negro-no-livro-didaticoo-que-mudou-por-que-mudou","status":"publish","type":"post","link":"https:\/\/inclusivenews.com.br\/?p=20741","title":{"rendered":"Lan\u00e7amento do livro &quot;A Representa\u00e7\u00e3o Social do Negro no Livro Did\u00e1tico:O que mudou? Por que mudou?&quot;"},"content":{"rendered":"<figure id=\"attachment_16987\" aria-describedby=\"caption-attachment-16987\" style=\"width: 300px\" class=\"wp-caption alignleft\"><img loading=\"lazy\" decoding=\"async\" class=\"size-medium wp-image-16987 \" title=\"Pintura de mulher negra lendo livro.\" src=\"http:\/\/inclusivenews.com.br\/wp-content\/uploads\/2010\/08\/6874-livro_preconceito-300x240.jpg\" alt=\"Pintura de mulher negra lendo livro.\" width=\"300\" height=\"240\" \/><figcaption id=\"caption-attachment-16987\" class=\"wp-caption-text\"> <\/figcaption><\/figure>\n<p>No dia 24 de agosto de 2011 aconteceu o lan\u00e7amento do Livro <em>A Representa\u00e7\u00e3o Social do Negro no Livro Did\u00e1tico: O que mudou? Por que mudou?<\/em>, pela editora Edufba, da professora Dra. Ana C\u00e9lia da Silva, no audit\u00f3rio Milton Santos, do Centro de Estudos Afro-Orientais, CEAO\/UFBa.<\/p>\n<p>A obra trata sobre a identifica\u00e7\u00e3o dos determinantes de transforma\u00e7\u00e3o da representa\u00e7\u00e3o social do negro no livro did\u00e1tico, como a conviv\u00eancia. A professora afirma que o trabalho \u00e9 de grande import\u00e2ncia na forma\u00e7\u00e3o das professoras\/es, para que as diferen\u00e7as fenot\u00edpicas e culturais possam ser vistas sem estigmas e hierarquias.<\/p>\n<p>Autora dos livros A Discrimina\u00e7\u00e3o do Negro no Livro Did\u00e1tico e Desconstruindo a Discrimina\u00e7\u00e3o do Negro no Livro Did\u00e1tico, tamb\u00e9m da editora Edufba, Ana C\u00e9lia d\u00e1 continuidade no trabalho desenvolvido sobre quest\u00e3o racial e educa\u00e7\u00e3o, desde os anos 80, pois acredita que atrav\u00e9s do di\u00e1logo \u00e9 capaz de haver a inclus\u00e3o de temas desconstrutores da discrimina\u00e7\u00e3o, subordina\u00e7\u00e3o e exclus\u00e3o do outro. Ela revela que, &#8220;quando as diferen\u00e7as forem vistas com todas as suas possibilidades de troca e enriquecimento da identidade se ter\u00e1 condi\u00e7\u00f5es reais de construir uma democracia social e racial&#8221;.<\/p>\n<p>Ana C\u00e9lia \u00e9 professora Titular em exerc\u00edcio na Gradua\u00e7\u00e3o e no Mestrado em Educa\u00e7\u00e3o e Contemporanidade do Departamento de Educa\u00e7\u00e3o do Campus I da UNEB e tamb\u00e9m \u00e9 Membro Titular do Conselho Estadual de Cultura da Bahia. J\u00e1 recebeu diversos t\u00edtulos e homenagens em reconhecimento de sua trajet\u00f3ria de pesquisadora e militante, tais como: o Trof\u00e9u Clementina de Jesus, da UNEGRO, o Certificado em reconhecimento a excel\u00eancia de mulheres que se destacam na luta pela constru\u00e7\u00e3o de uma sociedade mais justa e mais igual, entre outros. Atualmente pretende desenvolver o projeto Convivendo com as Diferen\u00e7as para crian\u00e7as das s\u00e9ries iniciais.<\/p>\n<p>Fonte: <a href=\"http:\/\/www.geledes.org.br\/patrimonio-cultural\/literario-cientifico\/literatura\/10752-ana-celia-silva-lanca-dia-248-o-livro-a-representacao-social-do-negro-no-livro-didaticoo-que-mudou-por-que-mudou\">Portal Geled\u00e9s<\/a><strong><br \/>\n<\/strong><\/p>\n","protected":false},"excerpt":{"rendered":"<p>A obra trata da identifica\u00e7\u00e3o dos determinantes de transforma\u00e7\u00e3o da representa\u00e7\u00e3o social do negro no livro did\u00e1tico, como a conviv\u00eancia. A autora afirma que o trabalho \u00e9 de grande import\u00e2ncia na forma\u00e7\u00e3o das professoras\/es, para que as diferen\u00e7as fenot\u00edpicas e culturais possam ser vistas sem estigmas e hierarquias.<\/p>\n","protected":false},"author":1,"featured_media":0,"comment_status":"open","ping_status":"open","sticky":false,"template":"","format":"standard","meta":{"site-container-style":"default","site-container-layout":"default","site-sidebar-layout":"default","disable-article-header":"default","disable-site-header":"default","disable-site-footer":"default","disable-content-area-spacing":"default","footnotes":""},"categories":[6,50,51,4,10],"tags":[],"class_list":["post-20741","post","type-post","status-publish","format-standard","hentry","category-educacao","category-lancamentos","category-livros","category-noticias","category-publicacoes"],"yoast_head":"<!-- This site is optimized with the Yoast SEO plugin v27.4 - https:\/\/yoast.com\/product\/yoast-seo-wordpress\/ -->\n<title>Lan\u00e7amento do livro &quot;A Representa\u00e7\u00e3o Social do Negro no Livro Did\u00e1tico:O que mudou? Por que mudou?&quot; -<\/title>\n<meta name=\"robots\" content=\"index, follow, max-snippet:-1, max-image-preview:large, max-video-preview:-1\" \/>\n<link rel=\"canonical\" href=\"https:\/\/inclusivenews.com.br\/?p=20741\" \/>\n<meta property=\"og:locale\" content=\"pt_PT\" \/>\n<meta property=\"og:type\" content=\"article\" \/>\n<meta property=\"og:title\" content=\"Lan\u00e7amento do livro &quot;A Representa\u00e7\u00e3o Social do Negro no Livro Did\u00e1tico:O que mudou? Por que mudou?&quot; -\" \/>\n<meta property=\"og:description\" content=\"A obra trata da identifica\u00e7\u00e3o dos determinantes de transforma\u00e7\u00e3o da representa\u00e7\u00e3o social do negro no livro did\u00e1tico, como a conviv\u00eancia. A autora afirma que o trabalho \u00e9 de grande import\u00e2ncia na forma\u00e7\u00e3o das professoras\/es, para que as diferen\u00e7as fenot\u00edpicas e culturais possam ser vistas sem estigmas e hierarquias.\" \/>\n<meta property=\"og:url\" content=\"https:\/\/inclusivenews.com.br\/?p=20741\" \/>\n<meta property=\"article:publisher\" content=\"https:\/\/www.facebook.com\/agenciainclusive\/\" \/>\n<meta property=\"article:published_time\" content=\"2011-08-25T10:39:37+00:00\" \/>\n<meta property=\"og:image\" content=\"http:\/\/inclusivenews.com.br\/wp-content\/uploads\/2010\/08\/6874-livro_preconceito-300x240.jpg\" \/>\n<meta name=\"author\" content=\"inclusivenews2024\" \/>\n<meta name=\"twitter:card\" content=\"summary_large_image\" \/>\n<meta name=\"twitter:label1\" content=\"Escrito por\" \/>\n\t<meta name=\"twitter:data1\" content=\"inclusivenews2024\" \/>\n\t<meta name=\"twitter:label2\" content=\"Tempo estimado de leitura\" \/>\n\t<meta name=\"twitter:data2\" content=\"2 minutos\" \/>\n<script type=\"application\/ld+json\" class=\"yoast-schema-graph\">{\"@context\":\"https:\\\/\\\/schema.org\",\"@graph\":[{\"@type\":\"Article\",\"@id\":\"https:\\\/\\\/inclusivenews.com.br\\\/?p=20741#article\",\"isPartOf\":{\"@id\":\"https:\\\/\\\/inclusivenews.com.br\\\/?p=20741\"},\"author\":{\"name\":\"inclusivenews2024\",\"@id\":\"https:\\\/\\\/inclusivenews.com.br\\\/#\\\/schema\\\/person\\\/ae4ec7087559b8692fb33b6fffd2273b\"},\"headline\":\"Lan\u00e7amento do livro &quot;A Representa\u00e7\u00e3o Social do Negro no Livro Did\u00e1tico:O que mudou? Por que mudou?&quot;\",\"datePublished\":\"2011-08-25T10:39:37+00:00\",\"mainEntityOfPage\":{\"@id\":\"https:\\\/\\\/inclusivenews.com.br\\\/?p=20741\"},\"wordCount\":359,\"commentCount\":2,\"publisher\":{\"@id\":\"https:\\\/\\\/inclusivenews.com.br\\\/#organization\"},\"image\":{\"@id\":\"https:\\\/\\\/inclusivenews.com.br\\\/?p=20741#primaryimage\"},\"thumbnailUrl\":\"http:\\\/\\\/inclusivenews.com.br\\\/wp-content\\\/uploads\\\/2010\\\/08\\\/6874-livro_preconceito-300x240.jpg\",\"articleSection\":[\"EDUCA\u00c7\u00c3O\",\"Lan\u00e7amentos\",\"Livros\",\"NOT\u00cdCIAS\",\"PUBLICA\u00c7\u00d5ES\"],\"inLanguage\":\"pt-PT\",\"potentialAction\":[{\"@type\":\"CommentAction\",\"name\":\"Comment\",\"target\":[\"https:\\\/\\\/inclusivenews.com.br\\\/?p=20741#respond\"]}]},{\"@type\":\"WebPage\",\"@id\":\"https:\\\/\\\/inclusivenews.com.br\\\/?p=20741\",\"url\":\"https:\\\/\\\/inclusivenews.com.br\\\/?p=20741\",\"name\":\"Lan\u00e7amento do livro &quot;A Representa\u00e7\u00e3o Social do Negro no Livro Did\u00e1tico:O que mudou? Por que mudou?&quot; -\",\"isPartOf\":{\"@id\":\"https:\\\/\\\/inclusivenews.com.br\\\/#website\"},\"primaryImageOfPage\":{\"@id\":\"https:\\\/\\\/inclusivenews.com.br\\\/?p=20741#primaryimage\"},\"image\":{\"@id\":\"https:\\\/\\\/inclusivenews.com.br\\\/?p=20741#primaryimage\"},\"thumbnailUrl\":\"http:\\\/\\\/inclusivenews.com.br\\\/wp-content\\\/uploads\\\/2010\\\/08\\\/6874-livro_preconceito-300x240.jpg\",\"datePublished\":\"2011-08-25T10:39:37+00:00\",\"breadcrumb\":{\"@id\":\"https:\\\/\\\/inclusivenews.com.br\\\/?p=20741#breadcrumb\"},\"inLanguage\":\"pt-PT\",\"potentialAction\":[{\"@type\":\"ReadAction\",\"target\":[\"https:\\\/\\\/inclusivenews.com.br\\\/?p=20741\"]}]},{\"@type\":\"ImageObject\",\"inLanguage\":\"pt-PT\",\"@id\":\"https:\\\/\\\/inclusivenews.com.br\\\/?p=20741#primaryimage\",\"url\":\"\",\"contentUrl\":\"\"},{\"@type\":\"BreadcrumbList\",\"@id\":\"https:\\\/\\\/inclusivenews.com.br\\\/?p=20741#breadcrumb\",\"itemListElement\":[{\"@type\":\"ListItem\",\"position\":1,\"name\":\"In\u00edcio\",\"item\":\"https:\\\/\\\/inclusivenews.com.br\\\/\"},{\"@type\":\"ListItem\",\"position\":2,\"name\":\"Lan\u00e7amento do livro &quot;A Representa\u00e7\u00e3o Social do Negro no Livro Did\u00e1tico:O que mudou? Por que mudou?&quot;\"}]},{\"@type\":\"WebSite\",\"@id\":\"https:\\\/\\\/inclusivenews.com.br\\\/#website\",\"url\":\"https:\\\/\\\/inclusivenews.com.br\\\/\",\"name\":\"Inclusive News\",\"description\":\"Inclusive News\",\"publisher\":{\"@id\":\"https:\\\/\\\/inclusivenews.com.br\\\/#organization\"},\"potentialAction\":[{\"@type\":\"SearchAction\",\"target\":{\"@type\":\"EntryPoint\",\"urlTemplate\":\"https:\\\/\\\/inclusivenews.com.br\\\/?s={search_term_string}\"},\"query-input\":{\"@type\":\"PropertyValueSpecification\",\"valueRequired\":true,\"valueName\":\"search_term_string\"}}],\"inLanguage\":\"pt-PT\"},{\"@type\":\"Organization\",\"@id\":\"https:\\\/\\\/inclusivenews.com.br\\\/#organization\",\"name\":\"Inclusive - inclus\u00e3o e cidadania\",\"url\":\"https:\\\/\\\/inclusivenews.com.br\\\/\",\"logo\":{\"@type\":\"ImageObject\",\"inLanguage\":\"pt-PT\",\"@id\":\"https:\\\/\\\/inclusivenews.com.br\\\/#\\\/schema\\\/logo\\\/image\\\/\",\"url\":\"https:\\\/\\\/inclusivenews.com.br\\\/wp-content\\\/uploads\\\/2024\\\/03\\\/@grandesite.png\",\"contentUrl\":\"https:\\\/\\\/inclusivenews.com.br\\\/wp-content\\\/uploads\\\/2024\\\/03\\\/@grandesite.png\",\"width\":1080,\"height\":1080,\"caption\":\"Inclusive - inclus\u00e3o e cidadania\"},\"image\":{\"@id\":\"https:\\\/\\\/inclusivenews.com.br\\\/#\\\/schema\\\/logo\\\/image\\\/\"},\"sameAs\":[\"https:\\\/\\\/www.facebook.com\\\/agenciainclusive\\\/\",\"https:\\\/\\\/www.instagram.com\\\/newsinclusive\\\/\"]},{\"@type\":\"Person\",\"@id\":\"https:\\\/\\\/inclusivenews.com.br\\\/#\\\/schema\\\/person\\\/ae4ec7087559b8692fb33b6fffd2273b\",\"name\":\"inclusivenews2024\",\"image\":{\"@type\":\"ImageObject\",\"inLanguage\":\"pt-PT\",\"@id\":\"https:\\\/\\\/secure.gravatar.com\\\/avatar\\\/c5a7ef84c66fa914f55bc4f7ce26cfa275a3b9a1c5568b907bd184fb4dde7b40?s=96&d=mm&r=g\",\"url\":\"https:\\\/\\\/secure.gravatar.com\\\/avatar\\\/c5a7ef84c66fa914f55bc4f7ce26cfa275a3b9a1c5568b907bd184fb4dde7b40?s=96&d=mm&r=g\",\"contentUrl\":\"https:\\\/\\\/secure.gravatar.com\\\/avatar\\\/c5a7ef84c66fa914f55bc4f7ce26cfa275a3b9a1c5568b907bd184fb4dde7b40?s=96&d=mm&r=g\",\"caption\":\"inclusivenews2024\"},\"sameAs\":[\"https:\\\/\\\/inclusivenews.com.br\"],\"url\":\"https:\\\/\\\/inclusivenews.com.br\\\/?author=1\"}]}<\/script>\n<!-- \/ Yoast SEO plugin. -->","yoast_head_json":{"title":"Lan\u00e7amento do livro &quot;A Representa\u00e7\u00e3o Social do Negro no Livro Did\u00e1tico:O que mudou? Por que mudou?&quot; -","robots":{"index":"index","follow":"follow","max-snippet":"max-snippet:-1","max-image-preview":"max-image-preview:large","max-video-preview":"max-video-preview:-1"},"canonical":"https:\/\/inclusivenews.com.br\/?p=20741","og_locale":"pt_PT","og_type":"article","og_title":"Lan\u00e7amento do livro &quot;A Representa\u00e7\u00e3o Social do Negro no Livro Did\u00e1tico:O que mudou? Por que mudou?&quot; -","og_description":"A obra trata da identifica\u00e7\u00e3o dos determinantes de transforma\u00e7\u00e3o da representa\u00e7\u00e3o social do negro no livro did\u00e1tico, como a conviv\u00eancia. A autora afirma que o trabalho \u00e9 de grande import\u00e2ncia na forma\u00e7\u00e3o das professoras\/es, para que as diferen\u00e7as fenot\u00edpicas e culturais possam ser vistas sem estigmas e hierarquias.","og_url":"https:\/\/inclusivenews.com.br\/?p=20741","article_publisher":"https:\/\/www.facebook.com\/agenciainclusive\/","article_published_time":"2011-08-25T10:39:37+00:00","og_image":[{"url":"http:\/\/inclusivenews.com.br\/wp-content\/uploads\/2010\/08\/6874-livro_preconceito-300x240.jpg","type":"","width":"","height":""}],"author":"inclusivenews2024","twitter_card":"summary_large_image","twitter_misc":{"Escrito por":"inclusivenews2024","Tempo estimado de leitura":"2 minutos"},"schema":{"@context":"https:\/\/schema.org","@graph":[{"@type":"Article","@id":"https:\/\/inclusivenews.com.br\/?p=20741#article","isPartOf":{"@id":"https:\/\/inclusivenews.com.br\/?p=20741"},"author":{"name":"inclusivenews2024","@id":"https:\/\/inclusivenews.com.br\/#\/schema\/person\/ae4ec7087559b8692fb33b6fffd2273b"},"headline":"Lan\u00e7amento do livro &quot;A Representa\u00e7\u00e3o Social do Negro no Livro Did\u00e1tico:O que mudou? Por que mudou?&quot;","datePublished":"2011-08-25T10:39:37+00:00","mainEntityOfPage":{"@id":"https:\/\/inclusivenews.com.br\/?p=20741"},"wordCount":359,"commentCount":2,"publisher":{"@id":"https:\/\/inclusivenews.com.br\/#organization"},"image":{"@id":"https:\/\/inclusivenews.com.br\/?p=20741#primaryimage"},"thumbnailUrl":"http:\/\/inclusivenews.com.br\/wp-content\/uploads\/2010\/08\/6874-livro_preconceito-300x240.jpg","articleSection":["EDUCA\u00c7\u00c3O","Lan\u00e7amentos","Livros","NOT\u00cdCIAS","PUBLICA\u00c7\u00d5ES"],"inLanguage":"pt-PT","potentialAction":[{"@type":"CommentAction","name":"Comment","target":["https:\/\/inclusivenews.com.br\/?p=20741#respond"]}]},{"@type":"WebPage","@id":"https:\/\/inclusivenews.com.br\/?p=20741","url":"https:\/\/inclusivenews.com.br\/?p=20741","name":"Lan\u00e7amento do livro &quot;A Representa\u00e7\u00e3o Social do Negro no Livro Did\u00e1tico:O que mudou? Por que mudou?&quot; -","isPartOf":{"@id":"https:\/\/inclusivenews.com.br\/#website"},"primaryImageOfPage":{"@id":"https:\/\/inclusivenews.com.br\/?p=20741#primaryimage"},"image":{"@id":"https:\/\/inclusivenews.com.br\/?p=20741#primaryimage"},"thumbnailUrl":"http:\/\/inclusivenews.com.br\/wp-content\/uploads\/2010\/08\/6874-livro_preconceito-300x240.jpg","datePublished":"2011-08-25T10:39:37+00:00","breadcrumb":{"@id":"https:\/\/inclusivenews.com.br\/?p=20741#breadcrumb"},"inLanguage":"pt-PT","potentialAction":[{"@type":"ReadAction","target":["https:\/\/inclusivenews.com.br\/?p=20741"]}]},{"@type":"ImageObject","inLanguage":"pt-PT","@id":"https:\/\/inclusivenews.com.br\/?p=20741#primaryimage","url":"","contentUrl":""},{"@type":"BreadcrumbList","@id":"https:\/\/inclusivenews.com.br\/?p=20741#breadcrumb","itemListElement":[{"@type":"ListItem","position":1,"name":"In\u00edcio","item":"https:\/\/inclusivenews.com.br\/"},{"@type":"ListItem","position":2,"name":"Lan\u00e7amento do livro &quot;A Representa\u00e7\u00e3o Social do Negro no Livro Did\u00e1tico:O que mudou? Por que mudou?&quot;"}]},{"@type":"WebSite","@id":"https:\/\/inclusivenews.com.br\/#website","url":"https:\/\/inclusivenews.com.br\/","name":"Inclusive News","description":"Inclusive News","publisher":{"@id":"https:\/\/inclusivenews.com.br\/#organization"},"potentialAction":[{"@type":"SearchAction","target":{"@type":"EntryPoint","urlTemplate":"https:\/\/inclusivenews.com.br\/?s={search_term_string}"},"query-input":{"@type":"PropertyValueSpecification","valueRequired":true,"valueName":"search_term_string"}}],"inLanguage":"pt-PT"},{"@type":"Organization","@id":"https:\/\/inclusivenews.com.br\/#organization","name":"Inclusive - inclus\u00e3o e cidadania","url":"https:\/\/inclusivenews.com.br\/","logo":{"@type":"ImageObject","inLanguage":"pt-PT","@id":"https:\/\/inclusivenews.com.br\/#\/schema\/logo\/image\/","url":"https:\/\/inclusivenews.com.br\/wp-content\/uploads\/2024\/03\/@grandesite.png","contentUrl":"https:\/\/inclusivenews.com.br\/wp-content\/uploads\/2024\/03\/@grandesite.png","width":1080,"height":1080,"caption":"Inclusive - inclus\u00e3o e cidadania"},"image":{"@id":"https:\/\/inclusivenews.com.br\/#\/schema\/logo\/image\/"},"sameAs":["https:\/\/www.facebook.com\/agenciainclusive\/","https:\/\/www.instagram.com\/newsinclusive\/"]},{"@type":"Person","@id":"https:\/\/inclusivenews.com.br\/#\/schema\/person\/ae4ec7087559b8692fb33b6fffd2273b","name":"inclusivenews2024","image":{"@type":"ImageObject","inLanguage":"pt-PT","@id":"https:\/\/secure.gravatar.com\/avatar\/c5a7ef84c66fa914f55bc4f7ce26cfa275a3b9a1c5568b907bd184fb4dde7b40?s=96&d=mm&r=g","url":"https:\/\/secure.gravatar.com\/avatar\/c5a7ef84c66fa914f55bc4f7ce26cfa275a3b9a1c5568b907bd184fb4dde7b40?s=96&d=mm&r=g","contentUrl":"https:\/\/secure.gravatar.com\/avatar\/c5a7ef84c66fa914f55bc4f7ce26cfa275a3b9a1c5568b907bd184fb4dde7b40?s=96&d=mm&r=g","caption":"inclusivenews2024"},"sameAs":["https:\/\/inclusivenews.com.br"],"url":"https:\/\/inclusivenews.com.br\/?author=1"}]}},"_links":{"self":[{"href":"https:\/\/inclusivenews.com.br\/index.php?rest_route=\/wp\/v2\/posts\/20741","targetHints":{"allow":["GET"]}}],"collection":[{"href":"https:\/\/inclusivenews.com.br\/index.php?rest_route=\/wp\/v2\/posts"}],"about":[{"href":"https:\/\/inclusivenews.com.br\/index.php?rest_route=\/wp\/v2\/types\/post"}],"author":[{"embeddable":true,"href":"https:\/\/inclusivenews.com.br\/index.php?rest_route=\/wp\/v2\/users\/1"}],"replies":[{"embeddable":true,"href":"https:\/\/inclusivenews.com.br\/index.php?rest_route=%2Fwp%2Fv2%2Fcomments&post=20741"}],"version-history":[{"count":0,"href":"https:\/\/inclusivenews.com.br\/index.php?rest_route=\/wp\/v2\/posts\/20741\/revisions"}],"wp:attachment":[{"href":"https:\/\/inclusivenews.com.br\/index.php?rest_route=%2Fwp%2Fv2%2Fmedia&parent=20741"}],"wp:term":[{"taxonomy":"category","embeddable":true,"href":"https:\/\/inclusivenews.com.br\/index.php?rest_route=%2Fwp%2Fv2%2Fcategories&post=20741"},{"taxonomy":"post_tag","embeddable":true,"href":"https:\/\/inclusivenews.com.br\/index.php?rest_route=%2Fwp%2Fv2%2Ftags&post=20741"}],"curies":[{"name":"wp","href":"https:\/\/api.w.org\/{rel}","templated":true}]}}