{"id":20746,"date":"2011-08-25T07:46:30","date_gmt":"2011-08-25T10:46:30","guid":{"rendered":"http:\/\/www.inclusive.org.br\/?p=20746"},"modified":"2011-08-25T07:46:30","modified_gmt":"2011-08-25T10:46:30","slug":"masp-abre-espaco-para-a-arte-que-nasce-nas-ruas-das-grandes-cidades","status":"publish","type":"post","link":"https:\/\/inclusivenews.com.br\/?p=20746","title":{"rendered":"Masp abre espa\u00e7o para a arte que nasce nas ruas das grandes cidades"},"content":{"rendered":"<p><strong><\/p>\n<figure style=\"width: 294px\" class=\"wp-caption alignleft\"><img loading=\"lazy\" decoding=\"async\" class=\" \" title=\"Vista externa do MASP\" src=\"http:\/\/caionanet.org\/wp-content\/uploads\/2011\/05\/Agenda-do-MASP.jpg\" alt=\"Vista externa do MASP\" width=\"294\" height=\"168\" \/><figcaption class=\"wp-caption-text\"> <\/figcaption><\/figure>\n<p>Por Elaine Patricia Cruz<br \/>\n<em>Rep\u00f3rter da Ag\u00eancia Brasil<\/em><\/p>\n<p><\/strong><\/p>\n<p>Levar para dentro do museu a arte produzida nas ruas das metr\u00f3poles \u00e9 o objetivo do Museu de Arte de S\u00e3o Paulo (Masp) com a segunda edi\u00e7\u00e3o da mostra <em>De Dentro e de Fora<\/em>, aberta ao p\u00fablico da capital paulista at\u00e9 o dia 23 de dezembro.<\/p>\n<p>Na primeira mostra, organizada entre 2009 e 2010, o Masp apresentou apenas a arte urbana produzida no Brasil. Para esta edi\u00e7\u00e3o, foram convidados oito artistas estrangeiros, que participaram de um interc\u00e2mbio art\u00edstico em S\u00e3o Paulo por um m\u00eas, e o coletivo brasileiro BijaRi. As pe\u00e7as est\u00e3o expostas tanto na parte de dentro quanto na parte de fora do Masp. O grupo de estrangeiros \u00e9 composto pelos franceses Remed, JR e Invader, pelo tcheco Point, pelos argentinos Tec, Defi e Chu e pela norte-americana Swoon.<\/p>\n<p>\u201cApresentamos no ano passado a mesma tem\u00e1tica de arte urbana apenas com artistas brasileiros. Naquela ocasi\u00e3o, em virtude da excelente aceita\u00e7\u00e3o que teve por parte do p\u00fablico, pensamos em dar continuidade ao projeto trazendo agora artistas estrangeiros\u201d, explicou o curador do museu, Teixeira Coelho.<\/p>\n<p>Segundo ele, apesar de conhecido, principalmente, pelo acervo de pinturas, o Masp tem a obriga\u00e7\u00e3o de abrir espa\u00e7o para qualquer tipo de manifesta\u00e7\u00e3o art\u00edstica. \u201cJ\u00e1 ficou evidente que esse tipo de manifesta\u00e7\u00e3o [arte urbana] corresponde \u00e0 sensibilidade de uma parcela muito consider\u00e1vel do p\u00fablico jovem, que se identifica enormemente com essas propostas, tanto no Brasil quanto fora. \u00c9 um fen\u00f4meno que o museu, hoje, n\u00e3o pode ignorar\u201d.<\/p>\n<p>Entre as obras expostas est\u00e3o grafites, fotografias, v\u00eddeos, esculturas, pinturas, murais, colagens e instala\u00e7\u00f5es. \u201cA ideia de trazer os estrangeiros para c\u00e1 \u00e9 de mostrar a cidade de S\u00e3o Paulo para o mundo segundo o olhar dessas pessoas\u201d, explicou Ribeiro. Al\u00e9m da mostra, tamb\u00e9m haver\u00e1 cursos, mesas redondas e um festival de v\u00eddeos sobre cultura urbana, que ocorrer\u00e1 uma vez por m\u00eas.<\/p>\n<p>Sobre as diferentes manifesta\u00e7\u00f5es de arte urbana, Teixeira Coelho explicou o que o p\u00fablico vai encontrar na mostra. \u201cA palavra grafite diz respeito \u00e0s palavras, inscri\u00e7\u00f5es, dizeres que costumavam colocar na pra\u00e7a p\u00fablica, na rua. A partir da\u00ed, por uma quest\u00e3o de extens\u00e3o, virou essa arte figurativa, abstrata, colorida, que a gente v\u00ea pela rua. O melhor nome para fazer a designa\u00e7\u00e3o disso \u00e9 arte urbana. A pixa\u00e7\u00e3o \u00e9 uma terceira manifesta\u00e7\u00e3o, que \u00e9 mais agressiva, feita para agredir o suporte onde ela \u00e9 colocada. Tem um efeito muito personal\u00edstico, quase olhando para o pr\u00f3prio umbigo. O que estamos fazendo aqui, no museu, \u00e9 mostrar essa arte urbana, que inclui um pouco do grafite\u201d.<\/p>\n<p>Segundo o curador da mostra,\u00a0<em>De Dentro e de Fora<\/em> traz um novo p\u00fablico ao museu. \u201cO que diferencia o que a gente est\u00e1 fazendo do que o museu j\u00e1 faz \u00e9 uma proximidade maior com as novas gera\u00e7\u00f5es. \u00c9 uma quest\u00e3o de linguagem. Estamos trabalhando uma linguagem que as novas gera\u00e7\u00f5es gostam e entendem. Com isso, a gente renova o p\u00fablico do museu. Tem muito mais gente nova vindo frequentar o museu para ver essa exposi\u00e7\u00e3o, inclusive muita gente que nunca tinha entrado no museu\u201d, disse o curador.<\/p>\n<p>A mostra tamb\u00e9m tem a pretens\u00e3o de questionar a arte p\u00fablica encontrada atualmente nas ruas das grandes cidades do mundo. Segundo Ribeiro, a arte p\u00fablica era muito voltada aos grandes mausol\u00e9us, monumentos e bustos, mas hoje \u00e9 feita quase sem planejamento e por artistas que n\u00e3o s\u00e3o comissionados pelo governo ou pelo Poder P\u00fablico. \u201cFicamos sem aquele planejamento do que fazer na cidade. Por um lado, voc\u00ea tem bustos e a arte mais antiga decorando algumas pra\u00e7as e um contingente grande de artistas e garotos pintando os muros da cidade. Agora, para o futuro, o que imagino \u00e9 que v\u00e1 existir um planejamento melhor de como trabalhar a imagem da cidade\u201d. Para isso, defendeu Ribeiro, ser\u00e1 necess\u00e1rio ocorrer um grande pacto social envolvendo museus, artistas, organiza\u00e7\u00f5es, popula\u00e7\u00e3o e governo.<\/p>\n<p>O curador do Masp, no entanto, discorda da necessidade de planejamento para a arte das ruas. \u201cPlanejamento engessa as coisas. A grande caracter\u00edstica desse tipo de manifesta\u00e7\u00e3o \u00e9 o fato de que ela aparecia onde era poss\u00edvel. Muitas vezes, de modo clandestino. N\u00e3o sou nada favor\u00e1vel a planejamentos, localiza\u00e7\u00f5es. Temos de deixar essas coisas entregues a quem est\u00e1 fazendo [arte]. Se h\u00e1 excessos, devem ser punidos. A lei comum j\u00e1 existe para dar conta desse fen\u00f4meno. Fora da\u00ed, n\u00e3o creio que haja necessidade de ficar planejando a cidade nesse aspecto. A cidade \u00e9 mais forte, mais rica e mais viva quando as coisas acontecem em virtude da proposi\u00e7\u00e3o e necessidade das pessoas\u201d.<\/p>\n<p>Fonte: <a href=\"http:\/\/agenciabrasil.ebc.com.br\/noticia\/2011-08-21\/masp-abre-espaco-para-arte-que-nasce-nas-ruas-das-grandes-cidades\">Ag\u00eancia Brasil<\/a><\/p>\n","protected":false},"excerpt":{"rendered":"<p>Levar para dentro do museu a arte produzida nas ruas das metr\u00f3poles \u00e9 o objetivo do Museu de Arte de S\u00e3o Paulo (Masp) com a segunda edi\u00e7\u00e3o da mostra De Dentro e de Fora, aberta ao p\u00fablico da capital paulista at\u00e9 o dia 23 de dezembro.<\/p>\n","protected":false},"author":1,"featured_media":0,"comment_status":"open","ping_status":"open","sticky":false,"template":"","format":"standard","meta":{"site-container-style":"default","site-container-layout":"default","site-sidebar-layout":"default","disable-article-header":"default","disable-site-header":"default","disable-site-footer":"default","disable-content-area-spacing":"default","footnotes":""},"categories":[29,48,4],"tags":[],"class_list":["post-20746","post","type-post","status-publish","format-standard","hentry","category-cultura","category-inclusao","category-noticias"],"yoast_head":"<!-- This site is optimized with the Yoast SEO plugin v27.4 - https:\/\/yoast.com\/product\/yoast-seo-wordpress\/ -->\n<title>Masp abre espa\u00e7o para a arte que nasce nas ruas das grandes cidades -<\/title>\n<meta name=\"robots\" content=\"index, follow, max-snippet:-1, max-image-preview:large, max-video-preview:-1\" \/>\n<link rel=\"canonical\" href=\"https:\/\/inclusivenews.com.br\/?p=20746\" \/>\n<meta property=\"og:locale\" content=\"pt_PT\" \/>\n<meta property=\"og:type\" content=\"article\" \/>\n<meta property=\"og:title\" content=\"Masp abre espa\u00e7o para a arte que nasce nas ruas das grandes cidades -\" \/>\n<meta property=\"og:description\" content=\"Levar para dentro do museu a arte produzida nas ruas das metr\u00f3poles \u00e9 o objetivo do Museu de Arte de S\u00e3o Paulo (Masp) com a segunda edi\u00e7\u00e3o da mostra De Dentro e de Fora, aberta ao p\u00fablico da capital paulista at\u00e9 o dia 23 de dezembro.\" \/>\n<meta property=\"og:url\" content=\"https:\/\/inclusivenews.com.br\/?p=20746\" \/>\n<meta property=\"article:publisher\" content=\"https:\/\/www.facebook.com\/agenciainclusive\/\" \/>\n<meta property=\"article:published_time\" content=\"2011-08-25T10:46:30+00:00\" \/>\n<meta property=\"og:image\" content=\"http:\/\/caionanet.org\/wp-content\/uploads\/2011\/05\/Agenda-do-MASP.jpg\" \/>\n<meta name=\"author\" content=\"inclusivenews2024\" \/>\n<meta name=\"twitter:card\" content=\"summary_large_image\" \/>\n<meta name=\"twitter:label1\" content=\"Escrito por\" \/>\n\t<meta name=\"twitter:data1\" content=\"inclusivenews2024\" \/>\n\t<meta name=\"twitter:label2\" content=\"Tempo estimado de leitura\" \/>\n\t<meta name=\"twitter:data2\" content=\"4 minutos\" \/>\n<script type=\"application\/ld+json\" class=\"yoast-schema-graph\">{\"@context\":\"https:\\\/\\\/schema.org\",\"@graph\":[{\"@type\":\"Article\",\"@id\":\"https:\\\/\\\/inclusivenews.com.br\\\/?p=20746#article\",\"isPartOf\":{\"@id\":\"https:\\\/\\\/inclusivenews.com.br\\\/?p=20746\"},\"author\":{\"name\":\"inclusivenews2024\",\"@id\":\"https:\\\/\\\/inclusivenews.com.br\\\/#\\\/schema\\\/person\\\/ae4ec7087559b8692fb33b6fffd2273b\"},\"headline\":\"Masp abre espa\u00e7o para a arte que nasce nas ruas das grandes cidades\",\"datePublished\":\"2011-08-25T10:46:30+00:00\",\"mainEntityOfPage\":{\"@id\":\"https:\\\/\\\/inclusivenews.com.br\\\/?p=20746\"},\"wordCount\":834,\"commentCount\":0,\"publisher\":{\"@id\":\"https:\\\/\\\/inclusivenews.com.br\\\/#organization\"},\"image\":{\"@id\":\"https:\\\/\\\/inclusivenews.com.br\\\/?p=20746#primaryimage\"},\"thumbnailUrl\":\"http:\\\/\\\/caionanet.org\\\/wp-content\\\/uploads\\\/2011\\\/05\\\/Agenda-do-MASP.jpg\",\"articleSection\":[\"Cultura\",\"INCLUS\u00c3O SOCIAL\",\"NOT\u00cdCIAS\"],\"inLanguage\":\"pt-PT\",\"potentialAction\":[{\"@type\":\"CommentAction\",\"name\":\"Comment\",\"target\":[\"https:\\\/\\\/inclusivenews.com.br\\\/?p=20746#respond\"]}]},{\"@type\":\"WebPage\",\"@id\":\"https:\\\/\\\/inclusivenews.com.br\\\/?p=20746\",\"url\":\"https:\\\/\\\/inclusivenews.com.br\\\/?p=20746\",\"name\":\"Masp abre espa\u00e7o para a arte que nasce nas ruas das grandes cidades -\",\"isPartOf\":{\"@id\":\"https:\\\/\\\/inclusivenews.com.br\\\/#website\"},\"primaryImageOfPage\":{\"@id\":\"https:\\\/\\\/inclusivenews.com.br\\\/?p=20746#primaryimage\"},\"image\":{\"@id\":\"https:\\\/\\\/inclusivenews.com.br\\\/?p=20746#primaryimage\"},\"thumbnailUrl\":\"http:\\\/\\\/caionanet.org\\\/wp-content\\\/uploads\\\/2011\\\/05\\\/Agenda-do-MASP.jpg\",\"datePublished\":\"2011-08-25T10:46:30+00:00\",\"breadcrumb\":{\"@id\":\"https:\\\/\\\/inclusivenews.com.br\\\/?p=20746#breadcrumb\"},\"inLanguage\":\"pt-PT\",\"potentialAction\":[{\"@type\":\"ReadAction\",\"target\":[\"https:\\\/\\\/inclusivenews.com.br\\\/?p=20746\"]}]},{\"@type\":\"ImageObject\",\"inLanguage\":\"pt-PT\",\"@id\":\"https:\\\/\\\/inclusivenews.com.br\\\/?p=20746#primaryimage\",\"url\":\"http:\\\/\\\/caionanet.org\\\/wp-content\\\/uploads\\\/2011\\\/05\\\/Agenda-do-MASP.jpg\",\"contentUrl\":\"http:\\\/\\\/caionanet.org\\\/wp-content\\\/uploads\\\/2011\\\/05\\\/Agenda-do-MASP.jpg\"},{\"@type\":\"BreadcrumbList\",\"@id\":\"https:\\\/\\\/inclusivenews.com.br\\\/?p=20746#breadcrumb\",\"itemListElement\":[{\"@type\":\"ListItem\",\"position\":1,\"name\":\"In\u00edcio\",\"item\":\"https:\\\/\\\/inclusivenews.com.br\\\/\"},{\"@type\":\"ListItem\",\"position\":2,\"name\":\"Masp abre espa\u00e7o para a arte que nasce nas ruas das grandes cidades\"}]},{\"@type\":\"WebSite\",\"@id\":\"https:\\\/\\\/inclusivenews.com.br\\\/#website\",\"url\":\"https:\\\/\\\/inclusivenews.com.br\\\/\",\"name\":\"Inclusive News\",\"description\":\"Inclusive News\",\"publisher\":{\"@id\":\"https:\\\/\\\/inclusivenews.com.br\\\/#organization\"},\"potentialAction\":[{\"@type\":\"SearchAction\",\"target\":{\"@type\":\"EntryPoint\",\"urlTemplate\":\"https:\\\/\\\/inclusivenews.com.br\\\/?s={search_term_string}\"},\"query-input\":{\"@type\":\"PropertyValueSpecification\",\"valueRequired\":true,\"valueName\":\"search_term_string\"}}],\"inLanguage\":\"pt-PT\"},{\"@type\":\"Organization\",\"@id\":\"https:\\\/\\\/inclusivenews.com.br\\\/#organization\",\"name\":\"Inclusive - inclus\u00e3o e cidadania\",\"url\":\"https:\\\/\\\/inclusivenews.com.br\\\/\",\"logo\":{\"@type\":\"ImageObject\",\"inLanguage\":\"pt-PT\",\"@id\":\"https:\\\/\\\/inclusivenews.com.br\\\/#\\\/schema\\\/logo\\\/image\\\/\",\"url\":\"https:\\\/\\\/inclusivenews.com.br\\\/wp-content\\\/uploads\\\/2024\\\/03\\\/@grandesite.png\",\"contentUrl\":\"https:\\\/\\\/inclusivenews.com.br\\\/wp-content\\\/uploads\\\/2024\\\/03\\\/@grandesite.png\",\"width\":1080,\"height\":1080,\"caption\":\"Inclusive - inclus\u00e3o e cidadania\"},\"image\":{\"@id\":\"https:\\\/\\\/inclusivenews.com.br\\\/#\\\/schema\\\/logo\\\/image\\\/\"},\"sameAs\":[\"https:\\\/\\\/www.facebook.com\\\/agenciainclusive\\\/\",\"https:\\\/\\\/www.instagram.com\\\/newsinclusive\\\/\"]},{\"@type\":\"Person\",\"@id\":\"https:\\\/\\\/inclusivenews.com.br\\\/#\\\/schema\\\/person\\\/ae4ec7087559b8692fb33b6fffd2273b\",\"name\":\"inclusivenews2024\",\"image\":{\"@type\":\"ImageObject\",\"inLanguage\":\"pt-PT\",\"@id\":\"https:\\\/\\\/secure.gravatar.com\\\/avatar\\\/c5a7ef84c66fa914f55bc4f7ce26cfa275a3b9a1c5568b907bd184fb4dde7b40?s=96&d=mm&r=g\",\"url\":\"https:\\\/\\\/secure.gravatar.com\\\/avatar\\\/c5a7ef84c66fa914f55bc4f7ce26cfa275a3b9a1c5568b907bd184fb4dde7b40?s=96&d=mm&r=g\",\"contentUrl\":\"https:\\\/\\\/secure.gravatar.com\\\/avatar\\\/c5a7ef84c66fa914f55bc4f7ce26cfa275a3b9a1c5568b907bd184fb4dde7b40?s=96&d=mm&r=g\",\"caption\":\"inclusivenews2024\"},\"sameAs\":[\"https:\\\/\\\/inclusivenews.com.br\"],\"url\":\"https:\\\/\\\/inclusivenews.com.br\\\/?author=1\"}]}<\/script>\n<!-- \/ Yoast SEO plugin. -->","yoast_head_json":{"title":"Masp abre espa\u00e7o para a arte que nasce nas ruas das grandes cidades -","robots":{"index":"index","follow":"follow","max-snippet":"max-snippet:-1","max-image-preview":"max-image-preview:large","max-video-preview":"max-video-preview:-1"},"canonical":"https:\/\/inclusivenews.com.br\/?p=20746","og_locale":"pt_PT","og_type":"article","og_title":"Masp abre espa\u00e7o para a arte que nasce nas ruas das grandes cidades -","og_description":"Levar para dentro do museu a arte produzida nas ruas das metr\u00f3poles \u00e9 o objetivo do Museu de Arte de S\u00e3o Paulo (Masp) com a segunda edi\u00e7\u00e3o da mostra De Dentro e de Fora, aberta ao p\u00fablico da capital paulista at\u00e9 o dia 23 de dezembro.","og_url":"https:\/\/inclusivenews.com.br\/?p=20746","article_publisher":"https:\/\/www.facebook.com\/agenciainclusive\/","article_published_time":"2011-08-25T10:46:30+00:00","og_image":[{"url":"http:\/\/caionanet.org\/wp-content\/uploads\/2011\/05\/Agenda-do-MASP.jpg","type":"","width":"","height":""}],"author":"inclusivenews2024","twitter_card":"summary_large_image","twitter_misc":{"Escrito por":"inclusivenews2024","Tempo estimado de leitura":"4 minutos"},"schema":{"@context":"https:\/\/schema.org","@graph":[{"@type":"Article","@id":"https:\/\/inclusivenews.com.br\/?p=20746#article","isPartOf":{"@id":"https:\/\/inclusivenews.com.br\/?p=20746"},"author":{"name":"inclusivenews2024","@id":"https:\/\/inclusivenews.com.br\/#\/schema\/person\/ae4ec7087559b8692fb33b6fffd2273b"},"headline":"Masp abre espa\u00e7o para a arte que nasce nas ruas das grandes cidades","datePublished":"2011-08-25T10:46:30+00:00","mainEntityOfPage":{"@id":"https:\/\/inclusivenews.com.br\/?p=20746"},"wordCount":834,"commentCount":0,"publisher":{"@id":"https:\/\/inclusivenews.com.br\/#organization"},"image":{"@id":"https:\/\/inclusivenews.com.br\/?p=20746#primaryimage"},"thumbnailUrl":"http:\/\/caionanet.org\/wp-content\/uploads\/2011\/05\/Agenda-do-MASP.jpg","articleSection":["Cultura","INCLUS\u00c3O SOCIAL","NOT\u00cdCIAS"],"inLanguage":"pt-PT","potentialAction":[{"@type":"CommentAction","name":"Comment","target":["https:\/\/inclusivenews.com.br\/?p=20746#respond"]}]},{"@type":"WebPage","@id":"https:\/\/inclusivenews.com.br\/?p=20746","url":"https:\/\/inclusivenews.com.br\/?p=20746","name":"Masp abre espa\u00e7o para a arte que nasce nas ruas das grandes cidades -","isPartOf":{"@id":"https:\/\/inclusivenews.com.br\/#website"},"primaryImageOfPage":{"@id":"https:\/\/inclusivenews.com.br\/?p=20746#primaryimage"},"image":{"@id":"https:\/\/inclusivenews.com.br\/?p=20746#primaryimage"},"thumbnailUrl":"http:\/\/caionanet.org\/wp-content\/uploads\/2011\/05\/Agenda-do-MASP.jpg","datePublished":"2011-08-25T10:46:30+00:00","breadcrumb":{"@id":"https:\/\/inclusivenews.com.br\/?p=20746#breadcrumb"},"inLanguage":"pt-PT","potentialAction":[{"@type":"ReadAction","target":["https:\/\/inclusivenews.com.br\/?p=20746"]}]},{"@type":"ImageObject","inLanguage":"pt-PT","@id":"https:\/\/inclusivenews.com.br\/?p=20746#primaryimage","url":"http:\/\/caionanet.org\/wp-content\/uploads\/2011\/05\/Agenda-do-MASP.jpg","contentUrl":"http:\/\/caionanet.org\/wp-content\/uploads\/2011\/05\/Agenda-do-MASP.jpg"},{"@type":"BreadcrumbList","@id":"https:\/\/inclusivenews.com.br\/?p=20746#breadcrumb","itemListElement":[{"@type":"ListItem","position":1,"name":"In\u00edcio","item":"https:\/\/inclusivenews.com.br\/"},{"@type":"ListItem","position":2,"name":"Masp abre espa\u00e7o para a arte que nasce nas ruas das grandes cidades"}]},{"@type":"WebSite","@id":"https:\/\/inclusivenews.com.br\/#website","url":"https:\/\/inclusivenews.com.br\/","name":"Inclusive News","description":"Inclusive News","publisher":{"@id":"https:\/\/inclusivenews.com.br\/#organization"},"potentialAction":[{"@type":"SearchAction","target":{"@type":"EntryPoint","urlTemplate":"https:\/\/inclusivenews.com.br\/?s={search_term_string}"},"query-input":{"@type":"PropertyValueSpecification","valueRequired":true,"valueName":"search_term_string"}}],"inLanguage":"pt-PT"},{"@type":"Organization","@id":"https:\/\/inclusivenews.com.br\/#organization","name":"Inclusive - inclus\u00e3o e cidadania","url":"https:\/\/inclusivenews.com.br\/","logo":{"@type":"ImageObject","inLanguage":"pt-PT","@id":"https:\/\/inclusivenews.com.br\/#\/schema\/logo\/image\/","url":"https:\/\/inclusivenews.com.br\/wp-content\/uploads\/2024\/03\/@grandesite.png","contentUrl":"https:\/\/inclusivenews.com.br\/wp-content\/uploads\/2024\/03\/@grandesite.png","width":1080,"height":1080,"caption":"Inclusive - inclus\u00e3o e cidadania"},"image":{"@id":"https:\/\/inclusivenews.com.br\/#\/schema\/logo\/image\/"},"sameAs":["https:\/\/www.facebook.com\/agenciainclusive\/","https:\/\/www.instagram.com\/newsinclusive\/"]},{"@type":"Person","@id":"https:\/\/inclusivenews.com.br\/#\/schema\/person\/ae4ec7087559b8692fb33b6fffd2273b","name":"inclusivenews2024","image":{"@type":"ImageObject","inLanguage":"pt-PT","@id":"https:\/\/secure.gravatar.com\/avatar\/c5a7ef84c66fa914f55bc4f7ce26cfa275a3b9a1c5568b907bd184fb4dde7b40?s=96&d=mm&r=g","url":"https:\/\/secure.gravatar.com\/avatar\/c5a7ef84c66fa914f55bc4f7ce26cfa275a3b9a1c5568b907bd184fb4dde7b40?s=96&d=mm&r=g","contentUrl":"https:\/\/secure.gravatar.com\/avatar\/c5a7ef84c66fa914f55bc4f7ce26cfa275a3b9a1c5568b907bd184fb4dde7b40?s=96&d=mm&r=g","caption":"inclusivenews2024"},"sameAs":["https:\/\/inclusivenews.com.br"],"url":"https:\/\/inclusivenews.com.br\/?author=1"}]}},"_links":{"self":[{"href":"https:\/\/inclusivenews.com.br\/index.php?rest_route=\/wp\/v2\/posts\/20746","targetHints":{"allow":["GET"]}}],"collection":[{"href":"https:\/\/inclusivenews.com.br\/index.php?rest_route=\/wp\/v2\/posts"}],"about":[{"href":"https:\/\/inclusivenews.com.br\/index.php?rest_route=\/wp\/v2\/types\/post"}],"author":[{"embeddable":true,"href":"https:\/\/inclusivenews.com.br\/index.php?rest_route=\/wp\/v2\/users\/1"}],"replies":[{"embeddable":true,"href":"https:\/\/inclusivenews.com.br\/index.php?rest_route=%2Fwp%2Fv2%2Fcomments&post=20746"}],"version-history":[{"count":0,"href":"https:\/\/inclusivenews.com.br\/index.php?rest_route=\/wp\/v2\/posts\/20746\/revisions"}],"wp:attachment":[{"href":"https:\/\/inclusivenews.com.br\/index.php?rest_route=%2Fwp%2Fv2%2Fmedia&parent=20746"}],"wp:term":[{"taxonomy":"category","embeddable":true,"href":"https:\/\/inclusivenews.com.br\/index.php?rest_route=%2Fwp%2Fv2%2Fcategories&post=20746"},{"taxonomy":"post_tag","embeddable":true,"href":"https:\/\/inclusivenews.com.br\/index.php?rest_route=%2Fwp%2Fv2%2Ftags&post=20746"}],"curies":[{"name":"wp","href":"https:\/\/api.w.org\/{rel}","templated":true}]}}