{"id":20761,"date":"2011-08-25T07:43:56","date_gmt":"2011-08-25T10:43:56","guid":{"rendered":"http:\/\/www.inclusive.org.br\/?p=20761"},"modified":"2011-08-25T07:43:56","modified_gmt":"2011-08-25T10:43:56","slug":"colecao-historia-geral-da-africa","status":"publish","type":"post","link":"https:\/\/inclusivenews.com.br\/?p=20761","title":{"rendered":"Cole\u00e7\u00e3o Hist\u00f3ria Geral da \u00c1frica"},"content":{"rendered":"<figure style=\"width: 169px\" class=\"wp-caption alignleft\"><a class=\"moz-txt-link-freetext\" href=\"http:\/\/www.unesco.org\/new\/typo3temp\/pics\/4fcf2a81e0.jpg\"><img loading=\"lazy\" decoding=\"async\" title=\"Capa do volume 1 da publica\u00e7\u00e3o, onde aparece o t\u00edtulo e a imagem de um ca\u00e7ador portando um arco\" src=\"http:\/\/www.unesco.org\/new\/typo3temp\/pics\/4fcf2a81e0.jpg\" alt=\"Capa do volume 1 da publica\u00e7\u00e3o, onde aparece o t\u00edtulo e a imagem de um ca\u00e7ador portando um arco\" width=\"169\" height=\"258\" \/><\/a><figcaption class=\"wp-caption-text\"> <\/figcaption><\/figure>\n<p>Publicada em oito volumes, a cole\u00e7\u00e3o Hist\u00f3ria Geral da \u00c1frica est\u00e1 agora tamb\u00e9m dispon\u00edvel em portugu\u00eas. A edi\u00e7\u00e3o completa da cole\u00e7\u00e3o j\u00e1 foi publicada em \u00e1rabe, ingl\u00eas e franc\u00eas; e sua vers\u00e3o condensada est\u00e1 editada em ingl\u00eas, franc\u00eas e em v\u00e1rias outras l\u00ednguas, incluindo hausa, peul e swahili. Um dos projetos editoriais mais importantes da UNESCO nos \u00faltimos trinta anos, a cole\u00e7\u00e3o Hist\u00f3ria Geral da \u00c1frica \u00e9 um grande marco no processo de reconhecimento do patrim\u00f4nio cultural da \u00c1frica, pois ela permite compreender o desenvolvimento hist\u00f3rico dos povos africanos e sua rela\u00e7\u00e3o com outras civiliza\u00e7\u00f5es a partir de uma vis\u00e3o panor\u00e2mica, diacr\u00f4nica e objetiva, obtida de dentro do continente. A cole\u00e7\u00e3o foi produzida por mais de 350 especialistas das mais variadas \u00e1reas do conhecimento, sob a dire\u00e7\u00e3o de um Comit\u00ea Cient\u00edfico Internacional formado por 39 intelectuais, dos quais dois ter\u00e7os eram africanos.<\/p>\n<p class=\"bodytext\">Bras\u00edlia: UNESCO, Secad\/MEC, UFSCar, 2010.<\/p>\n<p class=\"bodytext\"><strong>Download gratuito<\/strong> (somente na vers\u00e3o em portugu\u00eas):<\/p>\n<ul>\n<li><a class=\"external-link-new-window\" href=\"http:\/\/unesdoc.unesco.org\/images\/0019\/001902\/190249POR.pdf\" target=\"_blank\" rel=\"noopener\">Volume I: Metodologia e Pr\u00e9-Hist\u00f3ria da \u00c1frica<\/a> (PDF, 8.8 Mb)\n<ul>\n<li>ISBN: 978-85-7652-123-5<\/li>\n<\/ul>\n<\/li>\n<li><a class=\"external-link-new-window\" href=\"http:\/\/unesdoc.unesco.org\/images\/0019\/001902\/190250POR.pdf\" target=\"_blank\" rel=\"noopener\">Volume II: \u00c1frica Antiga<\/a> (PDF, 11.5 Mb)\n<ul>\n<li>ISBN:\u00a0978-85-7652-124-2<\/li>\n<\/ul>\n<\/li>\n<li><a class=\"external-link-new-window\" href=\"http:\/\/unesdoc.unesco.org\/images\/0019\/001902\/190251POR.pdf\" target=\"_blank\" rel=\"noopener\">Volume III: \u00c1frica do s\u00e9culo VII ao XI<\/a> (PDF, 9.6 Mb)\n<ul>\n<li>ISBN: 978-85-7652-125-9<\/li>\n<\/ul>\n<\/li>\n<li><a class=\"external-link-new-window\" href=\"http:\/\/unesdoc.unesco.org\/images\/0019\/001902\/190252POR.pdf\" target=\"_blank\" rel=\"noopener\">Volume IV: \u00c1frica do s\u00e9culo XII ao XVI<\/a> (PDF, 9.3 Mb)\n<ul>\n<li>ISBN: 978-85-7652-126-6<\/li>\n<\/ul>\n<\/li>\n<li><a href=\"http:\/\/unesdoc.unesco.org\/images\/0019\/001902\/190253POR.pdf\" target=\"_blank\" rel=\"noopener\">Volume V: \u00c1frica do s\u00e9culo XVI ao XVIII<\/a> (PDF, 18.2 Mb)\n<ul>\n<li>ISBN: 978-85-7652-127-3<\/li>\n<\/ul>\n<\/li>\n<li><a class=\"external-link-new-window\" href=\"http:\/\/unesdoc.unesco.org\/images\/0019\/001902\/190254POR.pdf\" target=\"_blank\" rel=\"noopener\">Volume VI: \u00c1frica do s\u00e9culo XIX \u00e0 d\u00e9cada de 1880<\/a> (PDF, 10.3 Mb)\n<ul>\n<li>ISBN: 978-85-7652-128-0<\/li>\n<\/ul>\n<\/li>\n<li><a class=\"external-link-new-window\" href=\"http:\/\/unesdoc.unesco.org\/images\/0019\/001902\/190255POR.pdf\" target=\"_blank\" rel=\"noopener\">Volume VII: \u00c1frica sob domina\u00e7\u00e3o colonial, 1880-1935<\/a> (9.6 Mb)\n<ul>\n<li>ISBN: 978-85-7652-129-7<\/li>\n<\/ul>\n<\/li>\n<li><a href=\"http:\/\/unesdoc.unesco.org\/images\/0019\/001902\/190256POR.pdf\" target=\"_blank\" rel=\"noopener\">Volume VIII: \u00c1frica desde 1935<\/a> (9.9 Mb)\n<ul>\n<li>ISBN: 978-85-7652-130-3<\/li>\n<\/ul>\n<\/li>\n<\/ul>\n","protected":false},"excerpt":{"rendered":"<p>Publicada em oito volumes, a cole\u00e7\u00e3o Hist\u00f3ria Geral da \u00c1frica est\u00e1 agora tamb\u00e9m dispon\u00edvel em portugu\u00eas. (Dispon\u00edvel para download.)<\/p>\n","protected":false},"author":1,"featured_media":0,"comment_status":"open","ping_status":"open","sticky":false,"template":"","format":"standard","meta":{"site-container-style":"default","site-container-layout":"default","site-sidebar-layout":"default","disable-article-header":"default","disable-site-header":"default","disable-site-footer":"default","disable-content-area-spacing":"default","footnotes":""},"categories":[29,52,51,10],"tags":[],"class_list":["post-20761","post","type-post","status-publish","format-standard","hentry","category-cultura","category-downloadables","category-livros","category-publicacoes"],"yoast_head":"<!-- This site is optimized with the Yoast SEO plugin v27.4 - https:\/\/yoast.com\/product\/yoast-seo-wordpress\/ -->\n<title>Cole\u00e7\u00e3o Hist\u00f3ria Geral da \u00c1frica -<\/title>\n<meta name=\"robots\" content=\"index, follow, max-snippet:-1, max-image-preview:large, max-video-preview:-1\" \/>\n<link rel=\"canonical\" href=\"https:\/\/inclusivenews.com.br\/?p=20761\" \/>\n<meta property=\"og:locale\" content=\"pt_PT\" \/>\n<meta property=\"og:type\" content=\"article\" \/>\n<meta property=\"og:title\" content=\"Cole\u00e7\u00e3o Hist\u00f3ria Geral da \u00c1frica -\" \/>\n<meta property=\"og:description\" content=\"Publicada em oito volumes, a cole\u00e7\u00e3o Hist\u00f3ria Geral da \u00c1frica est\u00e1 agora tamb\u00e9m dispon\u00edvel em portugu\u00eas. (Dispon\u00edvel para download.)\" \/>\n<meta property=\"og:url\" content=\"https:\/\/inclusivenews.com.br\/?p=20761\" \/>\n<meta property=\"article:publisher\" content=\"https:\/\/www.facebook.com\/agenciainclusive\/\" \/>\n<meta property=\"article:published_time\" content=\"2011-08-25T10:43:56+00:00\" \/>\n<meta property=\"og:image\" content=\"http:\/\/www.unesco.org\/new\/typo3temp\/pics\/4fcf2a81e0.jpg\" \/>\n<meta name=\"author\" content=\"inclusivenews2024\" \/>\n<meta name=\"twitter:card\" content=\"summary_large_image\" \/>\n<meta name=\"twitter:label1\" content=\"Escrito por\" \/>\n\t<meta name=\"twitter:data1\" content=\"inclusivenews2024\" \/>\n\t<meta name=\"twitter:label2\" content=\"Tempo estimado de leitura\" \/>\n\t<meta name=\"twitter:data2\" content=\"2 minutos\" \/>\n<script type=\"application\/ld+json\" class=\"yoast-schema-graph\">{\"@context\":\"https:\\\/\\\/schema.org\",\"@graph\":[{\"@type\":\"Article\",\"@id\":\"https:\\\/\\\/inclusivenews.com.br\\\/?p=20761#article\",\"isPartOf\":{\"@id\":\"https:\\\/\\\/inclusivenews.com.br\\\/?p=20761\"},\"author\":{\"name\":\"inclusivenews2024\",\"@id\":\"https:\\\/\\\/inclusivenews.com.br\\\/#\\\/schema\\\/person\\\/ae4ec7087559b8692fb33b6fffd2273b\"},\"headline\":\"Cole\u00e7\u00e3o Hist\u00f3ria Geral da \u00c1frica\",\"datePublished\":\"2011-08-25T10:43:56+00:00\",\"mainEntityOfPage\":{\"@id\":\"https:\\\/\\\/inclusivenews.com.br\\\/?p=20761\"},\"wordCount\":311,\"commentCount\":0,\"publisher\":{\"@id\":\"https:\\\/\\\/inclusivenews.com.br\\\/#organization\"},\"image\":{\"@id\":\"https:\\\/\\\/inclusivenews.com.br\\\/?p=20761#primaryimage\"},\"thumbnailUrl\":\"http:\\\/\\\/www.unesco.org\\\/new\\\/typo3temp\\\/pics\\\/4fcf2a81e0.jpg\",\"articleSection\":[\"Cultura\",\"Downloadables\",\"Livros\",\"PUBLICA\u00c7\u00d5ES\"],\"inLanguage\":\"pt-PT\",\"potentialAction\":[{\"@type\":\"CommentAction\",\"name\":\"Comment\",\"target\":[\"https:\\\/\\\/inclusivenews.com.br\\\/?p=20761#respond\"]}]},{\"@type\":\"WebPage\",\"@id\":\"https:\\\/\\\/inclusivenews.com.br\\\/?p=20761\",\"url\":\"https:\\\/\\\/inclusivenews.com.br\\\/?p=20761\",\"name\":\"Cole\u00e7\u00e3o Hist\u00f3ria Geral da \u00c1frica -\",\"isPartOf\":{\"@id\":\"https:\\\/\\\/inclusivenews.com.br\\\/#website\"},\"primaryImageOfPage\":{\"@id\":\"https:\\\/\\\/inclusivenews.com.br\\\/?p=20761#primaryimage\"},\"image\":{\"@id\":\"https:\\\/\\\/inclusivenews.com.br\\\/?p=20761#primaryimage\"},\"thumbnailUrl\":\"http:\\\/\\\/www.unesco.org\\\/new\\\/typo3temp\\\/pics\\\/4fcf2a81e0.jpg\",\"datePublished\":\"2011-08-25T10:43:56+00:00\",\"breadcrumb\":{\"@id\":\"https:\\\/\\\/inclusivenews.com.br\\\/?p=20761#breadcrumb\"},\"inLanguage\":\"pt-PT\",\"potentialAction\":[{\"@type\":\"ReadAction\",\"target\":[\"https:\\\/\\\/inclusivenews.com.br\\\/?p=20761\"]}]},{\"@type\":\"ImageObject\",\"inLanguage\":\"pt-PT\",\"@id\":\"https:\\\/\\\/inclusivenews.com.br\\\/?p=20761#primaryimage\",\"url\":\"http:\\\/\\\/www.unesco.org\\\/new\\\/typo3temp\\\/pics\\\/4fcf2a81e0.jpg\",\"contentUrl\":\"http:\\\/\\\/www.unesco.org\\\/new\\\/typo3temp\\\/pics\\\/4fcf2a81e0.jpg\"},{\"@type\":\"BreadcrumbList\",\"@id\":\"https:\\\/\\\/inclusivenews.com.br\\\/?p=20761#breadcrumb\",\"itemListElement\":[{\"@type\":\"ListItem\",\"position\":1,\"name\":\"In\u00edcio\",\"item\":\"https:\\\/\\\/inclusivenews.com.br\\\/\"},{\"@type\":\"ListItem\",\"position\":2,\"name\":\"Cole\u00e7\u00e3o Hist\u00f3ria Geral da \u00c1frica\"}]},{\"@type\":\"WebSite\",\"@id\":\"https:\\\/\\\/inclusivenews.com.br\\\/#website\",\"url\":\"https:\\\/\\\/inclusivenews.com.br\\\/\",\"name\":\"Inclusive News\",\"description\":\"Inclusive News\",\"publisher\":{\"@id\":\"https:\\\/\\\/inclusivenews.com.br\\\/#organization\"},\"potentialAction\":[{\"@type\":\"SearchAction\",\"target\":{\"@type\":\"EntryPoint\",\"urlTemplate\":\"https:\\\/\\\/inclusivenews.com.br\\\/?s={search_term_string}\"},\"query-input\":{\"@type\":\"PropertyValueSpecification\",\"valueRequired\":true,\"valueName\":\"search_term_string\"}}],\"inLanguage\":\"pt-PT\"},{\"@type\":\"Organization\",\"@id\":\"https:\\\/\\\/inclusivenews.com.br\\\/#organization\",\"name\":\"Inclusive - inclus\u00e3o e cidadania\",\"url\":\"https:\\\/\\\/inclusivenews.com.br\\\/\",\"logo\":{\"@type\":\"ImageObject\",\"inLanguage\":\"pt-PT\",\"@id\":\"https:\\\/\\\/inclusivenews.com.br\\\/#\\\/schema\\\/logo\\\/image\\\/\",\"url\":\"https:\\\/\\\/inclusivenews.com.br\\\/wp-content\\\/uploads\\\/2024\\\/03\\\/@grandesite.png\",\"contentUrl\":\"https:\\\/\\\/inclusivenews.com.br\\\/wp-content\\\/uploads\\\/2024\\\/03\\\/@grandesite.png\",\"width\":1080,\"height\":1080,\"caption\":\"Inclusive - inclus\u00e3o e cidadania\"},\"image\":{\"@id\":\"https:\\\/\\\/inclusivenews.com.br\\\/#\\\/schema\\\/logo\\\/image\\\/\"},\"sameAs\":[\"https:\\\/\\\/www.facebook.com\\\/agenciainclusive\\\/\",\"https:\\\/\\\/www.instagram.com\\\/newsinclusive\\\/\"]},{\"@type\":\"Person\",\"@id\":\"https:\\\/\\\/inclusivenews.com.br\\\/#\\\/schema\\\/person\\\/ae4ec7087559b8692fb33b6fffd2273b\",\"name\":\"inclusivenews2024\",\"image\":{\"@type\":\"ImageObject\",\"inLanguage\":\"pt-PT\",\"@id\":\"https:\\\/\\\/secure.gravatar.com\\\/avatar\\\/c5a7ef84c66fa914f55bc4f7ce26cfa275a3b9a1c5568b907bd184fb4dde7b40?s=96&d=mm&r=g\",\"url\":\"https:\\\/\\\/secure.gravatar.com\\\/avatar\\\/c5a7ef84c66fa914f55bc4f7ce26cfa275a3b9a1c5568b907bd184fb4dde7b40?s=96&d=mm&r=g\",\"contentUrl\":\"https:\\\/\\\/secure.gravatar.com\\\/avatar\\\/c5a7ef84c66fa914f55bc4f7ce26cfa275a3b9a1c5568b907bd184fb4dde7b40?s=96&d=mm&r=g\",\"caption\":\"inclusivenews2024\"},\"sameAs\":[\"https:\\\/\\\/inclusivenews.com.br\"],\"url\":\"https:\\\/\\\/inclusivenews.com.br\\\/?author=1\"}]}<\/script>\n<!-- \/ Yoast SEO plugin. -->","yoast_head_json":{"title":"Cole\u00e7\u00e3o Hist\u00f3ria Geral da \u00c1frica -","robots":{"index":"index","follow":"follow","max-snippet":"max-snippet:-1","max-image-preview":"max-image-preview:large","max-video-preview":"max-video-preview:-1"},"canonical":"https:\/\/inclusivenews.com.br\/?p=20761","og_locale":"pt_PT","og_type":"article","og_title":"Cole\u00e7\u00e3o Hist\u00f3ria Geral da \u00c1frica -","og_description":"Publicada em oito volumes, a cole\u00e7\u00e3o Hist\u00f3ria Geral da \u00c1frica est\u00e1 agora tamb\u00e9m dispon\u00edvel em portugu\u00eas. (Dispon\u00edvel para download.)","og_url":"https:\/\/inclusivenews.com.br\/?p=20761","article_publisher":"https:\/\/www.facebook.com\/agenciainclusive\/","article_published_time":"2011-08-25T10:43:56+00:00","og_image":[{"url":"http:\/\/www.unesco.org\/new\/typo3temp\/pics\/4fcf2a81e0.jpg","type":"","width":"","height":""}],"author":"inclusivenews2024","twitter_card":"summary_large_image","twitter_misc":{"Escrito por":"inclusivenews2024","Tempo estimado de leitura":"2 minutos"},"schema":{"@context":"https:\/\/schema.org","@graph":[{"@type":"Article","@id":"https:\/\/inclusivenews.com.br\/?p=20761#article","isPartOf":{"@id":"https:\/\/inclusivenews.com.br\/?p=20761"},"author":{"name":"inclusivenews2024","@id":"https:\/\/inclusivenews.com.br\/#\/schema\/person\/ae4ec7087559b8692fb33b6fffd2273b"},"headline":"Cole\u00e7\u00e3o Hist\u00f3ria Geral da \u00c1frica","datePublished":"2011-08-25T10:43:56+00:00","mainEntityOfPage":{"@id":"https:\/\/inclusivenews.com.br\/?p=20761"},"wordCount":311,"commentCount":0,"publisher":{"@id":"https:\/\/inclusivenews.com.br\/#organization"},"image":{"@id":"https:\/\/inclusivenews.com.br\/?p=20761#primaryimage"},"thumbnailUrl":"http:\/\/www.unesco.org\/new\/typo3temp\/pics\/4fcf2a81e0.jpg","articleSection":["Cultura","Downloadables","Livros","PUBLICA\u00c7\u00d5ES"],"inLanguage":"pt-PT","potentialAction":[{"@type":"CommentAction","name":"Comment","target":["https:\/\/inclusivenews.com.br\/?p=20761#respond"]}]},{"@type":"WebPage","@id":"https:\/\/inclusivenews.com.br\/?p=20761","url":"https:\/\/inclusivenews.com.br\/?p=20761","name":"Cole\u00e7\u00e3o Hist\u00f3ria Geral da \u00c1frica -","isPartOf":{"@id":"https:\/\/inclusivenews.com.br\/#website"},"primaryImageOfPage":{"@id":"https:\/\/inclusivenews.com.br\/?p=20761#primaryimage"},"image":{"@id":"https:\/\/inclusivenews.com.br\/?p=20761#primaryimage"},"thumbnailUrl":"http:\/\/www.unesco.org\/new\/typo3temp\/pics\/4fcf2a81e0.jpg","datePublished":"2011-08-25T10:43:56+00:00","breadcrumb":{"@id":"https:\/\/inclusivenews.com.br\/?p=20761#breadcrumb"},"inLanguage":"pt-PT","potentialAction":[{"@type":"ReadAction","target":["https:\/\/inclusivenews.com.br\/?p=20761"]}]},{"@type":"ImageObject","inLanguage":"pt-PT","@id":"https:\/\/inclusivenews.com.br\/?p=20761#primaryimage","url":"http:\/\/www.unesco.org\/new\/typo3temp\/pics\/4fcf2a81e0.jpg","contentUrl":"http:\/\/www.unesco.org\/new\/typo3temp\/pics\/4fcf2a81e0.jpg"},{"@type":"BreadcrumbList","@id":"https:\/\/inclusivenews.com.br\/?p=20761#breadcrumb","itemListElement":[{"@type":"ListItem","position":1,"name":"In\u00edcio","item":"https:\/\/inclusivenews.com.br\/"},{"@type":"ListItem","position":2,"name":"Cole\u00e7\u00e3o Hist\u00f3ria Geral da \u00c1frica"}]},{"@type":"WebSite","@id":"https:\/\/inclusivenews.com.br\/#website","url":"https:\/\/inclusivenews.com.br\/","name":"Inclusive News","description":"Inclusive News","publisher":{"@id":"https:\/\/inclusivenews.com.br\/#organization"},"potentialAction":[{"@type":"SearchAction","target":{"@type":"EntryPoint","urlTemplate":"https:\/\/inclusivenews.com.br\/?s={search_term_string}"},"query-input":{"@type":"PropertyValueSpecification","valueRequired":true,"valueName":"search_term_string"}}],"inLanguage":"pt-PT"},{"@type":"Organization","@id":"https:\/\/inclusivenews.com.br\/#organization","name":"Inclusive - inclus\u00e3o e cidadania","url":"https:\/\/inclusivenews.com.br\/","logo":{"@type":"ImageObject","inLanguage":"pt-PT","@id":"https:\/\/inclusivenews.com.br\/#\/schema\/logo\/image\/","url":"https:\/\/inclusivenews.com.br\/wp-content\/uploads\/2024\/03\/@grandesite.png","contentUrl":"https:\/\/inclusivenews.com.br\/wp-content\/uploads\/2024\/03\/@grandesite.png","width":1080,"height":1080,"caption":"Inclusive - inclus\u00e3o e cidadania"},"image":{"@id":"https:\/\/inclusivenews.com.br\/#\/schema\/logo\/image\/"},"sameAs":["https:\/\/www.facebook.com\/agenciainclusive\/","https:\/\/www.instagram.com\/newsinclusive\/"]},{"@type":"Person","@id":"https:\/\/inclusivenews.com.br\/#\/schema\/person\/ae4ec7087559b8692fb33b6fffd2273b","name":"inclusivenews2024","image":{"@type":"ImageObject","inLanguage":"pt-PT","@id":"https:\/\/secure.gravatar.com\/avatar\/c5a7ef84c66fa914f55bc4f7ce26cfa275a3b9a1c5568b907bd184fb4dde7b40?s=96&d=mm&r=g","url":"https:\/\/secure.gravatar.com\/avatar\/c5a7ef84c66fa914f55bc4f7ce26cfa275a3b9a1c5568b907bd184fb4dde7b40?s=96&d=mm&r=g","contentUrl":"https:\/\/secure.gravatar.com\/avatar\/c5a7ef84c66fa914f55bc4f7ce26cfa275a3b9a1c5568b907bd184fb4dde7b40?s=96&d=mm&r=g","caption":"inclusivenews2024"},"sameAs":["https:\/\/inclusivenews.com.br"],"url":"https:\/\/inclusivenews.com.br\/?author=1"}]}},"_links":{"self":[{"href":"https:\/\/inclusivenews.com.br\/index.php?rest_route=\/wp\/v2\/posts\/20761","targetHints":{"allow":["GET"]}}],"collection":[{"href":"https:\/\/inclusivenews.com.br\/index.php?rest_route=\/wp\/v2\/posts"}],"about":[{"href":"https:\/\/inclusivenews.com.br\/index.php?rest_route=\/wp\/v2\/types\/post"}],"author":[{"embeddable":true,"href":"https:\/\/inclusivenews.com.br\/index.php?rest_route=\/wp\/v2\/users\/1"}],"replies":[{"embeddable":true,"href":"https:\/\/inclusivenews.com.br\/index.php?rest_route=%2Fwp%2Fv2%2Fcomments&post=20761"}],"version-history":[{"count":0,"href":"https:\/\/inclusivenews.com.br\/index.php?rest_route=\/wp\/v2\/posts\/20761\/revisions"}],"wp:attachment":[{"href":"https:\/\/inclusivenews.com.br\/index.php?rest_route=%2Fwp%2Fv2%2Fmedia&parent=20761"}],"wp:term":[{"taxonomy":"category","embeddable":true,"href":"https:\/\/inclusivenews.com.br\/index.php?rest_route=%2Fwp%2Fv2%2Fcategories&post=20761"},{"taxonomy":"post_tag","embeddable":true,"href":"https:\/\/inclusivenews.com.br\/index.php?rest_route=%2Fwp%2Fv2%2Ftags&post=20761"}],"curies":[{"name":"wp","href":"https:\/\/api.w.org\/{rel}","templated":true}]}}