{"id":20780,"date":"2011-08-25T07:44:39","date_gmt":"2011-08-25T10:44:39","guid":{"rendered":"http:\/\/www.inclusive.org.br\/?p=20780"},"modified":"2011-08-25T07:44:39","modified_gmt":"2011-08-25T10:44:39","slug":"as-meninas-da-vila-mariana-e-voce-2","status":"publish","type":"post","link":"https:\/\/inclusivenews.com.br\/?p=20780","title":{"rendered":"As meninas da Vila Mariana e voc\u00ea"},"content":{"rendered":"<div class=\"entry-meta\">\n<p><strong><span class=\"helenasinger\"><\/p>\n<figure style=\"width: 239px\" class=\"wp-caption alignleft\"><img loading=\"lazy\" decoding=\"async\" title=\"Portal Aprendiz\" src=\"http:\/\/portal.aprendiz.uol.com.br\/wp-content\/themes\/portalaprendiz\/images\/logo.jpg\" alt=\"\" width=\"239\" height=\"79\" \/><figcaption class=\"wp-caption-text\"> <\/figcaption><\/figure>\n<p>Helena Singer<br \/>\nno Portal Aprendiz<\/p>\n<p><\/span><\/strong><\/p>\n<\/div>\n<p>Neste \u00faltimo m\u00eas, acompanhamos pela m\u00eddia as desventuras em s\u00e9rie de um grupo de meninas acusadas de furtos e agress\u00f5es na Vila Mariana, bairro de classe m\u00e9dia da zona sul paulistana. No primeiro dia do m\u00eas, os jornais anunciaram que um \u201cbando\u201d de cerca de 20 crian\u00e7as, a maioria meninas, estava \u201caterrorizando\u201d a regi\u00e3o. O Conselho de Seguran\u00e7a (Conseg) do bairro discutia a quest\u00e3o e lembrava que o grupo j\u00e1 havia sido detido em flagrante mais de 15 vezes. O Conselho Tutelar tamb\u00e9m j\u00e1 conhecia o caso e informava que a maioria das crian\u00e7as seria da Cidade Tiradentes e de S\u00e3o Mateus, bairros pobres da zona leste. Mais ainda: o grupo seria composto por cerca de 30 crian\u00e7as e atuaria havia tr\u00eas anos na Vila Mariana.<\/p>\n<div id=\"conteudo\" class=\"entry-content\">\n<p>Onze dias depois, sete meninas deste grupo foram detidas novamente. Desta vez, a pol\u00edcia informou que tr\u00eas eram menores de 12 anos e, por isso, foram encaminhadas para o Conselho Tutelar, como orienta o Estatuto da Crian\u00e7a e do Adolescente (ECA), para serem reencaminhadas \u00e0s pr\u00f3prias fam\u00edlias ou a abrigos. As outras permaneceriam na delegacia aguardando a vinda de familiares ou poderiam ser direcionadas \u00e0 Funda\u00e7\u00e3o Casa. A repercuss\u00e3o do caso na m\u00eddia teve resultado: as m\u00e3es foram \u00e0 delegacia reencontrar suas filhas. Estas m\u00e3es t\u00eam de 26 a 33 anos e de 3 a 7 filhos cada uma.<\/p>\n<p>Chegando \u00e0 delegacia, as m\u00e3es foram presas e indiciadas por abandono de incapaz, por ordem do delegado. As sete meninas, agora sem possibilidade de voltar para as casas, foram para abrigos. Mas, no dia seguinte, a Justi\u00e7a as soltou, determinando que n\u00e3o deixassem a cidade e que comparecessem ao Conselho Tutelar da Cidade Tiradentes.<\/p>\n<p>Mais uma semana e o grupo volta \u00e0s manchetes. Desta vez porque a irm\u00e3 mais velha de uma delas, de 17 anos, foi em busca da mais nova e a encontrou, de madrugada, em companhia de duas amigas. Todas haviam sa\u00eddo dos abrigos para onde foram encaminhadas (o termo \u201cfugido\u201d empregado pelos jornais n\u00e3o \u00e9 adequado, j\u00e1 que os abrigos n\u00e3o s\u00e3o pris\u00f5es). As meninas brigaram, algu\u00e9m chamou a pol\u00edcia, e l\u00e1 foram as crian\u00e7as para a delegacia novamente. A irm\u00e3 relatou que a mais nova estava fora de casa havia dois meses.\u00a0 A Vara da Inf\u00e2ncia e Juventude decidiu que as tr\u00eas meninas reencontradas ter\u00e3o que cumprir medidas socioeducativas, como servi\u00e7os \u00e0 comunidade, em liberdade assistida, acompanhadas por ONGs e Minist\u00e9rio P\u00fablico Estadual, e ter\u00e3o que ir \u00e0 escola,\u00a0 conforme determina a lei.<\/p>\n<p>Ainda n\u00e3o sabemos qual ser\u00e1 o pr\u00f3ximo cap\u00edtulo desta s\u00e9rie de desventuras, mas est\u00e1 claro que estamos longe de uma solu\u00e7\u00e3o adequada, que promova a prote\u00e7\u00e3o, o cuidado, a sa\u00fade e a educa\u00e7\u00e3o destas crian\u00e7as. As v\u00e1rias inst\u00e2ncias respons\u00e1veis por isso n\u00e3o est\u00e3o ausentes. Elas aparecem e atuam, mas, com a l\u00f3gica fragmentada dos encaminhamentos, vem falhando sistematicamente: a fam\u00edlia, a escola, os bairros (aquele onde as crian\u00e7as nasceram e o outro, onde circulam), a pol\u00edcia, o Conseg, o Conselho Tutelar, a Vara da Inf\u00e2ncia e Juventude, a Promotoria, a Justi\u00e7a, os abrigos, a Funda\u00e7\u00e3o Casa. Diante disso, podemos nos indignar, mas nos sentimos impotentes.<\/p>\n<p>No entanto, h\u00e1 algo que podemos fazer. A legisla\u00e7\u00e3o prev\u00ea a nossa participa\u00e7\u00e3o na constitui\u00e7\u00e3o e no controle das institui\u00e7\u00f5es p\u00fablicas respons\u00e1veis pela garantia dos direitos da crian\u00e7a e do adolescente. Se n\u00e3o participamos, elas acabam sendo tomadas por interesses privados e seus ocupantes n\u00e3o se sentem obrigados a nos prestar contas.<\/p>\n<p>A mais importante destas institui\u00e7\u00f5es em casos como este \u00e9 o Conselho Tutelar, criado com o ECA, h\u00e1 21 anos. \u00d3rg\u00e3o municipal aut\u00f4nomo, n\u00e3o subordinado ao Estado, \u00e9 respons\u00e1vel por zelar pelos direitos da crian\u00e7a e do adolescente, sendo formado por membros eleitos pela comunidade para mandato de tr\u00eas anos. Em S\u00e3o Paulo, temos 44 conselhos tutelares, cada qual constitu\u00eddo por cinco membros. O Conselho Tutelar deve ser acionado sempre que se perceba abuso ou situa\u00e7\u00f5es de risco contra a crian\u00e7a ou o adolescente. Cabe a ele aplicar medidas que zelem pela prote\u00e7\u00e3o dos direitos da crian\u00e7a e do adolescente. Para tanto, \u00e9 evidente a necessidade de o Conselho trabalhar em parceria com a rede respons\u00e1vel pela garantia destes direitos e sempre em di\u00e1logo com as crian\u00e7as e os adolescentes.<\/p>\n<p>A pr\u00f3xima elei\u00e7\u00e3o dos conselheiros da capital paulista acontecer\u00e1 por meio de voto secreto e direto nas respectivas zonas eleitorais nos dias 14, 15 e 16 de outubro. Informe-se no seu bairro quem s\u00e3o os candidatos apoiados pelas ONGs, escolas, postos de sa\u00fade, Vara da Inf\u00e2ncia e outras organiza\u00e7\u00f5es da rede sociopedag\u00f3gica e ajude a eleger algu\u00e9m com o perfil adequado e com condi\u00e7\u00f5es garantidas por esta rede para finalmente encerrar as desventuras em s\u00e9rie das nossas crian\u00e7as.<\/p>\n<p>Moradores de outras cidades, informem-se quando ser\u00e1 a pr\u00f3xima elei\u00e7\u00e3o do Conselho Tutelar de sua cidade.<\/p>\n<p>Fonte: Portal Aprendiz<\/p>\n<\/div>\n","protected":false},"excerpt":{"rendered":"<p>Ainda n\u00e3o sabemos qual ser\u00e1 o pr\u00f3ximo cap\u00edtulo desta s\u00e9rie de desventuras, mas est\u00e1 claro que estamos longe de uma solu\u00e7\u00e3o adequada, que promova a prote\u00e7\u00e3o, o cuidado, a sa\u00fade e a educa\u00e7\u00e3o destas crian\u00e7as. Do Portal Aprendiz.<\/p>\n","protected":false},"author":1,"featured_media":0,"comment_status":"open","ping_status":"open","sticky":false,"template":"","format":"standard","meta":{"site-container-style":"default","site-container-layout":"default","site-sidebar-layout":"default","disable-article-header":"default","disable-site-header":"default","disable-site-footer":"default","disable-content-area-spacing":"default","footnotes":""},"categories":[33],"tags":[60],"class_list":["post-20780","post","type-post","status-publish","format-standard","hentry","category-reportagem","tag-infancia"],"yoast_head":"<!-- This site is optimized with the Yoast SEO plugin v27.4 - https:\/\/yoast.com\/product\/yoast-seo-wordpress\/ -->\n<title>As meninas da Vila Mariana e voc\u00ea -<\/title>\n<meta name=\"robots\" content=\"index, follow, max-snippet:-1, max-image-preview:large, max-video-preview:-1\" \/>\n<link rel=\"canonical\" href=\"https:\/\/inclusivenews.com.br\/?p=20780\" \/>\n<meta property=\"og:locale\" content=\"pt_PT\" \/>\n<meta property=\"og:type\" content=\"article\" \/>\n<meta property=\"og:title\" content=\"As meninas da Vila Mariana e voc\u00ea -\" \/>\n<meta property=\"og:description\" content=\"Ainda n\u00e3o sabemos qual ser\u00e1 o pr\u00f3ximo cap\u00edtulo desta s\u00e9rie de desventuras, mas est\u00e1 claro que estamos longe de uma solu\u00e7\u00e3o adequada, que promova a prote\u00e7\u00e3o, o cuidado, a sa\u00fade e a educa\u00e7\u00e3o destas crian\u00e7as. Do Portal Aprendiz.\" \/>\n<meta property=\"og:url\" content=\"https:\/\/inclusivenews.com.br\/?p=20780\" \/>\n<meta property=\"article:publisher\" content=\"https:\/\/www.facebook.com\/agenciainclusive\/\" \/>\n<meta property=\"article:published_time\" content=\"2011-08-25T10:44:39+00:00\" \/>\n<meta property=\"og:image\" content=\"http:\/\/portal.aprendiz.uol.com.br\/wp-content\/themes\/portalaprendiz\/images\/logo.jpg\" \/>\n<meta name=\"author\" content=\"inclusivenews2024\" \/>\n<meta name=\"twitter:card\" content=\"summary_large_image\" \/>\n<meta name=\"twitter:label1\" content=\"Escrito por\" \/>\n\t<meta name=\"twitter:data1\" content=\"inclusivenews2024\" \/>\n\t<meta name=\"twitter:label2\" content=\"Tempo estimado de leitura\" \/>\n\t<meta name=\"twitter:data2\" content=\"4 minutos\" \/>\n<script type=\"application\/ld+json\" class=\"yoast-schema-graph\">{\"@context\":\"https:\\\/\\\/schema.org\",\"@graph\":[{\"@type\":\"Article\",\"@id\":\"https:\\\/\\\/inclusivenews.com.br\\\/?p=20780#article\",\"isPartOf\":{\"@id\":\"https:\\\/\\\/inclusivenews.com.br\\\/?p=20780\"},\"author\":{\"name\":\"inclusivenews2024\",\"@id\":\"https:\\\/\\\/inclusivenews.com.br\\\/#\\\/schema\\\/person\\\/ae4ec7087559b8692fb33b6fffd2273b\"},\"headline\":\"As meninas da Vila Mariana e voc\u00ea\",\"datePublished\":\"2011-08-25T10:44:39+00:00\",\"mainEntityOfPage\":{\"@id\":\"https:\\\/\\\/inclusivenews.com.br\\\/?p=20780\"},\"wordCount\":896,\"commentCount\":0,\"publisher\":{\"@id\":\"https:\\\/\\\/inclusivenews.com.br\\\/#organization\"},\"image\":{\"@id\":\"https:\\\/\\\/inclusivenews.com.br\\\/?p=20780#primaryimage\"},\"thumbnailUrl\":\"http:\\\/\\\/portal.aprendiz.uol.com.br\\\/wp-content\\\/themes\\\/portalaprendiz\\\/images\\\/logo.jpg\",\"keywords\":[\"Inf\u00e2ncia\"],\"articleSection\":[\"Reportagem\"],\"inLanguage\":\"pt-PT\",\"potentialAction\":[{\"@type\":\"CommentAction\",\"name\":\"Comment\",\"target\":[\"https:\\\/\\\/inclusivenews.com.br\\\/?p=20780#respond\"]}]},{\"@type\":\"WebPage\",\"@id\":\"https:\\\/\\\/inclusivenews.com.br\\\/?p=20780\",\"url\":\"https:\\\/\\\/inclusivenews.com.br\\\/?p=20780\",\"name\":\"As meninas da Vila Mariana e voc\u00ea -\",\"isPartOf\":{\"@id\":\"https:\\\/\\\/inclusivenews.com.br\\\/#website\"},\"primaryImageOfPage\":{\"@id\":\"https:\\\/\\\/inclusivenews.com.br\\\/?p=20780#primaryimage\"},\"image\":{\"@id\":\"https:\\\/\\\/inclusivenews.com.br\\\/?p=20780#primaryimage\"},\"thumbnailUrl\":\"http:\\\/\\\/portal.aprendiz.uol.com.br\\\/wp-content\\\/themes\\\/portalaprendiz\\\/images\\\/logo.jpg\",\"datePublished\":\"2011-08-25T10:44:39+00:00\",\"breadcrumb\":{\"@id\":\"https:\\\/\\\/inclusivenews.com.br\\\/?p=20780#breadcrumb\"},\"inLanguage\":\"pt-PT\",\"potentialAction\":[{\"@type\":\"ReadAction\",\"target\":[\"https:\\\/\\\/inclusivenews.com.br\\\/?p=20780\"]}]},{\"@type\":\"ImageObject\",\"inLanguage\":\"pt-PT\",\"@id\":\"https:\\\/\\\/inclusivenews.com.br\\\/?p=20780#primaryimage\",\"url\":\"http:\\\/\\\/portal.aprendiz.uol.com.br\\\/wp-content\\\/themes\\\/portalaprendiz\\\/images\\\/logo.jpg\",\"contentUrl\":\"http:\\\/\\\/portal.aprendiz.uol.com.br\\\/wp-content\\\/themes\\\/portalaprendiz\\\/images\\\/logo.jpg\"},{\"@type\":\"BreadcrumbList\",\"@id\":\"https:\\\/\\\/inclusivenews.com.br\\\/?p=20780#breadcrumb\",\"itemListElement\":[{\"@type\":\"ListItem\",\"position\":1,\"name\":\"In\u00edcio\",\"item\":\"https:\\\/\\\/inclusivenews.com.br\\\/\"},{\"@type\":\"ListItem\",\"position\":2,\"name\":\"As meninas da Vila Mariana e voc\u00ea\"}]},{\"@type\":\"WebSite\",\"@id\":\"https:\\\/\\\/inclusivenews.com.br\\\/#website\",\"url\":\"https:\\\/\\\/inclusivenews.com.br\\\/\",\"name\":\"Inclusive News\",\"description\":\"Inclusive News\",\"publisher\":{\"@id\":\"https:\\\/\\\/inclusivenews.com.br\\\/#organization\"},\"potentialAction\":[{\"@type\":\"SearchAction\",\"target\":{\"@type\":\"EntryPoint\",\"urlTemplate\":\"https:\\\/\\\/inclusivenews.com.br\\\/?s={search_term_string}\"},\"query-input\":{\"@type\":\"PropertyValueSpecification\",\"valueRequired\":true,\"valueName\":\"search_term_string\"}}],\"inLanguage\":\"pt-PT\"},{\"@type\":\"Organization\",\"@id\":\"https:\\\/\\\/inclusivenews.com.br\\\/#organization\",\"name\":\"Inclusive - inclus\u00e3o e cidadania\",\"url\":\"https:\\\/\\\/inclusivenews.com.br\\\/\",\"logo\":{\"@type\":\"ImageObject\",\"inLanguage\":\"pt-PT\",\"@id\":\"https:\\\/\\\/inclusivenews.com.br\\\/#\\\/schema\\\/logo\\\/image\\\/\",\"url\":\"https:\\\/\\\/inclusivenews.com.br\\\/wp-content\\\/uploads\\\/2024\\\/03\\\/@grandesite.png\",\"contentUrl\":\"https:\\\/\\\/inclusivenews.com.br\\\/wp-content\\\/uploads\\\/2024\\\/03\\\/@grandesite.png\",\"width\":1080,\"height\":1080,\"caption\":\"Inclusive - inclus\u00e3o e cidadania\"},\"image\":{\"@id\":\"https:\\\/\\\/inclusivenews.com.br\\\/#\\\/schema\\\/logo\\\/image\\\/\"},\"sameAs\":[\"https:\\\/\\\/www.facebook.com\\\/agenciainclusive\\\/\",\"https:\\\/\\\/www.instagram.com\\\/newsinclusive\\\/\"]},{\"@type\":\"Person\",\"@id\":\"https:\\\/\\\/inclusivenews.com.br\\\/#\\\/schema\\\/person\\\/ae4ec7087559b8692fb33b6fffd2273b\",\"name\":\"inclusivenews2024\",\"image\":{\"@type\":\"ImageObject\",\"inLanguage\":\"pt-PT\",\"@id\":\"https:\\\/\\\/secure.gravatar.com\\\/avatar\\\/c5a7ef84c66fa914f55bc4f7ce26cfa275a3b9a1c5568b907bd184fb4dde7b40?s=96&d=mm&r=g\",\"url\":\"https:\\\/\\\/secure.gravatar.com\\\/avatar\\\/c5a7ef84c66fa914f55bc4f7ce26cfa275a3b9a1c5568b907bd184fb4dde7b40?s=96&d=mm&r=g\",\"contentUrl\":\"https:\\\/\\\/secure.gravatar.com\\\/avatar\\\/c5a7ef84c66fa914f55bc4f7ce26cfa275a3b9a1c5568b907bd184fb4dde7b40?s=96&d=mm&r=g\",\"caption\":\"inclusivenews2024\"},\"sameAs\":[\"https:\\\/\\\/inclusivenews.com.br\"],\"url\":\"https:\\\/\\\/inclusivenews.com.br\\\/?author=1\"}]}<\/script>\n<!-- \/ Yoast SEO plugin. -->","yoast_head_json":{"title":"As meninas da Vila Mariana e voc\u00ea -","robots":{"index":"index","follow":"follow","max-snippet":"max-snippet:-1","max-image-preview":"max-image-preview:large","max-video-preview":"max-video-preview:-1"},"canonical":"https:\/\/inclusivenews.com.br\/?p=20780","og_locale":"pt_PT","og_type":"article","og_title":"As meninas da Vila Mariana e voc\u00ea -","og_description":"Ainda n\u00e3o sabemos qual ser\u00e1 o pr\u00f3ximo cap\u00edtulo desta s\u00e9rie de desventuras, mas est\u00e1 claro que estamos longe de uma solu\u00e7\u00e3o adequada, que promova a prote\u00e7\u00e3o, o cuidado, a sa\u00fade e a educa\u00e7\u00e3o destas crian\u00e7as. Do Portal Aprendiz.","og_url":"https:\/\/inclusivenews.com.br\/?p=20780","article_publisher":"https:\/\/www.facebook.com\/agenciainclusive\/","article_published_time":"2011-08-25T10:44:39+00:00","og_image":[{"url":"http:\/\/portal.aprendiz.uol.com.br\/wp-content\/themes\/portalaprendiz\/images\/logo.jpg","type":"","width":"","height":""}],"author":"inclusivenews2024","twitter_card":"summary_large_image","twitter_misc":{"Escrito por":"inclusivenews2024","Tempo estimado de leitura":"4 minutos"},"schema":{"@context":"https:\/\/schema.org","@graph":[{"@type":"Article","@id":"https:\/\/inclusivenews.com.br\/?p=20780#article","isPartOf":{"@id":"https:\/\/inclusivenews.com.br\/?p=20780"},"author":{"name":"inclusivenews2024","@id":"https:\/\/inclusivenews.com.br\/#\/schema\/person\/ae4ec7087559b8692fb33b6fffd2273b"},"headline":"As meninas da Vila Mariana e voc\u00ea","datePublished":"2011-08-25T10:44:39+00:00","mainEntityOfPage":{"@id":"https:\/\/inclusivenews.com.br\/?p=20780"},"wordCount":896,"commentCount":0,"publisher":{"@id":"https:\/\/inclusivenews.com.br\/#organization"},"image":{"@id":"https:\/\/inclusivenews.com.br\/?p=20780#primaryimage"},"thumbnailUrl":"http:\/\/portal.aprendiz.uol.com.br\/wp-content\/themes\/portalaprendiz\/images\/logo.jpg","keywords":["Inf\u00e2ncia"],"articleSection":["Reportagem"],"inLanguage":"pt-PT","potentialAction":[{"@type":"CommentAction","name":"Comment","target":["https:\/\/inclusivenews.com.br\/?p=20780#respond"]}]},{"@type":"WebPage","@id":"https:\/\/inclusivenews.com.br\/?p=20780","url":"https:\/\/inclusivenews.com.br\/?p=20780","name":"As meninas da Vila Mariana e voc\u00ea -","isPartOf":{"@id":"https:\/\/inclusivenews.com.br\/#website"},"primaryImageOfPage":{"@id":"https:\/\/inclusivenews.com.br\/?p=20780#primaryimage"},"image":{"@id":"https:\/\/inclusivenews.com.br\/?p=20780#primaryimage"},"thumbnailUrl":"http:\/\/portal.aprendiz.uol.com.br\/wp-content\/themes\/portalaprendiz\/images\/logo.jpg","datePublished":"2011-08-25T10:44:39+00:00","breadcrumb":{"@id":"https:\/\/inclusivenews.com.br\/?p=20780#breadcrumb"},"inLanguage":"pt-PT","potentialAction":[{"@type":"ReadAction","target":["https:\/\/inclusivenews.com.br\/?p=20780"]}]},{"@type":"ImageObject","inLanguage":"pt-PT","@id":"https:\/\/inclusivenews.com.br\/?p=20780#primaryimage","url":"http:\/\/portal.aprendiz.uol.com.br\/wp-content\/themes\/portalaprendiz\/images\/logo.jpg","contentUrl":"http:\/\/portal.aprendiz.uol.com.br\/wp-content\/themes\/portalaprendiz\/images\/logo.jpg"},{"@type":"BreadcrumbList","@id":"https:\/\/inclusivenews.com.br\/?p=20780#breadcrumb","itemListElement":[{"@type":"ListItem","position":1,"name":"In\u00edcio","item":"https:\/\/inclusivenews.com.br\/"},{"@type":"ListItem","position":2,"name":"As meninas da Vila Mariana e voc\u00ea"}]},{"@type":"WebSite","@id":"https:\/\/inclusivenews.com.br\/#website","url":"https:\/\/inclusivenews.com.br\/","name":"Inclusive News","description":"Inclusive News","publisher":{"@id":"https:\/\/inclusivenews.com.br\/#organization"},"potentialAction":[{"@type":"SearchAction","target":{"@type":"EntryPoint","urlTemplate":"https:\/\/inclusivenews.com.br\/?s={search_term_string}"},"query-input":{"@type":"PropertyValueSpecification","valueRequired":true,"valueName":"search_term_string"}}],"inLanguage":"pt-PT"},{"@type":"Organization","@id":"https:\/\/inclusivenews.com.br\/#organization","name":"Inclusive - inclus\u00e3o e cidadania","url":"https:\/\/inclusivenews.com.br\/","logo":{"@type":"ImageObject","inLanguage":"pt-PT","@id":"https:\/\/inclusivenews.com.br\/#\/schema\/logo\/image\/","url":"https:\/\/inclusivenews.com.br\/wp-content\/uploads\/2024\/03\/@grandesite.png","contentUrl":"https:\/\/inclusivenews.com.br\/wp-content\/uploads\/2024\/03\/@grandesite.png","width":1080,"height":1080,"caption":"Inclusive - inclus\u00e3o e cidadania"},"image":{"@id":"https:\/\/inclusivenews.com.br\/#\/schema\/logo\/image\/"},"sameAs":["https:\/\/www.facebook.com\/agenciainclusive\/","https:\/\/www.instagram.com\/newsinclusive\/"]},{"@type":"Person","@id":"https:\/\/inclusivenews.com.br\/#\/schema\/person\/ae4ec7087559b8692fb33b6fffd2273b","name":"inclusivenews2024","image":{"@type":"ImageObject","inLanguage":"pt-PT","@id":"https:\/\/secure.gravatar.com\/avatar\/c5a7ef84c66fa914f55bc4f7ce26cfa275a3b9a1c5568b907bd184fb4dde7b40?s=96&d=mm&r=g","url":"https:\/\/secure.gravatar.com\/avatar\/c5a7ef84c66fa914f55bc4f7ce26cfa275a3b9a1c5568b907bd184fb4dde7b40?s=96&d=mm&r=g","contentUrl":"https:\/\/secure.gravatar.com\/avatar\/c5a7ef84c66fa914f55bc4f7ce26cfa275a3b9a1c5568b907bd184fb4dde7b40?s=96&d=mm&r=g","caption":"inclusivenews2024"},"sameAs":["https:\/\/inclusivenews.com.br"],"url":"https:\/\/inclusivenews.com.br\/?author=1"}]}},"_links":{"self":[{"href":"https:\/\/inclusivenews.com.br\/index.php?rest_route=\/wp\/v2\/posts\/20780","targetHints":{"allow":["GET"]}}],"collection":[{"href":"https:\/\/inclusivenews.com.br\/index.php?rest_route=\/wp\/v2\/posts"}],"about":[{"href":"https:\/\/inclusivenews.com.br\/index.php?rest_route=\/wp\/v2\/types\/post"}],"author":[{"embeddable":true,"href":"https:\/\/inclusivenews.com.br\/index.php?rest_route=\/wp\/v2\/users\/1"}],"replies":[{"embeddable":true,"href":"https:\/\/inclusivenews.com.br\/index.php?rest_route=%2Fwp%2Fv2%2Fcomments&post=20780"}],"version-history":[{"count":0,"href":"https:\/\/inclusivenews.com.br\/index.php?rest_route=\/wp\/v2\/posts\/20780\/revisions"}],"wp:attachment":[{"href":"https:\/\/inclusivenews.com.br\/index.php?rest_route=%2Fwp%2Fv2%2Fmedia&parent=20780"}],"wp:term":[{"taxonomy":"category","embeddable":true,"href":"https:\/\/inclusivenews.com.br\/index.php?rest_route=%2Fwp%2Fv2%2Fcategories&post=20780"},{"taxonomy":"post_tag","embeddable":true,"href":"https:\/\/inclusivenews.com.br\/index.php?rest_route=%2Fwp%2Fv2%2Ftags&post=20780"}],"curies":[{"name":"wp","href":"https:\/\/api.w.org\/{rel}","templated":true}]}}