{"id":20782,"date":"2011-08-25T07:45:59","date_gmt":"2011-08-25T10:45:59","guid":{"rendered":"http:\/\/www.inclusive.org.br\/?p=20782"},"modified":"2011-08-25T07:45:59","modified_gmt":"2011-08-25T10:45:59","slug":"para-governo-protestos-contra-usina-sao-de-minoria","status":"publish","type":"post","link":"https:\/\/inclusivenews.com.br\/?p=20782","title":{"rendered":"Para governo, protestos contra usina s\u00e3o \u201cde minoria\u201d"},"content":{"rendered":"<figure style=\"width: 400px\" class=\"wp-caption alignleft\"><a class=\"moz-txt-link-freetext\" href=\"http:\/\/www.brasildefato.com.br\/sites\/default\/files\/belo%20monte.jpg\"><img loading=\"lazy\" decoding=\"async\" title=\"Protessto interncional contra a Usina de Belo Monte\" src=\"http:\/\/www.brasildefato.com.br\/sites\/default\/files\/belo%20monte.jpg\" alt=\"Protessto interncional contra a Usina de Belo Monte\" width=\"400\" height=\"266\" \/><\/a><figcaption class=\"wp-caption-text\">(Foto: International Rivers)<\/figcaption><\/figure>\n<p><a class=\"moz-txt-link-freetext\" href=\"http:\/\/www.brasildefato.com.br\/sites\/default\/files\/belo%20monte.jpg\"><\/a><strong>Por Aline Scarso<br \/>\ndo Brasil de Fato<\/strong><\/p>\n<p>A ministra do Planejamento, Miriam Belchior, disse nesta segunda-feira (22) que todos que possuem uma vis\u00e3o t\u00e9cnica, e n\u00e3o ideol\u00f3gica, ser\u00e3o convencidos da viabilidade e necessidade da hidrel\u00e9trica de Belo Monte, no Rio Xingu, no Par\u00e1. Segundo a ministra, Belo Monte ser\u00e1 exemplo de implanta\u00e7\u00e3o de usinas hidrel\u00e9tricas na regi\u00e3o amaz\u00f4nica, com respeito social e ambiental.<\/p>\n<p>As declara\u00e7\u00f5es foram dadas durante evento com o tema: &#8220;Hidrel\u00e9tricas: as necessidades do Pa\u00eds e o respeito \u00e0 sustentabilidade\u201d, promovido pela revista Carta Capital em S\u00e3o Paulo. A ministra ainda adiantou que o governo deve divulgar uma portaria, em setembro, com objetivo de acelerar os processos de licenciamento ambiental para as futuras hidrel\u00e9tricas.<\/p>\n<p>A portaria, segundo Belchior, deixar\u00e1 mais claras as condicionantes ambientais que dever\u00e3o ser cumpridas pelos cons\u00f3rcios. A nova determina\u00e7\u00e3o deve gerar ainda mais atritos com movimentos sociais da regi\u00e3o amaz\u00f4nica. A regi\u00e3o, que abriga \u00e1reas de unidades de conserva\u00e7\u00e3o ambiental e terras ind\u00edgenas, tamb\u00e9m possui grande capacidade de aproveitamento hidrel\u00e9trico.<\/p>\n<p><strong>Protestos s\u00e3o \u201cde minoria\u201d<br \/>\n<\/strong><\/p>\n<p>Assim como a ministra, o presidente da Empresa Pesquisa Energ\u00e9tica (EPE), Maur\u00edcio Tolmasquim, desqualificou as manifesta\u00e7\u00f5es contr\u00e1rias \u00e0 obra que ocorrem de forma intensificada desde o \u00faltimo ano. Segundo ele, o governo n\u00e3o tem a vis\u00e3o de que a popula\u00e7\u00e3o de Altamira, e dos outros dez munic\u00edpios que ser\u00e3o afetados pela inunda\u00e7\u00e3o, \u00e9 contra Belo Monte.<\/p>\n<p>\u201cBelo Monte ser\u00e1 um resgate social e ambiental da regi\u00e3o. A maioria da popula\u00e7\u00e3o tem defendido Belo Monte porque sabe que a usina vai melhorar as condi\u00e7\u00f5es de vida dela. [A rejei\u00e7\u00e3o] \u00e9 totalmente minorit\u00e1ria. Alguns grupos extremistas est\u00e3o fazendo confus\u00e3o\u201d, afirmou o presidente da EPE.<\/p>\n<p>Sobre os protestos internacionais que ocorrem nesta segunda-feira (22) em dezesseis pa\u00edses, Tolmasquim afirmou que \u201ch\u00e1 desconhecimento\u201d sobre os benef\u00edcios que a usina trar\u00e1 a regi\u00e3o.<\/p>\n<p>Durante o evento, Tolmasquim e o diretor da Eletrobras, Valter Cardeal, lembraram que o projeto original, que previa inunda\u00e7\u00e3o de 1.600 km\u00b2, teve que ser revisto para diminuir os impactos s\u00f3cio-ambientais. Isso significou, segundo eles, a perda da capacidade instalada da hidrel\u00e9trica e de receita or\u00e7ament\u00e1ria.<\/p>\n<p><strong>Governo falseia a realidade<br \/>\n<\/strong><br \/>\nCom a previs\u00e3o de inundar 503 km\u00b2 de \u00e1rea na regi\u00e3o amaz\u00f4nica, as obras de Belo Monte j\u00e1 se iniciaram. O Cons\u00f3rcio Norte Energia ser\u00e1 respons\u00e1vel pela constru\u00e7\u00e3o, or\u00e7ada em R$ 26 bilh\u00f5es.<\/p>\n<p>De acordo com estimativas da Eletrobras, pelo menos 96 mil pessoas ir\u00e3o se deslocar para a regi\u00e3o, o que aumentar\u00e1 a demanda por servi\u00e7os b\u00e1sicos, como sa\u00fade e educa\u00e7\u00e3o, dos quais a regi\u00e3o j\u00e1 \u00e9 carente. Outras 40 mil pessoas dever\u00e3o se deslocar de suas terras, que ser\u00e3o inundadas pela barragem. Popula\u00e7\u00f5es ind\u00edgenas e ribeirinhas sentir\u00e3o os impactos em seu modo de vida com diminui\u00e7\u00e3o da oferta de \u00e1gua pelo Rio Xingu.<\/p>\n<p>Para denunciar esses impactos, manifestantes de 18 cidades espalhadas por 15 estados realizaram atos no \u00faltimo s\u00e1bado (20) contra a constru\u00e7\u00e3o da hidrel\u00e9trica. Somente em S\u00e3o Paulo, pelo menos mil pessoas sa\u00edram \u00e0s ruas da Avenida Paulista, onde queimaram um boneco simbolizando o presidente do Ibama, Curt Trennepohl.<\/p>\n<p>Trennepohl disse recentemente a uma jornalista australiana, sem saber que estava sendo gravado, que o Brasil ir\u00e1 acabar com os ind\u00edgenas assim como a Austr\u00e1lia fez com os abor\u00edgenes.<\/p>\n<p>Para o presidente do Conselho Indigenista Mission\u00e1rio (Cimi), Dom Erwin Krautler, o governo falseia a realidade ao dizer que os protestos contra a obra s\u00e3o de uma minoria. Krautler, que vive em Altamira, disse que h\u00e1 muita inseguran\u00e7a na regi\u00e3o. \u201cAs manifesta\u00e7\u00f5es de Altamira nunca foram ideol\u00f3gicas, mas s\u00e3o de um povo que ser\u00e1 afetado, que est\u00e1 desesperado, fugindo de suas casas e invadindo terrenos alheios\u201d, afirma.<\/p>\n<p>Ele conta que o pre\u00e7o das indeniza\u00e7\u00f5es pagas para que os moradores deixem suas terras s\u00e3o somas irris\u00f3rias. Quem opta por uma casa nova custeada pelo governo, n\u00e3o sabe onde vai morar. J\u00e1 as popula\u00e7\u00f5es ind\u00edgenas e ribeirinhas est\u00e3o extremamente preocupadas com a diminui\u00e7\u00e3o do fluxo de \u00e1gua, o que deve tamb\u00e9m motiv\u00e1-las a mudarem do local.<\/p>\n<p>\u201cA pol\u00edtica do governo \u00e9 um fato consumado. O governo n\u00e3o entra em di\u00e1logo. \u00c9 a pol\u00edtica do rolo-compressor, do vale-tudo contra o povo envolvido. Ent\u00e3o defendem a usina com unhas e dentes e ainda tacham as manifesta\u00e7\u00f5es contr\u00e1rias de ideol\u00f3gicas\u201d, defende o mission\u00e1rio.<\/p>\n<p>Fonte: <a href=\"http:\/\/www.brasildefato.com.br\/node\/7215\">Brasil de Fato<\/a><\/p>\n","protected":false},"excerpt":{"rendered":"<p>Sobre os protestos internacionais que ocorrem nesta segunda-feira (22) em dezesseis pa\u00edses, Tolmasquim afirmou que \u201ch\u00e1 desconhecimento\u201d sobre os benef\u00edcios que a usina trar\u00e1 a regi\u00e3o. Do Brasil de Fato.<\/p>\n","protected":false},"author":1,"featured_media":0,"comment_status":"open","ping_status":"open","sticky":false,"template":"","format":"standard","meta":{"site-container-style":"default","site-container-layout":"default","site-sidebar-layout":"default","disable-article-header":"default","disable-site-header":"default","disable-site-footer":"default","disable-content-area-spacing":"default","footnotes":""},"categories":[11,4],"tags":[],"class_list":["post-20782","post","type-post","status-publish","format-standard","hentry","category-direitos-humanos","category-noticias"],"yoast_head":"<!-- This site is optimized with the Yoast SEO plugin v27.4 - https:\/\/yoast.com\/product\/yoast-seo-wordpress\/ -->\n<title>Para governo, protestos contra usina s\u00e3o \u201cde minoria\u201d -<\/title>\n<meta name=\"robots\" content=\"index, follow, max-snippet:-1, max-image-preview:large, max-video-preview:-1\" \/>\n<link rel=\"canonical\" href=\"https:\/\/inclusivenews.com.br\/?p=20782\" \/>\n<meta property=\"og:locale\" content=\"pt_PT\" \/>\n<meta property=\"og:type\" content=\"article\" \/>\n<meta property=\"og:title\" content=\"Para governo, protestos contra usina s\u00e3o \u201cde minoria\u201d -\" \/>\n<meta property=\"og:description\" content=\"Sobre os protestos internacionais que ocorrem nesta segunda-feira (22) em dezesseis pa\u00edses, Tolmasquim afirmou que \u201ch\u00e1 desconhecimento\u201d sobre os benef\u00edcios que a usina trar\u00e1 a regi\u00e3o. Do Brasil de Fato.\" \/>\n<meta property=\"og:url\" content=\"https:\/\/inclusivenews.com.br\/?p=20782\" \/>\n<meta property=\"article:publisher\" content=\"https:\/\/www.facebook.com\/agenciainclusive\/\" \/>\n<meta property=\"article:published_time\" content=\"2011-08-25T10:45:59+00:00\" \/>\n<meta property=\"og:image\" content=\"http:\/\/www.brasildefato.com.br\/sites\/default\/files\/belo%20monte.jpg\" \/>\n<meta name=\"author\" content=\"inclusivenews2024\" \/>\n<meta name=\"twitter:card\" content=\"summary_large_image\" \/>\n<meta name=\"twitter:label1\" content=\"Escrito por\" \/>\n\t<meta name=\"twitter:data1\" content=\"inclusivenews2024\" \/>\n\t<meta name=\"twitter:label2\" content=\"Tempo estimado de leitura\" \/>\n\t<meta name=\"twitter:data2\" content=\"4 minutos\" \/>\n<script type=\"application\/ld+json\" class=\"yoast-schema-graph\">{\"@context\":\"https:\\\/\\\/schema.org\",\"@graph\":[{\"@type\":\"Article\",\"@id\":\"https:\\\/\\\/inclusivenews.com.br\\\/?p=20782#article\",\"isPartOf\":{\"@id\":\"https:\\\/\\\/inclusivenews.com.br\\\/?p=20782\"},\"author\":{\"name\":\"inclusivenews2024\",\"@id\":\"https:\\\/\\\/inclusivenews.com.br\\\/#\\\/schema\\\/person\\\/ae4ec7087559b8692fb33b6fffd2273b\"},\"headline\":\"Para governo, protestos contra usina s\u00e3o \u201cde minoria\u201d\",\"datePublished\":\"2011-08-25T10:45:59+00:00\",\"mainEntityOfPage\":{\"@id\":\"https:\\\/\\\/inclusivenews.com.br\\\/?p=20782\"},\"wordCount\":811,\"commentCount\":0,\"publisher\":{\"@id\":\"https:\\\/\\\/inclusivenews.com.br\\\/#organization\"},\"image\":{\"@id\":\"https:\\\/\\\/inclusivenews.com.br\\\/?p=20782#primaryimage\"},\"thumbnailUrl\":\"http:\\\/\\\/www.brasildefato.com.br\\\/sites\\\/default\\\/files\\\/belo%20monte.jpg\",\"articleSection\":[\"DIREITOS HUMANOS\",\"NOT\u00cdCIAS\"],\"inLanguage\":\"pt-PT\",\"potentialAction\":[{\"@type\":\"CommentAction\",\"name\":\"Comment\",\"target\":[\"https:\\\/\\\/inclusivenews.com.br\\\/?p=20782#respond\"]}]},{\"@type\":\"WebPage\",\"@id\":\"https:\\\/\\\/inclusivenews.com.br\\\/?p=20782\",\"url\":\"https:\\\/\\\/inclusivenews.com.br\\\/?p=20782\",\"name\":\"Para governo, protestos contra usina s\u00e3o \u201cde minoria\u201d -\",\"isPartOf\":{\"@id\":\"https:\\\/\\\/inclusivenews.com.br\\\/#website\"},\"primaryImageOfPage\":{\"@id\":\"https:\\\/\\\/inclusivenews.com.br\\\/?p=20782#primaryimage\"},\"image\":{\"@id\":\"https:\\\/\\\/inclusivenews.com.br\\\/?p=20782#primaryimage\"},\"thumbnailUrl\":\"http:\\\/\\\/www.brasildefato.com.br\\\/sites\\\/default\\\/files\\\/belo%20monte.jpg\",\"datePublished\":\"2011-08-25T10:45:59+00:00\",\"breadcrumb\":{\"@id\":\"https:\\\/\\\/inclusivenews.com.br\\\/?p=20782#breadcrumb\"},\"inLanguage\":\"pt-PT\",\"potentialAction\":[{\"@type\":\"ReadAction\",\"target\":[\"https:\\\/\\\/inclusivenews.com.br\\\/?p=20782\"]}]},{\"@type\":\"ImageObject\",\"inLanguage\":\"pt-PT\",\"@id\":\"https:\\\/\\\/inclusivenews.com.br\\\/?p=20782#primaryimage\",\"url\":\"http:\\\/\\\/www.brasildefato.com.br\\\/sites\\\/default\\\/files\\\/belo%20monte.jpg\",\"contentUrl\":\"http:\\\/\\\/www.brasildefato.com.br\\\/sites\\\/default\\\/files\\\/belo%20monte.jpg\"},{\"@type\":\"BreadcrumbList\",\"@id\":\"https:\\\/\\\/inclusivenews.com.br\\\/?p=20782#breadcrumb\",\"itemListElement\":[{\"@type\":\"ListItem\",\"position\":1,\"name\":\"In\u00edcio\",\"item\":\"https:\\\/\\\/inclusivenews.com.br\\\/\"},{\"@type\":\"ListItem\",\"position\":2,\"name\":\"Para governo, protestos contra usina s\u00e3o \u201cde minoria\u201d\"}]},{\"@type\":\"WebSite\",\"@id\":\"https:\\\/\\\/inclusivenews.com.br\\\/#website\",\"url\":\"https:\\\/\\\/inclusivenews.com.br\\\/\",\"name\":\"Inclusive News\",\"description\":\"Inclusive News\",\"publisher\":{\"@id\":\"https:\\\/\\\/inclusivenews.com.br\\\/#organization\"},\"potentialAction\":[{\"@type\":\"SearchAction\",\"target\":{\"@type\":\"EntryPoint\",\"urlTemplate\":\"https:\\\/\\\/inclusivenews.com.br\\\/?s={search_term_string}\"},\"query-input\":{\"@type\":\"PropertyValueSpecification\",\"valueRequired\":true,\"valueName\":\"search_term_string\"}}],\"inLanguage\":\"pt-PT\"},{\"@type\":\"Organization\",\"@id\":\"https:\\\/\\\/inclusivenews.com.br\\\/#organization\",\"name\":\"Inclusive - inclus\u00e3o e cidadania\",\"url\":\"https:\\\/\\\/inclusivenews.com.br\\\/\",\"logo\":{\"@type\":\"ImageObject\",\"inLanguage\":\"pt-PT\",\"@id\":\"https:\\\/\\\/inclusivenews.com.br\\\/#\\\/schema\\\/logo\\\/image\\\/\",\"url\":\"https:\\\/\\\/inclusivenews.com.br\\\/wp-content\\\/uploads\\\/2024\\\/03\\\/@grandesite.png\",\"contentUrl\":\"https:\\\/\\\/inclusivenews.com.br\\\/wp-content\\\/uploads\\\/2024\\\/03\\\/@grandesite.png\",\"width\":1080,\"height\":1080,\"caption\":\"Inclusive - inclus\u00e3o e cidadania\"},\"image\":{\"@id\":\"https:\\\/\\\/inclusivenews.com.br\\\/#\\\/schema\\\/logo\\\/image\\\/\"},\"sameAs\":[\"https:\\\/\\\/www.facebook.com\\\/agenciainclusive\\\/\",\"https:\\\/\\\/www.instagram.com\\\/newsinclusive\\\/\"]},{\"@type\":\"Person\",\"@id\":\"https:\\\/\\\/inclusivenews.com.br\\\/#\\\/schema\\\/person\\\/ae4ec7087559b8692fb33b6fffd2273b\",\"name\":\"inclusivenews2024\",\"image\":{\"@type\":\"ImageObject\",\"inLanguage\":\"pt-PT\",\"@id\":\"https:\\\/\\\/secure.gravatar.com\\\/avatar\\\/c5a7ef84c66fa914f55bc4f7ce26cfa275a3b9a1c5568b907bd184fb4dde7b40?s=96&d=mm&r=g\",\"url\":\"https:\\\/\\\/secure.gravatar.com\\\/avatar\\\/c5a7ef84c66fa914f55bc4f7ce26cfa275a3b9a1c5568b907bd184fb4dde7b40?s=96&d=mm&r=g\",\"contentUrl\":\"https:\\\/\\\/secure.gravatar.com\\\/avatar\\\/c5a7ef84c66fa914f55bc4f7ce26cfa275a3b9a1c5568b907bd184fb4dde7b40?s=96&d=mm&r=g\",\"caption\":\"inclusivenews2024\"},\"sameAs\":[\"https:\\\/\\\/inclusivenews.com.br\"],\"url\":\"https:\\\/\\\/inclusivenews.com.br\\\/?author=1\"}]}<\/script>\n<!-- \/ Yoast SEO plugin. -->","yoast_head_json":{"title":"Para governo, protestos contra usina s\u00e3o \u201cde minoria\u201d -","robots":{"index":"index","follow":"follow","max-snippet":"max-snippet:-1","max-image-preview":"max-image-preview:large","max-video-preview":"max-video-preview:-1"},"canonical":"https:\/\/inclusivenews.com.br\/?p=20782","og_locale":"pt_PT","og_type":"article","og_title":"Para governo, protestos contra usina s\u00e3o \u201cde minoria\u201d -","og_description":"Sobre os protestos internacionais que ocorrem nesta segunda-feira (22) em dezesseis pa\u00edses, Tolmasquim afirmou que \u201ch\u00e1 desconhecimento\u201d sobre os benef\u00edcios que a usina trar\u00e1 a regi\u00e3o. Do Brasil de Fato.","og_url":"https:\/\/inclusivenews.com.br\/?p=20782","article_publisher":"https:\/\/www.facebook.com\/agenciainclusive\/","article_published_time":"2011-08-25T10:45:59+00:00","og_image":[{"url":"http:\/\/www.brasildefato.com.br\/sites\/default\/files\/belo%20monte.jpg","type":"","width":"","height":""}],"author":"inclusivenews2024","twitter_card":"summary_large_image","twitter_misc":{"Escrito por":"inclusivenews2024","Tempo estimado de leitura":"4 minutos"},"schema":{"@context":"https:\/\/schema.org","@graph":[{"@type":"Article","@id":"https:\/\/inclusivenews.com.br\/?p=20782#article","isPartOf":{"@id":"https:\/\/inclusivenews.com.br\/?p=20782"},"author":{"name":"inclusivenews2024","@id":"https:\/\/inclusivenews.com.br\/#\/schema\/person\/ae4ec7087559b8692fb33b6fffd2273b"},"headline":"Para governo, protestos contra usina s\u00e3o \u201cde minoria\u201d","datePublished":"2011-08-25T10:45:59+00:00","mainEntityOfPage":{"@id":"https:\/\/inclusivenews.com.br\/?p=20782"},"wordCount":811,"commentCount":0,"publisher":{"@id":"https:\/\/inclusivenews.com.br\/#organization"},"image":{"@id":"https:\/\/inclusivenews.com.br\/?p=20782#primaryimage"},"thumbnailUrl":"http:\/\/www.brasildefato.com.br\/sites\/default\/files\/belo%20monte.jpg","articleSection":["DIREITOS HUMANOS","NOT\u00cdCIAS"],"inLanguage":"pt-PT","potentialAction":[{"@type":"CommentAction","name":"Comment","target":["https:\/\/inclusivenews.com.br\/?p=20782#respond"]}]},{"@type":"WebPage","@id":"https:\/\/inclusivenews.com.br\/?p=20782","url":"https:\/\/inclusivenews.com.br\/?p=20782","name":"Para governo, protestos contra usina s\u00e3o \u201cde minoria\u201d -","isPartOf":{"@id":"https:\/\/inclusivenews.com.br\/#website"},"primaryImageOfPage":{"@id":"https:\/\/inclusivenews.com.br\/?p=20782#primaryimage"},"image":{"@id":"https:\/\/inclusivenews.com.br\/?p=20782#primaryimage"},"thumbnailUrl":"http:\/\/www.brasildefato.com.br\/sites\/default\/files\/belo%20monte.jpg","datePublished":"2011-08-25T10:45:59+00:00","breadcrumb":{"@id":"https:\/\/inclusivenews.com.br\/?p=20782#breadcrumb"},"inLanguage":"pt-PT","potentialAction":[{"@type":"ReadAction","target":["https:\/\/inclusivenews.com.br\/?p=20782"]}]},{"@type":"ImageObject","inLanguage":"pt-PT","@id":"https:\/\/inclusivenews.com.br\/?p=20782#primaryimage","url":"http:\/\/www.brasildefato.com.br\/sites\/default\/files\/belo%20monte.jpg","contentUrl":"http:\/\/www.brasildefato.com.br\/sites\/default\/files\/belo%20monte.jpg"},{"@type":"BreadcrumbList","@id":"https:\/\/inclusivenews.com.br\/?p=20782#breadcrumb","itemListElement":[{"@type":"ListItem","position":1,"name":"In\u00edcio","item":"https:\/\/inclusivenews.com.br\/"},{"@type":"ListItem","position":2,"name":"Para governo, protestos contra usina s\u00e3o \u201cde minoria\u201d"}]},{"@type":"WebSite","@id":"https:\/\/inclusivenews.com.br\/#website","url":"https:\/\/inclusivenews.com.br\/","name":"Inclusive News","description":"Inclusive News","publisher":{"@id":"https:\/\/inclusivenews.com.br\/#organization"},"potentialAction":[{"@type":"SearchAction","target":{"@type":"EntryPoint","urlTemplate":"https:\/\/inclusivenews.com.br\/?s={search_term_string}"},"query-input":{"@type":"PropertyValueSpecification","valueRequired":true,"valueName":"search_term_string"}}],"inLanguage":"pt-PT"},{"@type":"Organization","@id":"https:\/\/inclusivenews.com.br\/#organization","name":"Inclusive - inclus\u00e3o e cidadania","url":"https:\/\/inclusivenews.com.br\/","logo":{"@type":"ImageObject","inLanguage":"pt-PT","@id":"https:\/\/inclusivenews.com.br\/#\/schema\/logo\/image\/","url":"https:\/\/inclusivenews.com.br\/wp-content\/uploads\/2024\/03\/@grandesite.png","contentUrl":"https:\/\/inclusivenews.com.br\/wp-content\/uploads\/2024\/03\/@grandesite.png","width":1080,"height":1080,"caption":"Inclusive - inclus\u00e3o e cidadania"},"image":{"@id":"https:\/\/inclusivenews.com.br\/#\/schema\/logo\/image\/"},"sameAs":["https:\/\/www.facebook.com\/agenciainclusive\/","https:\/\/www.instagram.com\/newsinclusive\/"]},{"@type":"Person","@id":"https:\/\/inclusivenews.com.br\/#\/schema\/person\/ae4ec7087559b8692fb33b6fffd2273b","name":"inclusivenews2024","image":{"@type":"ImageObject","inLanguage":"pt-PT","@id":"https:\/\/secure.gravatar.com\/avatar\/c5a7ef84c66fa914f55bc4f7ce26cfa275a3b9a1c5568b907bd184fb4dde7b40?s=96&d=mm&r=g","url":"https:\/\/secure.gravatar.com\/avatar\/c5a7ef84c66fa914f55bc4f7ce26cfa275a3b9a1c5568b907bd184fb4dde7b40?s=96&d=mm&r=g","contentUrl":"https:\/\/secure.gravatar.com\/avatar\/c5a7ef84c66fa914f55bc4f7ce26cfa275a3b9a1c5568b907bd184fb4dde7b40?s=96&d=mm&r=g","caption":"inclusivenews2024"},"sameAs":["https:\/\/inclusivenews.com.br"],"url":"https:\/\/inclusivenews.com.br\/?author=1"}]}},"_links":{"self":[{"href":"https:\/\/inclusivenews.com.br\/index.php?rest_route=\/wp\/v2\/posts\/20782","targetHints":{"allow":["GET"]}}],"collection":[{"href":"https:\/\/inclusivenews.com.br\/index.php?rest_route=\/wp\/v2\/posts"}],"about":[{"href":"https:\/\/inclusivenews.com.br\/index.php?rest_route=\/wp\/v2\/types\/post"}],"author":[{"embeddable":true,"href":"https:\/\/inclusivenews.com.br\/index.php?rest_route=\/wp\/v2\/users\/1"}],"replies":[{"embeddable":true,"href":"https:\/\/inclusivenews.com.br\/index.php?rest_route=%2Fwp%2Fv2%2Fcomments&post=20782"}],"version-history":[{"count":0,"href":"https:\/\/inclusivenews.com.br\/index.php?rest_route=\/wp\/v2\/posts\/20782\/revisions"}],"wp:attachment":[{"href":"https:\/\/inclusivenews.com.br\/index.php?rest_route=%2Fwp%2Fv2%2Fmedia&parent=20782"}],"wp:term":[{"taxonomy":"category","embeddable":true,"href":"https:\/\/inclusivenews.com.br\/index.php?rest_route=%2Fwp%2Fv2%2Fcategories&post=20782"},{"taxonomy":"post_tag","embeddable":true,"href":"https:\/\/inclusivenews.com.br\/index.php?rest_route=%2Fwp%2Fv2%2Ftags&post=20782"}],"curies":[{"name":"wp","href":"https:\/\/api.w.org\/{rel}","templated":true}]}}