{"id":20784,"date":"2011-08-25T07:36:20","date_gmt":"2011-08-25T10:36:20","guid":{"rendered":"http:\/\/www.inclusive.org.br\/?p=20784"},"modified":"2011-08-25T07:36:20","modified_gmt":"2011-08-25T10:36:20","slug":"pobreza-emburrece","status":"publish","type":"post","link":"https:\/\/inclusivenews.com.br\/?p=20784","title":{"rendered":"Pobreza emburrece?"},"content":{"rendered":"<div>\n<p><strong><\/p>\n<figure style=\"width: 216px\" class=\"wp-caption alignleft\"><img loading=\"lazy\" decoding=\"async\" class=\"  \" title=\"Albert Einstein\" src=\"http:\/\/imgs.obviousmag.org\/archives\/uploads\/2009\/09031402_blog.uncovering.org_einstein.jpg\" alt=\"Albert Einstein\" width=\"216\" height=\"268\" \/><figcaption class=\"wp-caption-text\"> <\/figcaption><\/figure>\n<p>Por Gilberto Dimenstein<br \/>\nno Portal Aprendiz<\/p>\n<p><\/strong><\/p>\n<\/div>\n<div id=\"conteudo\">\n<p>Para quem estuda o c\u00e9rebro, a resposta da pergunta que est\u00e1 no t\u00edtulo \u00e9 sim: a pobreza emburrece.<\/p>\n<p>Apenas metade da intelig\u00eancia de um indiv\u00edduo pode ser explicada pela  heran\u00e7a gen\u00e9tica, segundo estudo divulgado neste m\u00eas pela Universidade  de Edimburgo, que envolveu cientistas de diversos pa\u00edses. O restante da  composi\u00e7\u00e3o do QI vem do ambiente em que se vive e dos est\u00edmulos  educacionais recebidos desde o ber\u00e7o. Simplificando: um Einstein nascido  na mis\u00e9ria, sem apoio para aprender, at\u00e9 seria inteligente, mas  dificilmente um g\u00eanio. Algu\u00e9m com potencial de ter uma alta intelig\u00eancia  torna-se apenas mediano. \u00c9 como se um m\u00fasculo deixasse de ser  desenvolvido.<\/p>\n<p>Chegou-se a essa conclus\u00e3o depois de testes laboratoriais com 3.118  pessoas espalhadas pelo mundo. Imaginava-se que as for\u00e7as externas  seriam bem menores na forma\u00e7\u00e3o do QI. Tradu\u00e7\u00e3o: intelig\u00eancia \u00e9 uma  habilidade que, em boa parte, se aprende, depende da fam\u00edlia e das  oportunidades na cidade.<\/p>\n<p>\u00c9 um \u00e2ngulo interessante para ver a parceria, anunciada na  quinta-feira, entre a presidente Dilma Rousseff e os governadores da  regi\u00e3o Sudeste de unifica\u00e7\u00e3o de seus programas de complementa\u00e7\u00e3o de  renda para combater a pobreza, batizado de Brasil sem Mis\u00e9ria.<\/p>\n<p>Menos mis\u00e9ria acarreta mais intelig\u00eancia?<\/p>\n<p>A pesquisa dos neurocientistas ajudou-me a ver por outro \u00e2ngulo um  dos projetos mais emocionantes que conhe\u00e7o (Ismart) no Brasil: jovens de  baixa renda, a maioria deles vindos de comunidades pobres, s\u00e3o  escolhidos e preparados para estudar em escolas de elite.<\/p>\n<p>Quase todos eles costumam entusiasmar seus professores porque, apesar  da adversidade extrema (muitos passam parte do dia no trajeto de \u00f4nibus  at\u00e9 a escola), conseguem recuperar a cada ano o tempo perdido. Logo  est\u00e3o no mesmo n\u00edvel de aprendizagem de seus colegas mais abastados e  at\u00e9 os superam, entrando nas melhores faculdades.<\/p>\n<p>Conheci v\u00e1rios desses jovens e tendia a atribuir sua performance \u00e0  garra, a uma intelig\u00eancia acima do normal, tudo isso, \u00e9 claro,  favorecido por escolas de qualidade.<\/p>\n<p>O que impressiona a todos \u00e9 a rapidez da evolu\u00e7\u00e3o. O que aquela  pesquisa da Universidade de Edimburgo traz \u00e9 a suspeita de que, com  tantos est\u00edmulos, desafios e apoio, a taxa de QI possa ter sofrido um  upgrade -afinal, nessa fase o c\u00e9rebro ainda est\u00e1 em forma\u00e7\u00e3o.<\/p>\n<p>\u00c9, por enquanto, apenas uma especula\u00e7\u00e3o.<\/p>\n<p>O que n\u00e3o \u00e9 uma especula\u00e7\u00e3o \u00e9 o caminho inverso, mostrando a rela\u00e7\u00e3o  entre pobreza e aprendizagem. Com apoio do Unicef, o Cenpec analisou,  desde o ano passado, 61 escolas de de S\u00e3o Miguel Paulista, regi\u00e3o da  periferia da cidade de S\u00e3o Paulo. J\u00e1 sabemos que, em geral, quanto mais  pobre um bairro, pior tende a ser a nota dos alunos.<\/p>\n<p>Mas essa investiga\u00e7\u00e3o foi mais longe. Analisou as escolas de uma  mesma regi\u00e3o, comparando alunos com semelhante posi\u00e7\u00e3o socioecon\u00f4mica.  Detectou-se uma expressiva diferen\u00e7a segundo as peculiaridades de cada  territ\u00f3rio, especialmente a oferta de servi\u00e7os p\u00fablicos em cada um  deles.<\/p>\n<p>Nos lugares com menos servi\u00e7os p\u00fablicos, as demandas sociais tendem a  sobrecarregar mais as escolas e, com isso, afastam ainda mais os  professores e as fam\u00edlias que t\u00eam maior repert\u00f3rio cultural. Nesses  locais, h\u00e1 menos oferta de creche e pr\u00e9-escola, retardando o processo de  aprendizagem.<\/p>\n<p>Esses programas da renda m\u00ednima unificados (acertadamente) por Dilma e  os governadores t\u00eam como contrapartida a perman\u00eancia dos alunos nas  escolas. Mas a subida da renda, a julgar pelas descobertas da pesquisa  do Cenpec, ser\u00e1 limitada \u00e0 aprendizagem dos alunos se n\u00e3o houver um  investimento e articula\u00e7\u00e3o nos territ\u00f3rios.<\/p>\n<p>Nem ser\u00e1 justo que se avaliem essas escolas com padr\u00f5es semelhantes  aos das demais, j\u00e1 que os professores, mesmo os mais capacitados, ter\u00e3o  uma margem de manobra limitada.<\/p>\n<p>Programas como o Bolsa Fam\u00edlia s\u00e3o um bom exemplo de pol\u00edtica para a  redu\u00e7\u00e3o da mis\u00e9ria. E, por isso, t\u00eam um efeito eleitoral, mas ter\u00e3o um  baixo impacto educacional caso n\u00e3o se perceba o territ\u00f3rio como uma  extens\u00e3o da sala de aula.<\/p>\n<p>N\u00e3o pensar na educa\u00e7\u00e3o como uma linha que passa pela fam\u00edlia, pela escola e pela comunidade \u00e9 falta de intelig\u00eancia p\u00fablica.<\/p>\n<p><strong>PS-<\/strong> Por falar em pol\u00edticas p\u00fablicas e territ\u00f3rios,  ser\u00e1 lan\u00e7ado no come\u00e7o de setembro um aplicativo para celular por meio  do qual as pessoas poder\u00e3o, em tempo real, relatar suas impress\u00f5es sobre  a cidade. Gera-se, no final, um mapa das percep\u00e7\u00f5es de toda a cidade e  seus problemas rua por rua. Desenvolvido pelo Movimento Mais Feliz,  comandado pelo publicit\u00e1rio Mauro Montorin, o projeto deve ser encampado  pelo Facebook para ter amplitude internacional.<\/p>\n<p>Fonte: <a href=\"http:\/\/portal.aprendiz.uol.com.br\/2011\/08\/22\/pobreza-emburrece\/\">Portal Aprendiz<\/a><\/p>\n<\/div>\n","protected":false},"excerpt":{"rendered":"<p>Artigo \u00e9 de Gilberto Dmenstein e est\u00e1 no Portal Aprendiz. &#8220;Apenas metade da intelig\u00eancia de um indiv\u00edduo pode ser explicada pela heran\u00e7a gen\u00e9tica, segundo estudo divulgado neste m\u00eas pela Universidade de Edimburgo, que envolveu cientistas de diversos pa\u00edses. O restante da composi\u00e7\u00e3o do QI vem do ambiente em que se vive e dos est\u00edmulos educacionais recebidos desde o ber\u00e7o.&#8221;<\/p>\n","protected":false},"author":1,"featured_media":0,"comment_status":"open","ping_status":"open","sticky":false,"template":"","format":"standard","meta":{"site-container-style":"default","site-container-layout":"default","site-sidebar-layout":"default","disable-article-header":"default","disable-site-header":"default","disable-site-footer":"default","disable-content-area-spacing":"default","footnotes":""},"categories":[6,8,49],"tags":[],"class_list":["post-20784","post","type-post","status-publish","format-standard","hentry","category-educacao","category-textos-e-artigos","category-politicas-publicas"],"yoast_head":"<!-- This site is optimized with the Yoast SEO plugin v27.4 - https:\/\/yoast.com\/product\/yoast-seo-wordpress\/ -->\n<title>Pobreza emburrece? -<\/title>\n<meta name=\"robots\" content=\"index, follow, max-snippet:-1, max-image-preview:large, max-video-preview:-1\" \/>\n<link rel=\"canonical\" href=\"https:\/\/inclusivenews.com.br\/?p=20784\" \/>\n<meta property=\"og:locale\" content=\"pt_PT\" \/>\n<meta property=\"og:type\" content=\"article\" \/>\n<meta property=\"og:title\" content=\"Pobreza emburrece? -\" \/>\n<meta property=\"og:description\" content=\"Artigo \u00e9 de Gilberto Dmenstein e est\u00e1 no Portal Aprendiz. &quot;Apenas metade da intelig\u00eancia de um indiv\u00edduo pode ser explicada pela heran\u00e7a gen\u00e9tica, segundo estudo divulgado neste m\u00eas pela Universidade de Edimburgo, que envolveu cientistas de diversos pa\u00edses. O restante da composi\u00e7\u00e3o do QI vem do ambiente em que se vive e dos est\u00edmulos educacionais recebidos desde o ber\u00e7o.&quot;\" \/>\n<meta property=\"og:url\" content=\"https:\/\/inclusivenews.com.br\/?p=20784\" \/>\n<meta property=\"article:publisher\" content=\"https:\/\/www.facebook.com\/agenciainclusive\/\" \/>\n<meta property=\"article:published_time\" content=\"2011-08-25T10:36:20+00:00\" \/>\n<meta property=\"og:image\" content=\"http:\/\/imgs.obviousmag.org\/archives\/uploads\/2009\/09031402_blog.uncovering.org_einstein.jpg\" \/>\n<meta name=\"author\" content=\"inclusivenews2024\" \/>\n<meta name=\"twitter:card\" content=\"summary_large_image\" \/>\n<meta name=\"twitter:label1\" content=\"Escrito por\" \/>\n\t<meta name=\"twitter:data1\" content=\"inclusivenews2024\" \/>\n\t<meta name=\"twitter:label2\" content=\"Tempo estimado de leitura\" \/>\n\t<meta name=\"twitter:data2\" content=\"4 minutos\" \/>\n<script type=\"application\/ld+json\" class=\"yoast-schema-graph\">{\"@context\":\"https:\\\/\\\/schema.org\",\"@graph\":[{\"@type\":\"Article\",\"@id\":\"https:\\\/\\\/inclusivenews.com.br\\\/?p=20784#article\",\"isPartOf\":{\"@id\":\"https:\\\/\\\/inclusivenews.com.br\\\/?p=20784\"},\"author\":{\"name\":\"inclusivenews2024\",\"@id\":\"https:\\\/\\\/inclusivenews.com.br\\\/#\\\/schema\\\/person\\\/ae4ec7087559b8692fb33b6fffd2273b\"},\"headline\":\"Pobreza emburrece?\",\"datePublished\":\"2011-08-25T10:36:20+00:00\",\"mainEntityOfPage\":{\"@id\":\"https:\\\/\\\/inclusivenews.com.br\\\/?p=20784\"},\"wordCount\":819,\"commentCount\":1,\"publisher\":{\"@id\":\"https:\\\/\\\/inclusivenews.com.br\\\/#organization\"},\"image\":{\"@id\":\"https:\\\/\\\/inclusivenews.com.br\\\/?p=20784#primaryimage\"},\"thumbnailUrl\":\"http:\\\/\\\/imgs.obviousmag.org\\\/archives\\\/uploads\\\/2009\\\/09031402_blog.uncovering.org_einstein.jpg\",\"articleSection\":[\"EDUCA\u00c7\u00c3O\",\"OPINI\u00c3O\",\"Pol\u00edticas p\u00fablicas\"],\"inLanguage\":\"pt-PT\",\"potentialAction\":[{\"@type\":\"CommentAction\",\"name\":\"Comment\",\"target\":[\"https:\\\/\\\/inclusivenews.com.br\\\/?p=20784#respond\"]}]},{\"@type\":\"WebPage\",\"@id\":\"https:\\\/\\\/inclusivenews.com.br\\\/?p=20784\",\"url\":\"https:\\\/\\\/inclusivenews.com.br\\\/?p=20784\",\"name\":\"Pobreza emburrece? -\",\"isPartOf\":{\"@id\":\"https:\\\/\\\/inclusivenews.com.br\\\/#website\"},\"primaryImageOfPage\":{\"@id\":\"https:\\\/\\\/inclusivenews.com.br\\\/?p=20784#primaryimage\"},\"image\":{\"@id\":\"https:\\\/\\\/inclusivenews.com.br\\\/?p=20784#primaryimage\"},\"thumbnailUrl\":\"http:\\\/\\\/imgs.obviousmag.org\\\/archives\\\/uploads\\\/2009\\\/09031402_blog.uncovering.org_einstein.jpg\",\"datePublished\":\"2011-08-25T10:36:20+00:00\",\"breadcrumb\":{\"@id\":\"https:\\\/\\\/inclusivenews.com.br\\\/?p=20784#breadcrumb\"},\"inLanguage\":\"pt-PT\",\"potentialAction\":[{\"@type\":\"ReadAction\",\"target\":[\"https:\\\/\\\/inclusivenews.com.br\\\/?p=20784\"]}]},{\"@type\":\"ImageObject\",\"inLanguage\":\"pt-PT\",\"@id\":\"https:\\\/\\\/inclusivenews.com.br\\\/?p=20784#primaryimage\",\"url\":\"http:\\\/\\\/imgs.obviousmag.org\\\/archives\\\/uploads\\\/2009\\\/09031402_blog.uncovering.org_einstein.jpg\",\"contentUrl\":\"http:\\\/\\\/imgs.obviousmag.org\\\/archives\\\/uploads\\\/2009\\\/09031402_blog.uncovering.org_einstein.jpg\"},{\"@type\":\"BreadcrumbList\",\"@id\":\"https:\\\/\\\/inclusivenews.com.br\\\/?p=20784#breadcrumb\",\"itemListElement\":[{\"@type\":\"ListItem\",\"position\":1,\"name\":\"In\u00edcio\",\"item\":\"https:\\\/\\\/inclusivenews.com.br\\\/\"},{\"@type\":\"ListItem\",\"position\":2,\"name\":\"Pobreza emburrece?\"}]},{\"@type\":\"WebSite\",\"@id\":\"https:\\\/\\\/inclusivenews.com.br\\\/#website\",\"url\":\"https:\\\/\\\/inclusivenews.com.br\\\/\",\"name\":\"Inclusive News\",\"description\":\"Inclusive News\",\"publisher\":{\"@id\":\"https:\\\/\\\/inclusivenews.com.br\\\/#organization\"},\"potentialAction\":[{\"@type\":\"SearchAction\",\"target\":{\"@type\":\"EntryPoint\",\"urlTemplate\":\"https:\\\/\\\/inclusivenews.com.br\\\/?s={search_term_string}\"},\"query-input\":{\"@type\":\"PropertyValueSpecification\",\"valueRequired\":true,\"valueName\":\"search_term_string\"}}],\"inLanguage\":\"pt-PT\"},{\"@type\":\"Organization\",\"@id\":\"https:\\\/\\\/inclusivenews.com.br\\\/#organization\",\"name\":\"Inclusive - inclus\u00e3o e cidadania\",\"url\":\"https:\\\/\\\/inclusivenews.com.br\\\/\",\"logo\":{\"@type\":\"ImageObject\",\"inLanguage\":\"pt-PT\",\"@id\":\"https:\\\/\\\/inclusivenews.com.br\\\/#\\\/schema\\\/logo\\\/image\\\/\",\"url\":\"https:\\\/\\\/inclusivenews.com.br\\\/wp-content\\\/uploads\\\/2024\\\/03\\\/@grandesite.png\",\"contentUrl\":\"https:\\\/\\\/inclusivenews.com.br\\\/wp-content\\\/uploads\\\/2024\\\/03\\\/@grandesite.png\",\"width\":1080,\"height\":1080,\"caption\":\"Inclusive - inclus\u00e3o e cidadania\"},\"image\":{\"@id\":\"https:\\\/\\\/inclusivenews.com.br\\\/#\\\/schema\\\/logo\\\/image\\\/\"},\"sameAs\":[\"https:\\\/\\\/www.facebook.com\\\/agenciainclusive\\\/\",\"https:\\\/\\\/www.instagram.com\\\/newsinclusive\\\/\"]},{\"@type\":\"Person\",\"@id\":\"https:\\\/\\\/inclusivenews.com.br\\\/#\\\/schema\\\/person\\\/ae4ec7087559b8692fb33b6fffd2273b\",\"name\":\"inclusivenews2024\",\"image\":{\"@type\":\"ImageObject\",\"inLanguage\":\"pt-PT\",\"@id\":\"https:\\\/\\\/secure.gravatar.com\\\/avatar\\\/c5a7ef84c66fa914f55bc4f7ce26cfa275a3b9a1c5568b907bd184fb4dde7b40?s=96&d=mm&r=g\",\"url\":\"https:\\\/\\\/secure.gravatar.com\\\/avatar\\\/c5a7ef84c66fa914f55bc4f7ce26cfa275a3b9a1c5568b907bd184fb4dde7b40?s=96&d=mm&r=g\",\"contentUrl\":\"https:\\\/\\\/secure.gravatar.com\\\/avatar\\\/c5a7ef84c66fa914f55bc4f7ce26cfa275a3b9a1c5568b907bd184fb4dde7b40?s=96&d=mm&r=g\",\"caption\":\"inclusivenews2024\"},\"sameAs\":[\"https:\\\/\\\/inclusivenews.com.br\"],\"url\":\"https:\\\/\\\/inclusivenews.com.br\\\/?author=1\"}]}<\/script>\n<!-- \/ Yoast SEO plugin. -->","yoast_head_json":{"title":"Pobreza emburrece? -","robots":{"index":"index","follow":"follow","max-snippet":"max-snippet:-1","max-image-preview":"max-image-preview:large","max-video-preview":"max-video-preview:-1"},"canonical":"https:\/\/inclusivenews.com.br\/?p=20784","og_locale":"pt_PT","og_type":"article","og_title":"Pobreza emburrece? -","og_description":"Artigo \u00e9 de Gilberto Dmenstein e est\u00e1 no Portal Aprendiz. \"Apenas metade da intelig\u00eancia de um indiv\u00edduo pode ser explicada pela heran\u00e7a gen\u00e9tica, segundo estudo divulgado neste m\u00eas pela Universidade de Edimburgo, que envolveu cientistas de diversos pa\u00edses. O restante da composi\u00e7\u00e3o do QI vem do ambiente em que se vive e dos est\u00edmulos educacionais recebidos desde o ber\u00e7o.\"","og_url":"https:\/\/inclusivenews.com.br\/?p=20784","article_publisher":"https:\/\/www.facebook.com\/agenciainclusive\/","article_published_time":"2011-08-25T10:36:20+00:00","og_image":[{"url":"http:\/\/imgs.obviousmag.org\/archives\/uploads\/2009\/09031402_blog.uncovering.org_einstein.jpg","type":"","width":"","height":""}],"author":"inclusivenews2024","twitter_card":"summary_large_image","twitter_misc":{"Escrito por":"inclusivenews2024","Tempo estimado de leitura":"4 minutos"},"schema":{"@context":"https:\/\/schema.org","@graph":[{"@type":"Article","@id":"https:\/\/inclusivenews.com.br\/?p=20784#article","isPartOf":{"@id":"https:\/\/inclusivenews.com.br\/?p=20784"},"author":{"name":"inclusivenews2024","@id":"https:\/\/inclusivenews.com.br\/#\/schema\/person\/ae4ec7087559b8692fb33b6fffd2273b"},"headline":"Pobreza emburrece?","datePublished":"2011-08-25T10:36:20+00:00","mainEntityOfPage":{"@id":"https:\/\/inclusivenews.com.br\/?p=20784"},"wordCount":819,"commentCount":1,"publisher":{"@id":"https:\/\/inclusivenews.com.br\/#organization"},"image":{"@id":"https:\/\/inclusivenews.com.br\/?p=20784#primaryimage"},"thumbnailUrl":"http:\/\/imgs.obviousmag.org\/archives\/uploads\/2009\/09031402_blog.uncovering.org_einstein.jpg","articleSection":["EDUCA\u00c7\u00c3O","OPINI\u00c3O","Pol\u00edticas p\u00fablicas"],"inLanguage":"pt-PT","potentialAction":[{"@type":"CommentAction","name":"Comment","target":["https:\/\/inclusivenews.com.br\/?p=20784#respond"]}]},{"@type":"WebPage","@id":"https:\/\/inclusivenews.com.br\/?p=20784","url":"https:\/\/inclusivenews.com.br\/?p=20784","name":"Pobreza emburrece? -","isPartOf":{"@id":"https:\/\/inclusivenews.com.br\/#website"},"primaryImageOfPage":{"@id":"https:\/\/inclusivenews.com.br\/?p=20784#primaryimage"},"image":{"@id":"https:\/\/inclusivenews.com.br\/?p=20784#primaryimage"},"thumbnailUrl":"http:\/\/imgs.obviousmag.org\/archives\/uploads\/2009\/09031402_blog.uncovering.org_einstein.jpg","datePublished":"2011-08-25T10:36:20+00:00","breadcrumb":{"@id":"https:\/\/inclusivenews.com.br\/?p=20784#breadcrumb"},"inLanguage":"pt-PT","potentialAction":[{"@type":"ReadAction","target":["https:\/\/inclusivenews.com.br\/?p=20784"]}]},{"@type":"ImageObject","inLanguage":"pt-PT","@id":"https:\/\/inclusivenews.com.br\/?p=20784#primaryimage","url":"http:\/\/imgs.obviousmag.org\/archives\/uploads\/2009\/09031402_blog.uncovering.org_einstein.jpg","contentUrl":"http:\/\/imgs.obviousmag.org\/archives\/uploads\/2009\/09031402_blog.uncovering.org_einstein.jpg"},{"@type":"BreadcrumbList","@id":"https:\/\/inclusivenews.com.br\/?p=20784#breadcrumb","itemListElement":[{"@type":"ListItem","position":1,"name":"In\u00edcio","item":"https:\/\/inclusivenews.com.br\/"},{"@type":"ListItem","position":2,"name":"Pobreza emburrece?"}]},{"@type":"WebSite","@id":"https:\/\/inclusivenews.com.br\/#website","url":"https:\/\/inclusivenews.com.br\/","name":"Inclusive News","description":"Inclusive News","publisher":{"@id":"https:\/\/inclusivenews.com.br\/#organization"},"potentialAction":[{"@type":"SearchAction","target":{"@type":"EntryPoint","urlTemplate":"https:\/\/inclusivenews.com.br\/?s={search_term_string}"},"query-input":{"@type":"PropertyValueSpecification","valueRequired":true,"valueName":"search_term_string"}}],"inLanguage":"pt-PT"},{"@type":"Organization","@id":"https:\/\/inclusivenews.com.br\/#organization","name":"Inclusive - inclus\u00e3o e cidadania","url":"https:\/\/inclusivenews.com.br\/","logo":{"@type":"ImageObject","inLanguage":"pt-PT","@id":"https:\/\/inclusivenews.com.br\/#\/schema\/logo\/image\/","url":"https:\/\/inclusivenews.com.br\/wp-content\/uploads\/2024\/03\/@grandesite.png","contentUrl":"https:\/\/inclusivenews.com.br\/wp-content\/uploads\/2024\/03\/@grandesite.png","width":1080,"height":1080,"caption":"Inclusive - inclus\u00e3o e cidadania"},"image":{"@id":"https:\/\/inclusivenews.com.br\/#\/schema\/logo\/image\/"},"sameAs":["https:\/\/www.facebook.com\/agenciainclusive\/","https:\/\/www.instagram.com\/newsinclusive\/"]},{"@type":"Person","@id":"https:\/\/inclusivenews.com.br\/#\/schema\/person\/ae4ec7087559b8692fb33b6fffd2273b","name":"inclusivenews2024","image":{"@type":"ImageObject","inLanguage":"pt-PT","@id":"https:\/\/secure.gravatar.com\/avatar\/c5a7ef84c66fa914f55bc4f7ce26cfa275a3b9a1c5568b907bd184fb4dde7b40?s=96&d=mm&r=g","url":"https:\/\/secure.gravatar.com\/avatar\/c5a7ef84c66fa914f55bc4f7ce26cfa275a3b9a1c5568b907bd184fb4dde7b40?s=96&d=mm&r=g","contentUrl":"https:\/\/secure.gravatar.com\/avatar\/c5a7ef84c66fa914f55bc4f7ce26cfa275a3b9a1c5568b907bd184fb4dde7b40?s=96&d=mm&r=g","caption":"inclusivenews2024"},"sameAs":["https:\/\/inclusivenews.com.br"],"url":"https:\/\/inclusivenews.com.br\/?author=1"}]}},"_links":{"self":[{"href":"https:\/\/inclusivenews.com.br\/index.php?rest_route=\/wp\/v2\/posts\/20784","targetHints":{"allow":["GET"]}}],"collection":[{"href":"https:\/\/inclusivenews.com.br\/index.php?rest_route=\/wp\/v2\/posts"}],"about":[{"href":"https:\/\/inclusivenews.com.br\/index.php?rest_route=\/wp\/v2\/types\/post"}],"author":[{"embeddable":true,"href":"https:\/\/inclusivenews.com.br\/index.php?rest_route=\/wp\/v2\/users\/1"}],"replies":[{"embeddable":true,"href":"https:\/\/inclusivenews.com.br\/index.php?rest_route=%2Fwp%2Fv2%2Fcomments&post=20784"}],"version-history":[{"count":0,"href":"https:\/\/inclusivenews.com.br\/index.php?rest_route=\/wp\/v2\/posts\/20784\/revisions"}],"wp:attachment":[{"href":"https:\/\/inclusivenews.com.br\/index.php?rest_route=%2Fwp%2Fv2%2Fmedia&parent=20784"}],"wp:term":[{"taxonomy":"category","embeddable":true,"href":"https:\/\/inclusivenews.com.br\/index.php?rest_route=%2Fwp%2Fv2%2Fcategories&post=20784"},{"taxonomy":"post_tag","embeddable":true,"href":"https:\/\/inclusivenews.com.br\/index.php?rest_route=%2Fwp%2Fv2%2Ftags&post=20784"}],"curies":[{"name":"wp","href":"https:\/\/api.w.org\/{rel}","templated":true}]}}