{"id":20838,"date":"2011-09-01T07:29:01","date_gmt":"2011-09-01T10:29:01","guid":{"rendered":"http:\/\/www.inclusive.org.br\/?p=20838"},"modified":"2011-09-01T07:29:01","modified_gmt":"2011-09-01T10:29:01","slug":"estrebucha","status":"publish","type":"post","link":"https:\/\/inclusivenews.com.br\/?p=20838","title":{"rendered":"Estrebucha"},"content":{"rendered":"<p><strong><img loading=\"lazy\" decoding=\"async\" class=\"alignleft size-medium wp-image-20847\" title=\"Viol\u00eancia - Xilogravura de J Barros - onde se v\u00ea um pistoleiro mascarado a v\u00edtima e duas outras pessoas\" src=\"http:\/\/inclusivenews.com.br\/wp-content\/uploads\/xxviolencix_Jbarros-272x300.jpg\" alt=\"Viol\u00eancia - Xilogravura de J Barros - onde se v\u00ea um pistoleiro mascarado a v\u00edtima e duas outras pessoas\" width=\"218\" height=\"240\" \/>Por Marcos Rolim *<\/strong><\/p>\n<p>O que entendemos por \u201cviol\u00eancia\u201d depende, em larga medida, dos valores morais que temos e de nossa sensibilidade.<\/p>\n<p>O que para uns aparece inequivocamente como viol\u00eancia, para outros pode ser identificado como pr\u00e1tica \u201cnormal\u201d ou justific\u00e1vel. Outro dia, assisti a uma entrevista ilustrativa realizada pela BBC com um senhor, negro, morador da periferia de Londres (dispon\u00edvel em: <a href=\"http:\/\/bit.ly\/onM2Ij\">http:\/\/bit.ly\/onM2Ij<\/a>). A jornalista faz a entrevista do est\u00fadio da TV brit\u00e2nica e quer saber o quanto o entrevistado est\u00e1 chocado com a rebeli\u00e3o dos jovens que incendiaram pr\u00e9dios e produziram saques. Esta era a sua \u201cpauta\u201d: entrevistar um morador \u201crespeit\u00e1vel\u201d que pudesse relatar seu espanto e indigna\u00e7\u00e3o com a atitude dos jovens. O que ocorre, entretanto, \u00e9 algo surpreendente: o senhor negro declara n\u00e3o estar chocado com os acontecimentos. Afirma que reside no bairro h\u00e1 d\u00e9cadas e que, ao longo de toda a sua vida, t\u00eam sido testemunha da forma desrespeitosa e abusiva como a pol\u00edcia trata os jovens da regi\u00e3o.<\/p>\n<p>Relata que seu filho e seu neto s\u00e3o abordados v\u00e1rias vezes pelo simples fato de serem negros e que a revolta eclodiu quando a pol\u00edcia estourou a cabe\u00e7a de um rapaz. A jornalista, ent\u00e3o, afirma: \u201cisto precisar\u00e1 ainda ser provado, precisamos aguardar a conclus\u00e3o do inqu\u00e9rito\u201d. O entrevistado segue explicando porque, em sua opini\u00e3o, a revolta se justificava quando a jornalista o interrompe perguntando: -\u201cO senhor est\u00e1 envolvido com a revolta?\u201d \u00c9 impressionante a assimetria das perspectivas e penso que esta entrevista deveria ser exibida nos cursos de jornalismo em todo o mundo, sen\u00e3o por outro motivo para se mostrar o que um profissional da \u00e1rea n\u00e3o deve fazer.<\/p>\n<p>Esta semana, um v\u00eddeo com cenas de 2008 veio a p\u00fablico, mostrando policiais militares de S\u00e3o Paulo se omitindo de prestar socorro a dois jovens baleados. Um deles morreu, o outro prestou depoimento recentemente \u00e0 Corregedoria.  Os dois teriam assaltado uma metal\u00fargica quando foram baleados pelo seguran\u00e7a. O v\u00eddeo mostra um dos policiais dizendo: \u201cEstrebucha, estrebucha, vai\u201d. Outro comenta: \u201cN\u00e3o morreu ainda? \u201c N\u00e3o sei qual a rea\u00e7\u00e3o da pessoas diante deste epis\u00f3dio. Mas imagino que o v\u00eddeo n\u00e3o deva produzir verdadeira indigna\u00e7\u00e3o.<\/p>\n<p>No senso comum, a mensagem neutralizadora aparece como: &#8220;Afinal, eram assaltantes, n\u00e3o eram?&#8221;\u00a0  Sim, e por isso, devemos concordar com o fato dos policiais \u2013 dez ao todo \u2013 terem se divertido com a agonia dos baleados? A condi\u00e7\u00e3o dos feridos, &#8211; a de suspeitos &#8211; autorizaria os agentes encarregados de cumprir a lei a ignor\u00e1-la solenemente?  Dever\u00edamos, afinal, conferir aos policiais o mandato de decidir sobre a vida de suspeitos imobilizados?  Boa parte dos brasileiros entende que sim, que seria desej\u00e1vel que a pol\u00edcia tivesse este mandato. Por este caminho, seguimos alimentando a disposi\u00e7\u00e3o delinq\u00fcente que amaldi\u00e7oa o pa\u00eds e raciocinando com os mesmos termos empregados por aqueles que vivem \u00e0 margem da lei. Reside aqui o maior desafio para a seguran\u00e7a p\u00fablica brasileira, exatamente aquele que \u2013 por todas as informa\u00e7\u00f5es dispon\u00edveis &#8211; n\u00e3o ser\u00e1 enfrentado t\u00e3o cedo.<\/p>\n<p><em>* Jornalista<\/em><\/p>\n<p>Fonte: <a href=\"http:\/\/rolim.com.br\/2006\/index.php?option=com_content&amp;task=view&amp;id=818&amp;Itemid=3\">O autor<\/a><\/p>\n","protected":false},"excerpt":{"rendered":"<p>No senso comum, a mensagem neutralizadora aparece como: &#8220;Afinal, eram assaltantes, n\u00e3o eram?&#8221; Artigo \u00e9 de Marcos Rolim.<\/p>\n","protected":false},"author":1,"featured_media":0,"comment_status":"open","ping_status":"open","sticky":false,"template":"","format":"standard","meta":{"site-container-style":"default","site-container-layout":"default","site-sidebar-layout":"default","disable-article-header":"default","disable-site-header":"default","disable-site-footer":"default","disable-content-area-spacing":"default","footnotes":""},"categories":[11,8],"tags":[94],"class_list":["post-20838","post","type-post","status-publish","format-standard","hentry","category-direitos-humanos","category-textos-e-artigos","tag-violencia"],"yoast_head":"<!-- This site is optimized with the Yoast SEO plugin v27.4 - https:\/\/yoast.com\/product\/yoast-seo-wordpress\/ -->\n<title>Estrebucha -<\/title>\n<meta name=\"robots\" content=\"index, follow, max-snippet:-1, max-image-preview:large, max-video-preview:-1\" \/>\n<link rel=\"canonical\" href=\"https:\/\/inclusivenews.com.br\/?p=20838\" \/>\n<meta property=\"og:locale\" content=\"pt_PT\" \/>\n<meta property=\"og:type\" content=\"article\" \/>\n<meta property=\"og:title\" content=\"Estrebucha -\" \/>\n<meta property=\"og:description\" content=\"No senso comum, a mensagem neutralizadora aparece como: &quot;Afinal, eram assaltantes, n\u00e3o eram?&quot; Artigo \u00e9 de Marcos Rolim.\" \/>\n<meta property=\"og:url\" content=\"https:\/\/inclusivenews.com.br\/?p=20838\" \/>\n<meta property=\"article:publisher\" content=\"https:\/\/www.facebook.com\/agenciainclusive\/\" \/>\n<meta property=\"article:published_time\" content=\"2011-09-01T10:29:01+00:00\" \/>\n<meta property=\"og:image\" content=\"http:\/\/inclusivenews.com.br\/wp-content\/uploads\/xxviolencix_Jbarros-272x300.jpg\" \/>\n<meta name=\"author\" content=\"inclusivenews2024\" \/>\n<meta name=\"twitter:card\" content=\"summary_large_image\" \/>\n<meta name=\"twitter:label1\" content=\"Escrito por\" \/>\n\t<meta name=\"twitter:data1\" content=\"inclusivenews2024\" \/>\n\t<meta name=\"twitter:label2\" content=\"Tempo estimado de leitura\" \/>\n\t<meta name=\"twitter:data2\" content=\"3 minutos\" \/>\n<script type=\"application\/ld+json\" class=\"yoast-schema-graph\">{\"@context\":\"https:\\\/\\\/schema.org\",\"@graph\":[{\"@type\":\"Article\",\"@id\":\"https:\\\/\\\/inclusivenews.com.br\\\/?p=20838#article\",\"isPartOf\":{\"@id\":\"https:\\\/\\\/inclusivenews.com.br\\\/?p=20838\"},\"author\":{\"name\":\"inclusivenews2024\",\"@id\":\"https:\\\/\\\/inclusivenews.com.br\\\/#\\\/schema\\\/person\\\/ae4ec7087559b8692fb33b6fffd2273b\"},\"headline\":\"Estrebucha\",\"datePublished\":\"2011-09-01T10:29:01+00:00\",\"mainEntityOfPage\":{\"@id\":\"https:\\\/\\\/inclusivenews.com.br\\\/?p=20838\"},\"wordCount\":549,\"commentCount\":0,\"publisher\":{\"@id\":\"https:\\\/\\\/inclusivenews.com.br\\\/#organization\"},\"image\":{\"@id\":\"https:\\\/\\\/inclusivenews.com.br\\\/?p=20838#primaryimage\"},\"thumbnailUrl\":\"http:\\\/\\\/inclusivenews.com.br\\\/wp-content\\\/uploads\\\/xxviolencix_Jbarros-272x300.jpg\",\"keywords\":[\"Viol\u00eancia\"],\"articleSection\":[\"DIREITOS HUMANOS\",\"OPINI\u00c3O\"],\"inLanguage\":\"pt-PT\",\"potentialAction\":[{\"@type\":\"CommentAction\",\"name\":\"Comment\",\"target\":[\"https:\\\/\\\/inclusivenews.com.br\\\/?p=20838#respond\"]}]},{\"@type\":\"WebPage\",\"@id\":\"https:\\\/\\\/inclusivenews.com.br\\\/?p=20838\",\"url\":\"https:\\\/\\\/inclusivenews.com.br\\\/?p=20838\",\"name\":\"Estrebucha -\",\"isPartOf\":{\"@id\":\"https:\\\/\\\/inclusivenews.com.br\\\/#website\"},\"primaryImageOfPage\":{\"@id\":\"https:\\\/\\\/inclusivenews.com.br\\\/?p=20838#primaryimage\"},\"image\":{\"@id\":\"https:\\\/\\\/inclusivenews.com.br\\\/?p=20838#primaryimage\"},\"thumbnailUrl\":\"http:\\\/\\\/inclusivenews.com.br\\\/wp-content\\\/uploads\\\/xxviolencix_Jbarros-272x300.jpg\",\"datePublished\":\"2011-09-01T10:29:01+00:00\",\"breadcrumb\":{\"@id\":\"https:\\\/\\\/inclusivenews.com.br\\\/?p=20838#breadcrumb\"},\"inLanguage\":\"pt-PT\",\"potentialAction\":[{\"@type\":\"ReadAction\",\"target\":[\"https:\\\/\\\/inclusivenews.com.br\\\/?p=20838\"]}]},{\"@type\":\"ImageObject\",\"inLanguage\":\"pt-PT\",\"@id\":\"https:\\\/\\\/inclusivenews.com.br\\\/?p=20838#primaryimage\",\"url\":\"\",\"contentUrl\":\"\"},{\"@type\":\"BreadcrumbList\",\"@id\":\"https:\\\/\\\/inclusivenews.com.br\\\/?p=20838#breadcrumb\",\"itemListElement\":[{\"@type\":\"ListItem\",\"position\":1,\"name\":\"In\u00edcio\",\"item\":\"https:\\\/\\\/inclusivenews.com.br\\\/\"},{\"@type\":\"ListItem\",\"position\":2,\"name\":\"Estrebucha\"}]},{\"@type\":\"WebSite\",\"@id\":\"https:\\\/\\\/inclusivenews.com.br\\\/#website\",\"url\":\"https:\\\/\\\/inclusivenews.com.br\\\/\",\"name\":\"Inclusive News\",\"description\":\"Inclusive News\",\"publisher\":{\"@id\":\"https:\\\/\\\/inclusivenews.com.br\\\/#organization\"},\"potentialAction\":[{\"@type\":\"SearchAction\",\"target\":{\"@type\":\"EntryPoint\",\"urlTemplate\":\"https:\\\/\\\/inclusivenews.com.br\\\/?s={search_term_string}\"},\"query-input\":{\"@type\":\"PropertyValueSpecification\",\"valueRequired\":true,\"valueName\":\"search_term_string\"}}],\"inLanguage\":\"pt-PT\"},{\"@type\":\"Organization\",\"@id\":\"https:\\\/\\\/inclusivenews.com.br\\\/#organization\",\"name\":\"Inclusive - inclus\u00e3o e cidadania\",\"url\":\"https:\\\/\\\/inclusivenews.com.br\\\/\",\"logo\":{\"@type\":\"ImageObject\",\"inLanguage\":\"pt-PT\",\"@id\":\"https:\\\/\\\/inclusivenews.com.br\\\/#\\\/schema\\\/logo\\\/image\\\/\",\"url\":\"https:\\\/\\\/inclusivenews.com.br\\\/wp-content\\\/uploads\\\/2024\\\/03\\\/@grandesite.png\",\"contentUrl\":\"https:\\\/\\\/inclusivenews.com.br\\\/wp-content\\\/uploads\\\/2024\\\/03\\\/@grandesite.png\",\"width\":1080,\"height\":1080,\"caption\":\"Inclusive - inclus\u00e3o e cidadania\"},\"image\":{\"@id\":\"https:\\\/\\\/inclusivenews.com.br\\\/#\\\/schema\\\/logo\\\/image\\\/\"},\"sameAs\":[\"https:\\\/\\\/www.facebook.com\\\/agenciainclusive\\\/\",\"https:\\\/\\\/www.instagram.com\\\/newsinclusive\\\/\"]},{\"@type\":\"Person\",\"@id\":\"https:\\\/\\\/inclusivenews.com.br\\\/#\\\/schema\\\/person\\\/ae4ec7087559b8692fb33b6fffd2273b\",\"name\":\"inclusivenews2024\",\"image\":{\"@type\":\"ImageObject\",\"inLanguage\":\"pt-PT\",\"@id\":\"https:\\\/\\\/secure.gravatar.com\\\/avatar\\\/c5a7ef84c66fa914f55bc4f7ce26cfa275a3b9a1c5568b907bd184fb4dde7b40?s=96&d=mm&r=g\",\"url\":\"https:\\\/\\\/secure.gravatar.com\\\/avatar\\\/c5a7ef84c66fa914f55bc4f7ce26cfa275a3b9a1c5568b907bd184fb4dde7b40?s=96&d=mm&r=g\",\"contentUrl\":\"https:\\\/\\\/secure.gravatar.com\\\/avatar\\\/c5a7ef84c66fa914f55bc4f7ce26cfa275a3b9a1c5568b907bd184fb4dde7b40?s=96&d=mm&r=g\",\"caption\":\"inclusivenews2024\"},\"sameAs\":[\"https:\\\/\\\/inclusivenews.com.br\"],\"url\":\"https:\\\/\\\/inclusivenews.com.br\\\/?author=1\"}]}<\/script>\n<!-- \/ Yoast SEO plugin. -->","yoast_head_json":{"title":"Estrebucha -","robots":{"index":"index","follow":"follow","max-snippet":"max-snippet:-1","max-image-preview":"max-image-preview:large","max-video-preview":"max-video-preview:-1"},"canonical":"https:\/\/inclusivenews.com.br\/?p=20838","og_locale":"pt_PT","og_type":"article","og_title":"Estrebucha -","og_description":"No senso comum, a mensagem neutralizadora aparece como: \"Afinal, eram assaltantes, n\u00e3o eram?\" Artigo \u00e9 de Marcos Rolim.","og_url":"https:\/\/inclusivenews.com.br\/?p=20838","article_publisher":"https:\/\/www.facebook.com\/agenciainclusive\/","article_published_time":"2011-09-01T10:29:01+00:00","og_image":[{"url":"http:\/\/inclusivenews.com.br\/wp-content\/uploads\/xxviolencix_Jbarros-272x300.jpg","type":"","width":"","height":""}],"author":"inclusivenews2024","twitter_card":"summary_large_image","twitter_misc":{"Escrito por":"inclusivenews2024","Tempo estimado de leitura":"3 minutos"},"schema":{"@context":"https:\/\/schema.org","@graph":[{"@type":"Article","@id":"https:\/\/inclusivenews.com.br\/?p=20838#article","isPartOf":{"@id":"https:\/\/inclusivenews.com.br\/?p=20838"},"author":{"name":"inclusivenews2024","@id":"https:\/\/inclusivenews.com.br\/#\/schema\/person\/ae4ec7087559b8692fb33b6fffd2273b"},"headline":"Estrebucha","datePublished":"2011-09-01T10:29:01+00:00","mainEntityOfPage":{"@id":"https:\/\/inclusivenews.com.br\/?p=20838"},"wordCount":549,"commentCount":0,"publisher":{"@id":"https:\/\/inclusivenews.com.br\/#organization"},"image":{"@id":"https:\/\/inclusivenews.com.br\/?p=20838#primaryimage"},"thumbnailUrl":"http:\/\/inclusivenews.com.br\/wp-content\/uploads\/xxviolencix_Jbarros-272x300.jpg","keywords":["Viol\u00eancia"],"articleSection":["DIREITOS HUMANOS","OPINI\u00c3O"],"inLanguage":"pt-PT","potentialAction":[{"@type":"CommentAction","name":"Comment","target":["https:\/\/inclusivenews.com.br\/?p=20838#respond"]}]},{"@type":"WebPage","@id":"https:\/\/inclusivenews.com.br\/?p=20838","url":"https:\/\/inclusivenews.com.br\/?p=20838","name":"Estrebucha -","isPartOf":{"@id":"https:\/\/inclusivenews.com.br\/#website"},"primaryImageOfPage":{"@id":"https:\/\/inclusivenews.com.br\/?p=20838#primaryimage"},"image":{"@id":"https:\/\/inclusivenews.com.br\/?p=20838#primaryimage"},"thumbnailUrl":"http:\/\/inclusivenews.com.br\/wp-content\/uploads\/xxviolencix_Jbarros-272x300.jpg","datePublished":"2011-09-01T10:29:01+00:00","breadcrumb":{"@id":"https:\/\/inclusivenews.com.br\/?p=20838#breadcrumb"},"inLanguage":"pt-PT","potentialAction":[{"@type":"ReadAction","target":["https:\/\/inclusivenews.com.br\/?p=20838"]}]},{"@type":"ImageObject","inLanguage":"pt-PT","@id":"https:\/\/inclusivenews.com.br\/?p=20838#primaryimage","url":"","contentUrl":""},{"@type":"BreadcrumbList","@id":"https:\/\/inclusivenews.com.br\/?p=20838#breadcrumb","itemListElement":[{"@type":"ListItem","position":1,"name":"In\u00edcio","item":"https:\/\/inclusivenews.com.br\/"},{"@type":"ListItem","position":2,"name":"Estrebucha"}]},{"@type":"WebSite","@id":"https:\/\/inclusivenews.com.br\/#website","url":"https:\/\/inclusivenews.com.br\/","name":"Inclusive News","description":"Inclusive News","publisher":{"@id":"https:\/\/inclusivenews.com.br\/#organization"},"potentialAction":[{"@type":"SearchAction","target":{"@type":"EntryPoint","urlTemplate":"https:\/\/inclusivenews.com.br\/?s={search_term_string}"},"query-input":{"@type":"PropertyValueSpecification","valueRequired":true,"valueName":"search_term_string"}}],"inLanguage":"pt-PT"},{"@type":"Organization","@id":"https:\/\/inclusivenews.com.br\/#organization","name":"Inclusive - inclus\u00e3o e cidadania","url":"https:\/\/inclusivenews.com.br\/","logo":{"@type":"ImageObject","inLanguage":"pt-PT","@id":"https:\/\/inclusivenews.com.br\/#\/schema\/logo\/image\/","url":"https:\/\/inclusivenews.com.br\/wp-content\/uploads\/2024\/03\/@grandesite.png","contentUrl":"https:\/\/inclusivenews.com.br\/wp-content\/uploads\/2024\/03\/@grandesite.png","width":1080,"height":1080,"caption":"Inclusive - inclus\u00e3o e cidadania"},"image":{"@id":"https:\/\/inclusivenews.com.br\/#\/schema\/logo\/image\/"},"sameAs":["https:\/\/www.facebook.com\/agenciainclusive\/","https:\/\/www.instagram.com\/newsinclusive\/"]},{"@type":"Person","@id":"https:\/\/inclusivenews.com.br\/#\/schema\/person\/ae4ec7087559b8692fb33b6fffd2273b","name":"inclusivenews2024","image":{"@type":"ImageObject","inLanguage":"pt-PT","@id":"https:\/\/secure.gravatar.com\/avatar\/c5a7ef84c66fa914f55bc4f7ce26cfa275a3b9a1c5568b907bd184fb4dde7b40?s=96&d=mm&r=g","url":"https:\/\/secure.gravatar.com\/avatar\/c5a7ef84c66fa914f55bc4f7ce26cfa275a3b9a1c5568b907bd184fb4dde7b40?s=96&d=mm&r=g","contentUrl":"https:\/\/secure.gravatar.com\/avatar\/c5a7ef84c66fa914f55bc4f7ce26cfa275a3b9a1c5568b907bd184fb4dde7b40?s=96&d=mm&r=g","caption":"inclusivenews2024"},"sameAs":["https:\/\/inclusivenews.com.br"],"url":"https:\/\/inclusivenews.com.br\/?author=1"}]}},"_links":{"self":[{"href":"https:\/\/inclusivenews.com.br\/index.php?rest_route=\/wp\/v2\/posts\/20838","targetHints":{"allow":["GET"]}}],"collection":[{"href":"https:\/\/inclusivenews.com.br\/index.php?rest_route=\/wp\/v2\/posts"}],"about":[{"href":"https:\/\/inclusivenews.com.br\/index.php?rest_route=\/wp\/v2\/types\/post"}],"author":[{"embeddable":true,"href":"https:\/\/inclusivenews.com.br\/index.php?rest_route=\/wp\/v2\/users\/1"}],"replies":[{"embeddable":true,"href":"https:\/\/inclusivenews.com.br\/index.php?rest_route=%2Fwp%2Fv2%2Fcomments&post=20838"}],"version-history":[{"count":0,"href":"https:\/\/inclusivenews.com.br\/index.php?rest_route=\/wp\/v2\/posts\/20838\/revisions"}],"wp:attachment":[{"href":"https:\/\/inclusivenews.com.br\/index.php?rest_route=%2Fwp%2Fv2%2Fmedia&parent=20838"}],"wp:term":[{"taxonomy":"category","embeddable":true,"href":"https:\/\/inclusivenews.com.br\/index.php?rest_route=%2Fwp%2Fv2%2Fcategories&post=20838"},{"taxonomy":"post_tag","embeddable":true,"href":"https:\/\/inclusivenews.com.br\/index.php?rest_route=%2Fwp%2Fv2%2Ftags&post=20838"}],"curies":[{"name":"wp","href":"https:\/\/api.w.org\/{rel}","templated":true}]}}