{"id":20895,"date":"2011-09-08T07:24:01","date_gmt":"2011-09-08T10:24:01","guid":{"rendered":"http:\/\/www.inclusive.org.br\/?p=20895"},"modified":"2011-09-08T07:24:01","modified_gmt":"2011-09-08T10:24:01","slug":"organizacoes-e-movimentos-sociais-debatem-violacoes-de-direitos-em-audiencia-publica-com-a-ministra-maria-do-rosario","status":"publish","type":"post","link":"https:\/\/inclusivenews.com.br\/?p=20895","title":{"rendered":"Organiza\u00e7\u00f5es e movimentos sociais debatem viola\u00e7\u00f5es de direitos em audi\u00eancia  p\u00fablica com a ministra Maria do Ros\u00e1rio"},"content":{"rendered":"<figure id=\"attachment_18286\" aria-describedby=\"caption-attachment-18286\" style=\"width: 253px\" class=\"wp-caption alignleft\"><img loading=\"lazy\" decoding=\"async\" class=\"size-full wp-image-18286 \" title=\"Ministra dos Direitos Humanos - Maria do Ros\u00e1rio\" src=\"http:\/\/inclusivenews.com.br\/wp-content\/uploads\/2011\/01\/Maria-do-Rosario-e1315396637996.jpg\" alt=\"Ministra dos Direitos Humanos - Maria do Ros\u00e1rio\" width=\"253\" height=\"210\" \/><figcaption id=\"caption-attachment-18286\" class=\"wp-caption-text\"> <\/figcaption><\/figure>\n<p>Em 29\/8, a ministra da Secretaria de Direitos Humanos da Presid\u00eancia da Rep\u00fablica, Maria do Ros\u00e1rio, participou de audi\u00eancia p\u00fablica realizada na Assembleia Legislativa de S\u00e3o Paulo (ALESP), que contou com a presen\u00e7a de organiza\u00e7\u00f5es e movimentos sociais. Na audi\u00eancia, foram destacados temas como a comiss\u00e3o da verdade, a repress\u00e3o contra a juventude negra, a precariedade na sa\u00fade, a criminaliza\u00e7\u00e3o dos movimentos sociais e a situa\u00e7\u00e3o de estrangeiros no Brasil, dentre outros.<\/p>\n<p>A comiss\u00e3o da verdade foi abordada por Al\u00edpio Freire, jornalista e escritor, que a colocou como um tema de responsabilidade de todos: \u201ceste n\u00e3o \u00e9 um assunto apenas da nossa gera\u00e7\u00e3o, dos que foram punidos pela ditadura. Este \u00e9 um assunto das gera\u00e7\u00f5es que nos precederam e das gera\u00e7\u00f5es que nos sucedem agora\u201d. Freire pediu pela abertura dos arquivos e pela constru\u00e7\u00e3o de comit\u00eas da verdade em todo o pa\u00eds, que seriam entidades aut\u00f4nomas e com objetivos pr\u00f3prios.<\/p>\n<p>A ministra afirmou que o governo est\u00e1 atuando fortemente pela aprova\u00e7\u00e3o do projeto de lei que cria a comiss\u00e3o e, ao fim da audi\u00eancia, concluiu que \u201cas quest\u00f5es relacionadas \u00e0 ditadura militar no Brasil s\u00e3o uma esp\u00e9cie de n\u00f3, que amarra as viola\u00e7\u00f5es de direitos humanos\u201d.<\/p>\n<p>O movimento M\u00e3es de Maio trouxe a tem\u00e1tica da viol\u00eancia policial e pediu a federaliza\u00e7\u00e3o dos crimes de maio de 2006, que mudaria a responsabilidade da investiga\u00e7\u00e3o para o executivo federal. Ap\u00f3s os ataques do Primeiro Comando da Capital (PCC), em maio de 2006, mais de 500 pessoas foram assassinadas em S\u00e3o Paulo por policiais e grupos de exterm\u00ednio. Centenas desses jovens n\u00e3o tinham nenhuma liga\u00e7\u00e3o com os ataques criminosos. O movimento surgiu a partir da indigna\u00e7\u00e3o dessas m\u00e3es e familiares que lutam contra a impunidade. \u201cO governo do estado n\u00e3o quer tocar no assunto, mas n\u00f3s exigimos. Mataram e desapareceram, e algu\u00e9m tem que ser o culpado\u201d, disse D\u00e9bora Maria da Silva, m\u00e3e de um dos assassinados. A ministra afirmou que aguarda resposta h\u00e1 tr\u00eas meses sobre uma reuni\u00e3o com o governo estadual, que teria como pauta os grupos de exterm\u00ednio e os crimes de maio. D\u00e9bora lembrou que \u00e9 responsabilidade do Estado mostrar onde est\u00e3o os corpos dos jovens desaparecidos e pediu uma audi\u00eancia p\u00fablica desses crimes, que continuam sem resposta. \u201cA pior viola\u00e7\u00e3o aos direitos humanos \u00e9 o direito \u00e0 vida\u201d.<\/p>\n<p>Representantes do Comit\u00ea de Mobiliza\u00e7\u00e3o Contra o Genoc\u00eddio da Popula\u00e7\u00e3o Negra, do F\u00f3rum de Matriz Africana e do Movimento Negro Unificado (MNU) denunciaram o preconceito racial e contra as religi\u00f5es afro-brasileiras, abordando tamb\u00e9m o genoc\u00eddio da popula\u00e7\u00e3o negra. \u201cA Secretaria de Direitos Humanos precisa ter uma postura ainda mais consistente, porque S\u00e3o Paulo perdeu o controle, assim como v\u00e1rios estados brasileiros\u201d, disse Douglas Belchior, da Uneafro e do comit\u00ea, referindo-se \u00e0s viol\u00eancias que essa popula\u00e7\u00e3o sofre.<\/p>\n<p>Segundo Maria do Ros\u00e1rio, sua pasta pretende desenvolver um trabalho com a Secretaria de Pol\u00edticas de Promo\u00e7\u00e3o da Igualdade Racial (SEPPIR) sobre as circunst\u00e2ncias de vida e morte da popula\u00e7\u00e3o negra juvenil brasileira, discutindo inclusive a resist\u00eancia seguida de morte.<\/p>\n<p>Sobre a homofobia, Irina Bacci, integrante do Conselho Nacional LGBT, afirmou que os crimes e ataques homof\u00f3bicos est\u00e3o aumentando, principalmente neste ano, e lembrou que, al\u00e9m das agress\u00f5es f\u00edsicas, a homofobia atua tamb\u00e9m contra pessoas em situa\u00e7\u00e3o de risco social e vulnerabilidade.<\/p>\n<p>A situa\u00e7\u00e3o dos moradores de rua foi tratada pelo padre J\u00falio Lancellotti, que falou sobre o higienismo que o Estado pratica constantemente nas cidades brasileiras. A tem\u00e1tica foi tamb\u00e9m abordada pelos movimentos a favor de moradia adequada e contra remo\u00e7\u00f5es for\u00e7adas, em pauta devido aos despejos ocorridos pelas obras da Copa do Mundo e das Olimp\u00edadas. \u201cN\u00f3s n\u00e3o queremos uma Copa da exclus\u00e3o\u201d, afirmou Juliana Cardoso, vereadora de S\u00e3o Paulo.<\/p>\n<p><strong>Encaminhamentos<\/strong><\/p>\n<p>Ap\u00f3s o grande n\u00famero de quest\u00f5es levantadas, a ministra pontuou que a audi\u00eancia n\u00e3o deve ser concebida como um ponto final nas discuss\u00f5es, mas uma \u201cetapa de caminhada nas lutas pelos direitos humanos em S\u00e3o Paulo e no Brasil\u201d.Lembrando do papel da sociedade em manifestar-se e do estado em agir contra as viola\u00e7\u00f5es de direitos humanos, a ministra afirmou que \u201cconstruir a democracia \u00e9 uma tarefa cotidiana\u201d. De acordo com Maria do Ros\u00e1rio, os rumos do estado brasileiro devem ser corrigidos a partir das manifesta\u00e7\u00f5es da sociedade, que possui uma sede de justi\u00e7a \u201cpor um Brasil com dignidade humana, com direitos humanos, com liberdade, democracia plena\u201d.<\/p>\n<p>O Conselho Estadual de Defesa dos Direitos da Pessoa Humana (Condepe) tamb\u00e9m denunciou a falta de autonomia do \u00f3rg\u00e3o, pois o governo de S\u00e3o Paulo tem comprometido seu funcionamento independente. Ivan Seixas, coordenador do \u00f3rg\u00e3o e ex-preso pol\u00edtico, afirmou que decretos do poder Executivo interferem na atua\u00e7\u00e3o do Condepe, que n\u00e3o est\u00e1 submetido \u00e0s secretarias e \u00e9 considerado um \u00f3rg\u00e3o de estado. A ministra encaminhou a den\u00fancia ao Conselho de Defesa dos Direitos da Pessoa Humana (CDDPH) e pretende convidar o governo estadual para esclarecimentos e resolu\u00e7\u00f5es.<\/p>\n<p>Fonte: <a href=\"http:\/\/abong.org.br\/informes.php?id=4277&amp;it=4284\">ABONG<\/a><\/p>\n","protected":false},"excerpt":{"rendered":"<p>Na audi\u00eancia, que contou com a presen\u00e7a da Ministra Maria do Ros\u00e1rio, foram destacados temas como a comiss\u00e3o da verdade, a repress\u00e3o contra a juventude negra, a precariedade na sa\u00fade, a criminaliza\u00e7\u00e3o dos movimentos sociais e a situa\u00e7\u00e3o de estrangeiros no Brasil, dentre outros.<\/p>\n","protected":false},"author":1,"featured_media":0,"comment_status":"open","ping_status":"open","sticky":false,"template":"","format":"standard","meta":{"site-container-style":"default","site-container-layout":"default","site-sidebar-layout":"default","disable-article-header":"default","disable-site-header":"default","disable-site-footer":"default","disable-content-area-spacing":"default","footnotes":""},"categories":[11,4],"tags":[],"class_list":["post-20895","post","type-post","status-publish","format-standard","hentry","category-direitos-humanos","category-noticias"],"yoast_head":"<!-- This site is optimized with the Yoast SEO plugin v27.4 - https:\/\/yoast.com\/product\/yoast-seo-wordpress\/ -->\n<title>Organiza\u00e7\u00f5es e movimentos sociais debatem viola\u00e7\u00f5es de direitos em audi\u00eancia p\u00fablica com a ministra Maria do Ros\u00e1rio -<\/title>\n<meta name=\"robots\" content=\"index, follow, max-snippet:-1, max-image-preview:large, max-video-preview:-1\" \/>\n<link rel=\"canonical\" href=\"https:\/\/inclusivenews.com.br\/?p=20895\" \/>\n<meta property=\"og:locale\" content=\"pt_PT\" \/>\n<meta property=\"og:type\" content=\"article\" \/>\n<meta property=\"og:title\" content=\"Organiza\u00e7\u00f5es e movimentos sociais debatem viola\u00e7\u00f5es de direitos em audi\u00eancia p\u00fablica com a ministra Maria do Ros\u00e1rio -\" \/>\n<meta property=\"og:description\" content=\"Na audi\u00eancia, que contou com a presen\u00e7a da Ministra Maria do Ros\u00e1rio, foram destacados temas como a comiss\u00e3o da verdade, a repress\u00e3o contra a juventude negra, a precariedade na sa\u00fade, a criminaliza\u00e7\u00e3o dos movimentos sociais e a situa\u00e7\u00e3o de estrangeiros no Brasil, dentre outros.\" \/>\n<meta property=\"og:url\" content=\"https:\/\/inclusivenews.com.br\/?p=20895\" \/>\n<meta property=\"article:publisher\" content=\"https:\/\/www.facebook.com\/agenciainclusive\/\" \/>\n<meta property=\"article:published_time\" content=\"2011-09-08T10:24:01+00:00\" \/>\n<meta property=\"og:image\" content=\"http:\/\/inclusivenews.com.br\/wp-content\/uploads\/2011\/01\/Maria-do-Rosario-e1315396637996.jpg\" \/>\n<meta name=\"author\" content=\"inclusivenews2024\" \/>\n<meta name=\"twitter:card\" content=\"summary_large_image\" \/>\n<meta name=\"twitter:label1\" content=\"Escrito por\" \/>\n\t<meta name=\"twitter:data1\" content=\"inclusivenews2024\" \/>\n\t<meta name=\"twitter:label2\" content=\"Tempo estimado de leitura\" \/>\n\t<meta name=\"twitter:data2\" content=\"5 minutos\" \/>\n<script type=\"application\/ld+json\" class=\"yoast-schema-graph\">{\"@context\":\"https:\\\/\\\/schema.org\",\"@graph\":[{\"@type\":\"Article\",\"@id\":\"https:\\\/\\\/inclusivenews.com.br\\\/?p=20895#article\",\"isPartOf\":{\"@id\":\"https:\\\/\\\/inclusivenews.com.br\\\/?p=20895\"},\"author\":{\"name\":\"inclusivenews2024\",\"@id\":\"https:\\\/\\\/inclusivenews.com.br\\\/#\\\/schema\\\/person\\\/ae4ec7087559b8692fb33b6fffd2273b\"},\"headline\":\"Organiza\u00e7\u00f5es e movimentos sociais debatem viola\u00e7\u00f5es de direitos em audi\u00eancia p\u00fablica com a ministra Maria do Ros\u00e1rio\",\"datePublished\":\"2011-09-08T10:24:01+00:00\",\"mainEntityOfPage\":{\"@id\":\"https:\\\/\\\/inclusivenews.com.br\\\/?p=20895\"},\"wordCount\":937,\"commentCount\":0,\"publisher\":{\"@id\":\"https:\\\/\\\/inclusivenews.com.br\\\/#organization\"},\"image\":{\"@id\":\"https:\\\/\\\/inclusivenews.com.br\\\/?p=20895#primaryimage\"},\"thumbnailUrl\":\"http:\\\/\\\/inclusivenews.com.br\\\/wp-content\\\/uploads\\\/2011\\\/01\\\/Maria-do-Rosario-e1315396637996.jpg\",\"articleSection\":[\"DIREITOS HUMANOS\",\"NOT\u00cdCIAS\"],\"inLanguage\":\"pt-PT\",\"potentialAction\":[{\"@type\":\"CommentAction\",\"name\":\"Comment\",\"target\":[\"https:\\\/\\\/inclusivenews.com.br\\\/?p=20895#respond\"]}]},{\"@type\":\"WebPage\",\"@id\":\"https:\\\/\\\/inclusivenews.com.br\\\/?p=20895\",\"url\":\"https:\\\/\\\/inclusivenews.com.br\\\/?p=20895\",\"name\":\"Organiza\u00e7\u00f5es e movimentos sociais debatem viola\u00e7\u00f5es de direitos em audi\u00eancia p\u00fablica com a ministra Maria do Ros\u00e1rio -\",\"isPartOf\":{\"@id\":\"https:\\\/\\\/inclusivenews.com.br\\\/#website\"},\"primaryImageOfPage\":{\"@id\":\"https:\\\/\\\/inclusivenews.com.br\\\/?p=20895#primaryimage\"},\"image\":{\"@id\":\"https:\\\/\\\/inclusivenews.com.br\\\/?p=20895#primaryimage\"},\"thumbnailUrl\":\"http:\\\/\\\/inclusivenews.com.br\\\/wp-content\\\/uploads\\\/2011\\\/01\\\/Maria-do-Rosario-e1315396637996.jpg\",\"datePublished\":\"2011-09-08T10:24:01+00:00\",\"breadcrumb\":{\"@id\":\"https:\\\/\\\/inclusivenews.com.br\\\/?p=20895#breadcrumb\"},\"inLanguage\":\"pt-PT\",\"potentialAction\":[{\"@type\":\"ReadAction\",\"target\":[\"https:\\\/\\\/inclusivenews.com.br\\\/?p=20895\"]}]},{\"@type\":\"ImageObject\",\"inLanguage\":\"pt-PT\",\"@id\":\"https:\\\/\\\/inclusivenews.com.br\\\/?p=20895#primaryimage\",\"url\":\"\",\"contentUrl\":\"\"},{\"@type\":\"BreadcrumbList\",\"@id\":\"https:\\\/\\\/inclusivenews.com.br\\\/?p=20895#breadcrumb\",\"itemListElement\":[{\"@type\":\"ListItem\",\"position\":1,\"name\":\"In\u00edcio\",\"item\":\"https:\\\/\\\/inclusivenews.com.br\\\/\"},{\"@type\":\"ListItem\",\"position\":2,\"name\":\"Organiza\u00e7\u00f5es e movimentos sociais debatem viola\u00e7\u00f5es de direitos em audi\u00eancia p\u00fablica com a ministra Maria do Ros\u00e1rio\"}]},{\"@type\":\"WebSite\",\"@id\":\"https:\\\/\\\/inclusivenews.com.br\\\/#website\",\"url\":\"https:\\\/\\\/inclusivenews.com.br\\\/\",\"name\":\"Inclusive News\",\"description\":\"Inclusive News\",\"publisher\":{\"@id\":\"https:\\\/\\\/inclusivenews.com.br\\\/#organization\"},\"potentialAction\":[{\"@type\":\"SearchAction\",\"target\":{\"@type\":\"EntryPoint\",\"urlTemplate\":\"https:\\\/\\\/inclusivenews.com.br\\\/?s={search_term_string}\"},\"query-input\":{\"@type\":\"PropertyValueSpecification\",\"valueRequired\":true,\"valueName\":\"search_term_string\"}}],\"inLanguage\":\"pt-PT\"},{\"@type\":\"Organization\",\"@id\":\"https:\\\/\\\/inclusivenews.com.br\\\/#organization\",\"name\":\"Inclusive - inclus\u00e3o e cidadania\",\"url\":\"https:\\\/\\\/inclusivenews.com.br\\\/\",\"logo\":{\"@type\":\"ImageObject\",\"inLanguage\":\"pt-PT\",\"@id\":\"https:\\\/\\\/inclusivenews.com.br\\\/#\\\/schema\\\/logo\\\/image\\\/\",\"url\":\"https:\\\/\\\/inclusivenews.com.br\\\/wp-content\\\/uploads\\\/2024\\\/03\\\/@grandesite.png\",\"contentUrl\":\"https:\\\/\\\/inclusivenews.com.br\\\/wp-content\\\/uploads\\\/2024\\\/03\\\/@grandesite.png\",\"width\":1080,\"height\":1080,\"caption\":\"Inclusive - inclus\u00e3o e cidadania\"},\"image\":{\"@id\":\"https:\\\/\\\/inclusivenews.com.br\\\/#\\\/schema\\\/logo\\\/image\\\/\"},\"sameAs\":[\"https:\\\/\\\/www.facebook.com\\\/agenciainclusive\\\/\",\"https:\\\/\\\/www.instagram.com\\\/newsinclusive\\\/\"]},{\"@type\":\"Person\",\"@id\":\"https:\\\/\\\/inclusivenews.com.br\\\/#\\\/schema\\\/person\\\/ae4ec7087559b8692fb33b6fffd2273b\",\"name\":\"inclusivenews2024\",\"image\":{\"@type\":\"ImageObject\",\"inLanguage\":\"pt-PT\",\"@id\":\"https:\\\/\\\/secure.gravatar.com\\\/avatar\\\/c5a7ef84c66fa914f55bc4f7ce26cfa275a3b9a1c5568b907bd184fb4dde7b40?s=96&d=mm&r=g\",\"url\":\"https:\\\/\\\/secure.gravatar.com\\\/avatar\\\/c5a7ef84c66fa914f55bc4f7ce26cfa275a3b9a1c5568b907bd184fb4dde7b40?s=96&d=mm&r=g\",\"contentUrl\":\"https:\\\/\\\/secure.gravatar.com\\\/avatar\\\/c5a7ef84c66fa914f55bc4f7ce26cfa275a3b9a1c5568b907bd184fb4dde7b40?s=96&d=mm&r=g\",\"caption\":\"inclusivenews2024\"},\"sameAs\":[\"https:\\\/\\\/inclusivenews.com.br\"],\"url\":\"https:\\\/\\\/inclusivenews.com.br\\\/?author=1\"}]}<\/script>\n<!-- \/ Yoast SEO plugin. -->","yoast_head_json":{"title":"Organiza\u00e7\u00f5es e movimentos sociais debatem viola\u00e7\u00f5es de direitos em audi\u00eancia p\u00fablica com a ministra Maria do Ros\u00e1rio -","robots":{"index":"index","follow":"follow","max-snippet":"max-snippet:-1","max-image-preview":"max-image-preview:large","max-video-preview":"max-video-preview:-1"},"canonical":"https:\/\/inclusivenews.com.br\/?p=20895","og_locale":"pt_PT","og_type":"article","og_title":"Organiza\u00e7\u00f5es e movimentos sociais debatem viola\u00e7\u00f5es de direitos em audi\u00eancia p\u00fablica com a ministra Maria do Ros\u00e1rio -","og_description":"Na audi\u00eancia, que contou com a presen\u00e7a da Ministra Maria do Ros\u00e1rio, foram destacados temas como a comiss\u00e3o da verdade, a repress\u00e3o contra a juventude negra, a precariedade na sa\u00fade, a criminaliza\u00e7\u00e3o dos movimentos sociais e a situa\u00e7\u00e3o de estrangeiros no Brasil, dentre outros.","og_url":"https:\/\/inclusivenews.com.br\/?p=20895","article_publisher":"https:\/\/www.facebook.com\/agenciainclusive\/","article_published_time":"2011-09-08T10:24:01+00:00","og_image":[{"url":"http:\/\/inclusivenews.com.br\/wp-content\/uploads\/2011\/01\/Maria-do-Rosario-e1315396637996.jpg","type":"","width":"","height":""}],"author":"inclusivenews2024","twitter_card":"summary_large_image","twitter_misc":{"Escrito por":"inclusivenews2024","Tempo estimado de leitura":"5 minutos"},"schema":{"@context":"https:\/\/schema.org","@graph":[{"@type":"Article","@id":"https:\/\/inclusivenews.com.br\/?p=20895#article","isPartOf":{"@id":"https:\/\/inclusivenews.com.br\/?p=20895"},"author":{"name":"inclusivenews2024","@id":"https:\/\/inclusivenews.com.br\/#\/schema\/person\/ae4ec7087559b8692fb33b6fffd2273b"},"headline":"Organiza\u00e7\u00f5es e movimentos sociais debatem viola\u00e7\u00f5es de direitos em audi\u00eancia p\u00fablica com a ministra Maria do Ros\u00e1rio","datePublished":"2011-09-08T10:24:01+00:00","mainEntityOfPage":{"@id":"https:\/\/inclusivenews.com.br\/?p=20895"},"wordCount":937,"commentCount":0,"publisher":{"@id":"https:\/\/inclusivenews.com.br\/#organization"},"image":{"@id":"https:\/\/inclusivenews.com.br\/?p=20895#primaryimage"},"thumbnailUrl":"http:\/\/inclusivenews.com.br\/wp-content\/uploads\/2011\/01\/Maria-do-Rosario-e1315396637996.jpg","articleSection":["DIREITOS HUMANOS","NOT\u00cdCIAS"],"inLanguage":"pt-PT","potentialAction":[{"@type":"CommentAction","name":"Comment","target":["https:\/\/inclusivenews.com.br\/?p=20895#respond"]}]},{"@type":"WebPage","@id":"https:\/\/inclusivenews.com.br\/?p=20895","url":"https:\/\/inclusivenews.com.br\/?p=20895","name":"Organiza\u00e7\u00f5es e movimentos sociais debatem viola\u00e7\u00f5es de direitos em audi\u00eancia p\u00fablica com a ministra Maria do Ros\u00e1rio -","isPartOf":{"@id":"https:\/\/inclusivenews.com.br\/#website"},"primaryImageOfPage":{"@id":"https:\/\/inclusivenews.com.br\/?p=20895#primaryimage"},"image":{"@id":"https:\/\/inclusivenews.com.br\/?p=20895#primaryimage"},"thumbnailUrl":"http:\/\/inclusivenews.com.br\/wp-content\/uploads\/2011\/01\/Maria-do-Rosario-e1315396637996.jpg","datePublished":"2011-09-08T10:24:01+00:00","breadcrumb":{"@id":"https:\/\/inclusivenews.com.br\/?p=20895#breadcrumb"},"inLanguage":"pt-PT","potentialAction":[{"@type":"ReadAction","target":["https:\/\/inclusivenews.com.br\/?p=20895"]}]},{"@type":"ImageObject","inLanguage":"pt-PT","@id":"https:\/\/inclusivenews.com.br\/?p=20895#primaryimage","url":"","contentUrl":""},{"@type":"BreadcrumbList","@id":"https:\/\/inclusivenews.com.br\/?p=20895#breadcrumb","itemListElement":[{"@type":"ListItem","position":1,"name":"In\u00edcio","item":"https:\/\/inclusivenews.com.br\/"},{"@type":"ListItem","position":2,"name":"Organiza\u00e7\u00f5es e movimentos sociais debatem viola\u00e7\u00f5es de direitos em audi\u00eancia p\u00fablica com a ministra Maria do Ros\u00e1rio"}]},{"@type":"WebSite","@id":"https:\/\/inclusivenews.com.br\/#website","url":"https:\/\/inclusivenews.com.br\/","name":"Inclusive News","description":"Inclusive News","publisher":{"@id":"https:\/\/inclusivenews.com.br\/#organization"},"potentialAction":[{"@type":"SearchAction","target":{"@type":"EntryPoint","urlTemplate":"https:\/\/inclusivenews.com.br\/?s={search_term_string}"},"query-input":{"@type":"PropertyValueSpecification","valueRequired":true,"valueName":"search_term_string"}}],"inLanguage":"pt-PT"},{"@type":"Organization","@id":"https:\/\/inclusivenews.com.br\/#organization","name":"Inclusive - inclus\u00e3o e cidadania","url":"https:\/\/inclusivenews.com.br\/","logo":{"@type":"ImageObject","inLanguage":"pt-PT","@id":"https:\/\/inclusivenews.com.br\/#\/schema\/logo\/image\/","url":"https:\/\/inclusivenews.com.br\/wp-content\/uploads\/2024\/03\/@grandesite.png","contentUrl":"https:\/\/inclusivenews.com.br\/wp-content\/uploads\/2024\/03\/@grandesite.png","width":1080,"height":1080,"caption":"Inclusive - inclus\u00e3o e cidadania"},"image":{"@id":"https:\/\/inclusivenews.com.br\/#\/schema\/logo\/image\/"},"sameAs":["https:\/\/www.facebook.com\/agenciainclusive\/","https:\/\/www.instagram.com\/newsinclusive\/"]},{"@type":"Person","@id":"https:\/\/inclusivenews.com.br\/#\/schema\/person\/ae4ec7087559b8692fb33b6fffd2273b","name":"inclusivenews2024","image":{"@type":"ImageObject","inLanguage":"pt-PT","@id":"https:\/\/secure.gravatar.com\/avatar\/c5a7ef84c66fa914f55bc4f7ce26cfa275a3b9a1c5568b907bd184fb4dde7b40?s=96&d=mm&r=g","url":"https:\/\/secure.gravatar.com\/avatar\/c5a7ef84c66fa914f55bc4f7ce26cfa275a3b9a1c5568b907bd184fb4dde7b40?s=96&d=mm&r=g","contentUrl":"https:\/\/secure.gravatar.com\/avatar\/c5a7ef84c66fa914f55bc4f7ce26cfa275a3b9a1c5568b907bd184fb4dde7b40?s=96&d=mm&r=g","caption":"inclusivenews2024"},"sameAs":["https:\/\/inclusivenews.com.br"],"url":"https:\/\/inclusivenews.com.br\/?author=1"}]}},"_links":{"self":[{"href":"https:\/\/inclusivenews.com.br\/index.php?rest_route=\/wp\/v2\/posts\/20895","targetHints":{"allow":["GET"]}}],"collection":[{"href":"https:\/\/inclusivenews.com.br\/index.php?rest_route=\/wp\/v2\/posts"}],"about":[{"href":"https:\/\/inclusivenews.com.br\/index.php?rest_route=\/wp\/v2\/types\/post"}],"author":[{"embeddable":true,"href":"https:\/\/inclusivenews.com.br\/index.php?rest_route=\/wp\/v2\/users\/1"}],"replies":[{"embeddable":true,"href":"https:\/\/inclusivenews.com.br\/index.php?rest_route=%2Fwp%2Fv2%2Fcomments&post=20895"}],"version-history":[{"count":0,"href":"https:\/\/inclusivenews.com.br\/index.php?rest_route=\/wp\/v2\/posts\/20895\/revisions"}],"wp:attachment":[{"href":"https:\/\/inclusivenews.com.br\/index.php?rest_route=%2Fwp%2Fv2%2Fmedia&parent=20895"}],"wp:term":[{"taxonomy":"category","embeddable":true,"href":"https:\/\/inclusivenews.com.br\/index.php?rest_route=%2Fwp%2Fv2%2Fcategories&post=20895"},{"taxonomy":"post_tag","embeddable":true,"href":"https:\/\/inclusivenews.com.br\/index.php?rest_route=%2Fwp%2Fv2%2Ftags&post=20895"}],"curies":[{"name":"wp","href":"https:\/\/api.w.org\/{rel}","templated":true}]}}