{"id":20903,"date":"2011-09-08T07:40:06","date_gmt":"2011-09-08T10:40:06","guid":{"rendered":"http:\/\/www.inclusive.org.br\/?p=20903"},"modified":"2011-09-08T07:40:06","modified_gmt":"2011-09-08T10:40:06","slug":"4%c2%ba-relatorio-nacional-sobre-os-direitos-humanos-no-brasil","status":"publish","type":"post","link":"https:\/\/inclusivenews.com.br\/?p=20903","title":{"rendered":"4\u00ba Relat\u00f3rio Nacional sobre os Direitos Humanos no Brasil"},"content":{"rendered":"<div>\n<p><a class=\"moz-txt-link-freetext\" href=\"http:\/\/www.nevusp.org\/portugues\/images\/stories\/capas\/capa209.jpg\"><img loading=\"lazy\" decoding=\"async\" class=\"alignleft\" title=\"Capa do relat\u00f3rio\" src=\"http:\/\/www.nevusp.org\/portugues\/images\/stories\/capas\/capa209.jpg\" alt=\"\" width=\"128\" height=\"169\" \/><\/a><\/p>\n<p><a class=\"moz-txt-link-freetext\" href=\"http:\/\/www.nevusp.org\/downloads\/down248.pdf\">Clique neste link para fazer download do livro na \u00edntegra.<\/a><\/p>\n<p>O 4\u00ba Relat\u00f3rio Nacional sobre os Direitos Humanos no Brasil evidencia, mais uma vez, a contradit\u00f3ria situa\u00e7\u00e3o dos direitos humanos no pa\u00eds. No final da d\u00e9cada dos anos 2000, foram alcan\u00e7ados ganhos substantivos em termos de ado\u00e7\u00e3o de legisla\u00e7\u00e3o, de formas de institucionaliza\u00e7\u00e3o de pol\u00edticas p\u00fablicas, de elabora\u00e7\u00e3o e implementa\u00e7\u00e3o de programas, de a\u00e7\u00f5es das esferas governamentais e de crescente envolvimento das organiza\u00e7\u00f5es da sociedade civil em todos esses avan\u00e7os.<\/p>\n<p>Por\u00e9m, s\u00e3o ainda acentuadas as restri\u00e7\u00f5es e viola\u00e7\u00f5es de direitos humanos em diversas \u00e1reas da sociedade brasileira, verificadas de forma particular nas diferentes regi\u00f5es do territ\u00f3rio nacional. Essa persist\u00eancia, constatada ao longo de d\u00e9cadas, n\u00e3o pode mais ser atribu\u00edda somente a fatores do legado da ditadura militar ap\u00f3s a transi\u00e7\u00e3o pol\u00edtica. Mas seria ilus\u00f3rio acreditar que a elimina\u00e7\u00e3o das viola\u00e7\u00f5es mais graves, ou pelo menos a sua dr\u00e1stica redu\u00e7\u00e3o, ocorreria de forma autom\u00e1tica com o advento da democracia e com mudan\u00e7as sociais e econ\u00f4micas \u00a0que gradualmente se realizaram por meio de pol\u00edticas governamentais setoriais.<\/p>\n<div><strong>T\u00edtulo:<\/strong> 4\u00ba Relat\u00f3rio Nacional sobre os Direitos Humanos<\/div>\n<div><strong>Autor:<\/strong> Renato Alves e Fernando Salla<\/div>\n<div><strong>In:<\/strong> S\u00e3o Paulo: Universidade de S\u00e3o Paulo, N\u00facleo de Estudos da Viol\u00eancia, 2010<\/div>\n<div><strong>Ano:<\/strong> 2010<\/div>\n<div><strong>Tema:<\/strong> Direitos Humanos<\/div>\n<div><strong>Subtema:<\/strong> Sobre os Direitos Humanos<\/div>\n<div><strong>Tipo:<\/strong> Livro<\/div>\n<div><strong>P\u00e1ginas:<\/strong> 440<\/div>\n<div><strong>Tamanho:<\/strong> 9Mb<\/div>\n<div><strong>Formato:<\/strong> .pdf<\/div>\n<\/div>\n","protected":false},"excerpt":{"rendered":"<p>O 4\u00ba Relat\u00f3rio Nacional sobre os Direitos Humanos no Brasil evidencia, mais uma vez, a contradit\u00f3ria situa\u00e7\u00e3o dos direitos humanos no pa\u00eds (dispon\u00edvel para download).<\/p>\n","protected":false},"author":1,"featured_media":0,"comment_status":"open","ping_status":"open","sticky":false,"template":"","format":"standard","meta":{"site-container-style":"default","site-container-layout":"default","site-sidebar-layout":"default","disable-article-header":"default","disable-site-header":"default","disable-site-footer":"default","disable-content-area-spacing":"default","footnotes":""},"categories":[11,52,51,4,10,117],"tags":[],"class_list":["post-20903","post","type-post","status-publish","format-standard","hentry","category-direitos-humanos","category-downloadables","category-livros","category-noticias","category-publicacoes","category-relatorios"],"yoast_head":"<!-- This site is optimized with the Yoast SEO plugin v27.4 - https:\/\/yoast.com\/product\/yoast-seo-wordpress\/ -->\n<title>4\u00ba Relat\u00f3rio Nacional sobre os Direitos Humanos no Brasil -<\/title>\n<meta name=\"robots\" content=\"index, follow, max-snippet:-1, max-image-preview:large, max-video-preview:-1\" \/>\n<link rel=\"canonical\" href=\"https:\/\/inclusivenews.com.br\/?p=20903\" \/>\n<meta property=\"og:locale\" content=\"pt_PT\" \/>\n<meta property=\"og:type\" content=\"article\" \/>\n<meta property=\"og:title\" content=\"4\u00ba Relat\u00f3rio Nacional sobre os Direitos Humanos no Brasil -\" \/>\n<meta property=\"og:description\" content=\"O 4\u00ba Relat\u00f3rio Nacional sobre os Direitos Humanos no Brasil evidencia, mais uma vez, a contradit\u00f3ria situa\u00e7\u00e3o dos direitos humanos no pa\u00eds (dispon\u00edvel para download).\" \/>\n<meta property=\"og:url\" content=\"https:\/\/inclusivenews.com.br\/?p=20903\" \/>\n<meta property=\"article:publisher\" content=\"https:\/\/www.facebook.com\/agenciainclusive\/\" \/>\n<meta property=\"article:published_time\" content=\"2011-09-08T10:40:06+00:00\" \/>\n<meta property=\"og:image\" content=\"http:\/\/www.nevusp.org\/portugues\/images\/stories\/capas\/capa209.jpg\" \/>\n<meta name=\"author\" content=\"inclusivenews2024\" \/>\n<meta name=\"twitter:card\" content=\"summary_large_image\" \/>\n<meta name=\"twitter:label1\" content=\"Escrito por\" \/>\n\t<meta name=\"twitter:data1\" content=\"inclusivenews2024\" \/>\n\t<meta name=\"twitter:label2\" content=\"Tempo estimado de leitura\" \/>\n\t<meta name=\"twitter:data2\" content=\"1 minuto\" \/>\n<script type=\"application\/ld+json\" class=\"yoast-schema-graph\">{\"@context\":\"https:\\\/\\\/schema.org\",\"@graph\":[{\"@type\":\"Article\",\"@id\":\"https:\\\/\\\/inclusivenews.com.br\\\/?p=20903#article\",\"isPartOf\":{\"@id\":\"https:\\\/\\\/inclusivenews.com.br\\\/?p=20903\"},\"author\":{\"name\":\"inclusivenews2024\",\"@id\":\"https:\\\/\\\/inclusivenews.com.br\\\/#\\\/schema\\\/person\\\/ae4ec7087559b8692fb33b6fffd2273b\"},\"headline\":\"4\u00ba Relat\u00f3rio Nacional sobre os Direitos Humanos no Brasil\",\"datePublished\":\"2011-09-08T10:40:06+00:00\",\"mainEntityOfPage\":{\"@id\":\"https:\\\/\\\/inclusivenews.com.br\\\/?p=20903\"},\"wordCount\":267,\"commentCount\":1,\"publisher\":{\"@id\":\"https:\\\/\\\/inclusivenews.com.br\\\/#organization\"},\"image\":{\"@id\":\"https:\\\/\\\/inclusivenews.com.br\\\/?p=20903#primaryimage\"},\"thumbnailUrl\":\"http:\\\/\\\/www.nevusp.org\\\/portugues\\\/images\\\/stories\\\/capas\\\/capa209.jpg\",\"articleSection\":[\"DIREITOS HUMANOS\",\"Downloadables\",\"Livros\",\"NOT\u00cdCIAS\",\"PUBLICA\u00c7\u00d5ES\",\"Relat\u00f3rios\"],\"inLanguage\":\"pt-PT\",\"potentialAction\":[{\"@type\":\"CommentAction\",\"name\":\"Comment\",\"target\":[\"https:\\\/\\\/inclusivenews.com.br\\\/?p=20903#respond\"]}]},{\"@type\":\"WebPage\",\"@id\":\"https:\\\/\\\/inclusivenews.com.br\\\/?p=20903\",\"url\":\"https:\\\/\\\/inclusivenews.com.br\\\/?p=20903\",\"name\":\"4\u00ba Relat\u00f3rio Nacional sobre os Direitos Humanos no Brasil -\",\"isPartOf\":{\"@id\":\"https:\\\/\\\/inclusivenews.com.br\\\/#website\"},\"primaryImageOfPage\":{\"@id\":\"https:\\\/\\\/inclusivenews.com.br\\\/?p=20903#primaryimage\"},\"image\":{\"@id\":\"https:\\\/\\\/inclusivenews.com.br\\\/?p=20903#primaryimage\"},\"thumbnailUrl\":\"http:\\\/\\\/www.nevusp.org\\\/portugues\\\/images\\\/stories\\\/capas\\\/capa209.jpg\",\"datePublished\":\"2011-09-08T10:40:06+00:00\",\"breadcrumb\":{\"@id\":\"https:\\\/\\\/inclusivenews.com.br\\\/?p=20903#breadcrumb\"},\"inLanguage\":\"pt-PT\",\"potentialAction\":[{\"@type\":\"ReadAction\",\"target\":[\"https:\\\/\\\/inclusivenews.com.br\\\/?p=20903\"]}]},{\"@type\":\"ImageObject\",\"inLanguage\":\"pt-PT\",\"@id\":\"https:\\\/\\\/inclusivenews.com.br\\\/?p=20903#primaryimage\",\"url\":\"http:\\\/\\\/www.nevusp.org\\\/portugues\\\/images\\\/stories\\\/capas\\\/capa209.jpg\",\"contentUrl\":\"http:\\\/\\\/www.nevusp.org\\\/portugues\\\/images\\\/stories\\\/capas\\\/capa209.jpg\"},{\"@type\":\"BreadcrumbList\",\"@id\":\"https:\\\/\\\/inclusivenews.com.br\\\/?p=20903#breadcrumb\",\"itemListElement\":[{\"@type\":\"ListItem\",\"position\":1,\"name\":\"In\u00edcio\",\"item\":\"https:\\\/\\\/inclusivenews.com.br\\\/\"},{\"@type\":\"ListItem\",\"position\":2,\"name\":\"4\u00ba Relat\u00f3rio Nacional sobre os Direitos Humanos no Brasil\"}]},{\"@type\":\"WebSite\",\"@id\":\"https:\\\/\\\/inclusivenews.com.br\\\/#website\",\"url\":\"https:\\\/\\\/inclusivenews.com.br\\\/\",\"name\":\"Inclusive News\",\"description\":\"Inclusive News\",\"publisher\":{\"@id\":\"https:\\\/\\\/inclusivenews.com.br\\\/#organization\"},\"potentialAction\":[{\"@type\":\"SearchAction\",\"target\":{\"@type\":\"EntryPoint\",\"urlTemplate\":\"https:\\\/\\\/inclusivenews.com.br\\\/?s={search_term_string}\"},\"query-input\":{\"@type\":\"PropertyValueSpecification\",\"valueRequired\":true,\"valueName\":\"search_term_string\"}}],\"inLanguage\":\"pt-PT\"},{\"@type\":\"Organization\",\"@id\":\"https:\\\/\\\/inclusivenews.com.br\\\/#organization\",\"name\":\"Inclusive - inclus\u00e3o e cidadania\",\"url\":\"https:\\\/\\\/inclusivenews.com.br\\\/\",\"logo\":{\"@type\":\"ImageObject\",\"inLanguage\":\"pt-PT\",\"@id\":\"https:\\\/\\\/inclusivenews.com.br\\\/#\\\/schema\\\/logo\\\/image\\\/\",\"url\":\"https:\\\/\\\/inclusivenews.com.br\\\/wp-content\\\/uploads\\\/2024\\\/03\\\/@grandesite.png\",\"contentUrl\":\"https:\\\/\\\/inclusivenews.com.br\\\/wp-content\\\/uploads\\\/2024\\\/03\\\/@grandesite.png\",\"width\":1080,\"height\":1080,\"caption\":\"Inclusive - inclus\u00e3o e cidadania\"},\"image\":{\"@id\":\"https:\\\/\\\/inclusivenews.com.br\\\/#\\\/schema\\\/logo\\\/image\\\/\"},\"sameAs\":[\"https:\\\/\\\/www.facebook.com\\\/agenciainclusive\\\/\",\"https:\\\/\\\/www.instagram.com\\\/newsinclusive\\\/\"]},{\"@type\":\"Person\",\"@id\":\"https:\\\/\\\/inclusivenews.com.br\\\/#\\\/schema\\\/person\\\/ae4ec7087559b8692fb33b6fffd2273b\",\"name\":\"inclusivenews2024\",\"image\":{\"@type\":\"ImageObject\",\"inLanguage\":\"pt-PT\",\"@id\":\"https:\\\/\\\/secure.gravatar.com\\\/avatar\\\/c5a7ef84c66fa914f55bc4f7ce26cfa275a3b9a1c5568b907bd184fb4dde7b40?s=96&d=mm&r=g\",\"url\":\"https:\\\/\\\/secure.gravatar.com\\\/avatar\\\/c5a7ef84c66fa914f55bc4f7ce26cfa275a3b9a1c5568b907bd184fb4dde7b40?s=96&d=mm&r=g\",\"contentUrl\":\"https:\\\/\\\/secure.gravatar.com\\\/avatar\\\/c5a7ef84c66fa914f55bc4f7ce26cfa275a3b9a1c5568b907bd184fb4dde7b40?s=96&d=mm&r=g\",\"caption\":\"inclusivenews2024\"},\"sameAs\":[\"https:\\\/\\\/inclusivenews.com.br\"],\"url\":\"https:\\\/\\\/inclusivenews.com.br\\\/?author=1\"}]}<\/script>\n<!-- \/ Yoast SEO plugin. -->","yoast_head_json":{"title":"4\u00ba Relat\u00f3rio Nacional sobre os Direitos Humanos no Brasil -","robots":{"index":"index","follow":"follow","max-snippet":"max-snippet:-1","max-image-preview":"max-image-preview:large","max-video-preview":"max-video-preview:-1"},"canonical":"https:\/\/inclusivenews.com.br\/?p=20903","og_locale":"pt_PT","og_type":"article","og_title":"4\u00ba Relat\u00f3rio Nacional sobre os Direitos Humanos no Brasil -","og_description":"O 4\u00ba Relat\u00f3rio Nacional sobre os Direitos Humanos no Brasil evidencia, mais uma vez, a contradit\u00f3ria situa\u00e7\u00e3o dos direitos humanos no pa\u00eds (dispon\u00edvel para download).","og_url":"https:\/\/inclusivenews.com.br\/?p=20903","article_publisher":"https:\/\/www.facebook.com\/agenciainclusive\/","article_published_time":"2011-09-08T10:40:06+00:00","og_image":[{"url":"http:\/\/www.nevusp.org\/portugues\/images\/stories\/capas\/capa209.jpg","type":"","width":"","height":""}],"author":"inclusivenews2024","twitter_card":"summary_large_image","twitter_misc":{"Escrito por":"inclusivenews2024","Tempo estimado de leitura":"1 minuto"},"schema":{"@context":"https:\/\/schema.org","@graph":[{"@type":"Article","@id":"https:\/\/inclusivenews.com.br\/?p=20903#article","isPartOf":{"@id":"https:\/\/inclusivenews.com.br\/?p=20903"},"author":{"name":"inclusivenews2024","@id":"https:\/\/inclusivenews.com.br\/#\/schema\/person\/ae4ec7087559b8692fb33b6fffd2273b"},"headline":"4\u00ba Relat\u00f3rio Nacional sobre os Direitos Humanos no Brasil","datePublished":"2011-09-08T10:40:06+00:00","mainEntityOfPage":{"@id":"https:\/\/inclusivenews.com.br\/?p=20903"},"wordCount":267,"commentCount":1,"publisher":{"@id":"https:\/\/inclusivenews.com.br\/#organization"},"image":{"@id":"https:\/\/inclusivenews.com.br\/?p=20903#primaryimage"},"thumbnailUrl":"http:\/\/www.nevusp.org\/portugues\/images\/stories\/capas\/capa209.jpg","articleSection":["DIREITOS HUMANOS","Downloadables","Livros","NOT\u00cdCIAS","PUBLICA\u00c7\u00d5ES","Relat\u00f3rios"],"inLanguage":"pt-PT","potentialAction":[{"@type":"CommentAction","name":"Comment","target":["https:\/\/inclusivenews.com.br\/?p=20903#respond"]}]},{"@type":"WebPage","@id":"https:\/\/inclusivenews.com.br\/?p=20903","url":"https:\/\/inclusivenews.com.br\/?p=20903","name":"4\u00ba Relat\u00f3rio Nacional sobre os Direitos Humanos no Brasil -","isPartOf":{"@id":"https:\/\/inclusivenews.com.br\/#website"},"primaryImageOfPage":{"@id":"https:\/\/inclusivenews.com.br\/?p=20903#primaryimage"},"image":{"@id":"https:\/\/inclusivenews.com.br\/?p=20903#primaryimage"},"thumbnailUrl":"http:\/\/www.nevusp.org\/portugues\/images\/stories\/capas\/capa209.jpg","datePublished":"2011-09-08T10:40:06+00:00","breadcrumb":{"@id":"https:\/\/inclusivenews.com.br\/?p=20903#breadcrumb"},"inLanguage":"pt-PT","potentialAction":[{"@type":"ReadAction","target":["https:\/\/inclusivenews.com.br\/?p=20903"]}]},{"@type":"ImageObject","inLanguage":"pt-PT","@id":"https:\/\/inclusivenews.com.br\/?p=20903#primaryimage","url":"http:\/\/www.nevusp.org\/portugues\/images\/stories\/capas\/capa209.jpg","contentUrl":"http:\/\/www.nevusp.org\/portugues\/images\/stories\/capas\/capa209.jpg"},{"@type":"BreadcrumbList","@id":"https:\/\/inclusivenews.com.br\/?p=20903#breadcrumb","itemListElement":[{"@type":"ListItem","position":1,"name":"In\u00edcio","item":"https:\/\/inclusivenews.com.br\/"},{"@type":"ListItem","position":2,"name":"4\u00ba Relat\u00f3rio Nacional sobre os Direitos Humanos no Brasil"}]},{"@type":"WebSite","@id":"https:\/\/inclusivenews.com.br\/#website","url":"https:\/\/inclusivenews.com.br\/","name":"Inclusive News","description":"Inclusive News","publisher":{"@id":"https:\/\/inclusivenews.com.br\/#organization"},"potentialAction":[{"@type":"SearchAction","target":{"@type":"EntryPoint","urlTemplate":"https:\/\/inclusivenews.com.br\/?s={search_term_string}"},"query-input":{"@type":"PropertyValueSpecification","valueRequired":true,"valueName":"search_term_string"}}],"inLanguage":"pt-PT"},{"@type":"Organization","@id":"https:\/\/inclusivenews.com.br\/#organization","name":"Inclusive - inclus\u00e3o e cidadania","url":"https:\/\/inclusivenews.com.br\/","logo":{"@type":"ImageObject","inLanguage":"pt-PT","@id":"https:\/\/inclusivenews.com.br\/#\/schema\/logo\/image\/","url":"https:\/\/inclusivenews.com.br\/wp-content\/uploads\/2024\/03\/@grandesite.png","contentUrl":"https:\/\/inclusivenews.com.br\/wp-content\/uploads\/2024\/03\/@grandesite.png","width":1080,"height":1080,"caption":"Inclusive - inclus\u00e3o e cidadania"},"image":{"@id":"https:\/\/inclusivenews.com.br\/#\/schema\/logo\/image\/"},"sameAs":["https:\/\/www.facebook.com\/agenciainclusive\/","https:\/\/www.instagram.com\/newsinclusive\/"]},{"@type":"Person","@id":"https:\/\/inclusivenews.com.br\/#\/schema\/person\/ae4ec7087559b8692fb33b6fffd2273b","name":"inclusivenews2024","image":{"@type":"ImageObject","inLanguage":"pt-PT","@id":"https:\/\/secure.gravatar.com\/avatar\/c5a7ef84c66fa914f55bc4f7ce26cfa275a3b9a1c5568b907bd184fb4dde7b40?s=96&d=mm&r=g","url":"https:\/\/secure.gravatar.com\/avatar\/c5a7ef84c66fa914f55bc4f7ce26cfa275a3b9a1c5568b907bd184fb4dde7b40?s=96&d=mm&r=g","contentUrl":"https:\/\/secure.gravatar.com\/avatar\/c5a7ef84c66fa914f55bc4f7ce26cfa275a3b9a1c5568b907bd184fb4dde7b40?s=96&d=mm&r=g","caption":"inclusivenews2024"},"sameAs":["https:\/\/inclusivenews.com.br"],"url":"https:\/\/inclusivenews.com.br\/?author=1"}]}},"_links":{"self":[{"href":"https:\/\/inclusivenews.com.br\/index.php?rest_route=\/wp\/v2\/posts\/20903","targetHints":{"allow":["GET"]}}],"collection":[{"href":"https:\/\/inclusivenews.com.br\/index.php?rest_route=\/wp\/v2\/posts"}],"about":[{"href":"https:\/\/inclusivenews.com.br\/index.php?rest_route=\/wp\/v2\/types\/post"}],"author":[{"embeddable":true,"href":"https:\/\/inclusivenews.com.br\/index.php?rest_route=\/wp\/v2\/users\/1"}],"replies":[{"embeddable":true,"href":"https:\/\/inclusivenews.com.br\/index.php?rest_route=%2Fwp%2Fv2%2Fcomments&post=20903"}],"version-history":[{"count":0,"href":"https:\/\/inclusivenews.com.br\/index.php?rest_route=\/wp\/v2\/posts\/20903\/revisions"}],"wp:attachment":[{"href":"https:\/\/inclusivenews.com.br\/index.php?rest_route=%2Fwp%2Fv2%2Fmedia&parent=20903"}],"wp:term":[{"taxonomy":"category","embeddable":true,"href":"https:\/\/inclusivenews.com.br\/index.php?rest_route=%2Fwp%2Fv2%2Fcategories&post=20903"},{"taxonomy":"post_tag","embeddable":true,"href":"https:\/\/inclusivenews.com.br\/index.php?rest_route=%2Fwp%2Fv2%2Ftags&post=20903"}],"curies":[{"name":"wp","href":"https:\/\/api.w.org\/{rel}","templated":true}]}}