{"id":20905,"date":"2011-09-08T07:41:43","date_gmt":"2011-09-08T10:41:43","guid":{"rendered":"http:\/\/www.inclusive.org.br\/?p=20905"},"modified":"2011-09-08T07:41:43","modified_gmt":"2011-09-08T10:41:43","slug":"mensagem-sobre-o-dia-internacional-da-alfabetizacao-8-de-setembro-de-2011","status":"publish","type":"post","link":"https:\/\/inclusivenews.com.br\/?p=20905","title":{"rendered":"Mensagem sobre o Dia Internacional da Alfabetiza\u00e7\u00e3o, 8 de setembro de 2011"},"content":{"rendered":"<figure style=\"width: 164px\" class=\"wp-caption alignleft\"><img loading=\"lazy\" decoding=\"async\" title=\"Irina Bokova\" src=\"http:\/\/www.unesco.org\/new\/fileadmin\/MULTIMEDIA\/HQ\/ED\/temp\/irina%20bokova_02.jpg\" alt=\"\" width=\"164\" height=\"164\" \/><figcaption class=\"wp-caption-text\">Foto: UNESCO<\/figcaption><\/figure>\n<p><em>Mensagem da Diretora-Geral da UNESCO, Irina Bokova, por ocasi\u00e3o do Dia Internacional da Alfabetiza\u00e7\u00e3o, 8 de Setembro de 2011<\/em><\/p>\n<p>Este ano, o Dia Internacional da Alfabetiza\u00e7\u00e3o tem foco especial no relacionamento entre alfabetiza\u00e7\u00e3o e paz.<\/p>\n<p>A paz duradoura fundamenta-se no respeito aos direitos humanos e \u00e0 justi\u00e7a social.<\/p>\n<p>A alfabetiza\u00e7\u00e3o, base da educa\u00e7\u00e3o e aprendizagem ao longo de toda a vida, constitui um desses direitos.<\/p>\n<p>A alfabetiza\u00e7\u00e3o \u00e9 pr\u00e9-requisito para a paz, visto que acarreta v\u00e1rios benef\u00edcios nas esferas humana, cultural, social, pol\u00edtica e econ\u00f4mica.<\/p>\n<p>Na sociedade moderna, impulsionada pelo conhecimento, o analfabetismo \u00e9 mais do que nunca sin\u00f4nimo de exclus\u00e3o e marginaliza\u00e7\u00e3o.<\/p>\n<p>Segundo as estat\u00edsticas mais recentes, de 2009, 793 milh\u00f5es de adultos carecem de alfabetiza\u00e7\u00e3o b\u00e1sica, a maioria mulheres e crian\u00e7as. Mais 67 milh\u00f5es de crian\u00e7as em idade escolar n\u00e3o est\u00e3o matriculadas e 72 milh\u00f5es de adolescentes tamb\u00e9m est\u00e3o sendo privados da educa\u00e7\u00e3o, correndo o risco de se criar uma nova gera\u00e7\u00e3o de analfabetos.<\/p>\n<p>Essa situa\u00e7\u00e3o inaceit\u00e1vel impede todos os esfor\u00e7os para reduzir a pobreza e estimular o desenvolvimento humano.<\/p>\n<p>Ela representa um abuso dos direitos humanos e das liberdades fundamentais, al\u00e9m de ser uma amea\u00e7a \u00e0 paz e \u00e0 seguran\u00e7a internacional.<\/p>\n<p>A alfabetiza\u00e7\u00e3o acelera o desenvolvimento e \u00e9 uma for\u00e7a em prol da paz.<\/p>\n<p>Primeiro, a alfabetiza\u00e7\u00e3o d\u00e1 maior autonomia aos indiv\u00edduos, permitindo a capacita\u00e7\u00e3o e a confian\u00e7a necess\u00e1rias para buscar informa\u00e7\u00f5es importantes e fazer escolhas esclarecidas, que t\u00eam impacto direto em suas fam\u00edlias e comunidades.<\/p>\n<p>Segundo, a alfabetiza\u00e7\u00e3o \u00e9 condi\u00e7\u00e3o imprescind\u00edvel para que indiv\u00edduos participem de forma eficaz nos processos democr\u00e1ticos, tenham uma voz nas organiza\u00e7\u00f5es comunit\u00e1rias, ganhem conhecimento pol\u00edtico e, portanto, contribuam para a formula\u00e7\u00e3o de pol\u00edticas p\u00fablicas de qualidade.<\/p>\n<p>Em terceiro lugar, programas de alfabetiza\u00e7\u00e3o fortalecem a compreens\u00e3o m\u00fatua ao permitir que pessoas compartilhem ideias, expressar, preservar e desenvolver a identidade cultural e a diversidade.<br \/>\nNenhum pa\u00eds pode estabelecer condi\u00e7\u00f5es duradouras para a paz caso n\u00e3o encontre meios de estabelecer confian\u00e7a m\u00fatua entre seus cidad\u00e3os por interm\u00e9dio de sistemas inclusivos de educa\u00e7\u00e3o que promovam entendimento rec\u00edproco, respeito, toler\u00e2ncia e di\u00e1logo.<\/p>\n<p>\u00c9 fundamental integrar a alfabetiza\u00e7\u00e3o ao processo de constru\u00e7\u00e3o de paz para plantar as sementes da paz, estimular di\u00e1logo e reconcilia\u00e7\u00e3o e dar aos jovens e aos adultos a qualifica\u00e7\u00e3o necess\u00e1ria para buscar um emprego digno.<\/p>\n<p>O Pr\u00eamio Internacional de Alfabetiza\u00e7\u00e3o 2011 reconhece programas inovadores, que demonstram o papel central da alfabetiza\u00e7\u00e3o na promo\u00e7\u00e3o dos direitos humanos, da igualdade de g\u00eanero, resolu\u00e7\u00e3o de conflitos e diversidade cultural. Todos os programas destacam que, at\u00e9 nas condi\u00e7\u00f5es mais adversas, programas de alfabetiza\u00e7\u00e3o de boa qualidade funcionam e resultam em mudan\u00e7as permanentes nas vidas de jovens e adultos.<\/p>\n<p>Investir em programas de alfabetiza\u00e7\u00e3o \u00e9 sensato bem como fundamental para o desenvolvimento. A Alfabetiza\u00e7\u00e3o \u00e9 um componente chave dentre as estrat\u00e9gias para a promo\u00e7\u00e3o do desenvolvimento sustent\u00e1vel e a paz. \u00c9 fundamental para o \u00eaxito da Educa\u00e7\u00e3o para Todos e os Objetivos de Desenvolvimento do Mil\u00eanio.<\/p>\n<p>O mundo precisa, urgentemente, de maior compromisso pol\u00edtico em rela\u00e7\u00e3o \u00e0 alfabetiza\u00e7\u00e3o, amparado por recursos adequados para aumentar os programas eficazes. Hoje, pe\u00e7o aos governos, \u00e0s organiza\u00e7\u00f5es internacionais, \u00e0 sociedade civil e ao setor privado que priorizem a alfabetiza\u00e7\u00e3o, para que todos possam desenvolver seu potencial e participar ativamente da cria\u00e7\u00e3o de sociedades justas, sustent\u00e1veis e pac\u00edficas.<\/p>\n<p>Fonte: <a href=\"http:\/\/www.unesco.org\/new\/pt\/brasilia\/about-this-office\/single-view\/news\/message_on_international_literacy_day_8_september_2011\/\">UNESCO<\/a><\/p>\n","protected":false},"excerpt":{"rendered":"<p>Mensagem da Diretora-Geral da UNESCO, Irina Bokova, por ocasi\u00e3o do Dia Internacional da Alfabetiza\u00e7\u00e3o, 8 de Setembro de 2011.<\/p>\n","protected":false},"author":1,"featured_media":0,"comment_status":"open","ping_status":"open","sticky":false,"template":"","format":"standard","meta":{"site-container-style":"default","site-container-layout":"default","site-sidebar-layout":"default","disable-article-header":"default","disable-site-header":"default","disable-site-footer":"default","disable-content-area-spacing":"default","footnotes":""},"categories":[11,6,4],"tags":[],"class_list":["post-20905","post","type-post","status-publish","format-standard","hentry","category-direitos-humanos","category-educacao","category-noticias"],"yoast_head":"<!-- This site is optimized with the Yoast SEO plugin v27.4 - https:\/\/yoast.com\/product\/yoast-seo-wordpress\/ -->\n<title>Mensagem sobre o Dia Internacional da Alfabetiza\u00e7\u00e3o, 8 de setembro de 2011 -<\/title>\n<meta name=\"robots\" content=\"index, follow, max-snippet:-1, max-image-preview:large, max-video-preview:-1\" \/>\n<link rel=\"canonical\" href=\"https:\/\/inclusivenews.com.br\/?p=20905\" \/>\n<meta property=\"og:locale\" content=\"pt_PT\" \/>\n<meta property=\"og:type\" content=\"article\" \/>\n<meta property=\"og:title\" content=\"Mensagem sobre o Dia Internacional da Alfabetiza\u00e7\u00e3o, 8 de setembro de 2011 -\" \/>\n<meta property=\"og:description\" content=\"Mensagem da Diretora-Geral da UNESCO, Irina Bokova, por ocasi\u00e3o do Dia Internacional da Alfabetiza\u00e7\u00e3o, 8 de Setembro de 2011.\" \/>\n<meta property=\"og:url\" content=\"https:\/\/inclusivenews.com.br\/?p=20905\" \/>\n<meta property=\"article:publisher\" content=\"https:\/\/www.facebook.com\/agenciainclusive\/\" \/>\n<meta property=\"article:published_time\" content=\"2011-09-08T10:41:43+00:00\" \/>\n<meta property=\"og:image\" content=\"http:\/\/www.unesco.org\/new\/fileadmin\/MULTIMEDIA\/HQ\/ED\/temp\/irina%20bokova_02.jpg\" \/>\n<meta name=\"author\" content=\"inclusivenews2024\" \/>\n<meta name=\"twitter:card\" content=\"summary_large_image\" \/>\n<meta name=\"twitter:label1\" content=\"Escrito por\" \/>\n\t<meta name=\"twitter:data1\" content=\"inclusivenews2024\" \/>\n\t<meta name=\"twitter:label2\" content=\"Tempo estimado de leitura\" \/>\n\t<meta name=\"twitter:data2\" content=\"3 minutos\" \/>\n<script type=\"application\/ld+json\" class=\"yoast-schema-graph\">{\"@context\":\"https:\\\/\\\/schema.org\",\"@graph\":[{\"@type\":\"Article\",\"@id\":\"https:\\\/\\\/inclusivenews.com.br\\\/?p=20905#article\",\"isPartOf\":{\"@id\":\"https:\\\/\\\/inclusivenews.com.br\\\/?p=20905\"},\"author\":{\"name\":\"inclusivenews2024\",\"@id\":\"https:\\\/\\\/inclusivenews.com.br\\\/#\\\/schema\\\/person\\\/ae4ec7087559b8692fb33b6fffd2273b\"},\"headline\":\"Mensagem sobre o Dia Internacional da Alfabetiza\u00e7\u00e3o, 8 de setembro de 2011\",\"datePublished\":\"2011-09-08T10:41:43+00:00\",\"mainEntityOfPage\":{\"@id\":\"https:\\\/\\\/inclusivenews.com.br\\\/?p=20905\"},\"wordCount\":639,\"commentCount\":0,\"publisher\":{\"@id\":\"https:\\\/\\\/inclusivenews.com.br\\\/#organization\"},\"image\":{\"@id\":\"https:\\\/\\\/inclusivenews.com.br\\\/?p=20905#primaryimage\"},\"thumbnailUrl\":\"http:\\\/\\\/www.unesco.org\\\/new\\\/fileadmin\\\/MULTIMEDIA\\\/HQ\\\/ED\\\/temp\\\/irina%20bokova_02.jpg\",\"articleSection\":[\"DIREITOS HUMANOS\",\"EDUCA\u00c7\u00c3O\",\"NOT\u00cdCIAS\"],\"inLanguage\":\"pt-PT\",\"potentialAction\":[{\"@type\":\"CommentAction\",\"name\":\"Comment\",\"target\":[\"https:\\\/\\\/inclusivenews.com.br\\\/?p=20905#respond\"]}]},{\"@type\":\"WebPage\",\"@id\":\"https:\\\/\\\/inclusivenews.com.br\\\/?p=20905\",\"url\":\"https:\\\/\\\/inclusivenews.com.br\\\/?p=20905\",\"name\":\"Mensagem sobre o Dia Internacional da Alfabetiza\u00e7\u00e3o, 8 de setembro de 2011 -\",\"isPartOf\":{\"@id\":\"https:\\\/\\\/inclusivenews.com.br\\\/#website\"},\"primaryImageOfPage\":{\"@id\":\"https:\\\/\\\/inclusivenews.com.br\\\/?p=20905#primaryimage\"},\"image\":{\"@id\":\"https:\\\/\\\/inclusivenews.com.br\\\/?p=20905#primaryimage\"},\"thumbnailUrl\":\"http:\\\/\\\/www.unesco.org\\\/new\\\/fileadmin\\\/MULTIMEDIA\\\/HQ\\\/ED\\\/temp\\\/irina%20bokova_02.jpg\",\"datePublished\":\"2011-09-08T10:41:43+00:00\",\"breadcrumb\":{\"@id\":\"https:\\\/\\\/inclusivenews.com.br\\\/?p=20905#breadcrumb\"},\"inLanguage\":\"pt-PT\",\"potentialAction\":[{\"@type\":\"ReadAction\",\"target\":[\"https:\\\/\\\/inclusivenews.com.br\\\/?p=20905\"]}]},{\"@type\":\"ImageObject\",\"inLanguage\":\"pt-PT\",\"@id\":\"https:\\\/\\\/inclusivenews.com.br\\\/?p=20905#primaryimage\",\"url\":\"http:\\\/\\\/www.unesco.org\\\/new\\\/fileadmin\\\/MULTIMEDIA\\\/HQ\\\/ED\\\/temp\\\/irina%20bokova_02.jpg\",\"contentUrl\":\"http:\\\/\\\/www.unesco.org\\\/new\\\/fileadmin\\\/MULTIMEDIA\\\/HQ\\\/ED\\\/temp\\\/irina%20bokova_02.jpg\"},{\"@type\":\"BreadcrumbList\",\"@id\":\"https:\\\/\\\/inclusivenews.com.br\\\/?p=20905#breadcrumb\",\"itemListElement\":[{\"@type\":\"ListItem\",\"position\":1,\"name\":\"In\u00edcio\",\"item\":\"https:\\\/\\\/inclusivenews.com.br\\\/\"},{\"@type\":\"ListItem\",\"position\":2,\"name\":\"Mensagem sobre o Dia Internacional da Alfabetiza\u00e7\u00e3o, 8 de setembro de 2011\"}]},{\"@type\":\"WebSite\",\"@id\":\"https:\\\/\\\/inclusivenews.com.br\\\/#website\",\"url\":\"https:\\\/\\\/inclusivenews.com.br\\\/\",\"name\":\"Inclusive News\",\"description\":\"Inclusive News\",\"publisher\":{\"@id\":\"https:\\\/\\\/inclusivenews.com.br\\\/#organization\"},\"potentialAction\":[{\"@type\":\"SearchAction\",\"target\":{\"@type\":\"EntryPoint\",\"urlTemplate\":\"https:\\\/\\\/inclusivenews.com.br\\\/?s={search_term_string}\"},\"query-input\":{\"@type\":\"PropertyValueSpecification\",\"valueRequired\":true,\"valueName\":\"search_term_string\"}}],\"inLanguage\":\"pt-PT\"},{\"@type\":\"Organization\",\"@id\":\"https:\\\/\\\/inclusivenews.com.br\\\/#organization\",\"name\":\"Inclusive - inclus\u00e3o e cidadania\",\"url\":\"https:\\\/\\\/inclusivenews.com.br\\\/\",\"logo\":{\"@type\":\"ImageObject\",\"inLanguage\":\"pt-PT\",\"@id\":\"https:\\\/\\\/inclusivenews.com.br\\\/#\\\/schema\\\/logo\\\/image\\\/\",\"url\":\"https:\\\/\\\/inclusivenews.com.br\\\/wp-content\\\/uploads\\\/2024\\\/03\\\/@grandesite.png\",\"contentUrl\":\"https:\\\/\\\/inclusivenews.com.br\\\/wp-content\\\/uploads\\\/2024\\\/03\\\/@grandesite.png\",\"width\":1080,\"height\":1080,\"caption\":\"Inclusive - inclus\u00e3o e cidadania\"},\"image\":{\"@id\":\"https:\\\/\\\/inclusivenews.com.br\\\/#\\\/schema\\\/logo\\\/image\\\/\"},\"sameAs\":[\"https:\\\/\\\/www.facebook.com\\\/agenciainclusive\\\/\",\"https:\\\/\\\/www.instagram.com\\\/newsinclusive\\\/\"]},{\"@type\":\"Person\",\"@id\":\"https:\\\/\\\/inclusivenews.com.br\\\/#\\\/schema\\\/person\\\/ae4ec7087559b8692fb33b6fffd2273b\",\"name\":\"inclusivenews2024\",\"image\":{\"@type\":\"ImageObject\",\"inLanguage\":\"pt-PT\",\"@id\":\"https:\\\/\\\/secure.gravatar.com\\\/avatar\\\/c5a7ef84c66fa914f55bc4f7ce26cfa275a3b9a1c5568b907bd184fb4dde7b40?s=96&d=mm&r=g\",\"url\":\"https:\\\/\\\/secure.gravatar.com\\\/avatar\\\/c5a7ef84c66fa914f55bc4f7ce26cfa275a3b9a1c5568b907bd184fb4dde7b40?s=96&d=mm&r=g\",\"contentUrl\":\"https:\\\/\\\/secure.gravatar.com\\\/avatar\\\/c5a7ef84c66fa914f55bc4f7ce26cfa275a3b9a1c5568b907bd184fb4dde7b40?s=96&d=mm&r=g\",\"caption\":\"inclusivenews2024\"},\"sameAs\":[\"https:\\\/\\\/inclusivenews.com.br\"],\"url\":\"https:\\\/\\\/inclusivenews.com.br\\\/?author=1\"}]}<\/script>\n<!-- \/ Yoast SEO plugin. -->","yoast_head_json":{"title":"Mensagem sobre o Dia Internacional da Alfabetiza\u00e7\u00e3o, 8 de setembro de 2011 -","robots":{"index":"index","follow":"follow","max-snippet":"max-snippet:-1","max-image-preview":"max-image-preview:large","max-video-preview":"max-video-preview:-1"},"canonical":"https:\/\/inclusivenews.com.br\/?p=20905","og_locale":"pt_PT","og_type":"article","og_title":"Mensagem sobre o Dia Internacional da Alfabetiza\u00e7\u00e3o, 8 de setembro de 2011 -","og_description":"Mensagem da Diretora-Geral da UNESCO, Irina Bokova, por ocasi\u00e3o do Dia Internacional da Alfabetiza\u00e7\u00e3o, 8 de Setembro de 2011.","og_url":"https:\/\/inclusivenews.com.br\/?p=20905","article_publisher":"https:\/\/www.facebook.com\/agenciainclusive\/","article_published_time":"2011-09-08T10:41:43+00:00","og_image":[{"url":"http:\/\/www.unesco.org\/new\/fileadmin\/MULTIMEDIA\/HQ\/ED\/temp\/irina%20bokova_02.jpg","type":"","width":"","height":""}],"author":"inclusivenews2024","twitter_card":"summary_large_image","twitter_misc":{"Escrito por":"inclusivenews2024","Tempo estimado de leitura":"3 minutos"},"schema":{"@context":"https:\/\/schema.org","@graph":[{"@type":"Article","@id":"https:\/\/inclusivenews.com.br\/?p=20905#article","isPartOf":{"@id":"https:\/\/inclusivenews.com.br\/?p=20905"},"author":{"name":"inclusivenews2024","@id":"https:\/\/inclusivenews.com.br\/#\/schema\/person\/ae4ec7087559b8692fb33b6fffd2273b"},"headline":"Mensagem sobre o Dia Internacional da Alfabetiza\u00e7\u00e3o, 8 de setembro de 2011","datePublished":"2011-09-08T10:41:43+00:00","mainEntityOfPage":{"@id":"https:\/\/inclusivenews.com.br\/?p=20905"},"wordCount":639,"commentCount":0,"publisher":{"@id":"https:\/\/inclusivenews.com.br\/#organization"},"image":{"@id":"https:\/\/inclusivenews.com.br\/?p=20905#primaryimage"},"thumbnailUrl":"http:\/\/www.unesco.org\/new\/fileadmin\/MULTIMEDIA\/HQ\/ED\/temp\/irina%20bokova_02.jpg","articleSection":["DIREITOS HUMANOS","EDUCA\u00c7\u00c3O","NOT\u00cdCIAS"],"inLanguage":"pt-PT","potentialAction":[{"@type":"CommentAction","name":"Comment","target":["https:\/\/inclusivenews.com.br\/?p=20905#respond"]}]},{"@type":"WebPage","@id":"https:\/\/inclusivenews.com.br\/?p=20905","url":"https:\/\/inclusivenews.com.br\/?p=20905","name":"Mensagem sobre o Dia Internacional da Alfabetiza\u00e7\u00e3o, 8 de setembro de 2011 -","isPartOf":{"@id":"https:\/\/inclusivenews.com.br\/#website"},"primaryImageOfPage":{"@id":"https:\/\/inclusivenews.com.br\/?p=20905#primaryimage"},"image":{"@id":"https:\/\/inclusivenews.com.br\/?p=20905#primaryimage"},"thumbnailUrl":"http:\/\/www.unesco.org\/new\/fileadmin\/MULTIMEDIA\/HQ\/ED\/temp\/irina%20bokova_02.jpg","datePublished":"2011-09-08T10:41:43+00:00","breadcrumb":{"@id":"https:\/\/inclusivenews.com.br\/?p=20905#breadcrumb"},"inLanguage":"pt-PT","potentialAction":[{"@type":"ReadAction","target":["https:\/\/inclusivenews.com.br\/?p=20905"]}]},{"@type":"ImageObject","inLanguage":"pt-PT","@id":"https:\/\/inclusivenews.com.br\/?p=20905#primaryimage","url":"http:\/\/www.unesco.org\/new\/fileadmin\/MULTIMEDIA\/HQ\/ED\/temp\/irina%20bokova_02.jpg","contentUrl":"http:\/\/www.unesco.org\/new\/fileadmin\/MULTIMEDIA\/HQ\/ED\/temp\/irina%20bokova_02.jpg"},{"@type":"BreadcrumbList","@id":"https:\/\/inclusivenews.com.br\/?p=20905#breadcrumb","itemListElement":[{"@type":"ListItem","position":1,"name":"In\u00edcio","item":"https:\/\/inclusivenews.com.br\/"},{"@type":"ListItem","position":2,"name":"Mensagem sobre o Dia Internacional da Alfabetiza\u00e7\u00e3o, 8 de setembro de 2011"}]},{"@type":"WebSite","@id":"https:\/\/inclusivenews.com.br\/#website","url":"https:\/\/inclusivenews.com.br\/","name":"Inclusive News","description":"Inclusive News","publisher":{"@id":"https:\/\/inclusivenews.com.br\/#organization"},"potentialAction":[{"@type":"SearchAction","target":{"@type":"EntryPoint","urlTemplate":"https:\/\/inclusivenews.com.br\/?s={search_term_string}"},"query-input":{"@type":"PropertyValueSpecification","valueRequired":true,"valueName":"search_term_string"}}],"inLanguage":"pt-PT"},{"@type":"Organization","@id":"https:\/\/inclusivenews.com.br\/#organization","name":"Inclusive - inclus\u00e3o e cidadania","url":"https:\/\/inclusivenews.com.br\/","logo":{"@type":"ImageObject","inLanguage":"pt-PT","@id":"https:\/\/inclusivenews.com.br\/#\/schema\/logo\/image\/","url":"https:\/\/inclusivenews.com.br\/wp-content\/uploads\/2024\/03\/@grandesite.png","contentUrl":"https:\/\/inclusivenews.com.br\/wp-content\/uploads\/2024\/03\/@grandesite.png","width":1080,"height":1080,"caption":"Inclusive - inclus\u00e3o e cidadania"},"image":{"@id":"https:\/\/inclusivenews.com.br\/#\/schema\/logo\/image\/"},"sameAs":["https:\/\/www.facebook.com\/agenciainclusive\/","https:\/\/www.instagram.com\/newsinclusive\/"]},{"@type":"Person","@id":"https:\/\/inclusivenews.com.br\/#\/schema\/person\/ae4ec7087559b8692fb33b6fffd2273b","name":"inclusivenews2024","image":{"@type":"ImageObject","inLanguage":"pt-PT","@id":"https:\/\/secure.gravatar.com\/avatar\/c5a7ef84c66fa914f55bc4f7ce26cfa275a3b9a1c5568b907bd184fb4dde7b40?s=96&d=mm&r=g","url":"https:\/\/secure.gravatar.com\/avatar\/c5a7ef84c66fa914f55bc4f7ce26cfa275a3b9a1c5568b907bd184fb4dde7b40?s=96&d=mm&r=g","contentUrl":"https:\/\/secure.gravatar.com\/avatar\/c5a7ef84c66fa914f55bc4f7ce26cfa275a3b9a1c5568b907bd184fb4dde7b40?s=96&d=mm&r=g","caption":"inclusivenews2024"},"sameAs":["https:\/\/inclusivenews.com.br"],"url":"https:\/\/inclusivenews.com.br\/?author=1"}]}},"_links":{"self":[{"href":"https:\/\/inclusivenews.com.br\/index.php?rest_route=\/wp\/v2\/posts\/20905","targetHints":{"allow":["GET"]}}],"collection":[{"href":"https:\/\/inclusivenews.com.br\/index.php?rest_route=\/wp\/v2\/posts"}],"about":[{"href":"https:\/\/inclusivenews.com.br\/index.php?rest_route=\/wp\/v2\/types\/post"}],"author":[{"embeddable":true,"href":"https:\/\/inclusivenews.com.br\/index.php?rest_route=\/wp\/v2\/users\/1"}],"replies":[{"embeddable":true,"href":"https:\/\/inclusivenews.com.br\/index.php?rest_route=%2Fwp%2Fv2%2Fcomments&post=20905"}],"version-history":[{"count":0,"href":"https:\/\/inclusivenews.com.br\/index.php?rest_route=\/wp\/v2\/posts\/20905\/revisions"}],"wp:attachment":[{"href":"https:\/\/inclusivenews.com.br\/index.php?rest_route=%2Fwp%2Fv2%2Fmedia&parent=20905"}],"wp:term":[{"taxonomy":"category","embeddable":true,"href":"https:\/\/inclusivenews.com.br\/index.php?rest_route=%2Fwp%2Fv2%2Fcategories&post=20905"},{"taxonomy":"post_tag","embeddable":true,"href":"https:\/\/inclusivenews.com.br\/index.php?rest_route=%2Fwp%2Fv2%2Ftags&post=20905"}],"curies":[{"name":"wp","href":"https:\/\/api.w.org\/{rel}","templated":true}]}}