{"id":20942,"date":"2011-09-08T14:05:17","date_gmt":"2011-09-08T17:05:17","guid":{"rendered":"http:\/\/www.inclusive.org.br\/?p=20942"},"modified":"2011-09-08T14:05:17","modified_gmt":"2011-09-08T17:05:17","slug":"brasil-tem-papel-de-destaque-em-conferencia-sobre-deficiencia-na-onu","status":"publish","type":"post","link":"https:\/\/inclusivenews.com.br\/?p=20942","title":{"rendered":"Brasil tem papel de destaque em confer\u00eancia sobre defici\u00eancia na ONU"},"content":{"rendered":"<p><img loading=\"lazy\" decoding=\"async\" class=\"alignleft size-medium wp-image-20944\" title=\"lind\" src=\"http:\/\/inclusivenews.com.br\/wp-content\/uploads\/lind-300x225.jpg\" alt=\"Plen\u00e1ria da ONU - Embaixadora Maria Luiza Viotti, Senador Lindbergh Farias e Ana Paula Crosara.\" width=\"300\" height=\"225\" \/>Com mais de 600 participantes de todo mundo, foi aberta ontem a IV Sess\u00e3o da Confer\u00eancia de Estados Partes da Conven\u00e7\u00e3o sobre os Direitos das Pessoas com Defici\u00eancia, que acontece na sede da ONU em Nova York de 7 a 9 de setembro.<\/p>\n<p>O Brasil comparece com delega\u00e7\u00e3o chefiada pela Diretora de Pol\u00edticas Tem\u00e1ticas da Secretaria Nacional de Promo\u00e7\u00e3o dos Direitos das Pessoas com Defici\u00eancia da Secretaria de Direitos Humanos, Ana Paula Crosara Resende, al\u00e9m do Senador Lindbergh Farias, presidente da Subcomiss\u00e3o Permanente de Assuntos Sociais das Pessoas com Defici\u00eancia do Senado e membro da Frente Parlamentar do Congresso Nacional em Defesa dos Direitos das Pessoas com Defici\u00eancia, Mois\u00e9s Bauer, Presidente do CONADE (Conselho Nacional das Pessoas com Defici\u00eancia) e representantes dos Minist\u00e9rios da Educa\u00e7\u00e3o, Martinha Clarete, Desenvolvimento Social e Combate \u00e0 Fome, Maria Jos\u00e9 de Freitas, Sa\u00fade, Thereza de Lamare Franco Netto, Esportes, Cassia Damiani e da Secretaria dos Direitos da Pessoa com Defici\u00eancia do estado de S\u00e3o Paulo, Marco Antonio Pellegrini. Pela sociedade civil participam do evento a RIADIS (Rede Latinoamericana de ONGs de Pessoas com Defici\u00eancia e suas Fam\u00edlias) e a 3In &#8211; Inclus\u00e3o, Integridade e Independ\u00eancia, representados pela Regina Atalla, Presidente da RIADIS, Lais de Figueiredo Lopes e Joelson Dias, advogados e ativistas dos direitos humanos.<\/p>\n<p><img loading=\"lazy\" decoding=\"async\" class=\"alignleft size-medium wp-image-20946\" title=\"marco\" src=\"http:\/\/inclusivenews.com.br\/wp-content\/uploads\/marco-300x225.jpg\" alt=\"O Presidente do CONADE, Moises Bauer e Marco Pellegrino, representante de S\u00e3o Paulo, participam do evento.\" width=\"300\" height=\"225\" \/>A Embaixadora Maria Luiza Viotti, da Miss\u00e3o do Brasil junto \u00e0 ONU, come\u00e7ou seu pronunciamento ressaltando a import\u00e2ncia do tema para o Brasil, expressada pela numerosa delega\u00e7\u00e3o, destacando a presen\u00e7a do Senador Lindbergh Farias. A representante falou sobre os avan\u00e7os das pol\u00edticas p\u00fablicas para inclus\u00e3o das pessoas com defici\u00eancia, e adequa\u00e7\u00e3o da legisla\u00e7\u00e3o em conformidade com a Conven\u00e7\u00e3o, citando a recente altera\u00e7\u00e3o da Lei Org\u00e2nica da Assist\u00eancia Social, permitindo \u00e0s pessoas com defici\u00eancia trabalharem como aprendizes sem perder o Benef\u00edcio de Presta\u00e7\u00e3o Continuada (BPC). Em seu discurso, Embaixadora informou ainda que o Brasil quer aprovar uma declara\u00e7\u00e3o com apoio formal dos pa\u00edses ao tratado que est\u00e1 sendo negociado na OMPI (Organiza\u00e7\u00e3o Mundial de Propriedade Intelectual) para permitir o acesso \u00e0 leitura \u00e0s pessoas com defici\u00eancia. Finalizando a interven\u00e7\u00e3o, foi exibido o v\u00eddeo Cidade \u00e9 Acess\u00edvel \u00e9 Direitos Humanos, produzido pela Secretaria dos Direitos Humanos com todos os recursos de acessibilidade. A manifesta\u00e7\u00e3o brasileira foi muito aplaudida.<\/p>\n<p><a href=\"http:\/\/www.youtube.com\/user\/IsraelCosta\">http:\/\/www.youtube.com\/user\/IsraelCosta<\/a><\/p>\n<p>Al\u00e9m da programa\u00e7\u00e3o oficial, 35 eventos paralelos organizados pelas miss\u00f5es dos pa\u00edses ou por ONGs sobre assuntos diversos movimentam a ONU. V\u00e1rios deles t\u00eam como foco a educa\u00e7\u00e3o inclusiva, refletindo a import\u00e2ncia e o interesse mundial no tema.<\/p>\n<p><img loading=\"lazy\" decoding=\"async\" class=\"alignleft size-medium wp-image-20945\" title=\"merc\" src=\"http:\/\/inclusivenews.com.br\/wp-content\/uploads\/merc-300x225.jpg\" alt=\"Ana Paula Crosara Resende em evento paralelo sobre grupo de trabalho do MERCOSUL.\" width=\"300\" height=\"225\" \/>O Brasil participou de um evento paralelo organizado pela Argentina para mostrar a experi\u00eancia de coopera\u00e7\u00e3o do grupo de trabalho do MERCOSUL sobre promo\u00e7\u00e3o e prote\u00e7\u00e3o das pessoas com defici\u00eancia nos pa\u00edses da regi\u00e3o durante a IV Confer\u00eancia da Conven\u00e7\u00e3o sobre os Direitos das Pessoas com Defici\u00eancia. Ana Paula Crosara Resende, enfatizou a import\u00e2ncia para a coopera\u00e7\u00e3o internacional da visibilidade pol\u00edtica do tema, apresentando a manifesta\u00e7\u00e3o dos ministros sobre a implementa\u00e7\u00e3o da Conven\u00e7\u00e3o na \u00faltima reuni\u00e3o do grupo, em abril, no Paraguai. Iniciativa similar foi apresentada pelo Brasil \u00e0 CPLP (Comunidade dos Povos de L\u00edngua Portuguesa), que, al\u00e9m de emitir uma declara\u00e7\u00e3o dos ministros, agendou uma reuni\u00e3o em outubro no Brasil para elaborar um plano de trabalho conjunto. A representante do Banco Mundial parabenizou os esfor\u00e7os dos pa\u00edses do MERCOSUL e destacou que essa atua\u00e7\u00e3o em bloco representa um exemplo de colabora\u00e7\u00e3o internacional, cumprindo o artigo 32 da Conven\u00e7\u00e3o.<\/p>\n<p><img decoding=\"async\" src=\"file:\/\/\/Users\/patriciaalmeida\/Library\/Caches\/TemporaryItems\/moz-screenshot-1.png\" alt=\"\" \/><img loading=\"lazy\" decoding=\"async\" class=\"alignleft size-medium wp-image-20943\" title=\"mid\" src=\"http:\/\/inclusivenews.com.br\/wp-content\/uploads\/mid-300x225.jpg\" alt=\"Quatro pessoas sentadas \u00e0 mesa de debates, Patricia Almeida, \u00faltima \u00e0 direita, participa de mesa sobre m\u00eddia e defici\u00eancia na Confer\u00eancia sobre a Conven\u00e7\u00e3o na ONU.\" width=\"300\" height=\"225\" \/>No final do dia, Patricia Almeida, coordenadora da Inclusive \u2013 Inclus\u00e3o e Cidadania, apresentou a experi\u00eancia da revista digital no painel \u201cComo engajar a m\u00eddia para promover a conscientiza\u00e7\u00e3o sbre as pessoas com defici\u00eancia\u201d. Ela contou sobre o papel desempenhado pela Inclusive na campanha pela ratifica\u00e7\u00e3o da Conven\u00e7\u00e3o sobre os Direitos das Pessoas com Defici\u00eancia no Brasil e falou sobre a experi\u00eancia do Instituto MetaSocial e seu trabalho de lobby junto \u00e0s empresas de comunica\u00e7\u00e3o para retratar pessoas com defici\u00eancia em situa\u00e7\u00f5es inclusivas, a exemplo das recentes novelas de TV.<\/p>\n<p>Fonte &#8211; Inclusive<\/p>\n","protected":false},"excerpt":{"rendered":"<p>Com mais de 600 participantes de todo mundo, foi aberta ontem a IV Sess\u00e3o da Confer\u00eancia de Estados Partes da Conven\u00e7\u00e3o sobre os Direitos das Pessoas com Defici\u00eancia, que acontece na sede da ONU em Nova York de 7 a 9 de setembro.<\/p>\n","protected":false},"author":1,"featured_media":0,"comment_status":"open","ping_status":"open","sticky":false,"template":"","format":"standard","meta":{"site-container-style":"default","site-container-layout":"default","site-sidebar-layout":"default","disable-article-header":"default","disable-site-header":"default","disable-site-footer":"default","disable-content-area-spacing":"default","footnotes":""},"categories":[5,38,11,48,4],"tags":[],"class_list":["post-20942","post","type-post","status-publish","format-standard","hentry","category-convencao","category-deficiencia","category-direitos-humanos","category-inclusao","category-noticias"],"yoast_head":"<!-- This site is optimized with the Yoast SEO plugin v27.4 - https:\/\/yoast.com\/product\/yoast-seo-wordpress\/ -->\n<title>Brasil tem papel de destaque em confer\u00eancia sobre defici\u00eancia na ONU -<\/title>\n<meta name=\"robots\" content=\"index, follow, max-snippet:-1, max-image-preview:large, max-video-preview:-1\" \/>\n<link rel=\"canonical\" href=\"https:\/\/inclusivenews.com.br\/?p=20942\" \/>\n<meta property=\"og:locale\" content=\"pt_PT\" \/>\n<meta property=\"og:type\" content=\"article\" \/>\n<meta property=\"og:title\" content=\"Brasil tem papel de destaque em confer\u00eancia sobre defici\u00eancia na ONU -\" \/>\n<meta property=\"og:description\" content=\"Com mais de 600 participantes de todo mundo, foi aberta ontem a IV Sess\u00e3o da Confer\u00eancia de Estados Partes da Conven\u00e7\u00e3o sobre os Direitos das Pessoas com Defici\u00eancia, que acontece na sede da ONU em Nova York de 7 a 9 de setembro.\" \/>\n<meta property=\"og:url\" content=\"https:\/\/inclusivenews.com.br\/?p=20942\" \/>\n<meta property=\"article:publisher\" content=\"https:\/\/www.facebook.com\/agenciainclusive\/\" \/>\n<meta property=\"article:published_time\" content=\"2011-09-08T17:05:17+00:00\" \/>\n<meta property=\"og:image\" content=\"http:\/\/inclusivenews.com.br\/wp-content\/uploads\/lind-300x225.jpg\" \/>\n<meta name=\"author\" content=\"inclusivenews2024\" \/>\n<meta name=\"twitter:card\" content=\"summary_large_image\" \/>\n<meta name=\"twitter:label1\" content=\"Escrito por\" \/>\n\t<meta name=\"twitter:data1\" content=\"inclusivenews2024\" \/>\n\t<meta name=\"twitter:label2\" content=\"Tempo estimado de leitura\" \/>\n\t<meta name=\"twitter:data2\" content=\"4 minutos\" \/>\n<script type=\"application\/ld+json\" class=\"yoast-schema-graph\">{\"@context\":\"https:\\\/\\\/schema.org\",\"@graph\":[{\"@type\":\"Article\",\"@id\":\"https:\\\/\\\/inclusivenews.com.br\\\/?p=20942#article\",\"isPartOf\":{\"@id\":\"https:\\\/\\\/inclusivenews.com.br\\\/?p=20942\"},\"author\":{\"name\":\"inclusivenews2024\",\"@id\":\"https:\\\/\\\/inclusivenews.com.br\\\/#\\\/schema\\\/person\\\/ae4ec7087559b8692fb33b6fffd2273b\"},\"headline\":\"Brasil tem papel de destaque em confer\u00eancia sobre defici\u00eancia na ONU\",\"datePublished\":\"2011-09-08T17:05:17+00:00\",\"mainEntityOfPage\":{\"@id\":\"https:\\\/\\\/inclusivenews.com.br\\\/?p=20942\"},\"wordCount\":750,\"commentCount\":1,\"publisher\":{\"@id\":\"https:\\\/\\\/inclusivenews.com.br\\\/#organization\"},\"image\":{\"@id\":\"https:\\\/\\\/inclusivenews.com.br\\\/?p=20942#primaryimage\"},\"thumbnailUrl\":\"http:\\\/\\\/inclusivenews.com.br\\\/wp-content\\\/uploads\\\/lind-300x225.jpg\",\"articleSection\":[\"Conven\u00e7\u00e3o\",\"Defici\u00eancia\",\"DIREITOS HUMANOS\",\"INCLUS\u00c3O SOCIAL\",\"NOT\u00cdCIAS\"],\"inLanguage\":\"pt-PT\",\"potentialAction\":[{\"@type\":\"CommentAction\",\"name\":\"Comment\",\"target\":[\"https:\\\/\\\/inclusivenews.com.br\\\/?p=20942#respond\"]}]},{\"@type\":\"WebPage\",\"@id\":\"https:\\\/\\\/inclusivenews.com.br\\\/?p=20942\",\"url\":\"https:\\\/\\\/inclusivenews.com.br\\\/?p=20942\",\"name\":\"Brasil tem papel de destaque em confer\u00eancia sobre defici\u00eancia na ONU -\",\"isPartOf\":{\"@id\":\"https:\\\/\\\/inclusivenews.com.br\\\/#website\"},\"primaryImageOfPage\":{\"@id\":\"https:\\\/\\\/inclusivenews.com.br\\\/?p=20942#primaryimage\"},\"image\":{\"@id\":\"https:\\\/\\\/inclusivenews.com.br\\\/?p=20942#primaryimage\"},\"thumbnailUrl\":\"http:\\\/\\\/inclusivenews.com.br\\\/wp-content\\\/uploads\\\/lind-300x225.jpg\",\"datePublished\":\"2011-09-08T17:05:17+00:00\",\"breadcrumb\":{\"@id\":\"https:\\\/\\\/inclusivenews.com.br\\\/?p=20942#breadcrumb\"},\"inLanguage\":\"pt-PT\",\"potentialAction\":[{\"@type\":\"ReadAction\",\"target\":[\"https:\\\/\\\/inclusivenews.com.br\\\/?p=20942\"]}]},{\"@type\":\"ImageObject\",\"inLanguage\":\"pt-PT\",\"@id\":\"https:\\\/\\\/inclusivenews.com.br\\\/?p=20942#primaryimage\",\"url\":\"\",\"contentUrl\":\"\"},{\"@type\":\"BreadcrumbList\",\"@id\":\"https:\\\/\\\/inclusivenews.com.br\\\/?p=20942#breadcrumb\",\"itemListElement\":[{\"@type\":\"ListItem\",\"position\":1,\"name\":\"In\u00edcio\",\"item\":\"https:\\\/\\\/inclusivenews.com.br\\\/\"},{\"@type\":\"ListItem\",\"position\":2,\"name\":\"Brasil tem papel de destaque em confer\u00eancia sobre defici\u00eancia na ONU\"}]},{\"@type\":\"WebSite\",\"@id\":\"https:\\\/\\\/inclusivenews.com.br\\\/#website\",\"url\":\"https:\\\/\\\/inclusivenews.com.br\\\/\",\"name\":\"Inclusive News\",\"description\":\"Inclusive News\",\"publisher\":{\"@id\":\"https:\\\/\\\/inclusivenews.com.br\\\/#organization\"},\"potentialAction\":[{\"@type\":\"SearchAction\",\"target\":{\"@type\":\"EntryPoint\",\"urlTemplate\":\"https:\\\/\\\/inclusivenews.com.br\\\/?s={search_term_string}\"},\"query-input\":{\"@type\":\"PropertyValueSpecification\",\"valueRequired\":true,\"valueName\":\"search_term_string\"}}],\"inLanguage\":\"pt-PT\"},{\"@type\":\"Organization\",\"@id\":\"https:\\\/\\\/inclusivenews.com.br\\\/#organization\",\"name\":\"Inclusive - inclus\u00e3o e cidadania\",\"url\":\"https:\\\/\\\/inclusivenews.com.br\\\/\",\"logo\":{\"@type\":\"ImageObject\",\"inLanguage\":\"pt-PT\",\"@id\":\"https:\\\/\\\/inclusivenews.com.br\\\/#\\\/schema\\\/logo\\\/image\\\/\",\"url\":\"https:\\\/\\\/inclusivenews.com.br\\\/wp-content\\\/uploads\\\/2024\\\/03\\\/@grandesite.png\",\"contentUrl\":\"https:\\\/\\\/inclusivenews.com.br\\\/wp-content\\\/uploads\\\/2024\\\/03\\\/@grandesite.png\",\"width\":1080,\"height\":1080,\"caption\":\"Inclusive - inclus\u00e3o e cidadania\"},\"image\":{\"@id\":\"https:\\\/\\\/inclusivenews.com.br\\\/#\\\/schema\\\/logo\\\/image\\\/\"},\"sameAs\":[\"https:\\\/\\\/www.facebook.com\\\/agenciainclusive\\\/\",\"https:\\\/\\\/www.instagram.com\\\/newsinclusive\\\/\"]},{\"@type\":\"Person\",\"@id\":\"https:\\\/\\\/inclusivenews.com.br\\\/#\\\/schema\\\/person\\\/ae4ec7087559b8692fb33b6fffd2273b\",\"name\":\"inclusivenews2024\",\"image\":{\"@type\":\"ImageObject\",\"inLanguage\":\"pt-PT\",\"@id\":\"https:\\\/\\\/secure.gravatar.com\\\/avatar\\\/c5a7ef84c66fa914f55bc4f7ce26cfa275a3b9a1c5568b907bd184fb4dde7b40?s=96&d=mm&r=g\",\"url\":\"https:\\\/\\\/secure.gravatar.com\\\/avatar\\\/c5a7ef84c66fa914f55bc4f7ce26cfa275a3b9a1c5568b907bd184fb4dde7b40?s=96&d=mm&r=g\",\"contentUrl\":\"https:\\\/\\\/secure.gravatar.com\\\/avatar\\\/c5a7ef84c66fa914f55bc4f7ce26cfa275a3b9a1c5568b907bd184fb4dde7b40?s=96&d=mm&r=g\",\"caption\":\"inclusivenews2024\"},\"sameAs\":[\"https:\\\/\\\/inclusivenews.com.br\"],\"url\":\"https:\\\/\\\/inclusivenews.com.br\\\/?author=1\"}]}<\/script>\n<!-- \/ Yoast SEO plugin. -->","yoast_head_json":{"title":"Brasil tem papel de destaque em confer\u00eancia sobre defici\u00eancia na ONU -","robots":{"index":"index","follow":"follow","max-snippet":"max-snippet:-1","max-image-preview":"max-image-preview:large","max-video-preview":"max-video-preview:-1"},"canonical":"https:\/\/inclusivenews.com.br\/?p=20942","og_locale":"pt_PT","og_type":"article","og_title":"Brasil tem papel de destaque em confer\u00eancia sobre defici\u00eancia na ONU -","og_description":"Com mais de 600 participantes de todo mundo, foi aberta ontem a IV Sess\u00e3o da Confer\u00eancia de Estados Partes da Conven\u00e7\u00e3o sobre os Direitos das Pessoas com Defici\u00eancia, que acontece na sede da ONU em Nova York de 7 a 9 de setembro.","og_url":"https:\/\/inclusivenews.com.br\/?p=20942","article_publisher":"https:\/\/www.facebook.com\/agenciainclusive\/","article_published_time":"2011-09-08T17:05:17+00:00","og_image":[{"url":"http:\/\/inclusivenews.com.br\/wp-content\/uploads\/lind-300x225.jpg","type":"","width":"","height":""}],"author":"inclusivenews2024","twitter_card":"summary_large_image","twitter_misc":{"Escrito por":"inclusivenews2024","Tempo estimado de leitura":"4 minutos"},"schema":{"@context":"https:\/\/schema.org","@graph":[{"@type":"Article","@id":"https:\/\/inclusivenews.com.br\/?p=20942#article","isPartOf":{"@id":"https:\/\/inclusivenews.com.br\/?p=20942"},"author":{"name":"inclusivenews2024","@id":"https:\/\/inclusivenews.com.br\/#\/schema\/person\/ae4ec7087559b8692fb33b6fffd2273b"},"headline":"Brasil tem papel de destaque em confer\u00eancia sobre defici\u00eancia na ONU","datePublished":"2011-09-08T17:05:17+00:00","mainEntityOfPage":{"@id":"https:\/\/inclusivenews.com.br\/?p=20942"},"wordCount":750,"commentCount":1,"publisher":{"@id":"https:\/\/inclusivenews.com.br\/#organization"},"image":{"@id":"https:\/\/inclusivenews.com.br\/?p=20942#primaryimage"},"thumbnailUrl":"http:\/\/inclusivenews.com.br\/wp-content\/uploads\/lind-300x225.jpg","articleSection":["Conven\u00e7\u00e3o","Defici\u00eancia","DIREITOS HUMANOS","INCLUS\u00c3O SOCIAL","NOT\u00cdCIAS"],"inLanguage":"pt-PT","potentialAction":[{"@type":"CommentAction","name":"Comment","target":["https:\/\/inclusivenews.com.br\/?p=20942#respond"]}]},{"@type":"WebPage","@id":"https:\/\/inclusivenews.com.br\/?p=20942","url":"https:\/\/inclusivenews.com.br\/?p=20942","name":"Brasil tem papel de destaque em confer\u00eancia sobre defici\u00eancia na ONU -","isPartOf":{"@id":"https:\/\/inclusivenews.com.br\/#website"},"primaryImageOfPage":{"@id":"https:\/\/inclusivenews.com.br\/?p=20942#primaryimage"},"image":{"@id":"https:\/\/inclusivenews.com.br\/?p=20942#primaryimage"},"thumbnailUrl":"http:\/\/inclusivenews.com.br\/wp-content\/uploads\/lind-300x225.jpg","datePublished":"2011-09-08T17:05:17+00:00","breadcrumb":{"@id":"https:\/\/inclusivenews.com.br\/?p=20942#breadcrumb"},"inLanguage":"pt-PT","potentialAction":[{"@type":"ReadAction","target":["https:\/\/inclusivenews.com.br\/?p=20942"]}]},{"@type":"ImageObject","inLanguage":"pt-PT","@id":"https:\/\/inclusivenews.com.br\/?p=20942#primaryimage","url":"","contentUrl":""},{"@type":"BreadcrumbList","@id":"https:\/\/inclusivenews.com.br\/?p=20942#breadcrumb","itemListElement":[{"@type":"ListItem","position":1,"name":"In\u00edcio","item":"https:\/\/inclusivenews.com.br\/"},{"@type":"ListItem","position":2,"name":"Brasil tem papel de destaque em confer\u00eancia sobre defici\u00eancia na ONU"}]},{"@type":"WebSite","@id":"https:\/\/inclusivenews.com.br\/#website","url":"https:\/\/inclusivenews.com.br\/","name":"Inclusive News","description":"Inclusive News","publisher":{"@id":"https:\/\/inclusivenews.com.br\/#organization"},"potentialAction":[{"@type":"SearchAction","target":{"@type":"EntryPoint","urlTemplate":"https:\/\/inclusivenews.com.br\/?s={search_term_string}"},"query-input":{"@type":"PropertyValueSpecification","valueRequired":true,"valueName":"search_term_string"}}],"inLanguage":"pt-PT"},{"@type":"Organization","@id":"https:\/\/inclusivenews.com.br\/#organization","name":"Inclusive - inclus\u00e3o e cidadania","url":"https:\/\/inclusivenews.com.br\/","logo":{"@type":"ImageObject","inLanguage":"pt-PT","@id":"https:\/\/inclusivenews.com.br\/#\/schema\/logo\/image\/","url":"https:\/\/inclusivenews.com.br\/wp-content\/uploads\/2024\/03\/@grandesite.png","contentUrl":"https:\/\/inclusivenews.com.br\/wp-content\/uploads\/2024\/03\/@grandesite.png","width":1080,"height":1080,"caption":"Inclusive - inclus\u00e3o e cidadania"},"image":{"@id":"https:\/\/inclusivenews.com.br\/#\/schema\/logo\/image\/"},"sameAs":["https:\/\/www.facebook.com\/agenciainclusive\/","https:\/\/www.instagram.com\/newsinclusive\/"]},{"@type":"Person","@id":"https:\/\/inclusivenews.com.br\/#\/schema\/person\/ae4ec7087559b8692fb33b6fffd2273b","name":"inclusivenews2024","image":{"@type":"ImageObject","inLanguage":"pt-PT","@id":"https:\/\/secure.gravatar.com\/avatar\/c5a7ef84c66fa914f55bc4f7ce26cfa275a3b9a1c5568b907bd184fb4dde7b40?s=96&d=mm&r=g","url":"https:\/\/secure.gravatar.com\/avatar\/c5a7ef84c66fa914f55bc4f7ce26cfa275a3b9a1c5568b907bd184fb4dde7b40?s=96&d=mm&r=g","contentUrl":"https:\/\/secure.gravatar.com\/avatar\/c5a7ef84c66fa914f55bc4f7ce26cfa275a3b9a1c5568b907bd184fb4dde7b40?s=96&d=mm&r=g","caption":"inclusivenews2024"},"sameAs":["https:\/\/inclusivenews.com.br"],"url":"https:\/\/inclusivenews.com.br\/?author=1"}]}},"_links":{"self":[{"href":"https:\/\/inclusivenews.com.br\/index.php?rest_route=\/wp\/v2\/posts\/20942","targetHints":{"allow":["GET"]}}],"collection":[{"href":"https:\/\/inclusivenews.com.br\/index.php?rest_route=\/wp\/v2\/posts"}],"about":[{"href":"https:\/\/inclusivenews.com.br\/index.php?rest_route=\/wp\/v2\/types\/post"}],"author":[{"embeddable":true,"href":"https:\/\/inclusivenews.com.br\/index.php?rest_route=\/wp\/v2\/users\/1"}],"replies":[{"embeddable":true,"href":"https:\/\/inclusivenews.com.br\/index.php?rest_route=%2Fwp%2Fv2%2Fcomments&post=20942"}],"version-history":[{"count":0,"href":"https:\/\/inclusivenews.com.br\/index.php?rest_route=\/wp\/v2\/posts\/20942\/revisions"}],"wp:attachment":[{"href":"https:\/\/inclusivenews.com.br\/index.php?rest_route=%2Fwp%2Fv2%2Fmedia&parent=20942"}],"wp:term":[{"taxonomy":"category","embeddable":true,"href":"https:\/\/inclusivenews.com.br\/index.php?rest_route=%2Fwp%2Fv2%2Fcategories&post=20942"},{"taxonomy":"post_tag","embeddable":true,"href":"https:\/\/inclusivenews.com.br\/index.php?rest_route=%2Fwp%2Fv2%2Ftags&post=20942"}],"curies":[{"name":"wp","href":"https:\/\/api.w.org\/{rel}","templated":true}]}}