{"id":20950,"date":"2011-09-09T08:06:02","date_gmt":"2011-09-09T11:06:02","guid":{"rendered":"http:\/\/www.inclusive.org.br\/?p=20950"},"modified":"2011-09-09T08:06:02","modified_gmt":"2011-09-09T11:06:02","slug":"i-forum-de-direitos-humanos-na-uerj","status":"publish","type":"post","link":"https:\/\/inclusivenews.com.br\/?p=20950","title":{"rendered":"I F\u00f3rum de Direitos Humanos na UERJ"},"content":{"rendered":"<figure style=\"width: 300px\" class=\"wp-caption alignleft\"><img loading=\"lazy\" decoding=\"async\" title=\"I F\u00f3rum de Direitos Humanos na UERJ\" src=\"http:\/\/inclusaoja.files.wordpress.com\/2011\/09\/i-fc3b3rum-de-direitos-humanos.jpg?w=300&amp;h=225\" alt=\"I F\u00f3rum de Direitos Humanos na UERJ\" width=\"300\" height=\"225\" \/><figcaption class=\"wp-caption-text\"> <\/figcaption><\/figure>\n<p><strong>I F\u00d3RUM DE DIREITOS HUMANOS<\/strong><\/p>\n<p><em>14\/09\/2011<\/em><\/p>\n<p><strong>PROGRAMA\u00c7\u00c3O:<\/strong><\/p>\n<p><strong>15:00h<\/strong> \u2013 Reuni\u00e3o com representantes de movimentos sociais e de defesa dos direitos humanos.<\/p>\n<p><strong>17:30h<\/strong> \u2013 Mesa 1: Pol\u00edticas publicas de educa\u00e7\u00e3o na perspectiva dos direitos humanos e diversidade.<\/p>\n<p><strong>19:00h<\/strong> \u2013 Mesa 2: Passando o Brasil a limpo: Comiss\u00e3o da Mem\u00f3ria e Verdade.<\/p>\n<p><strong>Coordena\u00e7\u00e3o:<\/strong> Claudia Grabois e Oswaldo Munteal.<\/p>\n<p><strong>Palestrantes:<\/strong> Marcelo Chalreo (Vice-Presidente da Comiss\u00e3o de Direitos Humanos e Assist\u00eancia Judici\u00e1ria da OAB-RJ), Erika Pisaneschi (Diretora de Pol\u00edticas de Educa\u00e7\u00e3o de Direitos Humanos e Cidadania do Minist\u00e9rio da Educa\u00e7\u00e3o), Adair Rocha (Professor da UERJ), Vict\u00f3ria Grabois (Vice-Presidente do Grupo Tortura Nunca Mais\/RJ), Theofilo Santos (Cientista Social\/UJS\/Funda\u00e7\u00e3o Mauricio Grabois), Aur\u00e9lio Fernandes (Professor da Rede Estadual do RJ), Andrei Bastos (Jornalista e integrante da CDHAJ\/OAB-RJ).<\/p>\n<p><strong>INSCRI\u00c7\u00d5ES:<\/strong><br \/>\nforumdireitoshumanos@gmail.com<\/p>\n<p><strong>INFORMA\u00c7\u00d5ES:<\/strong><br \/>\nforumdireitoshumanos@gmail.com<br \/>\n<a href=\"http:\/\/nibrahc.blogspot.com\">nibrahc.blogspot.com<\/a><\/p>\n<p><strong>LOCAL:<\/strong><br \/>\nUniversidade do Estado do Rio de Janeiro\/UERJ<br \/>\nRua S\u00e3o Francisco Xavier N\u00ba 524 \u2013 Maracan\u00e3<br \/>\nAudit\u00f3rio 111 \u2013 11\u00ba and. \u2013 Bloco F<\/p>\n","protected":false},"excerpt":{"rendered":"<p>O F\u00f3rum acontecer\u00e1 no dia 14 de setembro na Universidade do Estado do Rio de Janeiro\/UERJ.<\/p>\n","protected":false},"author":1,"featured_media":0,"comment_status":"open","ping_status":"open","sticky":false,"template":"","format":"standard","meta":{"site-container-style":"default","site-container-layout":"default","site-sidebar-layout":"default","disable-article-header":"default","disable-site-header":"default","disable-site-footer":"default","disable-content-area-spacing":"default","footnotes":""},"categories":[11,4],"tags":[],"class_list":["post-20950","post","type-post","status-publish","format-standard","hentry","category-direitos-humanos","category-noticias"],"yoast_head":"<!-- This site is optimized with the Yoast SEO plugin v27.4 - https:\/\/yoast.com\/product\/yoast-seo-wordpress\/ -->\n<title>I F\u00f3rum de Direitos Humanos na UERJ -<\/title>\n<meta name=\"robots\" content=\"index, follow, max-snippet:-1, max-image-preview:large, max-video-preview:-1\" \/>\n<link rel=\"canonical\" href=\"https:\/\/inclusivenews.com.br\/?p=20950\" \/>\n<meta property=\"og:locale\" content=\"pt_PT\" \/>\n<meta property=\"og:type\" content=\"article\" \/>\n<meta property=\"og:title\" content=\"I F\u00f3rum de Direitos Humanos na UERJ -\" \/>\n<meta property=\"og:description\" content=\"O F\u00f3rum acontecer\u00e1 no dia 14 de setembro na Universidade do Estado do Rio de Janeiro\/UERJ.\" \/>\n<meta property=\"og:url\" content=\"https:\/\/inclusivenews.com.br\/?p=20950\" \/>\n<meta property=\"article:publisher\" content=\"https:\/\/www.facebook.com\/agenciainclusive\/\" \/>\n<meta property=\"article:published_time\" content=\"2011-09-09T11:06:02+00:00\" \/>\n<meta property=\"og:image\" content=\"http:\/\/inclusaoja.files.wordpress.com\/2011\/09\/i-fc3b3rum-de-direitos-humanos.jpg?w=300&amp;h=225\" \/>\n<meta name=\"author\" content=\"inclusivenews2024\" \/>\n<meta name=\"twitter:card\" content=\"summary_large_image\" \/>\n<meta name=\"twitter:label1\" content=\"Escrito por\" \/>\n\t<meta name=\"twitter:data1\" content=\"inclusivenews2024\" \/>\n\t<meta name=\"twitter:label2\" content=\"Tempo estimado de leitura\" \/>\n\t<meta name=\"twitter:data2\" content=\"1 minuto\" \/>\n<script type=\"application\/ld+json\" class=\"yoast-schema-graph\">{\"@context\":\"https:\\\/\\\/schema.org\",\"@graph\":[{\"@type\":\"Article\",\"@id\":\"https:\\\/\\\/inclusivenews.com.br\\\/?p=20950#article\",\"isPartOf\":{\"@id\":\"https:\\\/\\\/inclusivenews.com.br\\\/?p=20950\"},\"author\":{\"name\":\"inclusivenews2024\",\"@id\":\"https:\\\/\\\/inclusivenews.com.br\\\/#\\\/schema\\\/person\\\/ae4ec7087559b8692fb33b6fffd2273b\"},\"headline\":\"I F\u00f3rum de Direitos Humanos na UERJ\",\"datePublished\":\"2011-09-09T11:06:02+00:00\",\"mainEntityOfPage\":{\"@id\":\"https:\\\/\\\/inclusivenews.com.br\\\/?p=20950\"},\"wordCount\":185,\"commentCount\":0,\"publisher\":{\"@id\":\"https:\\\/\\\/inclusivenews.com.br\\\/#organization\"},\"image\":{\"@id\":\"https:\\\/\\\/inclusivenews.com.br\\\/?p=20950#primaryimage\"},\"thumbnailUrl\":\"http:\\\/\\\/inclusaoja.files.wordpress.com\\\/2011\\\/09\\\/i-fc3b3rum-de-direitos-humanos.jpg?w=300&amp;h=225\",\"articleSection\":[\"DIREITOS HUMANOS\",\"NOT\u00cdCIAS\"],\"inLanguage\":\"pt-PT\",\"potentialAction\":[{\"@type\":\"CommentAction\",\"name\":\"Comment\",\"target\":[\"https:\\\/\\\/inclusivenews.com.br\\\/?p=20950#respond\"]}]},{\"@type\":\"WebPage\",\"@id\":\"https:\\\/\\\/inclusivenews.com.br\\\/?p=20950\",\"url\":\"https:\\\/\\\/inclusivenews.com.br\\\/?p=20950\",\"name\":\"I F\u00f3rum de Direitos Humanos na UERJ -\",\"isPartOf\":{\"@id\":\"https:\\\/\\\/inclusivenews.com.br\\\/#website\"},\"primaryImageOfPage\":{\"@id\":\"https:\\\/\\\/inclusivenews.com.br\\\/?p=20950#primaryimage\"},\"image\":{\"@id\":\"https:\\\/\\\/inclusivenews.com.br\\\/?p=20950#primaryimage\"},\"thumbnailUrl\":\"http:\\\/\\\/inclusaoja.files.wordpress.com\\\/2011\\\/09\\\/i-fc3b3rum-de-direitos-humanos.jpg?w=300&amp;h=225\",\"datePublished\":\"2011-09-09T11:06:02+00:00\",\"breadcrumb\":{\"@id\":\"https:\\\/\\\/inclusivenews.com.br\\\/?p=20950#breadcrumb\"},\"inLanguage\":\"pt-PT\",\"potentialAction\":[{\"@type\":\"ReadAction\",\"target\":[\"https:\\\/\\\/inclusivenews.com.br\\\/?p=20950\"]}]},{\"@type\":\"ImageObject\",\"inLanguage\":\"pt-PT\",\"@id\":\"https:\\\/\\\/inclusivenews.com.br\\\/?p=20950#primaryimage\",\"url\":\"http:\\\/\\\/inclusaoja.files.wordpress.com\\\/2011\\\/09\\\/i-fc3b3rum-de-direitos-humanos.jpg?w=300&amp;h=225\",\"contentUrl\":\"http:\\\/\\\/inclusaoja.files.wordpress.com\\\/2011\\\/09\\\/i-fc3b3rum-de-direitos-humanos.jpg?w=300&amp;h=225\"},{\"@type\":\"BreadcrumbList\",\"@id\":\"https:\\\/\\\/inclusivenews.com.br\\\/?p=20950#breadcrumb\",\"itemListElement\":[{\"@type\":\"ListItem\",\"position\":1,\"name\":\"In\u00edcio\",\"item\":\"https:\\\/\\\/inclusivenews.com.br\\\/\"},{\"@type\":\"ListItem\",\"position\":2,\"name\":\"I F\u00f3rum de Direitos Humanos na UERJ\"}]},{\"@type\":\"WebSite\",\"@id\":\"https:\\\/\\\/inclusivenews.com.br\\\/#website\",\"url\":\"https:\\\/\\\/inclusivenews.com.br\\\/\",\"name\":\"Inclusive News\",\"description\":\"Inclusive News\",\"publisher\":{\"@id\":\"https:\\\/\\\/inclusivenews.com.br\\\/#organization\"},\"potentialAction\":[{\"@type\":\"SearchAction\",\"target\":{\"@type\":\"EntryPoint\",\"urlTemplate\":\"https:\\\/\\\/inclusivenews.com.br\\\/?s={search_term_string}\"},\"query-input\":{\"@type\":\"PropertyValueSpecification\",\"valueRequired\":true,\"valueName\":\"search_term_string\"}}],\"inLanguage\":\"pt-PT\"},{\"@type\":\"Organization\",\"@id\":\"https:\\\/\\\/inclusivenews.com.br\\\/#organization\",\"name\":\"Inclusive - inclus\u00e3o e cidadania\",\"url\":\"https:\\\/\\\/inclusivenews.com.br\\\/\",\"logo\":{\"@type\":\"ImageObject\",\"inLanguage\":\"pt-PT\",\"@id\":\"https:\\\/\\\/inclusivenews.com.br\\\/#\\\/schema\\\/logo\\\/image\\\/\",\"url\":\"https:\\\/\\\/inclusivenews.com.br\\\/wp-content\\\/uploads\\\/2024\\\/03\\\/@grandesite.png\",\"contentUrl\":\"https:\\\/\\\/inclusivenews.com.br\\\/wp-content\\\/uploads\\\/2024\\\/03\\\/@grandesite.png\",\"width\":1080,\"height\":1080,\"caption\":\"Inclusive - inclus\u00e3o e cidadania\"},\"image\":{\"@id\":\"https:\\\/\\\/inclusivenews.com.br\\\/#\\\/schema\\\/logo\\\/image\\\/\"},\"sameAs\":[\"https:\\\/\\\/www.facebook.com\\\/agenciainclusive\\\/\",\"https:\\\/\\\/www.instagram.com\\\/newsinclusive\\\/\"]},{\"@type\":\"Person\",\"@id\":\"https:\\\/\\\/inclusivenews.com.br\\\/#\\\/schema\\\/person\\\/ae4ec7087559b8692fb33b6fffd2273b\",\"name\":\"inclusivenews2024\",\"image\":{\"@type\":\"ImageObject\",\"inLanguage\":\"pt-PT\",\"@id\":\"https:\\\/\\\/secure.gravatar.com\\\/avatar\\\/c5a7ef84c66fa914f55bc4f7ce26cfa275a3b9a1c5568b907bd184fb4dde7b40?s=96&d=mm&r=g\",\"url\":\"https:\\\/\\\/secure.gravatar.com\\\/avatar\\\/c5a7ef84c66fa914f55bc4f7ce26cfa275a3b9a1c5568b907bd184fb4dde7b40?s=96&d=mm&r=g\",\"contentUrl\":\"https:\\\/\\\/secure.gravatar.com\\\/avatar\\\/c5a7ef84c66fa914f55bc4f7ce26cfa275a3b9a1c5568b907bd184fb4dde7b40?s=96&d=mm&r=g\",\"caption\":\"inclusivenews2024\"},\"sameAs\":[\"https:\\\/\\\/inclusivenews.com.br\"],\"url\":\"https:\\\/\\\/inclusivenews.com.br\\\/?author=1\"}]}<\/script>\n<!-- \/ Yoast SEO plugin. -->","yoast_head_json":{"title":"I F\u00f3rum de Direitos Humanos na UERJ -","robots":{"index":"index","follow":"follow","max-snippet":"max-snippet:-1","max-image-preview":"max-image-preview:large","max-video-preview":"max-video-preview:-1"},"canonical":"https:\/\/inclusivenews.com.br\/?p=20950","og_locale":"pt_PT","og_type":"article","og_title":"I F\u00f3rum de Direitos Humanos na UERJ -","og_description":"O F\u00f3rum acontecer\u00e1 no dia 14 de setembro na Universidade do Estado do Rio de Janeiro\/UERJ.","og_url":"https:\/\/inclusivenews.com.br\/?p=20950","article_publisher":"https:\/\/www.facebook.com\/agenciainclusive\/","article_published_time":"2011-09-09T11:06:02+00:00","og_image":[{"url":"http:\/\/inclusaoja.files.wordpress.com\/2011\/09\/i-fc3b3rum-de-direitos-humanos.jpg?w=300&amp;h=225","type":"","width":"","height":""}],"author":"inclusivenews2024","twitter_card":"summary_large_image","twitter_misc":{"Escrito por":"inclusivenews2024","Tempo estimado de leitura":"1 minuto"},"schema":{"@context":"https:\/\/schema.org","@graph":[{"@type":"Article","@id":"https:\/\/inclusivenews.com.br\/?p=20950#article","isPartOf":{"@id":"https:\/\/inclusivenews.com.br\/?p=20950"},"author":{"name":"inclusivenews2024","@id":"https:\/\/inclusivenews.com.br\/#\/schema\/person\/ae4ec7087559b8692fb33b6fffd2273b"},"headline":"I F\u00f3rum de Direitos Humanos na UERJ","datePublished":"2011-09-09T11:06:02+00:00","mainEntityOfPage":{"@id":"https:\/\/inclusivenews.com.br\/?p=20950"},"wordCount":185,"commentCount":0,"publisher":{"@id":"https:\/\/inclusivenews.com.br\/#organization"},"image":{"@id":"https:\/\/inclusivenews.com.br\/?p=20950#primaryimage"},"thumbnailUrl":"http:\/\/inclusaoja.files.wordpress.com\/2011\/09\/i-fc3b3rum-de-direitos-humanos.jpg?w=300&amp;h=225","articleSection":["DIREITOS HUMANOS","NOT\u00cdCIAS"],"inLanguage":"pt-PT","potentialAction":[{"@type":"CommentAction","name":"Comment","target":["https:\/\/inclusivenews.com.br\/?p=20950#respond"]}]},{"@type":"WebPage","@id":"https:\/\/inclusivenews.com.br\/?p=20950","url":"https:\/\/inclusivenews.com.br\/?p=20950","name":"I F\u00f3rum de Direitos Humanos na UERJ -","isPartOf":{"@id":"https:\/\/inclusivenews.com.br\/#website"},"primaryImageOfPage":{"@id":"https:\/\/inclusivenews.com.br\/?p=20950#primaryimage"},"image":{"@id":"https:\/\/inclusivenews.com.br\/?p=20950#primaryimage"},"thumbnailUrl":"http:\/\/inclusaoja.files.wordpress.com\/2011\/09\/i-fc3b3rum-de-direitos-humanos.jpg?w=300&amp;h=225","datePublished":"2011-09-09T11:06:02+00:00","breadcrumb":{"@id":"https:\/\/inclusivenews.com.br\/?p=20950#breadcrumb"},"inLanguage":"pt-PT","potentialAction":[{"@type":"ReadAction","target":["https:\/\/inclusivenews.com.br\/?p=20950"]}]},{"@type":"ImageObject","inLanguage":"pt-PT","@id":"https:\/\/inclusivenews.com.br\/?p=20950#primaryimage","url":"http:\/\/inclusaoja.files.wordpress.com\/2011\/09\/i-fc3b3rum-de-direitos-humanos.jpg?w=300&amp;h=225","contentUrl":"http:\/\/inclusaoja.files.wordpress.com\/2011\/09\/i-fc3b3rum-de-direitos-humanos.jpg?w=300&amp;h=225"},{"@type":"BreadcrumbList","@id":"https:\/\/inclusivenews.com.br\/?p=20950#breadcrumb","itemListElement":[{"@type":"ListItem","position":1,"name":"In\u00edcio","item":"https:\/\/inclusivenews.com.br\/"},{"@type":"ListItem","position":2,"name":"I F\u00f3rum de Direitos Humanos na UERJ"}]},{"@type":"WebSite","@id":"https:\/\/inclusivenews.com.br\/#website","url":"https:\/\/inclusivenews.com.br\/","name":"Inclusive News","description":"Inclusive News","publisher":{"@id":"https:\/\/inclusivenews.com.br\/#organization"},"potentialAction":[{"@type":"SearchAction","target":{"@type":"EntryPoint","urlTemplate":"https:\/\/inclusivenews.com.br\/?s={search_term_string}"},"query-input":{"@type":"PropertyValueSpecification","valueRequired":true,"valueName":"search_term_string"}}],"inLanguage":"pt-PT"},{"@type":"Organization","@id":"https:\/\/inclusivenews.com.br\/#organization","name":"Inclusive - inclus\u00e3o e cidadania","url":"https:\/\/inclusivenews.com.br\/","logo":{"@type":"ImageObject","inLanguage":"pt-PT","@id":"https:\/\/inclusivenews.com.br\/#\/schema\/logo\/image\/","url":"https:\/\/inclusivenews.com.br\/wp-content\/uploads\/2024\/03\/@grandesite.png","contentUrl":"https:\/\/inclusivenews.com.br\/wp-content\/uploads\/2024\/03\/@grandesite.png","width":1080,"height":1080,"caption":"Inclusive - inclus\u00e3o e cidadania"},"image":{"@id":"https:\/\/inclusivenews.com.br\/#\/schema\/logo\/image\/"},"sameAs":["https:\/\/www.facebook.com\/agenciainclusive\/","https:\/\/www.instagram.com\/newsinclusive\/"]},{"@type":"Person","@id":"https:\/\/inclusivenews.com.br\/#\/schema\/person\/ae4ec7087559b8692fb33b6fffd2273b","name":"inclusivenews2024","image":{"@type":"ImageObject","inLanguage":"pt-PT","@id":"https:\/\/secure.gravatar.com\/avatar\/c5a7ef84c66fa914f55bc4f7ce26cfa275a3b9a1c5568b907bd184fb4dde7b40?s=96&d=mm&r=g","url":"https:\/\/secure.gravatar.com\/avatar\/c5a7ef84c66fa914f55bc4f7ce26cfa275a3b9a1c5568b907bd184fb4dde7b40?s=96&d=mm&r=g","contentUrl":"https:\/\/secure.gravatar.com\/avatar\/c5a7ef84c66fa914f55bc4f7ce26cfa275a3b9a1c5568b907bd184fb4dde7b40?s=96&d=mm&r=g","caption":"inclusivenews2024"},"sameAs":["https:\/\/inclusivenews.com.br"],"url":"https:\/\/inclusivenews.com.br\/?author=1"}]}},"_links":{"self":[{"href":"https:\/\/inclusivenews.com.br\/index.php?rest_route=\/wp\/v2\/posts\/20950","targetHints":{"allow":["GET"]}}],"collection":[{"href":"https:\/\/inclusivenews.com.br\/index.php?rest_route=\/wp\/v2\/posts"}],"about":[{"href":"https:\/\/inclusivenews.com.br\/index.php?rest_route=\/wp\/v2\/types\/post"}],"author":[{"embeddable":true,"href":"https:\/\/inclusivenews.com.br\/index.php?rest_route=\/wp\/v2\/users\/1"}],"replies":[{"embeddable":true,"href":"https:\/\/inclusivenews.com.br\/index.php?rest_route=%2Fwp%2Fv2%2Fcomments&post=20950"}],"version-history":[{"count":0,"href":"https:\/\/inclusivenews.com.br\/index.php?rest_route=\/wp\/v2\/posts\/20950\/revisions"}],"wp:attachment":[{"href":"https:\/\/inclusivenews.com.br\/index.php?rest_route=%2Fwp%2Fv2%2Fmedia&parent=20950"}],"wp:term":[{"taxonomy":"category","embeddable":true,"href":"https:\/\/inclusivenews.com.br\/index.php?rest_route=%2Fwp%2Fv2%2Fcategories&post=20950"},{"taxonomy":"post_tag","embeddable":true,"href":"https:\/\/inclusivenews.com.br\/index.php?rest_route=%2Fwp%2Fv2%2Ftags&post=20950"}],"curies":[{"name":"wp","href":"https:\/\/api.w.org\/{rel}","templated":true}]}}