{"id":20979,"date":"2011-09-14T23:19:54","date_gmt":"2011-09-15T02:19:54","guid":{"rendered":"http:\/\/www.inclusive.org.br\/?p=20979"},"modified":"2011-09-14T23:19:54","modified_gmt":"2011-09-15T02:19:54","slug":"os-cavalos-a-vida-e-uma-historia-repleta-de-conquistas","status":"publish","type":"post","link":"https:\/\/inclusivenews.com.br\/?p=20979","title":{"rendered":"Os cavalos, a vida e uma hist\u00f3ria repleta de conquistas"},"content":{"rendered":"<figure style=\"width: 234px\" class=\"wp-caption alignleft\"><a class=\"moz-txt-link-freetext\" href=\"http:\/\/www.classichorseshow.com.br\/upload\/fotoNoticia\/foto2.jpg\"><img loading=\"lazy\" decoding=\"async\" title=\"Na foto,  Claudio Leoni Arruda\" src=\"http:\/\/www.classichorseshow.com.br\/upload\/fotoNoticia\/foto2.jpg\" alt=\"Na foto, Claudio Leoni Arruda\" width=\"234\" height=\"157\" \/><\/a><figcaption class=\"wp-caption-text\"> <\/figcaption><\/figure>\n<p>Ter alguma dificuldade n\u00e3o significa imposs\u00edvel. A felicidade plena n\u00e3o consiste apenas nas grandes conquistas, mas no caminho trilhado dia ap\u00f3s dia. O superar de cada obst\u00e1culo que a vida imp\u00f5e, nos capacita a saltar cada vez mais alto.<\/p>\n<p>Claudio Aleoni Arruda \u00e9 cavaleiro de concursos, mas teve seu primeiro emprego na rede multinacional de restaurantes Applebee\u2019s. Atualmente trabalha de carteira assinada para o Poney Clube Brasil localizado na Sociedade H\u00edpica Paulista. Como todo bom esportista, ele tamb\u00e9m j\u00e1 praticou nata\u00e7\u00e3o, futebol, t\u00eanis e t\u00eanis de mesa. Mesmo assim, logo cedo os cavalos j\u00e1 assumiam uma posi\u00e7\u00e3o de destaque entre suas paix\u00f5es. \u00c9 importante mencionar, no entanto, Mariana, sua simp\u00e1tica namorada que apesar de ter medo de cavalos, sempre que pode, torce por Claudio nas competi\u00e7\u00f5es.<\/p>\n<p>Aos cinco anos come\u00e7ou a montar na fazenda de seu av\u00f4, no interior de Minas Gerais. Desde ent\u00e3o, nunca mais parou. Com quinze, entrou para a Escola de Equita\u00e7\u00e3o da Sociedade H\u00edpica Paulista onde aprendeu fundamentos da equita\u00e7\u00e3o e em seguida a saltar. Em 2009, patrocinado pela Lukarmona Sports, sagrou-se Vice-Campe\u00e3o Paulista das Escolas de Equita\u00e7\u00e3o na categoria Preliminar (0,60 cm) e tamb\u00e9m na mesma categoria, por\u00e9m patrocinado pela Applebee\u2019s, foi Vice-Campe\u00e3o da Regional Metropolitana. Hoje, aos 26 anos, Claudio j\u00e1 tem grandes planos em mente. Pretende disputar o Campeonato Brasileiro e subir para a categoria 0,80 cm.<\/p>\n<p>Para aqueles que enxergam os pr\u00f3prios problemas como insuper\u00e1veis, ou que n\u00e3o acreditam em suas pr\u00f3prias capacidades, Claudio Aleoni Arruda \u00e9 a prova de que nessa vida n\u00e3o existem limites. O fato de ter S\u00edndrome de Down, nunca o fez abrir m\u00e3o de lutar pelos seus sonhos e nem de acreditar em si mesmo. Superando obst\u00e1culos, dentro e fora das pistas, nos d\u00e1 li\u00e7\u00f5es de garra e perseveran\u00e7a com incr\u00edvel leveza e simpatia.<\/p>\n<p>&#8220;O pessoal aqui \u00e9 gente boa e honesta. Os cavalos servem como terapia e devem ativar o melhor lado das pessoas\u201d, afirma Claudio referindo-se a seu ambiente de trabalho e aos cavalos com quem diariamente convive. Perguntado sobre qual conselho ele daria \u00e0s pessoas que se sentem infelizes sem motivo aparente, ele responde categ\u00f3rico: \u201cAs pessoas devem buscar conhecer a si mesmas e os cavalos ajudam muito com isso, ajudam na vida\u201d. \u201cIsso \u00e9 importante na vida do ser humano&#8221;.<\/p>\n<p>O alto astral e a energia positiva que Claudio emana s\u00f3 aqueles que t\u00eam o privil\u00e9gio de conhec\u00ea-lo pessoalmente podem sentir. A Escola de Equita\u00e7\u00e3o da Sociedade H\u00edpica Paulista, no bairro do Brooklin, \u00e9 aberta para visita\u00e7\u00e3o e o trabalho de Claudio pode ser visto de perto, todos os dias. \u00c9 sem sombra de d\u00favidas um grande professor, que tem muito a ensinar sobre cavalos e principalmente sobre a vida.<\/p>\n<p>Fonte: <a href=\"http:\/\/www.classichorseshow.com.br\/resultadoBusca\/Default.aspx?busca=claudio+aleoni+arruda\">Classic Horse<\/a><\/p>\n","protected":false},"excerpt":{"rendered":"<p>Aos cinco anos come\u00e7ou a montar na fazenda de seu av\u00f4, no interior de Minas Gerais. Desde ent\u00e3o, nunca mais parou. Com quinze, entrou para a Escola de Equita\u00e7\u00e3o da Sociedade H\u00edpica Paulista onde aprendeu fundamentos da equita\u00e7\u00e3o e em seguida a saltar. Da Classic Horse.<\/p>\n","protected":false},"author":1,"featured_media":0,"comment_status":"open","ping_status":"open","sticky":false,"template":"","format":"standard","meta":{"site-container-style":"default","site-container-layout":"default","site-sidebar-layout":"default","disable-article-header":"default","disable-site-header":"default","disable-site-footer":"default","disable-content-area-spacing":"default","footnotes":""},"categories":[38,48,4],"tags":[],"class_list":["post-20979","post","type-post","status-publish","format-standard","hentry","category-deficiencia","category-inclusao","category-noticias"],"yoast_head":"<!-- This site is optimized with the Yoast SEO plugin v27.5 - https:\/\/yoast.com\/product\/yoast-seo-wordpress\/ -->\n<title>Os cavalos, a vida e uma hist\u00f3ria repleta de conquistas -<\/title>\n<meta name=\"robots\" content=\"index, follow, max-snippet:-1, max-image-preview:large, max-video-preview:-1\" \/>\n<link rel=\"canonical\" href=\"https:\/\/inclusivenews.com.br\/?p=20979\" \/>\n<meta property=\"og:locale\" content=\"pt_PT\" \/>\n<meta property=\"og:type\" content=\"article\" \/>\n<meta property=\"og:title\" content=\"Os cavalos, a vida e uma hist\u00f3ria repleta de conquistas -\" \/>\n<meta property=\"og:description\" content=\"Aos cinco anos come\u00e7ou a montar na fazenda de seu av\u00f4, no interior de Minas Gerais. Desde ent\u00e3o, nunca mais parou. Com quinze, entrou para a Escola de Equita\u00e7\u00e3o da Sociedade H\u00edpica Paulista onde aprendeu fundamentos da equita\u00e7\u00e3o e em seguida a saltar. Da Classic Horse.\" \/>\n<meta property=\"og:url\" content=\"https:\/\/inclusivenews.com.br\/?p=20979\" \/>\n<meta property=\"article:publisher\" content=\"https:\/\/www.facebook.com\/agenciainclusive\/\" \/>\n<meta property=\"article:published_time\" content=\"2011-09-15T02:19:54+00:00\" \/>\n<meta property=\"og:image\" content=\"http:\/\/www.classichorseshow.com.br\/upload\/fotoNoticia\/foto2.jpg\" \/>\n<meta name=\"author\" content=\"inclusivenews2024\" \/>\n<meta name=\"twitter:card\" content=\"summary_large_image\" \/>\n<meta name=\"twitter:label1\" content=\"Escrito por\" \/>\n\t<meta name=\"twitter:data1\" content=\"inclusivenews2024\" \/>\n\t<meta name=\"twitter:label2\" content=\"Tempo estimado de leitura\" \/>\n\t<meta name=\"twitter:data2\" content=\"2 minutos\" \/>\n<script type=\"application\/ld+json\" class=\"yoast-schema-graph\">{\"@context\":\"https:\\\/\\\/schema.org\",\"@graph\":[{\"@type\":\"Article\",\"@id\":\"https:\\\/\\\/inclusivenews.com.br\\\/?p=20979#article\",\"isPartOf\":{\"@id\":\"https:\\\/\\\/inclusivenews.com.br\\\/?p=20979\"},\"author\":{\"name\":\"inclusivenews2024\",\"@id\":\"https:\\\/\\\/inclusivenews.com.br\\\/#\\\/schema\\\/person\\\/ae4ec7087559b8692fb33b6fffd2273b\"},\"headline\":\"Os cavalos, a vida e uma hist\u00f3ria repleta de conquistas\",\"datePublished\":\"2011-09-15T02:19:54+00:00\",\"mainEntityOfPage\":{\"@id\":\"https:\\\/\\\/inclusivenews.com.br\\\/?p=20979\"},\"wordCount\":503,\"commentCount\":0,\"publisher\":{\"@id\":\"https:\\\/\\\/inclusivenews.com.br\\\/#organization\"},\"image\":{\"@id\":\"https:\\\/\\\/inclusivenews.com.br\\\/?p=20979#primaryimage\"},\"thumbnailUrl\":\"http:\\\/\\\/www.classichorseshow.com.br\\\/upload\\\/fotoNoticia\\\/foto2.jpg\",\"articleSection\":[\"Defici\u00eancia\",\"INCLUS\u00c3O SOCIAL\",\"NOT\u00cdCIAS\"],\"inLanguage\":\"pt-PT\",\"potentialAction\":[{\"@type\":\"CommentAction\",\"name\":\"Comment\",\"target\":[\"https:\\\/\\\/inclusivenews.com.br\\\/?p=20979#respond\"]}]},{\"@type\":\"WebPage\",\"@id\":\"https:\\\/\\\/inclusivenews.com.br\\\/?p=20979\",\"url\":\"https:\\\/\\\/inclusivenews.com.br\\\/?p=20979\",\"name\":\"Os cavalos, a vida e uma hist\u00f3ria repleta de conquistas -\",\"isPartOf\":{\"@id\":\"https:\\\/\\\/inclusivenews.com.br\\\/#website\"},\"primaryImageOfPage\":{\"@id\":\"https:\\\/\\\/inclusivenews.com.br\\\/?p=20979#primaryimage\"},\"image\":{\"@id\":\"https:\\\/\\\/inclusivenews.com.br\\\/?p=20979#primaryimage\"},\"thumbnailUrl\":\"http:\\\/\\\/www.classichorseshow.com.br\\\/upload\\\/fotoNoticia\\\/foto2.jpg\",\"datePublished\":\"2011-09-15T02:19:54+00:00\",\"breadcrumb\":{\"@id\":\"https:\\\/\\\/inclusivenews.com.br\\\/?p=20979#breadcrumb\"},\"inLanguage\":\"pt-PT\",\"potentialAction\":[{\"@type\":\"ReadAction\",\"target\":[\"https:\\\/\\\/inclusivenews.com.br\\\/?p=20979\"]}]},{\"@type\":\"ImageObject\",\"inLanguage\":\"pt-PT\",\"@id\":\"https:\\\/\\\/inclusivenews.com.br\\\/?p=20979#primaryimage\",\"url\":\"http:\\\/\\\/www.classichorseshow.com.br\\\/upload\\\/fotoNoticia\\\/foto2.jpg\",\"contentUrl\":\"http:\\\/\\\/www.classichorseshow.com.br\\\/upload\\\/fotoNoticia\\\/foto2.jpg\"},{\"@type\":\"BreadcrumbList\",\"@id\":\"https:\\\/\\\/inclusivenews.com.br\\\/?p=20979#breadcrumb\",\"itemListElement\":[{\"@type\":\"ListItem\",\"position\":1,\"name\":\"In\u00edcio\",\"item\":\"https:\\\/\\\/inclusivenews.com.br\\\/\"},{\"@type\":\"ListItem\",\"position\":2,\"name\":\"Os cavalos, a vida e uma hist\u00f3ria repleta de conquistas\"}]},{\"@type\":\"WebSite\",\"@id\":\"https:\\\/\\\/inclusivenews.com.br\\\/#website\",\"url\":\"https:\\\/\\\/inclusivenews.com.br\\\/\",\"name\":\"Inclusive News\",\"description\":\"Inclusive News\",\"publisher\":{\"@id\":\"https:\\\/\\\/inclusivenews.com.br\\\/#organization\"},\"potentialAction\":[{\"@type\":\"SearchAction\",\"target\":{\"@type\":\"EntryPoint\",\"urlTemplate\":\"https:\\\/\\\/inclusivenews.com.br\\\/?s={search_term_string}\"},\"query-input\":{\"@type\":\"PropertyValueSpecification\",\"valueRequired\":true,\"valueName\":\"search_term_string\"}}],\"inLanguage\":\"pt-PT\"},{\"@type\":\"Organization\",\"@id\":\"https:\\\/\\\/inclusivenews.com.br\\\/#organization\",\"name\":\"Inclusive - inclus\u00e3o e cidadania\",\"url\":\"https:\\\/\\\/inclusivenews.com.br\\\/\",\"logo\":{\"@type\":\"ImageObject\",\"inLanguage\":\"pt-PT\",\"@id\":\"https:\\\/\\\/inclusivenews.com.br\\\/#\\\/schema\\\/logo\\\/image\\\/\",\"url\":\"https:\\\/\\\/inclusivenews.com.br\\\/wp-content\\\/uploads\\\/2024\\\/03\\\/@grandesite.png\",\"contentUrl\":\"https:\\\/\\\/inclusivenews.com.br\\\/wp-content\\\/uploads\\\/2024\\\/03\\\/@grandesite.png\",\"width\":1080,\"height\":1080,\"caption\":\"Inclusive - inclus\u00e3o e cidadania\"},\"image\":{\"@id\":\"https:\\\/\\\/inclusivenews.com.br\\\/#\\\/schema\\\/logo\\\/image\\\/\"},\"sameAs\":[\"https:\\\/\\\/www.facebook.com\\\/agenciainclusive\\\/\",\"https:\\\/\\\/www.instagram.com\\\/newsinclusive\\\/\"]},{\"@type\":\"Person\",\"@id\":\"https:\\\/\\\/inclusivenews.com.br\\\/#\\\/schema\\\/person\\\/ae4ec7087559b8692fb33b6fffd2273b\",\"name\":\"inclusivenews2024\",\"image\":{\"@type\":\"ImageObject\",\"inLanguage\":\"pt-PT\",\"@id\":\"https:\\\/\\\/secure.gravatar.com\\\/avatar\\\/c5a7ef84c66fa914f55bc4f7ce26cfa275a3b9a1c5568b907bd184fb4dde7b40?s=96&d=mm&r=g\",\"url\":\"https:\\\/\\\/secure.gravatar.com\\\/avatar\\\/c5a7ef84c66fa914f55bc4f7ce26cfa275a3b9a1c5568b907bd184fb4dde7b40?s=96&d=mm&r=g\",\"contentUrl\":\"https:\\\/\\\/secure.gravatar.com\\\/avatar\\\/c5a7ef84c66fa914f55bc4f7ce26cfa275a3b9a1c5568b907bd184fb4dde7b40?s=96&d=mm&r=g\",\"caption\":\"inclusivenews2024\"},\"sameAs\":[\"https:\\\/\\\/inclusivenews.com.br\"],\"url\":\"https:\\\/\\\/inclusivenews.com.br\\\/?author=1\"}]}<\/script>\n<!-- \/ Yoast SEO plugin. -->","yoast_head_json":{"title":"Os cavalos, a vida e uma hist\u00f3ria repleta de conquistas -","robots":{"index":"index","follow":"follow","max-snippet":"max-snippet:-1","max-image-preview":"max-image-preview:large","max-video-preview":"max-video-preview:-1"},"canonical":"https:\/\/inclusivenews.com.br\/?p=20979","og_locale":"pt_PT","og_type":"article","og_title":"Os cavalos, a vida e uma hist\u00f3ria repleta de conquistas -","og_description":"Aos cinco anos come\u00e7ou a montar na fazenda de seu av\u00f4, no interior de Minas Gerais. Desde ent\u00e3o, nunca mais parou. Com quinze, entrou para a Escola de Equita\u00e7\u00e3o da Sociedade H\u00edpica Paulista onde aprendeu fundamentos da equita\u00e7\u00e3o e em seguida a saltar. Da Classic Horse.","og_url":"https:\/\/inclusivenews.com.br\/?p=20979","article_publisher":"https:\/\/www.facebook.com\/agenciainclusive\/","article_published_time":"2011-09-15T02:19:54+00:00","og_image":[{"url":"http:\/\/www.classichorseshow.com.br\/upload\/fotoNoticia\/foto2.jpg","type":"","width":"","height":""}],"author":"inclusivenews2024","twitter_card":"summary_large_image","twitter_misc":{"Escrito por":"inclusivenews2024","Tempo estimado de leitura":"2 minutos"},"schema":{"@context":"https:\/\/schema.org","@graph":[{"@type":"Article","@id":"https:\/\/inclusivenews.com.br\/?p=20979#article","isPartOf":{"@id":"https:\/\/inclusivenews.com.br\/?p=20979"},"author":{"name":"inclusivenews2024","@id":"https:\/\/inclusivenews.com.br\/#\/schema\/person\/ae4ec7087559b8692fb33b6fffd2273b"},"headline":"Os cavalos, a vida e uma hist\u00f3ria repleta de conquistas","datePublished":"2011-09-15T02:19:54+00:00","mainEntityOfPage":{"@id":"https:\/\/inclusivenews.com.br\/?p=20979"},"wordCount":503,"commentCount":0,"publisher":{"@id":"https:\/\/inclusivenews.com.br\/#organization"},"image":{"@id":"https:\/\/inclusivenews.com.br\/?p=20979#primaryimage"},"thumbnailUrl":"http:\/\/www.classichorseshow.com.br\/upload\/fotoNoticia\/foto2.jpg","articleSection":["Defici\u00eancia","INCLUS\u00c3O SOCIAL","NOT\u00cdCIAS"],"inLanguage":"pt-PT","potentialAction":[{"@type":"CommentAction","name":"Comment","target":["https:\/\/inclusivenews.com.br\/?p=20979#respond"]}]},{"@type":"WebPage","@id":"https:\/\/inclusivenews.com.br\/?p=20979","url":"https:\/\/inclusivenews.com.br\/?p=20979","name":"Os cavalos, a vida e uma hist\u00f3ria repleta de conquistas -","isPartOf":{"@id":"https:\/\/inclusivenews.com.br\/#website"},"primaryImageOfPage":{"@id":"https:\/\/inclusivenews.com.br\/?p=20979#primaryimage"},"image":{"@id":"https:\/\/inclusivenews.com.br\/?p=20979#primaryimage"},"thumbnailUrl":"http:\/\/www.classichorseshow.com.br\/upload\/fotoNoticia\/foto2.jpg","datePublished":"2011-09-15T02:19:54+00:00","breadcrumb":{"@id":"https:\/\/inclusivenews.com.br\/?p=20979#breadcrumb"},"inLanguage":"pt-PT","potentialAction":[{"@type":"ReadAction","target":["https:\/\/inclusivenews.com.br\/?p=20979"]}]},{"@type":"ImageObject","inLanguage":"pt-PT","@id":"https:\/\/inclusivenews.com.br\/?p=20979#primaryimage","url":"http:\/\/www.classichorseshow.com.br\/upload\/fotoNoticia\/foto2.jpg","contentUrl":"http:\/\/www.classichorseshow.com.br\/upload\/fotoNoticia\/foto2.jpg"},{"@type":"BreadcrumbList","@id":"https:\/\/inclusivenews.com.br\/?p=20979#breadcrumb","itemListElement":[{"@type":"ListItem","position":1,"name":"In\u00edcio","item":"https:\/\/inclusivenews.com.br\/"},{"@type":"ListItem","position":2,"name":"Os cavalos, a vida e uma hist\u00f3ria repleta de conquistas"}]},{"@type":"WebSite","@id":"https:\/\/inclusivenews.com.br\/#website","url":"https:\/\/inclusivenews.com.br\/","name":"Inclusive News","description":"Inclusive News","publisher":{"@id":"https:\/\/inclusivenews.com.br\/#organization"},"potentialAction":[{"@type":"SearchAction","target":{"@type":"EntryPoint","urlTemplate":"https:\/\/inclusivenews.com.br\/?s={search_term_string}"},"query-input":{"@type":"PropertyValueSpecification","valueRequired":true,"valueName":"search_term_string"}}],"inLanguage":"pt-PT"},{"@type":"Organization","@id":"https:\/\/inclusivenews.com.br\/#organization","name":"Inclusive - inclus\u00e3o e cidadania","url":"https:\/\/inclusivenews.com.br\/","logo":{"@type":"ImageObject","inLanguage":"pt-PT","@id":"https:\/\/inclusivenews.com.br\/#\/schema\/logo\/image\/","url":"https:\/\/inclusivenews.com.br\/wp-content\/uploads\/2024\/03\/@grandesite.png","contentUrl":"https:\/\/inclusivenews.com.br\/wp-content\/uploads\/2024\/03\/@grandesite.png","width":1080,"height":1080,"caption":"Inclusive - inclus\u00e3o e cidadania"},"image":{"@id":"https:\/\/inclusivenews.com.br\/#\/schema\/logo\/image\/"},"sameAs":["https:\/\/www.facebook.com\/agenciainclusive\/","https:\/\/www.instagram.com\/newsinclusive\/"]},{"@type":"Person","@id":"https:\/\/inclusivenews.com.br\/#\/schema\/person\/ae4ec7087559b8692fb33b6fffd2273b","name":"inclusivenews2024","image":{"@type":"ImageObject","inLanguage":"pt-PT","@id":"https:\/\/secure.gravatar.com\/avatar\/c5a7ef84c66fa914f55bc4f7ce26cfa275a3b9a1c5568b907bd184fb4dde7b40?s=96&d=mm&r=g","url":"https:\/\/secure.gravatar.com\/avatar\/c5a7ef84c66fa914f55bc4f7ce26cfa275a3b9a1c5568b907bd184fb4dde7b40?s=96&d=mm&r=g","contentUrl":"https:\/\/secure.gravatar.com\/avatar\/c5a7ef84c66fa914f55bc4f7ce26cfa275a3b9a1c5568b907bd184fb4dde7b40?s=96&d=mm&r=g","caption":"inclusivenews2024"},"sameAs":["https:\/\/inclusivenews.com.br"],"url":"https:\/\/inclusivenews.com.br\/?author=1"}]}},"_links":{"self":[{"href":"https:\/\/inclusivenews.com.br\/index.php?rest_route=\/wp\/v2\/posts\/20979","targetHints":{"allow":["GET"]}}],"collection":[{"href":"https:\/\/inclusivenews.com.br\/index.php?rest_route=\/wp\/v2\/posts"}],"about":[{"href":"https:\/\/inclusivenews.com.br\/index.php?rest_route=\/wp\/v2\/types\/post"}],"author":[{"embeddable":true,"href":"https:\/\/inclusivenews.com.br\/index.php?rest_route=\/wp\/v2\/users\/1"}],"replies":[{"embeddable":true,"href":"https:\/\/inclusivenews.com.br\/index.php?rest_route=%2Fwp%2Fv2%2Fcomments&post=20979"}],"version-history":[{"count":0,"href":"https:\/\/inclusivenews.com.br\/index.php?rest_route=\/wp\/v2\/posts\/20979\/revisions"}],"wp:attachment":[{"href":"https:\/\/inclusivenews.com.br\/index.php?rest_route=%2Fwp%2Fv2%2Fmedia&parent=20979"}],"wp:term":[{"taxonomy":"category","embeddable":true,"href":"https:\/\/inclusivenews.com.br\/index.php?rest_route=%2Fwp%2Fv2%2Fcategories&post=20979"},{"taxonomy":"post_tag","embeddable":true,"href":"https:\/\/inclusivenews.com.br\/index.php?rest_route=%2Fwp%2Fv2%2Ftags&post=20979"}],"curies":[{"name":"wp","href":"https:\/\/api.w.org\/{rel}","templated":true}]}}