{"id":20983,"date":"2011-09-14T23:35:01","date_gmt":"2011-09-15T02:35:01","guid":{"rendered":"http:\/\/www.inclusive.org.br\/?p=20983"},"modified":"2011-09-14T23:35:01","modified_gmt":"2011-09-15T02:35:01","slug":"tecnologia-social-aquela-voltada-para-a-inclusao","status":"publish","type":"post","link":"https:\/\/inclusivenews.com.br\/?p=20983","title":{"rendered":"Tecnologia social: aquela voltada para a inclus\u00e3o"},"content":{"rendered":"<p><strong><img loading=\"lazy\" decoding=\"async\" class=\"alignleft size-full wp-image-19013\" title=\"S\u00edmbolo da tecnologia social - tr\u00eas c\u00edrculos branos sobrepostos sobre fundo azul\" src=\"http:\/\/inclusivenews.com.br\/wp-content\/uploads\/2011\/04\/tecnologia_social.jpg\" alt=\"S\u00edmbolo da tecnologia social - tr\u00eas c\u00edrculos branos sobrepostos sobre fundo azul\" width=\"320\" height=\"181\" \/>Por Rog\u00e9rio Bezerra da Silva e Renato Dagnino<br \/>\nna Com Ci\u00eancia<\/strong><\/p>\n<p>O que \u00e9 tecnologia social? \u00c9 aquela tecnologia que possibilita a produ\u00e7\u00e3o de bens e servi\u00e7os que atendam \u00e0s necessidades dos arranjos produtivos chamados empreendimentos solid\u00e1rios, que est\u00e3o sendo organizados pelos e para os \u201cexclu\u00eddos\u201d. S\u00e3o tamb\u00e9m aquelas que devem ser satisfeitas pelo Estado para atender \u00e0s necessidades de todos os cidad\u00e3os e que devem ter sua produ\u00e7\u00e3o viabilizada nesses empreendimentos, mediante a utiliza\u00e7\u00e3o do poder de compra estatal.<\/p>\n<p>Sendo, portanto, a tecnologia social aquela tecnologia voltada \u00e0 inclus\u00e3o social, esperar\u00edamos que o seu desenvolvimento fosse uma das prioridades do governo, n\u00e3o \u00e9 mesmo? Ent\u00e3o, vejamos qual a prioridade da tecnologia social.<\/p>\n<p>No gr\u00e1fico abaixo est\u00e3o os gastos do Minist\u00e9rio de Ci\u00eancia e Tecnologia (MCT) com dois programas de seu Plano de A\u00e7\u00e3o em Ci\u00eancia, Tecnologia e Inova\u00e7\u00e3o (PACTI):<\/p>\n<p>Gastos com o PACTI, em R$ milh\u00f5es\/ano<\/p>\n<p><a class=\"moz-txt-link-freetext\" href=\"http:\/\/www.labjor.unicamp.br\/comciencia\/img\/tecnologia\/ar_silva1.JPG\"><img loading=\"lazy\" decoding=\"async\" class=\"alignnone\" src=\"http:\/\/www.labjor.unicamp.br\/comciencia\/img\/tecnologia\/ar_silva1.JPG\" alt=\"\" width=\"422\" height=\"254\" \/><br \/>\n<\/a><\/p>\n<p>Fonte: Minist\u00e9rio de Ci\u00eancia e Tecnologia (2010).<\/p>\n<p>O MCT gastou com subven\u00e7\u00e3o econ\u00f4mica \u00e0 empresa (deu dinheiro \u00e0s empresas para elas fazerem pesquisa, sem que precisassem reembolsar o governo) R$ 1,6 bilh\u00e3o entre 2007 e 2010. Ao passo que foram gastos somente R$ 327 milh\u00f5es com pesquisas de alguma forma ligadas \u00e0 inclus\u00e3o social. Como demonstram as linhas que contam as curvas do gr\u00e1fico, h\u00e1 uma tend\u00eancia de crescimento dos recursos para subven\u00e7\u00e3o econ\u00f4mica e de estagna\u00e7\u00e3o daqueles destinados \u00e0 inclus\u00e3o social.<\/p>\n<p>Vejamos tamb\u00e9m os gastos do governo com os programas Prime (Primeira Empresa Inovadora) e Proninc (Programa Nacional de Incubadoras de Cooperativas Populares):<\/p>\n<p>Gastos com o Prime e Proninc<\/p>\n<p><a class=\"moz-txt-link-freetext\" href=\"http:\/\/www.labjor.unicamp.br\/comciencia\/img\/tecnologia\/ar_silva2.JPG\"><img loading=\"lazy\" decoding=\"async\" class=\"alignnone\" src=\"http:\/\/www.labjor.unicamp.br\/comciencia\/img\/tecnologia\/ar_silva2.JPG\" alt=\"\" width=\"422\" height=\"253\" \/><br \/>\n<\/a><\/p>\n<p>Fonte: (1) Financiadora de Estudos e Projetos (2008 e 2009);<\/p>\n<p>(2) Minist\u00e9rio de Ci\u00eancia e Tecnologia (2010).<\/p>\n<p>O Proninc, cujo objetivo \u00e9 utilizar o conhecimento e a capacidade existentes nas universidades para a constitui\u00e7\u00e3o de empreendimentos solid\u00e1rios, recebeu 22 vezes menos recursos nesses tr\u00eas anos do que o Prime, que foi criado para oferecer condi\u00e7\u00f5es financeiras favor\u00e1veis para que empresas privadas de \u201calta tecnologia\u201d possam se consolidar no mercado.<\/p>\n<p>Como se observa, a tecnologia social n\u00e3o \u00e9 uma prioridade para o governo. Mas, sendo a tecnologia social fundamental para a inclus\u00e3o social, por que ela n\u00e3o \u00e9 prioridade? Para tentar entender por que ela n\u00e3o \u00e9 priorizada, vamos recorrer a uma tipologia sobre \u201ccora\u00e7\u00f5es\u201d e \u201cmentes\u201d, apresentada no diagrama abaixo.<\/p>\n<p>Tipologia das \u201cmentes\u201d e \u201ccora\u00e7\u00f5es\u201d<\/p>\n<p><a class=\"moz-txt-link-freetext\" href=\"http:\/\/www.labjor.unicamp.br\/comciencia\/img\/tecnologia\/ar_silva3.JPG\"><img loading=\"lazy\" decoding=\"async\" class=\"alignnone\" src=\"http:\/\/www.labjor.unicamp.br\/comciencia\/img\/tecnologia\/ar_silva3.JPG\" alt=\"\" width=\"421\" height=\"318\" \/><br \/>\n<\/a><\/p>\n<p>Na parte superior do diagrama, o quadrante direito representa um conjunto aparentemente vazio. \u00c9 muito pouco prov\u00e1vel que uma pessoa que se encontra satisfeita com a sociedade em que vive possa vir a questionar o modo como nela se produz a tecnologia.<\/p>\n<p>No quadrante superior esquerdo est\u00e3o aqueles que t\u00eam \u201ccora\u00e7\u00f5es e mentes cinzas\u201d. S\u00e3o aqueles que se dedicam \u00e0 forma\u00e7\u00e3o de estudantes com a \u201cmente cinza\u201d. A cor dos cora\u00e7\u00f5es dos estudantes aparentemente n\u00e3o importa a eles. Para eles, \u201ccora\u00e7\u00f5es\u201d n\u00e3o podem entrar no \u201cmundo da tecnologia\u201d. E \u00e9 at\u00e9 contr\u00e1rio \u00e0s normas do \u201cbom desenvolvimento da tecnologia\u201d deixar que considera\u00e7\u00f5es relativas ao \u201ccora\u00e7\u00e3o\u201d (ideologias, vis\u00f5es de mundo, interesses pol\u00edticos ou econ\u00f4micos etc.) interfiram nele.<\/p>\n<p>Na parte inferior do diagrama est\u00e3o aqueles que escolheram trabalhar com tecnologia social, que possuem um \u201ccora\u00e7\u00e3o vermelho\u201d, isto \u00e9, almejam uma sociedade mais justa.<\/p>\n<p>Mas a maioria dos \u201ccora\u00e7\u00f5es vermelhos\u201d tem uma \u201cmente cinza\u201d. Ou seja, n\u00e3o percebeu ainda que o conhecimento que possui, utiliza e difunde n\u00e3o \u00e9 capaz de produzir a sociedade que deseja. Essas pessoas est\u00e3o representadas no quadrante inferior esquerdo.<\/p>\n<p>S\u00e3o os de \u201ccora\u00e7\u00e3o vermelho e mente cinza\u201d aqueles que nos interessa melhor abordar aqui. Eles podem ser subdivididos em dois grupos: os que acreditam na \u00e9tica e os que consideram que apenas uma revolu\u00e7\u00e3o social pode fazer com que a tecnologia convencional (produzida pela ou para a empresa, poupadora de m\u00e3o de obra, intensiva em capital e, na maioria das vezes, causadora de danos ambientais) venha a beneficiar a sociedade.<\/p>\n<p>Os adeptos da \u00e9tica cr\u00eaem que a tecnologia convencional possa ser \u201cusada para o bem\u201d. Consideram que o controle em rela\u00e7\u00e3o ao uso da tecnologia, feito depois dela ser produzida, \u00e9 suficiente para que ela atenda aos interesses e necessidades da sociedade.<\/p>\n<p>Os que acreditam no caminho da revolu\u00e7\u00e3o dizem que \u201ca tecnologia que hoje oprime a sociedade, amanh\u00e3, quando \u2018apropriada\u2019 pelos trabalhadores, os liberar\u00e1 e os conduzir\u00e1 a uma vida melhor\u201d.<\/p>\n<p>Devido a essas concep\u00e7\u00f5es sobre tecnologia, os de \u201ccora\u00e7\u00e3o vermelho e mente cinza\u201d n\u00e3o se mobilizam politicamente para neutralizar a influ\u00eancia dos \u201ccora\u00e7\u00f5es e mentes cinzas\u201d e tampouco se organizam para influenciar a forma\u00e7\u00e3o dos estudantes numa outra perspectiva. Contribuem, assim, para que \u201cmentes cinzas \u2018sem cora\u00e7\u00e3o\u2019 sejam formadas\u201d. Isto \u00e9, para a forma\u00e7\u00e3o de estudantes que consideram que \u201cassuntos do cora\u00e7\u00e3o\u201d, de natureza pol\u00edtica e ideol\u00f3gica, n\u00e3o devam ser misturados com o \u201cmundo da tecnologia\u201d.<\/p>\n<p>Aqueles de \u201ccora\u00e7\u00e3o vermelho e mente cinza\u201d n\u00e3o se sentem respons\u00e1veis por atuar na elabora\u00e7\u00e3o da pol\u00edtica p\u00fablica de ci\u00eancia e tecnologia. Mesmo sabendo que \u00e9 ela, em \u00faltima inst\u00e2ncia, que define o modo e o ritmo com que ocorre o desenvolvimento da tecnologia social. Por n\u00e3o se dedicarem a intervir nessa pol\u00edtica, os \u201ccora\u00e7\u00f5es vermelhos e mentes cinzas\u201d n\u00e3o conseguem fazer com que a tecnologia social seja priorizada pelo governo.<\/p>\n<p>\u201cAvermelhar mentes e cora\u00e7\u00f5es\u201d \u00e9 fundamental para fazer com que o governo priorize a tecnologia social. \u00c9 atuando na elabora\u00e7\u00e3o da pol\u00edtica p\u00fablica de ci\u00eancia e tecnologia e na forma\u00e7\u00e3o de estudantes com \u201cmentes vermelhas\u201d que se pode aumentar o ritmo de desenvolvimento de tecnologia voltada \u00e0 inclus\u00e3o social.<\/p>\n<p>Acreditamos que a tecnologia social pode desempenhar um papel estrat\u00e9gico para a constru\u00e7\u00e3o de uma sociedade melhor, e \u00e9 isso que justifica o tom provocativo, quase militante, que marca este artigo.<\/p>\n<p>* Rog\u00e9rio Bezerra da Silva e Renato Dagnino s\u00e3o pesquisadores do Grupo de An\u00e1lise de Pol\u00edticas de Inova\u00e7\u00e3o (Gapi) do Departamento de Pol\u00edtica Cient\u00edfica e Tecnol\u00f3gica da Unicamp.<\/p>\n<p>Fonte: <a href=\"http:\/\/www.comciencia.br\/comciencia\/?section=8&amp;edicao=70&amp;id=868\">Com Ci\u00eancia<\/a><\/p>\n","protected":false},"excerpt":{"rendered":"<p>Reportagem est\u00e1 na Com Ci\u00eancia. O que \u00e9 tecnologia social? \u00c9 aquela tecnologia que possibilita a produ\u00e7\u00e3o de bens e servi\u00e7os que atendam \u00e0s necessidades dos arranjos produtivos chamados empreendimentos solid\u00e1rios, que est\u00e3o sendo organizados pelos e para os \u201cexclu\u00eddos\u201d.<\/p>\n","protected":false},"author":1,"featured_media":0,"comment_status":"open","ping_status":"open","sticky":false,"template":"","format":"standard","meta":{"site-container-style":"default","site-container-layout":"default","site-sidebar-layout":"default","disable-article-header":"default","disable-site-header":"default","disable-site-footer":"default","disable-content-area-spacing":"default","footnotes":""},"categories":[48,4],"tags":[101],"class_list":["post-20983","post","type-post","status-publish","format-standard","hentry","category-inclusao","category-noticias","tag-tecnologias-sociais"],"yoast_head":"<!-- This site is optimized with the Yoast SEO plugin v27.5 - https:\/\/yoast.com\/product\/yoast-seo-wordpress\/ -->\n<title>Tecnologia social: aquela voltada para a inclus\u00e3o -<\/title>\n<meta name=\"robots\" content=\"index, follow, max-snippet:-1, max-image-preview:large, max-video-preview:-1\" \/>\n<link rel=\"canonical\" href=\"https:\/\/inclusivenews.com.br\/?p=20983\" \/>\n<meta property=\"og:locale\" content=\"pt_PT\" \/>\n<meta property=\"og:type\" content=\"article\" \/>\n<meta property=\"og:title\" content=\"Tecnologia social: aquela voltada para a inclus\u00e3o -\" \/>\n<meta property=\"og:description\" content=\"Reportagem est\u00e1 na Com Ci\u00eancia. O que \u00e9 tecnologia social? \u00c9 aquela tecnologia que possibilita a produ\u00e7\u00e3o de bens e servi\u00e7os que atendam \u00e0s necessidades dos arranjos produtivos chamados empreendimentos solid\u00e1rios, que est\u00e3o sendo organizados pelos e para os \u201cexclu\u00eddos\u201d.\" \/>\n<meta property=\"og:url\" content=\"https:\/\/inclusivenews.com.br\/?p=20983\" \/>\n<meta property=\"article:publisher\" content=\"https:\/\/www.facebook.com\/agenciainclusive\/\" \/>\n<meta property=\"article:published_time\" content=\"2011-09-15T02:35:01+00:00\" \/>\n<meta property=\"og:image\" content=\"http:\/\/inclusivenews.com.br\/wp-content\/uploads\/2011\/04\/tecnologia_social.jpg\" \/>\n<meta name=\"author\" content=\"inclusivenews2024\" \/>\n<meta name=\"twitter:card\" content=\"summary_large_image\" \/>\n<meta name=\"twitter:label1\" content=\"Escrito por\" \/>\n\t<meta name=\"twitter:data1\" content=\"inclusivenews2024\" \/>\n\t<meta name=\"twitter:label2\" content=\"Tempo estimado de leitura\" \/>\n\t<meta name=\"twitter:data2\" content=\"5 minutos\" \/>\n<script type=\"application\/ld+json\" class=\"yoast-schema-graph\">{\"@context\":\"https:\\\/\\\/schema.org\",\"@graph\":[{\"@type\":\"Article\",\"@id\":\"https:\\\/\\\/inclusivenews.com.br\\\/?p=20983#article\",\"isPartOf\":{\"@id\":\"https:\\\/\\\/inclusivenews.com.br\\\/?p=20983\"},\"author\":{\"name\":\"inclusivenews2024\",\"@id\":\"https:\\\/\\\/inclusivenews.com.br\\\/#\\\/schema\\\/person\\\/ae4ec7087559b8692fb33b6fffd2273b\"},\"headline\":\"Tecnologia social: aquela voltada para a inclus\u00e3o\",\"datePublished\":\"2011-09-15T02:35:01+00:00\",\"mainEntityOfPage\":{\"@id\":\"https:\\\/\\\/inclusivenews.com.br\\\/?p=20983\"},\"wordCount\":1060,\"commentCount\":0,\"publisher\":{\"@id\":\"https:\\\/\\\/inclusivenews.com.br\\\/#organization\"},\"image\":{\"@id\":\"https:\\\/\\\/inclusivenews.com.br\\\/?p=20983#primaryimage\"},\"thumbnailUrl\":\"http:\\\/\\\/inclusivenews.com.br\\\/wp-content\\\/uploads\\\/2011\\\/04\\\/tecnologia_social.jpg\",\"keywords\":[\"Tecnologias sociais\"],\"articleSection\":[\"INCLUS\u00c3O SOCIAL\",\"NOT\u00cdCIAS\"],\"inLanguage\":\"pt-PT\",\"potentialAction\":[{\"@type\":\"CommentAction\",\"name\":\"Comment\",\"target\":[\"https:\\\/\\\/inclusivenews.com.br\\\/?p=20983#respond\"]}]},{\"@type\":\"WebPage\",\"@id\":\"https:\\\/\\\/inclusivenews.com.br\\\/?p=20983\",\"url\":\"https:\\\/\\\/inclusivenews.com.br\\\/?p=20983\",\"name\":\"Tecnologia social: aquela voltada para a inclus\u00e3o -\",\"isPartOf\":{\"@id\":\"https:\\\/\\\/inclusivenews.com.br\\\/#website\"},\"primaryImageOfPage\":{\"@id\":\"https:\\\/\\\/inclusivenews.com.br\\\/?p=20983#primaryimage\"},\"image\":{\"@id\":\"https:\\\/\\\/inclusivenews.com.br\\\/?p=20983#primaryimage\"},\"thumbnailUrl\":\"http:\\\/\\\/inclusivenews.com.br\\\/wp-content\\\/uploads\\\/2011\\\/04\\\/tecnologia_social.jpg\",\"datePublished\":\"2011-09-15T02:35:01+00:00\",\"breadcrumb\":{\"@id\":\"https:\\\/\\\/inclusivenews.com.br\\\/?p=20983#breadcrumb\"},\"inLanguage\":\"pt-PT\",\"potentialAction\":[{\"@type\":\"ReadAction\",\"target\":[\"https:\\\/\\\/inclusivenews.com.br\\\/?p=20983\"]}]},{\"@type\":\"ImageObject\",\"inLanguage\":\"pt-PT\",\"@id\":\"https:\\\/\\\/inclusivenews.com.br\\\/?p=20983#primaryimage\",\"url\":\"\",\"contentUrl\":\"\"},{\"@type\":\"BreadcrumbList\",\"@id\":\"https:\\\/\\\/inclusivenews.com.br\\\/?p=20983#breadcrumb\",\"itemListElement\":[{\"@type\":\"ListItem\",\"position\":1,\"name\":\"In\u00edcio\",\"item\":\"https:\\\/\\\/inclusivenews.com.br\\\/\"},{\"@type\":\"ListItem\",\"position\":2,\"name\":\"Tecnologia social: aquela voltada para a inclus\u00e3o\"}]},{\"@type\":\"WebSite\",\"@id\":\"https:\\\/\\\/inclusivenews.com.br\\\/#website\",\"url\":\"https:\\\/\\\/inclusivenews.com.br\\\/\",\"name\":\"Inclusive News\",\"description\":\"Inclusive News\",\"publisher\":{\"@id\":\"https:\\\/\\\/inclusivenews.com.br\\\/#organization\"},\"potentialAction\":[{\"@type\":\"SearchAction\",\"target\":{\"@type\":\"EntryPoint\",\"urlTemplate\":\"https:\\\/\\\/inclusivenews.com.br\\\/?s={search_term_string}\"},\"query-input\":{\"@type\":\"PropertyValueSpecification\",\"valueRequired\":true,\"valueName\":\"search_term_string\"}}],\"inLanguage\":\"pt-PT\"},{\"@type\":\"Organization\",\"@id\":\"https:\\\/\\\/inclusivenews.com.br\\\/#organization\",\"name\":\"Inclusive - inclus\u00e3o e cidadania\",\"url\":\"https:\\\/\\\/inclusivenews.com.br\\\/\",\"logo\":{\"@type\":\"ImageObject\",\"inLanguage\":\"pt-PT\",\"@id\":\"https:\\\/\\\/inclusivenews.com.br\\\/#\\\/schema\\\/logo\\\/image\\\/\",\"url\":\"https:\\\/\\\/inclusivenews.com.br\\\/wp-content\\\/uploads\\\/2024\\\/03\\\/@grandesite.png\",\"contentUrl\":\"https:\\\/\\\/inclusivenews.com.br\\\/wp-content\\\/uploads\\\/2024\\\/03\\\/@grandesite.png\",\"width\":1080,\"height\":1080,\"caption\":\"Inclusive - inclus\u00e3o e cidadania\"},\"image\":{\"@id\":\"https:\\\/\\\/inclusivenews.com.br\\\/#\\\/schema\\\/logo\\\/image\\\/\"},\"sameAs\":[\"https:\\\/\\\/www.facebook.com\\\/agenciainclusive\\\/\",\"https:\\\/\\\/www.instagram.com\\\/newsinclusive\\\/\"]},{\"@type\":\"Person\",\"@id\":\"https:\\\/\\\/inclusivenews.com.br\\\/#\\\/schema\\\/person\\\/ae4ec7087559b8692fb33b6fffd2273b\",\"name\":\"inclusivenews2024\",\"image\":{\"@type\":\"ImageObject\",\"inLanguage\":\"pt-PT\",\"@id\":\"https:\\\/\\\/secure.gravatar.com\\\/avatar\\\/c5a7ef84c66fa914f55bc4f7ce26cfa275a3b9a1c5568b907bd184fb4dde7b40?s=96&d=mm&r=g\",\"url\":\"https:\\\/\\\/secure.gravatar.com\\\/avatar\\\/c5a7ef84c66fa914f55bc4f7ce26cfa275a3b9a1c5568b907bd184fb4dde7b40?s=96&d=mm&r=g\",\"contentUrl\":\"https:\\\/\\\/secure.gravatar.com\\\/avatar\\\/c5a7ef84c66fa914f55bc4f7ce26cfa275a3b9a1c5568b907bd184fb4dde7b40?s=96&d=mm&r=g\",\"caption\":\"inclusivenews2024\"},\"sameAs\":[\"https:\\\/\\\/inclusivenews.com.br\"],\"url\":\"https:\\\/\\\/inclusivenews.com.br\\\/?author=1\"}]}<\/script>\n<!-- \/ Yoast SEO plugin. -->","yoast_head_json":{"title":"Tecnologia social: aquela voltada para a inclus\u00e3o -","robots":{"index":"index","follow":"follow","max-snippet":"max-snippet:-1","max-image-preview":"max-image-preview:large","max-video-preview":"max-video-preview:-1"},"canonical":"https:\/\/inclusivenews.com.br\/?p=20983","og_locale":"pt_PT","og_type":"article","og_title":"Tecnologia social: aquela voltada para a inclus\u00e3o -","og_description":"Reportagem est\u00e1 na Com Ci\u00eancia. O que \u00e9 tecnologia social? \u00c9 aquela tecnologia que possibilita a produ\u00e7\u00e3o de bens e servi\u00e7os que atendam \u00e0s necessidades dos arranjos produtivos chamados empreendimentos solid\u00e1rios, que est\u00e3o sendo organizados pelos e para os \u201cexclu\u00eddos\u201d.","og_url":"https:\/\/inclusivenews.com.br\/?p=20983","article_publisher":"https:\/\/www.facebook.com\/agenciainclusive\/","article_published_time":"2011-09-15T02:35:01+00:00","og_image":[{"url":"http:\/\/inclusivenews.com.br\/wp-content\/uploads\/2011\/04\/tecnologia_social.jpg","type":"","width":"","height":""}],"author":"inclusivenews2024","twitter_card":"summary_large_image","twitter_misc":{"Escrito por":"inclusivenews2024","Tempo estimado de leitura":"5 minutos"},"schema":{"@context":"https:\/\/schema.org","@graph":[{"@type":"Article","@id":"https:\/\/inclusivenews.com.br\/?p=20983#article","isPartOf":{"@id":"https:\/\/inclusivenews.com.br\/?p=20983"},"author":{"name":"inclusivenews2024","@id":"https:\/\/inclusivenews.com.br\/#\/schema\/person\/ae4ec7087559b8692fb33b6fffd2273b"},"headline":"Tecnologia social: aquela voltada para a inclus\u00e3o","datePublished":"2011-09-15T02:35:01+00:00","mainEntityOfPage":{"@id":"https:\/\/inclusivenews.com.br\/?p=20983"},"wordCount":1060,"commentCount":0,"publisher":{"@id":"https:\/\/inclusivenews.com.br\/#organization"},"image":{"@id":"https:\/\/inclusivenews.com.br\/?p=20983#primaryimage"},"thumbnailUrl":"http:\/\/inclusivenews.com.br\/wp-content\/uploads\/2011\/04\/tecnologia_social.jpg","keywords":["Tecnologias sociais"],"articleSection":["INCLUS\u00c3O SOCIAL","NOT\u00cdCIAS"],"inLanguage":"pt-PT","potentialAction":[{"@type":"CommentAction","name":"Comment","target":["https:\/\/inclusivenews.com.br\/?p=20983#respond"]}]},{"@type":"WebPage","@id":"https:\/\/inclusivenews.com.br\/?p=20983","url":"https:\/\/inclusivenews.com.br\/?p=20983","name":"Tecnologia social: aquela voltada para a inclus\u00e3o -","isPartOf":{"@id":"https:\/\/inclusivenews.com.br\/#website"},"primaryImageOfPage":{"@id":"https:\/\/inclusivenews.com.br\/?p=20983#primaryimage"},"image":{"@id":"https:\/\/inclusivenews.com.br\/?p=20983#primaryimage"},"thumbnailUrl":"http:\/\/inclusivenews.com.br\/wp-content\/uploads\/2011\/04\/tecnologia_social.jpg","datePublished":"2011-09-15T02:35:01+00:00","breadcrumb":{"@id":"https:\/\/inclusivenews.com.br\/?p=20983#breadcrumb"},"inLanguage":"pt-PT","potentialAction":[{"@type":"ReadAction","target":["https:\/\/inclusivenews.com.br\/?p=20983"]}]},{"@type":"ImageObject","inLanguage":"pt-PT","@id":"https:\/\/inclusivenews.com.br\/?p=20983#primaryimage","url":"","contentUrl":""},{"@type":"BreadcrumbList","@id":"https:\/\/inclusivenews.com.br\/?p=20983#breadcrumb","itemListElement":[{"@type":"ListItem","position":1,"name":"In\u00edcio","item":"https:\/\/inclusivenews.com.br\/"},{"@type":"ListItem","position":2,"name":"Tecnologia social: aquela voltada para a inclus\u00e3o"}]},{"@type":"WebSite","@id":"https:\/\/inclusivenews.com.br\/#website","url":"https:\/\/inclusivenews.com.br\/","name":"Inclusive News","description":"Inclusive News","publisher":{"@id":"https:\/\/inclusivenews.com.br\/#organization"},"potentialAction":[{"@type":"SearchAction","target":{"@type":"EntryPoint","urlTemplate":"https:\/\/inclusivenews.com.br\/?s={search_term_string}"},"query-input":{"@type":"PropertyValueSpecification","valueRequired":true,"valueName":"search_term_string"}}],"inLanguage":"pt-PT"},{"@type":"Organization","@id":"https:\/\/inclusivenews.com.br\/#organization","name":"Inclusive - inclus\u00e3o e cidadania","url":"https:\/\/inclusivenews.com.br\/","logo":{"@type":"ImageObject","inLanguage":"pt-PT","@id":"https:\/\/inclusivenews.com.br\/#\/schema\/logo\/image\/","url":"https:\/\/inclusivenews.com.br\/wp-content\/uploads\/2024\/03\/@grandesite.png","contentUrl":"https:\/\/inclusivenews.com.br\/wp-content\/uploads\/2024\/03\/@grandesite.png","width":1080,"height":1080,"caption":"Inclusive - inclus\u00e3o e cidadania"},"image":{"@id":"https:\/\/inclusivenews.com.br\/#\/schema\/logo\/image\/"},"sameAs":["https:\/\/www.facebook.com\/agenciainclusive\/","https:\/\/www.instagram.com\/newsinclusive\/"]},{"@type":"Person","@id":"https:\/\/inclusivenews.com.br\/#\/schema\/person\/ae4ec7087559b8692fb33b6fffd2273b","name":"inclusivenews2024","image":{"@type":"ImageObject","inLanguage":"pt-PT","@id":"https:\/\/secure.gravatar.com\/avatar\/c5a7ef84c66fa914f55bc4f7ce26cfa275a3b9a1c5568b907bd184fb4dde7b40?s=96&d=mm&r=g","url":"https:\/\/secure.gravatar.com\/avatar\/c5a7ef84c66fa914f55bc4f7ce26cfa275a3b9a1c5568b907bd184fb4dde7b40?s=96&d=mm&r=g","contentUrl":"https:\/\/secure.gravatar.com\/avatar\/c5a7ef84c66fa914f55bc4f7ce26cfa275a3b9a1c5568b907bd184fb4dde7b40?s=96&d=mm&r=g","caption":"inclusivenews2024"},"sameAs":["https:\/\/inclusivenews.com.br"],"url":"https:\/\/inclusivenews.com.br\/?author=1"}]}},"_links":{"self":[{"href":"https:\/\/inclusivenews.com.br\/index.php?rest_route=\/wp\/v2\/posts\/20983","targetHints":{"allow":["GET"]}}],"collection":[{"href":"https:\/\/inclusivenews.com.br\/index.php?rest_route=\/wp\/v2\/posts"}],"about":[{"href":"https:\/\/inclusivenews.com.br\/index.php?rest_route=\/wp\/v2\/types\/post"}],"author":[{"embeddable":true,"href":"https:\/\/inclusivenews.com.br\/index.php?rest_route=\/wp\/v2\/users\/1"}],"replies":[{"embeddable":true,"href":"https:\/\/inclusivenews.com.br\/index.php?rest_route=%2Fwp%2Fv2%2Fcomments&post=20983"}],"version-history":[{"count":0,"href":"https:\/\/inclusivenews.com.br\/index.php?rest_route=\/wp\/v2\/posts\/20983\/revisions"}],"wp:attachment":[{"href":"https:\/\/inclusivenews.com.br\/index.php?rest_route=%2Fwp%2Fv2%2Fmedia&parent=20983"}],"wp:term":[{"taxonomy":"category","embeddable":true,"href":"https:\/\/inclusivenews.com.br\/index.php?rest_route=%2Fwp%2Fv2%2Fcategories&post=20983"},{"taxonomy":"post_tag","embeddable":true,"href":"https:\/\/inclusivenews.com.br\/index.php?rest_route=%2Fwp%2Fv2%2Ftags&post=20983"}],"curies":[{"name":"wp","href":"https:\/\/api.w.org\/{rel}","templated":true}]}}