{"id":20996,"date":"2011-09-14T23:18:55","date_gmt":"2011-09-15T02:18:55","guid":{"rendered":"http:\/\/www.inclusive.org.br\/?p=20996"},"modified":"2011-09-14T23:18:55","modified_gmt":"2011-09-15T02:18:55","slug":"conectas-e-icj-publicam-relatorio-sobre-empresas-brasileiras-e-direitos-humanos","status":"publish","type":"post","link":"https:\/\/inclusivenews.com.br\/?p=20996","title":{"rendered":"Conectas e ICJ publicam relat\u00f3rio sobre empresas brasileiras e direitos humanos"},"content":{"rendered":"<figure style=\"width: 304px\" class=\"wp-caption alignleft\"><img loading=\"lazy\" decoding=\"async\" class=\" \" title=\"Conectas - direitos humanos\" src=\"http:\/\/www.comunidadesegura.org\/files\/\/active\/1\/logo_conectas.jpg\" alt=\"Conectas - direitos humanos\" width=\"304\" height=\"104\" \/><figcaption class=\"wp-caption-text\"> <\/figcaption><\/figure>\n<p>Conectas Direitos Humanos e a Comiss\u00e3o Internacional de Juristas (ICJ, sigla em ingl\u00eas) lan\u00e7am o relat\u00f3rio \u201cAcesso \u00e0 Justi\u00e7a: Viola\u00e7\u00f5es de Direitos Humanos por Empresas no Brasil\u201d. Trata-se de uma pesquisa in\u00e9dita que teve como objetivo mapear os instrumentos jur\u00eddicos dispon\u00edveis no Brasil, tanto para regula\u00e7\u00e3o do impacto em direitos humanos da atividade empresarial, quanto para eventual responsabiliza\u00e7\u00e3o de empresas por viola\u00e7\u00f5es a estes direitos.<\/p>\n<p>Esta publica\u00e7\u00e3o integra o projeto \u201cAcesso \u00e0 justi\u00e7a e rem\u00e9dios legais para viola\u00e7\u00e3o de direitos humanos envolvendo empresas\u201d, organizado pela Comiss\u00e3o Internacional de Juristas, com sede em Genebra. Tal projeto visa a pesquisar, em diversos pa\u00edses, de que forma se desenvolve a judicializa\u00e7\u00e3o de viola\u00e7\u00f5es de direitos humanos envolvendo empresas.<\/p>\n<p>O relat\u00f3rio \u00e9 fruto de uma pesquisa realizada em 2010 e est\u00e1 dividida em duas partes: em primeiro lugar, a pesquisa analisa a legisla\u00e7\u00e3o e a doutrina brasileiras para mapear o marco normativo sobre empresas e direitos humanos existente no pa\u00eds e, em segundo lugar, o relat\u00f3rio apresenta casos paradigm\u00e1ticos sobre viola\u00e7\u00f5es de direitos humanos envolvendo empresas. Os resultados da pesquisa foram submetidos \u00e0 discuss\u00e3o com a comunidade empresarial, acad\u00eamica e de direitos humanos por meio de entrevistas e de dois encontros, que aconteceram em agosto de 2010 e em mar\u00e7o de 2011 .<\/p>\n<p>Para o coordenador da pesquisa pela Direito GV e membro do Conselho Deliberativo da Conectas, Oscar Vilhena Vieira, \u201cse no passado as viola\u00e7\u00f5es de direitos humanos estavam associadas apenas a pr\u00e1ticas estatais, com a expans\u00e3o do setor empresarial e a fragiliza\u00e7\u00e3o da esfera p\u00fablica, em muitos pa\u00edses, devemos estar cada vez mais atentos para pr\u00e1ticas corporativas que podem violar os direitos humanos de largas parcelas da popula\u00e7\u00e3o. Esta pesquisa busca tra\u00e7ar um panorama desse fen\u00f4meno, dos mecanismos jur\u00eddicos que regulam a rela\u00e7\u00e3o das empresas com os direitos humanos, assim como das efic\u00e1cias das institui\u00e7\u00f5es e rem\u00e9dios legais no enfrentamento deste problema no Brasil\u201d.<\/p>\n<p>A partir da an\u00e1lise do marco normativo brasileiro e de casos paradigm\u00e1ticos, o relat\u00f3rio conclui que o Termo de Ajustamento de Conduta (TAC), por ser um instrumento quase judicial mais c\u00e9lere, e a a\u00e7\u00e3o civil p\u00fablica, por seu car\u00e1ter coletivo, s\u00e3o os recursos mais eficazes na responsabiliza\u00e7\u00e3o de empresas por viola\u00e7\u00f5es de direitos humanos no Brasil. A pesquisa tamb\u00e9m destaca o papel fundamental desempenhado pelo Minist\u00e9rio P\u00fablico, agencias reguladoras e outras inst\u00e2ncias al\u00e9m do pr\u00f3prio Judici\u00e1rio.<\/p>\n<p>No que diz respeito a recomenda\u00e7\u00f5es para melhoria do marco normativo referente a empresas e direitos humanos no Brasil, a pesquisa sugere que seja fortalecido o papel da Defensoria P\u00fablica na prote\u00e7\u00e3o de direitos, e o da sociedade civil na promo\u00e7\u00e3o de lit\u00edgio estrat\u00e9gico. Recomendam-se medidas para a celeridade processual, o fortalecimento dos mecanismos de fiscaliza\u00e7\u00e3o, entre outras.<\/p>\n<p>Carlos Lopez, coordenador da pesquisa do ICJ, destaca que \u201co estudo demonstra que devem ser realizadas importantes mudan\u00e7as legislativas e judiciais e que corresponde ao governo tomar as medidas necess\u00e1rias sem demora\u201d.<\/p>\n<p><a class=\"ext\" href=\"http:\/\/www.icj.org\/dwn\/database\/Brasil-Report-August2011.pdf\" target=\"_blank\" rel=\"noopener\">Clique aqui para ter acesso \u00e0 \u00edntegra do relat\u00f3rio (em portugu\u00eas)<\/a>.<\/p>\n<p><a class=\"ext\" href=\"http:\/\/www.icj.org\/dwn\/database\/ExecSumm-ElecDistJuly2011.pdf\" target=\"_blank\" rel=\"noopener\">Clique aqui para ler o sum\u00e1rio executivo da pesquisa (em ingl\u00eas)<\/a>.<\/p>\n<p>Fonte: <a href=\"http:\/\/www.conectas.org\/artigo-1\/conectas-e-icj-publicam-relatorio-sobre-empresas-brasileiras-e-direitos-humanos\">Conectas<\/a><\/p>\n","protected":false},"excerpt":{"rendered":"<p>Trata-se de uma pesquisa in\u00e9dita que teve como objetivo mapear os instrumentos jur\u00eddicos dispon\u00edveis no Brasil, tanto para regula\u00e7\u00e3o do impacto em direitos humanos da atividade empresarial, quanto para eventual responsabiliza\u00e7\u00e3o de empresas por viola\u00e7\u00f5es a estes direitos.<\/p>\n","protected":false},"author":1,"featured_media":0,"comment_status":"open","ping_status":"open","sticky":false,"template":"","format":"standard","meta":{"site-container-style":"default","site-container-layout":"default","site-sidebar-layout":"default","disable-article-header":"default","disable-site-header":"default","disable-site-footer":"default","disable-content-area-spacing":"default","footnotes":""},"categories":[11,4,10,117],"tags":[],"class_list":["post-20996","post","type-post","status-publish","format-standard","hentry","category-direitos-humanos","category-noticias","category-publicacoes","category-relatorios"],"yoast_head":"<!-- This site is optimized with the Yoast SEO plugin v27.5 - https:\/\/yoast.com\/product\/yoast-seo-wordpress\/ -->\n<title>Conectas e ICJ publicam relat\u00f3rio sobre empresas brasileiras e direitos humanos -<\/title>\n<meta name=\"robots\" content=\"index, follow, max-snippet:-1, max-image-preview:large, max-video-preview:-1\" \/>\n<link rel=\"canonical\" href=\"https:\/\/inclusivenews.com.br\/?p=20996\" \/>\n<meta property=\"og:locale\" content=\"pt_PT\" \/>\n<meta property=\"og:type\" content=\"article\" \/>\n<meta property=\"og:title\" content=\"Conectas e ICJ publicam relat\u00f3rio sobre empresas brasileiras e direitos humanos -\" \/>\n<meta property=\"og:description\" content=\"Trata-se de uma pesquisa in\u00e9dita que teve como objetivo mapear os instrumentos jur\u00eddicos dispon\u00edveis no Brasil, tanto para regula\u00e7\u00e3o do impacto em direitos humanos da atividade empresarial, quanto para eventual responsabiliza\u00e7\u00e3o de empresas por viola\u00e7\u00f5es a estes direitos.\" \/>\n<meta property=\"og:url\" content=\"https:\/\/inclusivenews.com.br\/?p=20996\" \/>\n<meta property=\"article:publisher\" content=\"https:\/\/www.facebook.com\/agenciainclusive\/\" \/>\n<meta property=\"article:published_time\" content=\"2011-09-15T02:18:55+00:00\" \/>\n<meta property=\"og:image\" content=\"http:\/\/www.comunidadesegura.org\/files\/\/active\/1\/logo_conectas.jpg\" \/>\n<meta name=\"author\" content=\"inclusivenews2024\" \/>\n<meta name=\"twitter:card\" content=\"summary_large_image\" \/>\n<meta name=\"twitter:label1\" content=\"Escrito por\" \/>\n\t<meta name=\"twitter:data1\" content=\"inclusivenews2024\" \/>\n\t<meta name=\"twitter:label2\" content=\"Tempo estimado de leitura\" \/>\n\t<meta name=\"twitter:data2\" content=\"3 minutos\" \/>\n<script type=\"application\/ld+json\" class=\"yoast-schema-graph\">{\"@context\":\"https:\\\/\\\/schema.org\",\"@graph\":[{\"@type\":\"Article\",\"@id\":\"https:\\\/\\\/inclusivenews.com.br\\\/?p=20996#article\",\"isPartOf\":{\"@id\":\"https:\\\/\\\/inclusivenews.com.br\\\/?p=20996\"},\"author\":{\"name\":\"inclusivenews2024\",\"@id\":\"https:\\\/\\\/inclusivenews.com.br\\\/#\\\/schema\\\/person\\\/ae4ec7087559b8692fb33b6fffd2273b\"},\"headline\":\"Conectas e ICJ publicam relat\u00f3rio sobre empresas brasileiras e direitos humanos\",\"datePublished\":\"2011-09-15T02:18:55+00:00\",\"mainEntityOfPage\":{\"@id\":\"https:\\\/\\\/inclusivenews.com.br\\\/?p=20996\"},\"wordCount\":586,\"commentCount\":0,\"publisher\":{\"@id\":\"https:\\\/\\\/inclusivenews.com.br\\\/#organization\"},\"image\":{\"@id\":\"https:\\\/\\\/inclusivenews.com.br\\\/?p=20996#primaryimage\"},\"thumbnailUrl\":\"http:\\\/\\\/www.comunidadesegura.org\\\/files\\\/\\\/active\\\/1\\\/logo_conectas.jpg\",\"articleSection\":[\"DIREITOS HUMANOS\",\"NOT\u00cdCIAS\",\"PUBLICA\u00c7\u00d5ES\",\"Relat\u00f3rios\"],\"inLanguage\":\"pt-PT\",\"potentialAction\":[{\"@type\":\"CommentAction\",\"name\":\"Comment\",\"target\":[\"https:\\\/\\\/inclusivenews.com.br\\\/?p=20996#respond\"]}]},{\"@type\":\"WebPage\",\"@id\":\"https:\\\/\\\/inclusivenews.com.br\\\/?p=20996\",\"url\":\"https:\\\/\\\/inclusivenews.com.br\\\/?p=20996\",\"name\":\"Conectas e ICJ publicam relat\u00f3rio sobre empresas brasileiras e direitos humanos -\",\"isPartOf\":{\"@id\":\"https:\\\/\\\/inclusivenews.com.br\\\/#website\"},\"primaryImageOfPage\":{\"@id\":\"https:\\\/\\\/inclusivenews.com.br\\\/?p=20996#primaryimage\"},\"image\":{\"@id\":\"https:\\\/\\\/inclusivenews.com.br\\\/?p=20996#primaryimage\"},\"thumbnailUrl\":\"http:\\\/\\\/www.comunidadesegura.org\\\/files\\\/\\\/active\\\/1\\\/logo_conectas.jpg\",\"datePublished\":\"2011-09-15T02:18:55+00:00\",\"breadcrumb\":{\"@id\":\"https:\\\/\\\/inclusivenews.com.br\\\/?p=20996#breadcrumb\"},\"inLanguage\":\"pt-PT\",\"potentialAction\":[{\"@type\":\"ReadAction\",\"target\":[\"https:\\\/\\\/inclusivenews.com.br\\\/?p=20996\"]}]},{\"@type\":\"ImageObject\",\"inLanguage\":\"pt-PT\",\"@id\":\"https:\\\/\\\/inclusivenews.com.br\\\/?p=20996#primaryimage\",\"url\":\"http:\\\/\\\/www.comunidadesegura.org\\\/files\\\/\\\/active\\\/1\\\/logo_conectas.jpg\",\"contentUrl\":\"http:\\\/\\\/www.comunidadesegura.org\\\/files\\\/\\\/active\\\/1\\\/logo_conectas.jpg\"},{\"@type\":\"BreadcrumbList\",\"@id\":\"https:\\\/\\\/inclusivenews.com.br\\\/?p=20996#breadcrumb\",\"itemListElement\":[{\"@type\":\"ListItem\",\"position\":1,\"name\":\"In\u00edcio\",\"item\":\"https:\\\/\\\/inclusivenews.com.br\\\/\"},{\"@type\":\"ListItem\",\"position\":2,\"name\":\"Conectas e ICJ publicam relat\u00f3rio sobre empresas brasileiras e direitos humanos\"}]},{\"@type\":\"WebSite\",\"@id\":\"https:\\\/\\\/inclusivenews.com.br\\\/#website\",\"url\":\"https:\\\/\\\/inclusivenews.com.br\\\/\",\"name\":\"Inclusive News\",\"description\":\"Inclusive News\",\"publisher\":{\"@id\":\"https:\\\/\\\/inclusivenews.com.br\\\/#organization\"},\"potentialAction\":[{\"@type\":\"SearchAction\",\"target\":{\"@type\":\"EntryPoint\",\"urlTemplate\":\"https:\\\/\\\/inclusivenews.com.br\\\/?s={search_term_string}\"},\"query-input\":{\"@type\":\"PropertyValueSpecification\",\"valueRequired\":true,\"valueName\":\"search_term_string\"}}],\"inLanguage\":\"pt-PT\"},{\"@type\":\"Organization\",\"@id\":\"https:\\\/\\\/inclusivenews.com.br\\\/#organization\",\"name\":\"Inclusive - inclus\u00e3o e cidadania\",\"url\":\"https:\\\/\\\/inclusivenews.com.br\\\/\",\"logo\":{\"@type\":\"ImageObject\",\"inLanguage\":\"pt-PT\",\"@id\":\"https:\\\/\\\/inclusivenews.com.br\\\/#\\\/schema\\\/logo\\\/image\\\/\",\"url\":\"https:\\\/\\\/inclusivenews.com.br\\\/wp-content\\\/uploads\\\/2024\\\/03\\\/@grandesite.png\",\"contentUrl\":\"https:\\\/\\\/inclusivenews.com.br\\\/wp-content\\\/uploads\\\/2024\\\/03\\\/@grandesite.png\",\"width\":1080,\"height\":1080,\"caption\":\"Inclusive - inclus\u00e3o e cidadania\"},\"image\":{\"@id\":\"https:\\\/\\\/inclusivenews.com.br\\\/#\\\/schema\\\/logo\\\/image\\\/\"},\"sameAs\":[\"https:\\\/\\\/www.facebook.com\\\/agenciainclusive\\\/\",\"https:\\\/\\\/www.instagram.com\\\/newsinclusive\\\/\"]},{\"@type\":\"Person\",\"@id\":\"https:\\\/\\\/inclusivenews.com.br\\\/#\\\/schema\\\/person\\\/ae4ec7087559b8692fb33b6fffd2273b\",\"name\":\"inclusivenews2024\",\"image\":{\"@type\":\"ImageObject\",\"inLanguage\":\"pt-PT\",\"@id\":\"https:\\\/\\\/secure.gravatar.com\\\/avatar\\\/c5a7ef84c66fa914f55bc4f7ce26cfa275a3b9a1c5568b907bd184fb4dde7b40?s=96&d=mm&r=g\",\"url\":\"https:\\\/\\\/secure.gravatar.com\\\/avatar\\\/c5a7ef84c66fa914f55bc4f7ce26cfa275a3b9a1c5568b907bd184fb4dde7b40?s=96&d=mm&r=g\",\"contentUrl\":\"https:\\\/\\\/secure.gravatar.com\\\/avatar\\\/c5a7ef84c66fa914f55bc4f7ce26cfa275a3b9a1c5568b907bd184fb4dde7b40?s=96&d=mm&r=g\",\"caption\":\"inclusivenews2024\"},\"sameAs\":[\"https:\\\/\\\/inclusivenews.com.br\"],\"url\":\"https:\\\/\\\/inclusivenews.com.br\\\/?author=1\"}]}<\/script>\n<!-- \/ Yoast SEO plugin. -->","yoast_head_json":{"title":"Conectas e ICJ publicam relat\u00f3rio sobre empresas brasileiras e direitos humanos -","robots":{"index":"index","follow":"follow","max-snippet":"max-snippet:-1","max-image-preview":"max-image-preview:large","max-video-preview":"max-video-preview:-1"},"canonical":"https:\/\/inclusivenews.com.br\/?p=20996","og_locale":"pt_PT","og_type":"article","og_title":"Conectas e ICJ publicam relat\u00f3rio sobre empresas brasileiras e direitos humanos -","og_description":"Trata-se de uma pesquisa in\u00e9dita que teve como objetivo mapear os instrumentos jur\u00eddicos dispon\u00edveis no Brasil, tanto para regula\u00e7\u00e3o do impacto em direitos humanos da atividade empresarial, quanto para eventual responsabiliza\u00e7\u00e3o de empresas por viola\u00e7\u00f5es a estes direitos.","og_url":"https:\/\/inclusivenews.com.br\/?p=20996","article_publisher":"https:\/\/www.facebook.com\/agenciainclusive\/","article_published_time":"2011-09-15T02:18:55+00:00","og_image":[{"url":"http:\/\/www.comunidadesegura.org\/files\/\/active\/1\/logo_conectas.jpg","type":"","width":"","height":""}],"author":"inclusivenews2024","twitter_card":"summary_large_image","twitter_misc":{"Escrito por":"inclusivenews2024","Tempo estimado de leitura":"3 minutos"},"schema":{"@context":"https:\/\/schema.org","@graph":[{"@type":"Article","@id":"https:\/\/inclusivenews.com.br\/?p=20996#article","isPartOf":{"@id":"https:\/\/inclusivenews.com.br\/?p=20996"},"author":{"name":"inclusivenews2024","@id":"https:\/\/inclusivenews.com.br\/#\/schema\/person\/ae4ec7087559b8692fb33b6fffd2273b"},"headline":"Conectas e ICJ publicam relat\u00f3rio sobre empresas brasileiras e direitos humanos","datePublished":"2011-09-15T02:18:55+00:00","mainEntityOfPage":{"@id":"https:\/\/inclusivenews.com.br\/?p=20996"},"wordCount":586,"commentCount":0,"publisher":{"@id":"https:\/\/inclusivenews.com.br\/#organization"},"image":{"@id":"https:\/\/inclusivenews.com.br\/?p=20996#primaryimage"},"thumbnailUrl":"http:\/\/www.comunidadesegura.org\/files\/\/active\/1\/logo_conectas.jpg","articleSection":["DIREITOS HUMANOS","NOT\u00cdCIAS","PUBLICA\u00c7\u00d5ES","Relat\u00f3rios"],"inLanguage":"pt-PT","potentialAction":[{"@type":"CommentAction","name":"Comment","target":["https:\/\/inclusivenews.com.br\/?p=20996#respond"]}]},{"@type":"WebPage","@id":"https:\/\/inclusivenews.com.br\/?p=20996","url":"https:\/\/inclusivenews.com.br\/?p=20996","name":"Conectas e ICJ publicam relat\u00f3rio sobre empresas brasileiras e direitos humanos -","isPartOf":{"@id":"https:\/\/inclusivenews.com.br\/#website"},"primaryImageOfPage":{"@id":"https:\/\/inclusivenews.com.br\/?p=20996#primaryimage"},"image":{"@id":"https:\/\/inclusivenews.com.br\/?p=20996#primaryimage"},"thumbnailUrl":"http:\/\/www.comunidadesegura.org\/files\/\/active\/1\/logo_conectas.jpg","datePublished":"2011-09-15T02:18:55+00:00","breadcrumb":{"@id":"https:\/\/inclusivenews.com.br\/?p=20996#breadcrumb"},"inLanguage":"pt-PT","potentialAction":[{"@type":"ReadAction","target":["https:\/\/inclusivenews.com.br\/?p=20996"]}]},{"@type":"ImageObject","inLanguage":"pt-PT","@id":"https:\/\/inclusivenews.com.br\/?p=20996#primaryimage","url":"http:\/\/www.comunidadesegura.org\/files\/\/active\/1\/logo_conectas.jpg","contentUrl":"http:\/\/www.comunidadesegura.org\/files\/\/active\/1\/logo_conectas.jpg"},{"@type":"BreadcrumbList","@id":"https:\/\/inclusivenews.com.br\/?p=20996#breadcrumb","itemListElement":[{"@type":"ListItem","position":1,"name":"In\u00edcio","item":"https:\/\/inclusivenews.com.br\/"},{"@type":"ListItem","position":2,"name":"Conectas e ICJ publicam relat\u00f3rio sobre empresas brasileiras e direitos humanos"}]},{"@type":"WebSite","@id":"https:\/\/inclusivenews.com.br\/#website","url":"https:\/\/inclusivenews.com.br\/","name":"Inclusive News","description":"Inclusive News","publisher":{"@id":"https:\/\/inclusivenews.com.br\/#organization"},"potentialAction":[{"@type":"SearchAction","target":{"@type":"EntryPoint","urlTemplate":"https:\/\/inclusivenews.com.br\/?s={search_term_string}"},"query-input":{"@type":"PropertyValueSpecification","valueRequired":true,"valueName":"search_term_string"}}],"inLanguage":"pt-PT"},{"@type":"Organization","@id":"https:\/\/inclusivenews.com.br\/#organization","name":"Inclusive - inclus\u00e3o e cidadania","url":"https:\/\/inclusivenews.com.br\/","logo":{"@type":"ImageObject","inLanguage":"pt-PT","@id":"https:\/\/inclusivenews.com.br\/#\/schema\/logo\/image\/","url":"https:\/\/inclusivenews.com.br\/wp-content\/uploads\/2024\/03\/@grandesite.png","contentUrl":"https:\/\/inclusivenews.com.br\/wp-content\/uploads\/2024\/03\/@grandesite.png","width":1080,"height":1080,"caption":"Inclusive - inclus\u00e3o e cidadania"},"image":{"@id":"https:\/\/inclusivenews.com.br\/#\/schema\/logo\/image\/"},"sameAs":["https:\/\/www.facebook.com\/agenciainclusive\/","https:\/\/www.instagram.com\/newsinclusive\/"]},{"@type":"Person","@id":"https:\/\/inclusivenews.com.br\/#\/schema\/person\/ae4ec7087559b8692fb33b6fffd2273b","name":"inclusivenews2024","image":{"@type":"ImageObject","inLanguage":"pt-PT","@id":"https:\/\/secure.gravatar.com\/avatar\/c5a7ef84c66fa914f55bc4f7ce26cfa275a3b9a1c5568b907bd184fb4dde7b40?s=96&d=mm&r=g","url":"https:\/\/secure.gravatar.com\/avatar\/c5a7ef84c66fa914f55bc4f7ce26cfa275a3b9a1c5568b907bd184fb4dde7b40?s=96&d=mm&r=g","contentUrl":"https:\/\/secure.gravatar.com\/avatar\/c5a7ef84c66fa914f55bc4f7ce26cfa275a3b9a1c5568b907bd184fb4dde7b40?s=96&d=mm&r=g","caption":"inclusivenews2024"},"sameAs":["https:\/\/inclusivenews.com.br"],"url":"https:\/\/inclusivenews.com.br\/?author=1"}]}},"_links":{"self":[{"href":"https:\/\/inclusivenews.com.br\/index.php?rest_route=\/wp\/v2\/posts\/20996","targetHints":{"allow":["GET"]}}],"collection":[{"href":"https:\/\/inclusivenews.com.br\/index.php?rest_route=\/wp\/v2\/posts"}],"about":[{"href":"https:\/\/inclusivenews.com.br\/index.php?rest_route=\/wp\/v2\/types\/post"}],"author":[{"embeddable":true,"href":"https:\/\/inclusivenews.com.br\/index.php?rest_route=\/wp\/v2\/users\/1"}],"replies":[{"embeddable":true,"href":"https:\/\/inclusivenews.com.br\/index.php?rest_route=%2Fwp%2Fv2%2Fcomments&post=20996"}],"version-history":[{"count":0,"href":"https:\/\/inclusivenews.com.br\/index.php?rest_route=\/wp\/v2\/posts\/20996\/revisions"}],"wp:attachment":[{"href":"https:\/\/inclusivenews.com.br\/index.php?rest_route=%2Fwp%2Fv2%2Fmedia&parent=20996"}],"wp:term":[{"taxonomy":"category","embeddable":true,"href":"https:\/\/inclusivenews.com.br\/index.php?rest_route=%2Fwp%2Fv2%2Fcategories&post=20996"},{"taxonomy":"post_tag","embeddable":true,"href":"https:\/\/inclusivenews.com.br\/index.php?rest_route=%2Fwp%2Fv2%2Ftags&post=20996"}],"curies":[{"name":"wp","href":"https:\/\/api.w.org\/{rel}","templated":true}]}}