{"id":21002,"date":"2011-09-14T23:19:26","date_gmt":"2011-09-15T02:19:26","guid":{"rendered":"http:\/\/www.inclusive.org.br\/?p=21002"},"modified":"2011-09-14T23:19:26","modified_gmt":"2011-09-15T02:19:26","slug":"o-negro-como-padrao-de-beleza","status":"publish","type":"post","link":"https:\/\/inclusivenews.com.br\/?p=21002","title":{"rendered":"O negro como padr\u00e3o de beleza"},"content":{"rendered":"<p><strong> <\/strong><\/p>\n<p><strong><\/p>\n<figure style=\"width: 320px\" class=\"wp-caption alignleft\"><img loading=\"lazy\" decoding=\"async\" title=\"Leila Lopes, a Miss Mundo\" src=\"http:\/\/oglobo.globo.com\/fotos\/2011\/09\/13\/13_MHB_cult_missangola.jpg\" alt=\"Leila Lopes, a Miss Mundo\" width=\"320\" height=\"200\" \/><figcaption class=\"wp-caption-text\"> <\/figcaption><\/figure>\n<p>Por Dojival Vieira<br \/>\nda Afropress<\/p>\n<p><\/strong><\/p>\n<p>A vit\u00f3ria da angolana Leila Lopes, eleita a mais bela mulher do mundo, representa muito neste Ano Internacional dos Afrodescendentes declarado pela ONU, e tem um significado ainda mais especial pelo fato dessa elei\u00e7\u00e3o ter acontecido no Brasil &#8211; pa\u00eds com maior popula\u00e7\u00e3o negra do mundo fora da \u00c1frica.<\/p>\n<p>N\u00e3o foi a primeira vez que uma mulher negra venceu. Em 1.977, Janelle \u201cPenny\u201d Comissiong Chow, de Trinidad Tobago, tornou-se a primeira negra a conquistar o Miss Universo. Mas foi a primeira vez que uma africana conquistou o t\u00edtulo em 60 anos de concurso.<\/p>\n<p>O fato acontece no Brasil, pa\u00eds em que apesar de sua popula\u00e7\u00e3o majoritariamente negra (somos 50,7% de pretos e pardos, de acordo com o Censo do IBGE 2010), ainda tem o loiro escandinavo, de olho azul, como modelo \u00fanico de beleza.<\/p>\n<p>O padr\u00e3o euroc\u00eantrico imposto tem sido o instrumento ideol\u00f3gico, por meio do qual o racismo destr\u00f3i a autoestima das crian\u00e7as negras, especialmente das meninas, v\u00edtimas do alisamento for\u00e7ado dos cabelos, da \u201cchapinha\u201d a que se auto-imp\u00f5em, mecanismos por meio dos quais buscam se adequar \u00e0 est\u00e9tica branca dominante.<\/p>\n<p>No Brasil do mito da democracia racial, ainda \u00e9 comum o uso da express\u00e3o \u201ccabelo ruim\u201d para se referir ao crespo dos cabelos negros.<\/p>\n<p>A elei\u00e7\u00e3o da Miss Angola como a mulher mais bela do mundo pode contribuir para o fim desta ditadura est\u00e9tica, contribuindo para a eleva\u00e7\u00e3o da autoestima de quem n\u00e3o se enquadra no padr\u00e3o euroc\u00eantrico dominante: negros, \u00edndios, orientais, ciganos etc.<\/p>\n<p>Com toda a certeza, o s\u00edmbolo em que a angolana se tornou a partir deste Miss Universo &#8211; e justo na cidade mais negra do mundo fora da \u00c1frica, que \u00e9 S\u00e3o Paulo &#8211; contribuir\u00e1 para que as meninas negras comecem a se libertar das &#8220;chapinhas&#8221; e, ao assumirem sua pr\u00f3pria est\u00e9tica, refor\u00e7ar e fortalecer sua auto-estima.<\/p>\n<p>Se somos v\u00e1rios, porque dever\u00edamos nos enquadrar em padr\u00f5es \u00fanicos? Se temos tantos modelos de beleza (brancos, negros, \u00edndios, orientais), porque devemos aceitar a ditadura de um \u00fanico &#8211; o loiro escandinavo -, heran\u00e7a das pol\u00edticas de branqueamento adotadas pelo Estado, notadamente, nas primeiras quatro d\u00e9cadas do s\u00e9culo XX?<\/p>\n<p>A hora \u00e9 agora: Brasil, mostra a tua cara!<\/p>\n<p>Nota da Reda\u00e7\u00e3o<\/p>\n<p>Na verdade, Leila Lopes \u00e9 a quarta mulher africana a se tornar Miss Universo. Antes dela, foram eleitas duas sul-africanas (ambas brancas) e uma de Botsuana. Veja mat\u00e9ria com entrevista da Miss Brasil, 1.989, Fl\u00e1via Cavalcante.<\/p>\n<p>Fonte: <a href=\"http:\/\/www.afropress.com\/editorial.asp\">Afropress<\/a><\/p>\n","protected":false},"excerpt":{"rendered":"<p>A vit\u00f3ria da angolana Leila Lopes, eleita a mais bela mulher do mundo, representa muito neste Ano Internacional dos Afrodescendentes. Da Afropress.<\/p>\n","protected":false},"author":1,"featured_media":0,"comment_status":"open","ping_status":"open","sticky":false,"template":"","format":"standard","meta":{"site-container-style":"default","site-container-layout":"default","site-sidebar-layout":"default","disable-article-header":"default","disable-site-header":"default","disable-site-footer":"default","disable-content-area-spacing":"default","footnotes":""},"categories":[4,41],"tags":[],"class_list":["post-21002","post","type-post","status-publish","format-standard","hentry","category-noticias","category-preconceito"],"yoast_head":"<!-- This site is optimized with the Yoast SEO plugin v27.5 - https:\/\/yoast.com\/product\/yoast-seo-wordpress\/ -->\n<title>O negro como padr\u00e3o de beleza -<\/title>\n<meta name=\"robots\" content=\"index, follow, max-snippet:-1, max-image-preview:large, max-video-preview:-1\" \/>\n<link rel=\"canonical\" href=\"https:\/\/inclusivenews.com.br\/?p=21002\" \/>\n<meta property=\"og:locale\" content=\"pt_PT\" \/>\n<meta property=\"og:type\" content=\"article\" \/>\n<meta property=\"og:title\" content=\"O negro como padr\u00e3o de beleza -\" \/>\n<meta property=\"og:description\" content=\"A vit\u00f3ria da angolana Leila Lopes, eleita a mais bela mulher do mundo, representa muito neste Ano Internacional dos Afrodescendentes. Da Afropress.\" \/>\n<meta property=\"og:url\" content=\"https:\/\/inclusivenews.com.br\/?p=21002\" \/>\n<meta property=\"article:publisher\" content=\"https:\/\/www.facebook.com\/agenciainclusive\/\" \/>\n<meta property=\"article:published_time\" content=\"2011-09-15T02:19:26+00:00\" \/>\n<meta property=\"og:image\" content=\"http:\/\/oglobo.globo.com\/fotos\/2011\/09\/13\/13_MHB_cult_missangola.jpg\" \/>\n<meta name=\"author\" content=\"inclusivenews2024\" \/>\n<meta name=\"twitter:card\" content=\"summary_large_image\" \/>\n<meta name=\"twitter:label1\" content=\"Escrito por\" \/>\n\t<meta name=\"twitter:data1\" content=\"inclusivenews2024\" \/>\n\t<meta name=\"twitter:label2\" content=\"Tempo estimado de leitura\" \/>\n\t<meta name=\"twitter:data2\" content=\"2 minutos\" \/>\n<script type=\"application\/ld+json\" class=\"yoast-schema-graph\">{\"@context\":\"https:\\\/\\\/schema.org\",\"@graph\":[{\"@type\":\"Article\",\"@id\":\"https:\\\/\\\/inclusivenews.com.br\\\/?p=21002#article\",\"isPartOf\":{\"@id\":\"https:\\\/\\\/inclusivenews.com.br\\\/?p=21002\"},\"author\":{\"name\":\"inclusivenews2024\",\"@id\":\"https:\\\/\\\/inclusivenews.com.br\\\/#\\\/schema\\\/person\\\/ae4ec7087559b8692fb33b6fffd2273b\"},\"headline\":\"O negro como padr\u00e3o de beleza\",\"datePublished\":\"2011-09-15T02:19:26+00:00\",\"mainEntityOfPage\":{\"@id\":\"https:\\\/\\\/inclusivenews.com.br\\\/?p=21002\"},\"wordCount\":450,\"commentCount\":0,\"publisher\":{\"@id\":\"https:\\\/\\\/inclusivenews.com.br\\\/#organization\"},\"image\":{\"@id\":\"https:\\\/\\\/inclusivenews.com.br\\\/?p=21002#primaryimage\"},\"thumbnailUrl\":\"http:\\\/\\\/oglobo.globo.com\\\/fotos\\\/2011\\\/09\\\/13\\\/13_MHB_cult_missangola.jpg\",\"articleSection\":[\"NOT\u00cdCIAS\",\"Preconceito\"],\"inLanguage\":\"pt-PT\",\"potentialAction\":[{\"@type\":\"CommentAction\",\"name\":\"Comment\",\"target\":[\"https:\\\/\\\/inclusivenews.com.br\\\/?p=21002#respond\"]}]},{\"@type\":\"WebPage\",\"@id\":\"https:\\\/\\\/inclusivenews.com.br\\\/?p=21002\",\"url\":\"https:\\\/\\\/inclusivenews.com.br\\\/?p=21002\",\"name\":\"O negro como padr\u00e3o de beleza -\",\"isPartOf\":{\"@id\":\"https:\\\/\\\/inclusivenews.com.br\\\/#website\"},\"primaryImageOfPage\":{\"@id\":\"https:\\\/\\\/inclusivenews.com.br\\\/?p=21002#primaryimage\"},\"image\":{\"@id\":\"https:\\\/\\\/inclusivenews.com.br\\\/?p=21002#primaryimage\"},\"thumbnailUrl\":\"http:\\\/\\\/oglobo.globo.com\\\/fotos\\\/2011\\\/09\\\/13\\\/13_MHB_cult_missangola.jpg\",\"datePublished\":\"2011-09-15T02:19:26+00:00\",\"breadcrumb\":{\"@id\":\"https:\\\/\\\/inclusivenews.com.br\\\/?p=21002#breadcrumb\"},\"inLanguage\":\"pt-PT\",\"potentialAction\":[{\"@type\":\"ReadAction\",\"target\":[\"https:\\\/\\\/inclusivenews.com.br\\\/?p=21002\"]}]},{\"@type\":\"ImageObject\",\"inLanguage\":\"pt-PT\",\"@id\":\"https:\\\/\\\/inclusivenews.com.br\\\/?p=21002#primaryimage\",\"url\":\"http:\\\/\\\/oglobo.globo.com\\\/fotos\\\/2011\\\/09\\\/13\\\/13_MHB_cult_missangola.jpg\",\"contentUrl\":\"http:\\\/\\\/oglobo.globo.com\\\/fotos\\\/2011\\\/09\\\/13\\\/13_MHB_cult_missangola.jpg\"},{\"@type\":\"BreadcrumbList\",\"@id\":\"https:\\\/\\\/inclusivenews.com.br\\\/?p=21002#breadcrumb\",\"itemListElement\":[{\"@type\":\"ListItem\",\"position\":1,\"name\":\"In\u00edcio\",\"item\":\"https:\\\/\\\/inclusivenews.com.br\\\/\"},{\"@type\":\"ListItem\",\"position\":2,\"name\":\"O negro como padr\u00e3o de beleza\"}]},{\"@type\":\"WebSite\",\"@id\":\"https:\\\/\\\/inclusivenews.com.br\\\/#website\",\"url\":\"https:\\\/\\\/inclusivenews.com.br\\\/\",\"name\":\"Inclusive News\",\"description\":\"Inclusive News\",\"publisher\":{\"@id\":\"https:\\\/\\\/inclusivenews.com.br\\\/#organization\"},\"potentialAction\":[{\"@type\":\"SearchAction\",\"target\":{\"@type\":\"EntryPoint\",\"urlTemplate\":\"https:\\\/\\\/inclusivenews.com.br\\\/?s={search_term_string}\"},\"query-input\":{\"@type\":\"PropertyValueSpecification\",\"valueRequired\":true,\"valueName\":\"search_term_string\"}}],\"inLanguage\":\"pt-PT\"},{\"@type\":\"Organization\",\"@id\":\"https:\\\/\\\/inclusivenews.com.br\\\/#organization\",\"name\":\"Inclusive - inclus\u00e3o e cidadania\",\"url\":\"https:\\\/\\\/inclusivenews.com.br\\\/\",\"logo\":{\"@type\":\"ImageObject\",\"inLanguage\":\"pt-PT\",\"@id\":\"https:\\\/\\\/inclusivenews.com.br\\\/#\\\/schema\\\/logo\\\/image\\\/\",\"url\":\"https:\\\/\\\/inclusivenews.com.br\\\/wp-content\\\/uploads\\\/2024\\\/03\\\/@grandesite.png\",\"contentUrl\":\"https:\\\/\\\/inclusivenews.com.br\\\/wp-content\\\/uploads\\\/2024\\\/03\\\/@grandesite.png\",\"width\":1080,\"height\":1080,\"caption\":\"Inclusive - inclus\u00e3o e cidadania\"},\"image\":{\"@id\":\"https:\\\/\\\/inclusivenews.com.br\\\/#\\\/schema\\\/logo\\\/image\\\/\"},\"sameAs\":[\"https:\\\/\\\/www.facebook.com\\\/agenciainclusive\\\/\",\"https:\\\/\\\/www.instagram.com\\\/newsinclusive\\\/\"]},{\"@type\":\"Person\",\"@id\":\"https:\\\/\\\/inclusivenews.com.br\\\/#\\\/schema\\\/person\\\/ae4ec7087559b8692fb33b6fffd2273b\",\"name\":\"inclusivenews2024\",\"image\":{\"@type\":\"ImageObject\",\"inLanguage\":\"pt-PT\",\"@id\":\"https:\\\/\\\/secure.gravatar.com\\\/avatar\\\/c5a7ef84c66fa914f55bc4f7ce26cfa275a3b9a1c5568b907bd184fb4dde7b40?s=96&d=mm&r=g\",\"url\":\"https:\\\/\\\/secure.gravatar.com\\\/avatar\\\/c5a7ef84c66fa914f55bc4f7ce26cfa275a3b9a1c5568b907bd184fb4dde7b40?s=96&d=mm&r=g\",\"contentUrl\":\"https:\\\/\\\/secure.gravatar.com\\\/avatar\\\/c5a7ef84c66fa914f55bc4f7ce26cfa275a3b9a1c5568b907bd184fb4dde7b40?s=96&d=mm&r=g\",\"caption\":\"inclusivenews2024\"},\"sameAs\":[\"https:\\\/\\\/inclusivenews.com.br\"],\"url\":\"https:\\\/\\\/inclusivenews.com.br\\\/?author=1\"}]}<\/script>\n<!-- \/ Yoast SEO plugin. -->","yoast_head_json":{"title":"O negro como padr\u00e3o de beleza -","robots":{"index":"index","follow":"follow","max-snippet":"max-snippet:-1","max-image-preview":"max-image-preview:large","max-video-preview":"max-video-preview:-1"},"canonical":"https:\/\/inclusivenews.com.br\/?p=21002","og_locale":"pt_PT","og_type":"article","og_title":"O negro como padr\u00e3o de beleza -","og_description":"A vit\u00f3ria da angolana Leila Lopes, eleita a mais bela mulher do mundo, representa muito neste Ano Internacional dos Afrodescendentes. Da Afropress.","og_url":"https:\/\/inclusivenews.com.br\/?p=21002","article_publisher":"https:\/\/www.facebook.com\/agenciainclusive\/","article_published_time":"2011-09-15T02:19:26+00:00","og_image":[{"url":"http:\/\/oglobo.globo.com\/fotos\/2011\/09\/13\/13_MHB_cult_missangola.jpg","type":"","width":"","height":""}],"author":"inclusivenews2024","twitter_card":"summary_large_image","twitter_misc":{"Escrito por":"inclusivenews2024","Tempo estimado de leitura":"2 minutos"},"schema":{"@context":"https:\/\/schema.org","@graph":[{"@type":"Article","@id":"https:\/\/inclusivenews.com.br\/?p=21002#article","isPartOf":{"@id":"https:\/\/inclusivenews.com.br\/?p=21002"},"author":{"name":"inclusivenews2024","@id":"https:\/\/inclusivenews.com.br\/#\/schema\/person\/ae4ec7087559b8692fb33b6fffd2273b"},"headline":"O negro como padr\u00e3o de beleza","datePublished":"2011-09-15T02:19:26+00:00","mainEntityOfPage":{"@id":"https:\/\/inclusivenews.com.br\/?p=21002"},"wordCount":450,"commentCount":0,"publisher":{"@id":"https:\/\/inclusivenews.com.br\/#organization"},"image":{"@id":"https:\/\/inclusivenews.com.br\/?p=21002#primaryimage"},"thumbnailUrl":"http:\/\/oglobo.globo.com\/fotos\/2011\/09\/13\/13_MHB_cult_missangola.jpg","articleSection":["NOT\u00cdCIAS","Preconceito"],"inLanguage":"pt-PT","potentialAction":[{"@type":"CommentAction","name":"Comment","target":["https:\/\/inclusivenews.com.br\/?p=21002#respond"]}]},{"@type":"WebPage","@id":"https:\/\/inclusivenews.com.br\/?p=21002","url":"https:\/\/inclusivenews.com.br\/?p=21002","name":"O negro como padr\u00e3o de beleza -","isPartOf":{"@id":"https:\/\/inclusivenews.com.br\/#website"},"primaryImageOfPage":{"@id":"https:\/\/inclusivenews.com.br\/?p=21002#primaryimage"},"image":{"@id":"https:\/\/inclusivenews.com.br\/?p=21002#primaryimage"},"thumbnailUrl":"http:\/\/oglobo.globo.com\/fotos\/2011\/09\/13\/13_MHB_cult_missangola.jpg","datePublished":"2011-09-15T02:19:26+00:00","breadcrumb":{"@id":"https:\/\/inclusivenews.com.br\/?p=21002#breadcrumb"},"inLanguage":"pt-PT","potentialAction":[{"@type":"ReadAction","target":["https:\/\/inclusivenews.com.br\/?p=21002"]}]},{"@type":"ImageObject","inLanguage":"pt-PT","@id":"https:\/\/inclusivenews.com.br\/?p=21002#primaryimage","url":"http:\/\/oglobo.globo.com\/fotos\/2011\/09\/13\/13_MHB_cult_missangola.jpg","contentUrl":"http:\/\/oglobo.globo.com\/fotos\/2011\/09\/13\/13_MHB_cult_missangola.jpg"},{"@type":"BreadcrumbList","@id":"https:\/\/inclusivenews.com.br\/?p=21002#breadcrumb","itemListElement":[{"@type":"ListItem","position":1,"name":"In\u00edcio","item":"https:\/\/inclusivenews.com.br\/"},{"@type":"ListItem","position":2,"name":"O negro como padr\u00e3o de beleza"}]},{"@type":"WebSite","@id":"https:\/\/inclusivenews.com.br\/#website","url":"https:\/\/inclusivenews.com.br\/","name":"Inclusive News","description":"Inclusive News","publisher":{"@id":"https:\/\/inclusivenews.com.br\/#organization"},"potentialAction":[{"@type":"SearchAction","target":{"@type":"EntryPoint","urlTemplate":"https:\/\/inclusivenews.com.br\/?s={search_term_string}"},"query-input":{"@type":"PropertyValueSpecification","valueRequired":true,"valueName":"search_term_string"}}],"inLanguage":"pt-PT"},{"@type":"Organization","@id":"https:\/\/inclusivenews.com.br\/#organization","name":"Inclusive - inclus\u00e3o e cidadania","url":"https:\/\/inclusivenews.com.br\/","logo":{"@type":"ImageObject","inLanguage":"pt-PT","@id":"https:\/\/inclusivenews.com.br\/#\/schema\/logo\/image\/","url":"https:\/\/inclusivenews.com.br\/wp-content\/uploads\/2024\/03\/@grandesite.png","contentUrl":"https:\/\/inclusivenews.com.br\/wp-content\/uploads\/2024\/03\/@grandesite.png","width":1080,"height":1080,"caption":"Inclusive - inclus\u00e3o e cidadania"},"image":{"@id":"https:\/\/inclusivenews.com.br\/#\/schema\/logo\/image\/"},"sameAs":["https:\/\/www.facebook.com\/agenciainclusive\/","https:\/\/www.instagram.com\/newsinclusive\/"]},{"@type":"Person","@id":"https:\/\/inclusivenews.com.br\/#\/schema\/person\/ae4ec7087559b8692fb33b6fffd2273b","name":"inclusivenews2024","image":{"@type":"ImageObject","inLanguage":"pt-PT","@id":"https:\/\/secure.gravatar.com\/avatar\/c5a7ef84c66fa914f55bc4f7ce26cfa275a3b9a1c5568b907bd184fb4dde7b40?s=96&d=mm&r=g","url":"https:\/\/secure.gravatar.com\/avatar\/c5a7ef84c66fa914f55bc4f7ce26cfa275a3b9a1c5568b907bd184fb4dde7b40?s=96&d=mm&r=g","contentUrl":"https:\/\/secure.gravatar.com\/avatar\/c5a7ef84c66fa914f55bc4f7ce26cfa275a3b9a1c5568b907bd184fb4dde7b40?s=96&d=mm&r=g","caption":"inclusivenews2024"},"sameAs":["https:\/\/inclusivenews.com.br"],"url":"https:\/\/inclusivenews.com.br\/?author=1"}]}},"_links":{"self":[{"href":"https:\/\/inclusivenews.com.br\/index.php?rest_route=\/wp\/v2\/posts\/21002","targetHints":{"allow":["GET"]}}],"collection":[{"href":"https:\/\/inclusivenews.com.br\/index.php?rest_route=\/wp\/v2\/posts"}],"about":[{"href":"https:\/\/inclusivenews.com.br\/index.php?rest_route=\/wp\/v2\/types\/post"}],"author":[{"embeddable":true,"href":"https:\/\/inclusivenews.com.br\/index.php?rest_route=\/wp\/v2\/users\/1"}],"replies":[{"embeddable":true,"href":"https:\/\/inclusivenews.com.br\/index.php?rest_route=%2Fwp%2Fv2%2Fcomments&post=21002"}],"version-history":[{"count":0,"href":"https:\/\/inclusivenews.com.br\/index.php?rest_route=\/wp\/v2\/posts\/21002\/revisions"}],"wp:attachment":[{"href":"https:\/\/inclusivenews.com.br\/index.php?rest_route=%2Fwp%2Fv2%2Fmedia&parent=21002"}],"wp:term":[{"taxonomy":"category","embeddable":true,"href":"https:\/\/inclusivenews.com.br\/index.php?rest_route=%2Fwp%2Fv2%2Fcategories&post=21002"},{"taxonomy":"post_tag","embeddable":true,"href":"https:\/\/inclusivenews.com.br\/index.php?rest_route=%2Fwp%2Fv2%2Ftags&post=21002"}],"curies":[{"name":"wp","href":"https:\/\/api.w.org\/{rel}","templated":true}]}}