{"id":21055,"date":"2011-09-21T07:24:37","date_gmt":"2011-09-21T10:24:37","guid":{"rendered":"http:\/\/www.inclusive.org.br\/?p=21055"},"modified":"2011-09-21T07:24:37","modified_gmt":"2011-09-21T10:24:37","slug":"mundo-se-transformou-em-voyeur-da-desgraca-diz-ari-candido","status":"publish","type":"post","link":"https:\/\/inclusivenews.com.br\/?p=21055","title":{"rendered":"Mundo se transformou em voyeur da desgra\u00e7a, diz Ari Candido"},"content":{"rendered":"<figure style=\"width: 260px\" class=\"wp-caption alignleft\"><img loading=\"lazy\" decoding=\"async\" title=\"Ari C\u00e2ndido\" src=\"http:\/\/www.geledes.org.br\/images\/plg_imagesized\/11051-ari-candido-fernandes.jpg\" alt=\"Ari C\u00e2ndido\" width=\"260\" height=\"173\" \/><figcaption class=\"wp-caption-text\"> <\/figcaption><\/figure>\n<p>Cineasta e fotojornalista compartilhou mem\u00f3rias pelo projeto Prosa dos Saberes, na \u00faltima quinta-feira (15).<\/p>\n<p>Um menino negro corta o dedo durante uma pescaria. O amigo, branco, fica surpreso ao ver o sangue fluir. &#8220;Seu sangue \u00e9 vermelho?&#8221;, indaga o personagem. A cena, do premiado curta-metragem &#8220;O Moleque&#8221; (2005), \u00e9 uma das muitas facetas do diretor Ari Candido. Apesar de ser uma adapta\u00e7\u00e3o de obra hom\u00f4nima de Lima Barreto, o trecho foi uma licen\u00e7a po\u00e9tica de Candido, quase que uma lembran\u00e7a real dos tempos de juventude dividida com conterr\u00e2neos como o escritor Domingos Pellegrini.<\/p>\n<p>O cineasta, que na \u00faltima quinta-feira participou de um bate-papo na Biblioteca Padre Euclides, em Ribeir\u00e3o Preto, conta que algo parecido lhe ocorreu na \u00e9poca de juventude em sua terra natal, Londrina (PR). &#8220;Feri-me enquanto jogava basquete, em um dos pregos da cesta. Nesse momento, meu amigo me disse a mesma coisa. \u00c9 como se eu devolvesse esse trauma atrav\u00e9s do cinema&#8221;, diz Ari, 60 anos, que, apesar da origem humilde, &#8220;na parte pra baixo da estrada de ferro de Londrina&#8221;, ganhou notoriedade internacional e acumula &#8220;est\u00f3rias&#8221; que n\u00e3o cabem em uma \u00fanica entrevista.<\/p>\n<p>Comunista na Ditadura Militar, ainda quando estudava na Universidade de Bras\u00edlia, Ari Candido foi exilado na capital sueca Estocolmo, onde se lembra de ter mantido contato com integrantes do movimento &#8220;Panteras Negras&#8221; e de ter sido vizinho do cineasta Ingmar Bergmann. &#8220;Ele n\u00e3o falava muito, s\u00f3 ficava limpando o carro com aquela boina dele&#8221;, diz. Entre 1970 e 1975, o paranaense permaneceu no pa\u00eds em que, al\u00e9m da continuidade nos estudos em cinema, e do b\u00ea-\u00e1-b\u00e1 sueco, trabalhou em creches e numa f\u00e1brica de p\u00e3es. &#8220;Eu pegava metr\u00f4 com Juca Ferreira (ex-ministro)&#8221;.<\/p>\n<p>Depois foi a Paris concluir seus estudos na Sorbonne e produzir seu primeiro filme: &#8220;Martinho da Vila&#8221; (1977). A trajet\u00f3ria mundo afora, desde ent\u00e3o, s\u00f3 seria interrompida em 1979, ano da publica\u00e7\u00e3o da Lei da Anistia, que permitiu seu retorno \u00e0 P\u00e1tria Amada. Nesse \u00ednterim, al\u00e9m da produ\u00e7\u00e3o cinematogr\u00e1fica pulsante, se entregou ao fotojornalismo e atuou como freelancer para as ag\u00eancias internacionais Gamma, em Paris, e para a brit\u00e2nica Camera Press, em Londres.<\/p>\n<p>Tal trabalho o permitiu visitar, entre 1978 e 1979, a desconhecida Eritreia, pa\u00eds africano lim\u00edtrofe com Sud\u00e3o e Eti\u00f3pia que somente conseguiu sua independ\u00eancia pol\u00edtica em maio de 1993. Os abalos da guerra civil foram sentidos na pele por Ari, que se alocou a 50 quil\u00f4metros da capital do pa\u00eds, na companhia de guerrilheiros. Com avi\u00f5es jogando bomba em um clima de instaurado terror, a vida &#8211; na terra considerada como um dos &#8220;eixos do mal&#8221; pelo ent\u00e3o presidente dos EUA, George Bush -, estava em risco constante. &#8220;Os guerrilheiros eram sempre bombardeados. N\u00f3s dorm\u00edamos de dia&#8221;.<\/p>\n<p>Em meio a tanta destrui\u00e7\u00e3o, a identifica\u00e7\u00e3o rec\u00edproca com o povo, gra\u00e7as \u00e0 negritude de Ari Candido, foi quase que imediata. &#8220;Meio ano morando l\u00e1 e eu j\u00e1 era confundido com eles. A Eritreia \u00e9 o pa\u00eds que mais me marcou, marcou profundamente&#8221;, relata. O s\u00edmbolo dessa identifica\u00e7\u00e3o pessoal ficou eternizado no document\u00e1rio &#8220;Por que a Eritreia?&#8221; (1979), premiado na Mostra de Cinema Internacional do Museu de Arte Moderna de S\u00e3o Paulo, em 1984.<\/p>\n<p>Passadas d\u00e9cadas desde que deixou o front, o paranaense acredita que a tecnologia a servi\u00e7o da informa\u00e7\u00e3o, com transmiss\u00f5es ao vivo dos combates, apenas deixou as pessoas mais \u00e1vidas por desgra\u00e7a. &#8220;O meio ficou mais digital, mais escandaloso, virou uma curti\u00e7\u00e3o, o mundo est\u00e1 mais voyeur. Parece que tem uma atra\u00e7\u00e3o fatal pela desgra\u00e7a&#8221;, diz, considerando sua parcela de culpa na hist\u00f3ria.<\/p>\n<p>O negro no cinema<\/p>\n<p>Ari Candido n\u00e3o aprova os estere\u00f3tipos acerca do negro em filmes nacionais que o colocam como mera e defasada figura de representa\u00e7\u00e3o de uma determinada esfera social, como na pele de criminosos. Dos marcos do cinema que contradizem essas incurs\u00f5es, ressalta o filme &#8220;O Assalto ao Trem Pagador&#8221; (1962), de Roberto Farias, em que o l\u00edder do bando de assaltantes, Jece Valad\u00e3o, n\u00e3o \u00e9 negro.<\/p>\n<p>Arnaldo Antunes, em seu Compasso de Espera, tamb\u00e9m desdiz algumas conven\u00e7\u00f5es, colocando Gilberto Gil na pele de um empres\u00e1rio de tampinhas de garrafas. Outra tentativa de combater esse estere\u00f3tipo veio com Jardim Belel\u00e9u, rodado por Ari em 2009 na Cidade Tiradentes. Adapta\u00e7\u00e3o livre do conto &#8220;N\u00e3o Era Uma Vez&#8221;, de Luis Silva (Cuti), o filme foi gravado em homenagem ao m\u00fasico Itamar Assump\u00e7\u00e3o.<\/p>\n<p>Eliminar os clich\u00eas do cinema a respeito dos negros n\u00e3o significa, no entanto, para Ari defender cegamente uma etnia a despeito de outra. Em suas palestras e filmes, ele defende o fim dos radicalismos e do preconceito vindos de todos os lados. &#8220;O Brasil est\u00e1 mais misturado, mas n\u00e3o basta s\u00f3 isso. Tem que misturar as culturas. O DNA vai ser moldado pelas culturas.&#8221;<\/p>\n<p>Fonte: <a href=\"http:\/\/www.geledes.org.br\/patrimonio-cultural\/artistico-esportivo\/artes\/teatro-a-cinema\/11051-mundo-se-transformou-em-voyeur-da-desgraca-diz-ari-candido\">Portal Geled\u00e9s<\/a><\/p>\n","protected":false},"excerpt":{"rendered":"<p> &#8220;O meio ficou mais digital, mais escandaloso, virou uma curti\u00e7\u00e3o, o mundo est\u00e1 mais voyeur. Parece que tem uma atra\u00e7\u00e3o fatal pela desgra\u00e7a&#8221;, diz Ari Candido.<\/p>\n","protected":false},"author":1,"featured_media":0,"comment_status":"open","ping_status":"open","sticky":false,"template":"","format":"standard","meta":{"site-container-style":"default","site-container-layout":"default","site-sidebar-layout":"default","disable-article-header":"default","disable-site-header":"default","disable-site-footer":"default","disable-content-area-spacing":"default","footnotes":""},"categories":[29,48,33],"tags":[],"class_list":["post-21055","post","type-post","status-publish","format-standard","hentry","category-cultura","category-inclusao","category-reportagem"],"yoast_head":"<!-- This site is optimized with the Yoast SEO plugin v27.4 - https:\/\/yoast.com\/product\/yoast-seo-wordpress\/ -->\n<title>Mundo se transformou em voyeur da desgra\u00e7a, diz Ari Candido -<\/title>\n<meta name=\"robots\" content=\"index, follow, max-snippet:-1, max-image-preview:large, max-video-preview:-1\" \/>\n<link rel=\"canonical\" href=\"https:\/\/inclusivenews.com.br\/?p=21055\" \/>\n<meta property=\"og:locale\" content=\"pt_PT\" \/>\n<meta property=\"og:type\" content=\"article\" \/>\n<meta property=\"og:title\" content=\"Mundo se transformou em voyeur da desgra\u00e7a, diz Ari Candido -\" \/>\n<meta property=\"og:description\" content=\"&quot;O meio ficou mais digital, mais escandaloso, virou uma curti\u00e7\u00e3o, o mundo est\u00e1 mais voyeur. Parece que tem uma atra\u00e7\u00e3o fatal pela desgra\u00e7a&quot;, diz Ari Candido.\" \/>\n<meta property=\"og:url\" content=\"https:\/\/inclusivenews.com.br\/?p=21055\" \/>\n<meta property=\"article:publisher\" content=\"https:\/\/www.facebook.com\/agenciainclusive\/\" \/>\n<meta property=\"article:published_time\" content=\"2011-09-21T10:24:37+00:00\" \/>\n<meta property=\"og:image\" content=\"http:\/\/www.geledes.org.br\/images\/plg_imagesized\/11051-ari-candido-fernandes.jpg\" \/>\n<meta name=\"author\" content=\"inclusivenews2024\" \/>\n<meta name=\"twitter:card\" content=\"summary_large_image\" \/>\n<meta name=\"twitter:label1\" content=\"Escrito por\" \/>\n\t<meta name=\"twitter:data1\" content=\"inclusivenews2024\" \/>\n\t<meta name=\"twitter:label2\" content=\"Tempo estimado de leitura\" \/>\n\t<meta name=\"twitter:data2\" content=\"4 minutos\" \/>\n<script type=\"application\/ld+json\" class=\"yoast-schema-graph\">{\"@context\":\"https:\\\/\\\/schema.org\",\"@graph\":[{\"@type\":\"Article\",\"@id\":\"https:\\\/\\\/inclusivenews.com.br\\\/?p=21055#article\",\"isPartOf\":{\"@id\":\"https:\\\/\\\/inclusivenews.com.br\\\/?p=21055\"},\"author\":{\"name\":\"inclusivenews2024\",\"@id\":\"https:\\\/\\\/inclusivenews.com.br\\\/#\\\/schema\\\/person\\\/ae4ec7087559b8692fb33b6fffd2273b\"},\"headline\":\"Mundo se transformou em voyeur da desgra\u00e7a, diz Ari Candido\",\"datePublished\":\"2011-09-21T10:24:37+00:00\",\"mainEntityOfPage\":{\"@id\":\"https:\\\/\\\/inclusivenews.com.br\\\/?p=21055\"},\"wordCount\":858,\"commentCount\":0,\"publisher\":{\"@id\":\"https:\\\/\\\/inclusivenews.com.br\\\/#organization\"},\"image\":{\"@id\":\"https:\\\/\\\/inclusivenews.com.br\\\/?p=21055#primaryimage\"},\"thumbnailUrl\":\"http:\\\/\\\/www.geledes.org.br\\\/images\\\/plg_imagesized\\\/11051-ari-candido-fernandes.jpg\",\"articleSection\":[\"Cultura\",\"INCLUS\u00c3O SOCIAL\",\"Reportagem\"],\"inLanguage\":\"pt-PT\",\"potentialAction\":[{\"@type\":\"CommentAction\",\"name\":\"Comment\",\"target\":[\"https:\\\/\\\/inclusivenews.com.br\\\/?p=21055#respond\"]}]},{\"@type\":\"WebPage\",\"@id\":\"https:\\\/\\\/inclusivenews.com.br\\\/?p=21055\",\"url\":\"https:\\\/\\\/inclusivenews.com.br\\\/?p=21055\",\"name\":\"Mundo se transformou em voyeur da desgra\u00e7a, diz Ari Candido -\",\"isPartOf\":{\"@id\":\"https:\\\/\\\/inclusivenews.com.br\\\/#website\"},\"primaryImageOfPage\":{\"@id\":\"https:\\\/\\\/inclusivenews.com.br\\\/?p=21055#primaryimage\"},\"image\":{\"@id\":\"https:\\\/\\\/inclusivenews.com.br\\\/?p=21055#primaryimage\"},\"thumbnailUrl\":\"http:\\\/\\\/www.geledes.org.br\\\/images\\\/plg_imagesized\\\/11051-ari-candido-fernandes.jpg\",\"datePublished\":\"2011-09-21T10:24:37+00:00\",\"breadcrumb\":{\"@id\":\"https:\\\/\\\/inclusivenews.com.br\\\/?p=21055#breadcrumb\"},\"inLanguage\":\"pt-PT\",\"potentialAction\":[{\"@type\":\"ReadAction\",\"target\":[\"https:\\\/\\\/inclusivenews.com.br\\\/?p=21055\"]}]},{\"@type\":\"ImageObject\",\"inLanguage\":\"pt-PT\",\"@id\":\"https:\\\/\\\/inclusivenews.com.br\\\/?p=21055#primaryimage\",\"url\":\"http:\\\/\\\/www.geledes.org.br\\\/images\\\/plg_imagesized\\\/11051-ari-candido-fernandes.jpg\",\"contentUrl\":\"http:\\\/\\\/www.geledes.org.br\\\/images\\\/plg_imagesized\\\/11051-ari-candido-fernandes.jpg\"},{\"@type\":\"BreadcrumbList\",\"@id\":\"https:\\\/\\\/inclusivenews.com.br\\\/?p=21055#breadcrumb\",\"itemListElement\":[{\"@type\":\"ListItem\",\"position\":1,\"name\":\"In\u00edcio\",\"item\":\"https:\\\/\\\/inclusivenews.com.br\\\/\"},{\"@type\":\"ListItem\",\"position\":2,\"name\":\"Mundo se transformou em voyeur da desgra\u00e7a, diz Ari Candido\"}]},{\"@type\":\"WebSite\",\"@id\":\"https:\\\/\\\/inclusivenews.com.br\\\/#website\",\"url\":\"https:\\\/\\\/inclusivenews.com.br\\\/\",\"name\":\"Inclusive News\",\"description\":\"Inclusive News\",\"publisher\":{\"@id\":\"https:\\\/\\\/inclusivenews.com.br\\\/#organization\"},\"potentialAction\":[{\"@type\":\"SearchAction\",\"target\":{\"@type\":\"EntryPoint\",\"urlTemplate\":\"https:\\\/\\\/inclusivenews.com.br\\\/?s={search_term_string}\"},\"query-input\":{\"@type\":\"PropertyValueSpecification\",\"valueRequired\":true,\"valueName\":\"search_term_string\"}}],\"inLanguage\":\"pt-PT\"},{\"@type\":\"Organization\",\"@id\":\"https:\\\/\\\/inclusivenews.com.br\\\/#organization\",\"name\":\"Inclusive - inclus\u00e3o e cidadania\",\"url\":\"https:\\\/\\\/inclusivenews.com.br\\\/\",\"logo\":{\"@type\":\"ImageObject\",\"inLanguage\":\"pt-PT\",\"@id\":\"https:\\\/\\\/inclusivenews.com.br\\\/#\\\/schema\\\/logo\\\/image\\\/\",\"url\":\"https:\\\/\\\/inclusivenews.com.br\\\/wp-content\\\/uploads\\\/2024\\\/03\\\/@grandesite.png\",\"contentUrl\":\"https:\\\/\\\/inclusivenews.com.br\\\/wp-content\\\/uploads\\\/2024\\\/03\\\/@grandesite.png\",\"width\":1080,\"height\":1080,\"caption\":\"Inclusive - inclus\u00e3o e cidadania\"},\"image\":{\"@id\":\"https:\\\/\\\/inclusivenews.com.br\\\/#\\\/schema\\\/logo\\\/image\\\/\"},\"sameAs\":[\"https:\\\/\\\/www.facebook.com\\\/agenciainclusive\\\/\",\"https:\\\/\\\/www.instagram.com\\\/newsinclusive\\\/\"]},{\"@type\":\"Person\",\"@id\":\"https:\\\/\\\/inclusivenews.com.br\\\/#\\\/schema\\\/person\\\/ae4ec7087559b8692fb33b6fffd2273b\",\"name\":\"inclusivenews2024\",\"image\":{\"@type\":\"ImageObject\",\"inLanguage\":\"pt-PT\",\"@id\":\"https:\\\/\\\/secure.gravatar.com\\\/avatar\\\/c5a7ef84c66fa914f55bc4f7ce26cfa275a3b9a1c5568b907bd184fb4dde7b40?s=96&d=mm&r=g\",\"url\":\"https:\\\/\\\/secure.gravatar.com\\\/avatar\\\/c5a7ef84c66fa914f55bc4f7ce26cfa275a3b9a1c5568b907bd184fb4dde7b40?s=96&d=mm&r=g\",\"contentUrl\":\"https:\\\/\\\/secure.gravatar.com\\\/avatar\\\/c5a7ef84c66fa914f55bc4f7ce26cfa275a3b9a1c5568b907bd184fb4dde7b40?s=96&d=mm&r=g\",\"caption\":\"inclusivenews2024\"},\"sameAs\":[\"https:\\\/\\\/inclusivenews.com.br\"],\"url\":\"https:\\\/\\\/inclusivenews.com.br\\\/?author=1\"}]}<\/script>\n<!-- \/ Yoast SEO plugin. -->","yoast_head_json":{"title":"Mundo se transformou em voyeur da desgra\u00e7a, diz Ari Candido -","robots":{"index":"index","follow":"follow","max-snippet":"max-snippet:-1","max-image-preview":"max-image-preview:large","max-video-preview":"max-video-preview:-1"},"canonical":"https:\/\/inclusivenews.com.br\/?p=21055","og_locale":"pt_PT","og_type":"article","og_title":"Mundo se transformou em voyeur da desgra\u00e7a, diz Ari Candido -","og_description":"\"O meio ficou mais digital, mais escandaloso, virou uma curti\u00e7\u00e3o, o mundo est\u00e1 mais voyeur. Parece que tem uma atra\u00e7\u00e3o fatal pela desgra\u00e7a\", diz Ari Candido.","og_url":"https:\/\/inclusivenews.com.br\/?p=21055","article_publisher":"https:\/\/www.facebook.com\/agenciainclusive\/","article_published_time":"2011-09-21T10:24:37+00:00","og_image":[{"url":"http:\/\/www.geledes.org.br\/images\/plg_imagesized\/11051-ari-candido-fernandes.jpg","type":"","width":"","height":""}],"author":"inclusivenews2024","twitter_card":"summary_large_image","twitter_misc":{"Escrito por":"inclusivenews2024","Tempo estimado de leitura":"4 minutos"},"schema":{"@context":"https:\/\/schema.org","@graph":[{"@type":"Article","@id":"https:\/\/inclusivenews.com.br\/?p=21055#article","isPartOf":{"@id":"https:\/\/inclusivenews.com.br\/?p=21055"},"author":{"name":"inclusivenews2024","@id":"https:\/\/inclusivenews.com.br\/#\/schema\/person\/ae4ec7087559b8692fb33b6fffd2273b"},"headline":"Mundo se transformou em voyeur da desgra\u00e7a, diz Ari Candido","datePublished":"2011-09-21T10:24:37+00:00","mainEntityOfPage":{"@id":"https:\/\/inclusivenews.com.br\/?p=21055"},"wordCount":858,"commentCount":0,"publisher":{"@id":"https:\/\/inclusivenews.com.br\/#organization"},"image":{"@id":"https:\/\/inclusivenews.com.br\/?p=21055#primaryimage"},"thumbnailUrl":"http:\/\/www.geledes.org.br\/images\/plg_imagesized\/11051-ari-candido-fernandes.jpg","articleSection":["Cultura","INCLUS\u00c3O SOCIAL","Reportagem"],"inLanguage":"pt-PT","potentialAction":[{"@type":"CommentAction","name":"Comment","target":["https:\/\/inclusivenews.com.br\/?p=21055#respond"]}]},{"@type":"WebPage","@id":"https:\/\/inclusivenews.com.br\/?p=21055","url":"https:\/\/inclusivenews.com.br\/?p=21055","name":"Mundo se transformou em voyeur da desgra\u00e7a, diz Ari Candido -","isPartOf":{"@id":"https:\/\/inclusivenews.com.br\/#website"},"primaryImageOfPage":{"@id":"https:\/\/inclusivenews.com.br\/?p=21055#primaryimage"},"image":{"@id":"https:\/\/inclusivenews.com.br\/?p=21055#primaryimage"},"thumbnailUrl":"http:\/\/www.geledes.org.br\/images\/plg_imagesized\/11051-ari-candido-fernandes.jpg","datePublished":"2011-09-21T10:24:37+00:00","breadcrumb":{"@id":"https:\/\/inclusivenews.com.br\/?p=21055#breadcrumb"},"inLanguage":"pt-PT","potentialAction":[{"@type":"ReadAction","target":["https:\/\/inclusivenews.com.br\/?p=21055"]}]},{"@type":"ImageObject","inLanguage":"pt-PT","@id":"https:\/\/inclusivenews.com.br\/?p=21055#primaryimage","url":"http:\/\/www.geledes.org.br\/images\/plg_imagesized\/11051-ari-candido-fernandes.jpg","contentUrl":"http:\/\/www.geledes.org.br\/images\/plg_imagesized\/11051-ari-candido-fernandes.jpg"},{"@type":"BreadcrumbList","@id":"https:\/\/inclusivenews.com.br\/?p=21055#breadcrumb","itemListElement":[{"@type":"ListItem","position":1,"name":"In\u00edcio","item":"https:\/\/inclusivenews.com.br\/"},{"@type":"ListItem","position":2,"name":"Mundo se transformou em voyeur da desgra\u00e7a, diz Ari Candido"}]},{"@type":"WebSite","@id":"https:\/\/inclusivenews.com.br\/#website","url":"https:\/\/inclusivenews.com.br\/","name":"Inclusive News","description":"Inclusive News","publisher":{"@id":"https:\/\/inclusivenews.com.br\/#organization"},"potentialAction":[{"@type":"SearchAction","target":{"@type":"EntryPoint","urlTemplate":"https:\/\/inclusivenews.com.br\/?s={search_term_string}"},"query-input":{"@type":"PropertyValueSpecification","valueRequired":true,"valueName":"search_term_string"}}],"inLanguage":"pt-PT"},{"@type":"Organization","@id":"https:\/\/inclusivenews.com.br\/#organization","name":"Inclusive - inclus\u00e3o e cidadania","url":"https:\/\/inclusivenews.com.br\/","logo":{"@type":"ImageObject","inLanguage":"pt-PT","@id":"https:\/\/inclusivenews.com.br\/#\/schema\/logo\/image\/","url":"https:\/\/inclusivenews.com.br\/wp-content\/uploads\/2024\/03\/@grandesite.png","contentUrl":"https:\/\/inclusivenews.com.br\/wp-content\/uploads\/2024\/03\/@grandesite.png","width":1080,"height":1080,"caption":"Inclusive - inclus\u00e3o e cidadania"},"image":{"@id":"https:\/\/inclusivenews.com.br\/#\/schema\/logo\/image\/"},"sameAs":["https:\/\/www.facebook.com\/agenciainclusive\/","https:\/\/www.instagram.com\/newsinclusive\/"]},{"@type":"Person","@id":"https:\/\/inclusivenews.com.br\/#\/schema\/person\/ae4ec7087559b8692fb33b6fffd2273b","name":"inclusivenews2024","image":{"@type":"ImageObject","inLanguage":"pt-PT","@id":"https:\/\/secure.gravatar.com\/avatar\/c5a7ef84c66fa914f55bc4f7ce26cfa275a3b9a1c5568b907bd184fb4dde7b40?s=96&d=mm&r=g","url":"https:\/\/secure.gravatar.com\/avatar\/c5a7ef84c66fa914f55bc4f7ce26cfa275a3b9a1c5568b907bd184fb4dde7b40?s=96&d=mm&r=g","contentUrl":"https:\/\/secure.gravatar.com\/avatar\/c5a7ef84c66fa914f55bc4f7ce26cfa275a3b9a1c5568b907bd184fb4dde7b40?s=96&d=mm&r=g","caption":"inclusivenews2024"},"sameAs":["https:\/\/inclusivenews.com.br"],"url":"https:\/\/inclusivenews.com.br\/?author=1"}]}},"_links":{"self":[{"href":"https:\/\/inclusivenews.com.br\/index.php?rest_route=\/wp\/v2\/posts\/21055","targetHints":{"allow":["GET"]}}],"collection":[{"href":"https:\/\/inclusivenews.com.br\/index.php?rest_route=\/wp\/v2\/posts"}],"about":[{"href":"https:\/\/inclusivenews.com.br\/index.php?rest_route=\/wp\/v2\/types\/post"}],"author":[{"embeddable":true,"href":"https:\/\/inclusivenews.com.br\/index.php?rest_route=\/wp\/v2\/users\/1"}],"replies":[{"embeddable":true,"href":"https:\/\/inclusivenews.com.br\/index.php?rest_route=%2Fwp%2Fv2%2Fcomments&post=21055"}],"version-history":[{"count":0,"href":"https:\/\/inclusivenews.com.br\/index.php?rest_route=\/wp\/v2\/posts\/21055\/revisions"}],"wp:attachment":[{"href":"https:\/\/inclusivenews.com.br\/index.php?rest_route=%2Fwp%2Fv2%2Fmedia&parent=21055"}],"wp:term":[{"taxonomy":"category","embeddable":true,"href":"https:\/\/inclusivenews.com.br\/index.php?rest_route=%2Fwp%2Fv2%2Fcategories&post=21055"},{"taxonomy":"post_tag","embeddable":true,"href":"https:\/\/inclusivenews.com.br\/index.php?rest_route=%2Fwp%2Fv2%2Ftags&post=21055"}],"curies":[{"name":"wp","href":"https:\/\/api.w.org\/{rel}","templated":true}]}}