{"id":21058,"date":"2011-09-21T07:23:56","date_gmt":"2011-09-21T10:23:56","guid":{"rendered":"http:\/\/www.inclusive.org.br\/?p=21058"},"modified":"2011-09-21T07:23:56","modified_gmt":"2011-09-21T10:23:56","slug":"o-que-estamos-fazendo-de-melhor-pela-primeira-infancia","status":"publish","type":"post","link":"https:\/\/inclusivenews.com.br\/?p=21058","title":{"rendered":"O que estamos fazendo de melhor pela primeira inf\u00e2ncia?"},"content":{"rendered":"<figure style=\"width: 188px\" class=\"wp-caption alignleft\"><img loading=\"lazy\" decoding=\"async\" title=\"S\u00edmbolo do Instituto Zero a Seis - o n\u00famero seis escrito \u00e0 tinta\" src=\"http:\/\/zeroaseis.org.br\/wp-content\/themes\/zeroaseis\/images\/logo.jpg\" alt=\"S\u00edmbolo do Instituto Zero a Seis - o n\u00famero seis escrito \u00e0 tinta\" width=\"188\" height=\"167\" \/><figcaption class=\"wp-caption-text\"> <\/figcaption><\/figure>\n<p>O Instituto Zero a Seis \u2013 Primeira Inf\u00e2ncia e Cultura de Paz realiza em parceria com o Municipio de S\u00e3o Jos\u00e9 do Rio Preto e o Banco Mundial importante evento : \u201cO QUE ESTAMOS FAZENDO DE MELHOR PELA PRIMEIRA INF\u00c2NCIA?\u201d que ser\u00e1 realizado nos dias 28 e 29 de setembro, na cidade de S\u00e3o Jos\u00e9 do Rio Preto. O evento tem como objetivo promover um espa\u00e7o de di\u00e1logo e reflex\u00e3o capaz de oportunizar intercambio de pr\u00e1ticas municipais e troca de experi\u00eancias sobre a Primeira Inf\u00e2ncia, com o objetivo de incentivar uma melhor educa\u00e7\u00e3o, cuidados e a multiplica\u00e7\u00e3o de pr\u00e1ticas exemplares.<\/p>\n<p>O Evento reunir\u00e1 diversas cidades de nosso pa\u00eds e convidado internacional: Grupo Inversi\u00f3n en la Infancia do Per\u00fa.<\/p>\n<p>Em S\u00e3o Jos\u00e9 do Rio Preto est\u00e1 sendo criado o Centro de Refer\u00eancia e Mem\u00f3ria da Inf\u00e2ncia de S\u00e3o Jos\u00e9 do Rio Preto que deseja ser um espa\u00e7o de refer\u00eancia nacional para promover o cuidado, educa\u00e7\u00e3o, pol\u00edticas e praticas relacionados a Inf\u00e2ncia para isto estabelece parcerias com o Instituto Zero a Seis objetivando a realiza\u00e7\u00e3o deste evento, entre outros. O Banco Mundial com o Instituto Zero a Seis e o Forum Nacional pela Primeira Inf\u00e2ncia realizou mapeamento de praticas governamentais e n\u00e3o governamentais relacionadas a Primeira Inf\u00e2ncia em alg uns municipios brasileiros. Neste evento o Banco Mundial mostrar\u00e1 o resultado deste mapeamento apresentando um Infobarometro, ferramenta de comunica\u00e7\u00e3o virtual, criado especialmente pela Salgal\u00fa Comunicaci\u00f3n (Peru) para socializar as informa\u00e7\u00f5es mapeadas. Este mapeamento visou identificar estas boas pr\u00e1ticas para que as mesmas, ao se tornarem conhecidas, possam ser fortalecidas e gerar novas praticas pela Primeira Inf\u00e2ncia no Pa\u00eds.<\/p>\n<p>O Evento ter\u00e1 na sua programa\u00e7\u00e3o duas exposi\u00e7\u00f5es: \u201cO Real e o Ideal \u2013 Crian\u00e7as do Brasil\u201d das fotografas Maura Carvalho e Iolanda Huzak, promovida pelo Instituto Zero a Seis e exposi\u00e7\u00e3o de desenhos das crian\u00e7as do municipio : \u201cCada um desenha um\u201d.<\/p>\n<p>O evento contar\u00e1 com programa\u00e7\u00e3o paralela oferecida pelo Banco Mundial para convidados: almo\u00e7o de confraterniza\u00e7\u00e3o \u201cFORTALECENDO LA\u00c7OS ENTRE AS PR\u00c1TICAS MUNICIPAIS\u201d e jantar: \u201cUM EXEMPLO A SEGUIR: PRIMEIRA INF\u00c2NCIA PERUANA UM<\/p>\n<p>COMPROMISSO CIDAD\u00c3O\u201d com o palestrante Dr Salvador Herencia do Grupo Inversi\u00f3n en la Inf\u00e2ncia do Peru<\/p>\n<p>O evento contar\u00e1 com a presen\u00e7a da Presidente do Instituto Zero a Seis Dra Prof\u00aa Vera Melis Paolillo e do Vice -Presidente Dr Jo\u00e3o Augusto Figueir\u00f3, Dra Carla Paredes do Banco Mundial, Dr Valdomiro Lopes Prefeito Municipal, da Dra Telma Marques Vieira, Secretaria da Educa\u00e7\u00e3o de S\u00e3o Jos\u00e9 do Rio Preto, Dra Adriana Bittencourt Coordenadora da Conviv\u00eancia Familiar da Secretaria Nacional da Promo\u00e7\u00e3o dos Direitos da Crian\u00e7a e do Adolescente da SDH -PR, Dra Claudia Costin Secretaria da Educa\u00e7\u00e3o do Rio de Janeiro, Dra. Edite Maria Garboggini Di Giorge, Secretaria da Juventude Sorocaba, Dr Francisco Carbonari, Secretario de Educa\u00e7\u00e3o de Jundia\u00ed, Dra Leonice de Lourdes Baltazar Mar\u00e3o, Secretaria da Educa\u00e7\u00e3o do Munic\u00edpio de Mirasol, Dr Marcelo Marinho do CEAL, al\u00e9m de representantes das praticas de Corum b\u00e1, Rio Branco, Mirasol, Jundia\u00ed, Porto Alegre, Rio de Janeiro, Sorocaba, S\u00e3o Paulo entre outros.<\/p>\n<p>Mais informa\u00e7\u00f5es sobre o evento pelo telefone (11) 3287 9206 ou (51)3315032 ou pelos emails: <a href=\"mailto:contato@zeroaseis.org.br\">contato@zeroaseis.org.br<\/a> \u2013 <a href=\"mailto:projetos@zeroaseis.org.br\">projetos@zeroaseis.org.br<\/a><\/p>\n<p>Informa\u00e7\u00f5es sobre o Instituto Zero a Seis : <a href=\"http:\/\/www.zeroaseis.org.br\">www.zeroaseis.org.br<\/a><\/p>\n","protected":false},"excerpt":{"rendered":"<p>O evento tem como objetivo promover um espa\u00e7o de di\u00e1logo e reflex\u00e3o capaz de oportunizar intercambio de pr\u00e1ticas municipais e troca de experi\u00eancias sobre a Primeira Inf\u00e2ncia, com o objetivo de incentivar uma melhor educa\u00e7\u00e3o, cuidados e a multiplica\u00e7\u00e3o de pr\u00e1ticas exemplares.<\/p>\n","protected":false},"author":1,"featured_media":0,"comment_status":"open","ping_status":"open","sticky":false,"template":"","format":"standard","meta":{"site-container-style":"default","site-container-layout":"default","site-sidebar-layout":"default","disable-article-header":"default","disable-site-header":"default","disable-site-footer":"default","disable-content-area-spacing":"default","footnotes":""},"categories":[12,4],"tags":[60],"class_list":["post-21058","post","type-post","status-publish","format-standard","hentry","category-cursos-e-eventos","category-noticias","tag-infancia"],"yoast_head":"<!-- This site is optimized with the Yoast SEO plugin v27.4 - https:\/\/yoast.com\/product\/yoast-seo-wordpress\/ -->\n<title>O que estamos fazendo de melhor pela primeira inf\u00e2ncia? -<\/title>\n<meta name=\"robots\" content=\"index, follow, max-snippet:-1, max-image-preview:large, max-video-preview:-1\" \/>\n<link rel=\"canonical\" href=\"https:\/\/inclusivenews.com.br\/?p=21058\" \/>\n<meta property=\"og:locale\" content=\"pt_PT\" \/>\n<meta property=\"og:type\" content=\"article\" \/>\n<meta property=\"og:title\" content=\"O que estamos fazendo de melhor pela primeira inf\u00e2ncia? -\" \/>\n<meta property=\"og:description\" content=\"O evento tem como objetivo promover um espa\u00e7o de di\u00e1logo e reflex\u00e3o capaz de oportunizar intercambio de pr\u00e1ticas municipais e troca de experi\u00eancias sobre a Primeira Inf\u00e2ncia, com o objetivo de incentivar uma melhor educa\u00e7\u00e3o, cuidados e a multiplica\u00e7\u00e3o de pr\u00e1ticas exemplares.\" \/>\n<meta property=\"og:url\" content=\"https:\/\/inclusivenews.com.br\/?p=21058\" \/>\n<meta property=\"article:publisher\" content=\"https:\/\/www.facebook.com\/agenciainclusive\/\" \/>\n<meta property=\"article:published_time\" content=\"2011-09-21T10:23:56+00:00\" \/>\n<meta property=\"og:image\" content=\"http:\/\/zeroaseis.org.br\/wp-content\/themes\/zeroaseis\/images\/logo.jpg\" \/>\n<meta name=\"author\" content=\"inclusivenews2024\" \/>\n<meta name=\"twitter:card\" content=\"summary_large_image\" \/>\n<meta name=\"twitter:label1\" content=\"Escrito por\" \/>\n\t<meta name=\"twitter:data1\" content=\"inclusivenews2024\" \/>\n\t<meta name=\"twitter:label2\" content=\"Tempo estimado de leitura\" \/>\n\t<meta name=\"twitter:data2\" content=\"3 minutos\" \/>\n<script type=\"application\/ld+json\" class=\"yoast-schema-graph\">{\"@context\":\"https:\\\/\\\/schema.org\",\"@graph\":[{\"@type\":\"Article\",\"@id\":\"https:\\\/\\\/inclusivenews.com.br\\\/?p=21058#article\",\"isPartOf\":{\"@id\":\"https:\\\/\\\/inclusivenews.com.br\\\/?p=21058\"},\"author\":{\"name\":\"inclusivenews2024\",\"@id\":\"https:\\\/\\\/inclusivenews.com.br\\\/#\\\/schema\\\/person\\\/ae4ec7087559b8692fb33b6fffd2273b\"},\"headline\":\"O que estamos fazendo de melhor pela primeira inf\u00e2ncia?\",\"datePublished\":\"2011-09-21T10:23:56+00:00\",\"mainEntityOfPage\":{\"@id\":\"https:\\\/\\\/inclusivenews.com.br\\\/?p=21058\"},\"wordCount\":602,\"commentCount\":0,\"publisher\":{\"@id\":\"https:\\\/\\\/inclusivenews.com.br\\\/#organization\"},\"image\":{\"@id\":\"https:\\\/\\\/inclusivenews.com.br\\\/?p=21058#primaryimage\"},\"thumbnailUrl\":\"http:\\\/\\\/zeroaseis.org.br\\\/wp-content\\\/themes\\\/zeroaseis\\\/images\\\/logo.jpg\",\"keywords\":[\"Inf\u00e2ncia\"],\"articleSection\":[\"Cursos e eventos\",\"NOT\u00cdCIAS\"],\"inLanguage\":\"pt-PT\",\"potentialAction\":[{\"@type\":\"CommentAction\",\"name\":\"Comment\",\"target\":[\"https:\\\/\\\/inclusivenews.com.br\\\/?p=21058#respond\"]}]},{\"@type\":\"WebPage\",\"@id\":\"https:\\\/\\\/inclusivenews.com.br\\\/?p=21058\",\"url\":\"https:\\\/\\\/inclusivenews.com.br\\\/?p=21058\",\"name\":\"O que estamos fazendo de melhor pela primeira inf\u00e2ncia? -\",\"isPartOf\":{\"@id\":\"https:\\\/\\\/inclusivenews.com.br\\\/#website\"},\"primaryImageOfPage\":{\"@id\":\"https:\\\/\\\/inclusivenews.com.br\\\/?p=21058#primaryimage\"},\"image\":{\"@id\":\"https:\\\/\\\/inclusivenews.com.br\\\/?p=21058#primaryimage\"},\"thumbnailUrl\":\"http:\\\/\\\/zeroaseis.org.br\\\/wp-content\\\/themes\\\/zeroaseis\\\/images\\\/logo.jpg\",\"datePublished\":\"2011-09-21T10:23:56+00:00\",\"breadcrumb\":{\"@id\":\"https:\\\/\\\/inclusivenews.com.br\\\/?p=21058#breadcrumb\"},\"inLanguage\":\"pt-PT\",\"potentialAction\":[{\"@type\":\"ReadAction\",\"target\":[\"https:\\\/\\\/inclusivenews.com.br\\\/?p=21058\"]}]},{\"@type\":\"ImageObject\",\"inLanguage\":\"pt-PT\",\"@id\":\"https:\\\/\\\/inclusivenews.com.br\\\/?p=21058#primaryimage\",\"url\":\"http:\\\/\\\/zeroaseis.org.br\\\/wp-content\\\/themes\\\/zeroaseis\\\/images\\\/logo.jpg\",\"contentUrl\":\"http:\\\/\\\/zeroaseis.org.br\\\/wp-content\\\/themes\\\/zeroaseis\\\/images\\\/logo.jpg\"},{\"@type\":\"BreadcrumbList\",\"@id\":\"https:\\\/\\\/inclusivenews.com.br\\\/?p=21058#breadcrumb\",\"itemListElement\":[{\"@type\":\"ListItem\",\"position\":1,\"name\":\"In\u00edcio\",\"item\":\"https:\\\/\\\/inclusivenews.com.br\\\/\"},{\"@type\":\"ListItem\",\"position\":2,\"name\":\"O que estamos fazendo de melhor pela primeira inf\u00e2ncia?\"}]},{\"@type\":\"WebSite\",\"@id\":\"https:\\\/\\\/inclusivenews.com.br\\\/#website\",\"url\":\"https:\\\/\\\/inclusivenews.com.br\\\/\",\"name\":\"Inclusive News\",\"description\":\"Inclusive News\",\"publisher\":{\"@id\":\"https:\\\/\\\/inclusivenews.com.br\\\/#organization\"},\"potentialAction\":[{\"@type\":\"SearchAction\",\"target\":{\"@type\":\"EntryPoint\",\"urlTemplate\":\"https:\\\/\\\/inclusivenews.com.br\\\/?s={search_term_string}\"},\"query-input\":{\"@type\":\"PropertyValueSpecification\",\"valueRequired\":true,\"valueName\":\"search_term_string\"}}],\"inLanguage\":\"pt-PT\"},{\"@type\":\"Organization\",\"@id\":\"https:\\\/\\\/inclusivenews.com.br\\\/#organization\",\"name\":\"Inclusive - inclus\u00e3o e cidadania\",\"url\":\"https:\\\/\\\/inclusivenews.com.br\\\/\",\"logo\":{\"@type\":\"ImageObject\",\"inLanguage\":\"pt-PT\",\"@id\":\"https:\\\/\\\/inclusivenews.com.br\\\/#\\\/schema\\\/logo\\\/image\\\/\",\"url\":\"https:\\\/\\\/inclusivenews.com.br\\\/wp-content\\\/uploads\\\/2024\\\/03\\\/@grandesite.png\",\"contentUrl\":\"https:\\\/\\\/inclusivenews.com.br\\\/wp-content\\\/uploads\\\/2024\\\/03\\\/@grandesite.png\",\"width\":1080,\"height\":1080,\"caption\":\"Inclusive - inclus\u00e3o e cidadania\"},\"image\":{\"@id\":\"https:\\\/\\\/inclusivenews.com.br\\\/#\\\/schema\\\/logo\\\/image\\\/\"},\"sameAs\":[\"https:\\\/\\\/www.facebook.com\\\/agenciainclusive\\\/\",\"https:\\\/\\\/www.instagram.com\\\/newsinclusive\\\/\"]},{\"@type\":\"Person\",\"@id\":\"https:\\\/\\\/inclusivenews.com.br\\\/#\\\/schema\\\/person\\\/ae4ec7087559b8692fb33b6fffd2273b\",\"name\":\"inclusivenews2024\",\"image\":{\"@type\":\"ImageObject\",\"inLanguage\":\"pt-PT\",\"@id\":\"https:\\\/\\\/secure.gravatar.com\\\/avatar\\\/c5a7ef84c66fa914f55bc4f7ce26cfa275a3b9a1c5568b907bd184fb4dde7b40?s=96&d=mm&r=g\",\"url\":\"https:\\\/\\\/secure.gravatar.com\\\/avatar\\\/c5a7ef84c66fa914f55bc4f7ce26cfa275a3b9a1c5568b907bd184fb4dde7b40?s=96&d=mm&r=g\",\"contentUrl\":\"https:\\\/\\\/secure.gravatar.com\\\/avatar\\\/c5a7ef84c66fa914f55bc4f7ce26cfa275a3b9a1c5568b907bd184fb4dde7b40?s=96&d=mm&r=g\",\"caption\":\"inclusivenews2024\"},\"sameAs\":[\"https:\\\/\\\/inclusivenews.com.br\"],\"url\":\"https:\\\/\\\/inclusivenews.com.br\\\/?author=1\"}]}<\/script>\n<!-- \/ Yoast SEO plugin. -->","yoast_head_json":{"title":"O que estamos fazendo de melhor pela primeira inf\u00e2ncia? -","robots":{"index":"index","follow":"follow","max-snippet":"max-snippet:-1","max-image-preview":"max-image-preview:large","max-video-preview":"max-video-preview:-1"},"canonical":"https:\/\/inclusivenews.com.br\/?p=21058","og_locale":"pt_PT","og_type":"article","og_title":"O que estamos fazendo de melhor pela primeira inf\u00e2ncia? -","og_description":"O evento tem como objetivo promover um espa\u00e7o de di\u00e1logo e reflex\u00e3o capaz de oportunizar intercambio de pr\u00e1ticas municipais e troca de experi\u00eancias sobre a Primeira Inf\u00e2ncia, com o objetivo de incentivar uma melhor educa\u00e7\u00e3o, cuidados e a multiplica\u00e7\u00e3o de pr\u00e1ticas exemplares.","og_url":"https:\/\/inclusivenews.com.br\/?p=21058","article_publisher":"https:\/\/www.facebook.com\/agenciainclusive\/","article_published_time":"2011-09-21T10:23:56+00:00","og_image":[{"url":"http:\/\/zeroaseis.org.br\/wp-content\/themes\/zeroaseis\/images\/logo.jpg","type":"","width":"","height":""}],"author":"inclusivenews2024","twitter_card":"summary_large_image","twitter_misc":{"Escrito por":"inclusivenews2024","Tempo estimado de leitura":"3 minutos"},"schema":{"@context":"https:\/\/schema.org","@graph":[{"@type":"Article","@id":"https:\/\/inclusivenews.com.br\/?p=21058#article","isPartOf":{"@id":"https:\/\/inclusivenews.com.br\/?p=21058"},"author":{"name":"inclusivenews2024","@id":"https:\/\/inclusivenews.com.br\/#\/schema\/person\/ae4ec7087559b8692fb33b6fffd2273b"},"headline":"O que estamos fazendo de melhor pela primeira inf\u00e2ncia?","datePublished":"2011-09-21T10:23:56+00:00","mainEntityOfPage":{"@id":"https:\/\/inclusivenews.com.br\/?p=21058"},"wordCount":602,"commentCount":0,"publisher":{"@id":"https:\/\/inclusivenews.com.br\/#organization"},"image":{"@id":"https:\/\/inclusivenews.com.br\/?p=21058#primaryimage"},"thumbnailUrl":"http:\/\/zeroaseis.org.br\/wp-content\/themes\/zeroaseis\/images\/logo.jpg","keywords":["Inf\u00e2ncia"],"articleSection":["Cursos e eventos","NOT\u00cdCIAS"],"inLanguage":"pt-PT","potentialAction":[{"@type":"CommentAction","name":"Comment","target":["https:\/\/inclusivenews.com.br\/?p=21058#respond"]}]},{"@type":"WebPage","@id":"https:\/\/inclusivenews.com.br\/?p=21058","url":"https:\/\/inclusivenews.com.br\/?p=21058","name":"O que estamos fazendo de melhor pela primeira inf\u00e2ncia? -","isPartOf":{"@id":"https:\/\/inclusivenews.com.br\/#website"},"primaryImageOfPage":{"@id":"https:\/\/inclusivenews.com.br\/?p=21058#primaryimage"},"image":{"@id":"https:\/\/inclusivenews.com.br\/?p=21058#primaryimage"},"thumbnailUrl":"http:\/\/zeroaseis.org.br\/wp-content\/themes\/zeroaseis\/images\/logo.jpg","datePublished":"2011-09-21T10:23:56+00:00","breadcrumb":{"@id":"https:\/\/inclusivenews.com.br\/?p=21058#breadcrumb"},"inLanguage":"pt-PT","potentialAction":[{"@type":"ReadAction","target":["https:\/\/inclusivenews.com.br\/?p=21058"]}]},{"@type":"ImageObject","inLanguage":"pt-PT","@id":"https:\/\/inclusivenews.com.br\/?p=21058#primaryimage","url":"http:\/\/zeroaseis.org.br\/wp-content\/themes\/zeroaseis\/images\/logo.jpg","contentUrl":"http:\/\/zeroaseis.org.br\/wp-content\/themes\/zeroaseis\/images\/logo.jpg"},{"@type":"BreadcrumbList","@id":"https:\/\/inclusivenews.com.br\/?p=21058#breadcrumb","itemListElement":[{"@type":"ListItem","position":1,"name":"In\u00edcio","item":"https:\/\/inclusivenews.com.br\/"},{"@type":"ListItem","position":2,"name":"O que estamos fazendo de melhor pela primeira inf\u00e2ncia?"}]},{"@type":"WebSite","@id":"https:\/\/inclusivenews.com.br\/#website","url":"https:\/\/inclusivenews.com.br\/","name":"Inclusive News","description":"Inclusive News","publisher":{"@id":"https:\/\/inclusivenews.com.br\/#organization"},"potentialAction":[{"@type":"SearchAction","target":{"@type":"EntryPoint","urlTemplate":"https:\/\/inclusivenews.com.br\/?s={search_term_string}"},"query-input":{"@type":"PropertyValueSpecification","valueRequired":true,"valueName":"search_term_string"}}],"inLanguage":"pt-PT"},{"@type":"Organization","@id":"https:\/\/inclusivenews.com.br\/#organization","name":"Inclusive - inclus\u00e3o e cidadania","url":"https:\/\/inclusivenews.com.br\/","logo":{"@type":"ImageObject","inLanguage":"pt-PT","@id":"https:\/\/inclusivenews.com.br\/#\/schema\/logo\/image\/","url":"https:\/\/inclusivenews.com.br\/wp-content\/uploads\/2024\/03\/@grandesite.png","contentUrl":"https:\/\/inclusivenews.com.br\/wp-content\/uploads\/2024\/03\/@grandesite.png","width":1080,"height":1080,"caption":"Inclusive - inclus\u00e3o e cidadania"},"image":{"@id":"https:\/\/inclusivenews.com.br\/#\/schema\/logo\/image\/"},"sameAs":["https:\/\/www.facebook.com\/agenciainclusive\/","https:\/\/www.instagram.com\/newsinclusive\/"]},{"@type":"Person","@id":"https:\/\/inclusivenews.com.br\/#\/schema\/person\/ae4ec7087559b8692fb33b6fffd2273b","name":"inclusivenews2024","image":{"@type":"ImageObject","inLanguage":"pt-PT","@id":"https:\/\/secure.gravatar.com\/avatar\/c5a7ef84c66fa914f55bc4f7ce26cfa275a3b9a1c5568b907bd184fb4dde7b40?s=96&d=mm&r=g","url":"https:\/\/secure.gravatar.com\/avatar\/c5a7ef84c66fa914f55bc4f7ce26cfa275a3b9a1c5568b907bd184fb4dde7b40?s=96&d=mm&r=g","contentUrl":"https:\/\/secure.gravatar.com\/avatar\/c5a7ef84c66fa914f55bc4f7ce26cfa275a3b9a1c5568b907bd184fb4dde7b40?s=96&d=mm&r=g","caption":"inclusivenews2024"},"sameAs":["https:\/\/inclusivenews.com.br"],"url":"https:\/\/inclusivenews.com.br\/?author=1"}]}},"_links":{"self":[{"href":"https:\/\/inclusivenews.com.br\/index.php?rest_route=\/wp\/v2\/posts\/21058","targetHints":{"allow":["GET"]}}],"collection":[{"href":"https:\/\/inclusivenews.com.br\/index.php?rest_route=\/wp\/v2\/posts"}],"about":[{"href":"https:\/\/inclusivenews.com.br\/index.php?rest_route=\/wp\/v2\/types\/post"}],"author":[{"embeddable":true,"href":"https:\/\/inclusivenews.com.br\/index.php?rest_route=\/wp\/v2\/users\/1"}],"replies":[{"embeddable":true,"href":"https:\/\/inclusivenews.com.br\/index.php?rest_route=%2Fwp%2Fv2%2Fcomments&post=21058"}],"version-history":[{"count":0,"href":"https:\/\/inclusivenews.com.br\/index.php?rest_route=\/wp\/v2\/posts\/21058\/revisions"}],"wp:attachment":[{"href":"https:\/\/inclusivenews.com.br\/index.php?rest_route=%2Fwp%2Fv2%2Fmedia&parent=21058"}],"wp:term":[{"taxonomy":"category","embeddable":true,"href":"https:\/\/inclusivenews.com.br\/index.php?rest_route=%2Fwp%2Fv2%2Fcategories&post=21058"},{"taxonomy":"post_tag","embeddable":true,"href":"https:\/\/inclusivenews.com.br\/index.php?rest_route=%2Fwp%2Fv2%2Ftags&post=21058"}],"curies":[{"name":"wp","href":"https:\/\/api.w.org\/{rel}","templated":true}]}}