{"id":21066,"date":"2011-09-21T07:20:58","date_gmt":"2011-09-21T10:20:58","guid":{"rendered":"http:\/\/www.inclusive.org.br\/?p=21066"},"modified":"2011-09-21T07:20:58","modified_gmt":"2011-09-21T10:20:58","slug":"para-que-sao-usadas-as-avaliacoes-educacionais","status":"publish","type":"post","link":"https:\/\/inclusivenews.com.br\/?p=21066","title":{"rendered":"Para que s\u00e3o usadas as avalia\u00e7\u00f5es educacionais?"},"content":{"rendered":"<figure id=\"attachment_13969\" aria-describedby=\"caption-attachment-13969\" style=\"width: 265px\" class=\"wp-caption alignleft\"><img loading=\"lazy\" decoding=\"async\" class=\"size-full wp-image-13969\" title=\"Inclusive - problemas na educa\u00e7\u00e3o. A palavra educa\u00e7\u00e3o escrita com as letras invertidas e um aluno desolado em frente ao quadro negro.\" src=\"http:\/\/inclusivenews.com.br\/wp-content\/uploads\/2010\/02\/inclusive_educacao.jpg\" alt=\"Inclusive - problemas na educa\u00e7\u00e3o. A palavra educa\u00e7\u00e3o escrita com as letras invertidas e um aluno desolado em frente ao quadro negro.\" width=\"265\" height=\"200\" \/><figcaption id=\"caption-attachment-13969\" class=\"wp-caption-text\"> <\/figcaption><\/figure>\n<p><strong>Por Otaviano Helene<\/strong><em><br \/>\n<\/em><\/p>\n<p>O Brasil tem um  sistema de avalia\u00e7\u00e3o da educa\u00e7\u00e3o bastante detalhado. H\u00e1 informa\u00e7\u00f5es  referentes ao desempenho dos estudantes dos ensinos fundamental e m\u00e9dio e  de como variaram ao longo dos anos. Temos compara\u00e7\u00f5es do desempenho dos  nossos estudantes com os de outros pa\u00edses. H\u00e1 dados sobre as taxas de  aprova\u00e7\u00e3o, reprova\u00e7\u00e3o e evas\u00e3o e sobre as defasagens idade-s\u00e9rie ao  longo de todo o percurso escolar. Conhecemos o n\u00famero de alunos em cada  sala de aula, o n\u00famero de professores (e onde eles est\u00e3o) e como s\u00e3o as  instala\u00e7\u00f5es dispon\u00edveis em cada canto do pa\u00eds. Sabemos o n\u00edvel de  forma\u00e7\u00e3o e de remunera\u00e7\u00e3o dos professores bem como suas cargas hor\u00e1rias  de trabalho.<\/p>\n<p>Al\u00e9m dessas informa\u00e7\u00f5es, h\u00e1 muitas outras,  abrangendo os diferentes sistemas educacionais (privados, municipais,  estaduais e federal) e as diferentes regi\u00f5es do pa\u00eds. H\u00e1, ainda,  informa\u00e7\u00f5es complementares, fornecidas por v\u00e1rios organismos, o IBGE  entre eles, tais como a escolaridade m\u00e9dia da popula\u00e7\u00e3o, o n\u00famero de  analfabetos e como eles se distribuem pelo pa\u00eds e pelas diferentes  faixas et\u00e1rias, como renda e escolaridade se relacionam, o efeito da  escolaridade da m\u00e3e na sa\u00fade e educa\u00e7\u00e3o dos filhos etc. Sabemos como as  condi\u00e7\u00f5es socioecon\u00f4micas afetam a evolu\u00e7\u00e3o escolar das crian\u00e7as e  jovens e quais os custos diretos e indiretos induzidos pela frequ\u00eancia \u00e0  escola, permitindo-nos dimensionar a necessidade de instrumentos de  gratuidade ativa que compensem esses custos quando eles n\u00e3o podem ser  suportados pelas fam\u00edlias ou pelos respons\u00e1veis. Conhecemos as car\u00eancias  de profissionais em cada regi\u00e3o do pa\u00eds, seja nos servi\u00e7os, na  ind\u00fastria ou na agropecu\u00e1ria. Sabemos como os investimentos educacionais  afetam o desempenho dos estudantes e as condi\u00e7\u00f5es de trabalho dos  professores. Al\u00e9m disso, os resultados de todas essas avalia\u00e7\u00f5es e dados  estat\u00edsticos s\u00e3o analisados detalhadamente por diversos especialistas.<\/p>\n<p>Enfim,  temos todas as informa\u00e7\u00f5es necess\u00e1rias para construir um sistema  educacional adequado \u00e0s demandas, \u00e0s possibilidades e aos anseios da  popula\u00e7\u00e3o e localizar e corrigir os problemas existentes. De fato, nem  precisar\u00edamos de todas aquelas informa\u00e7\u00f5es para agir. Muitos pa\u00edses  constru\u00edram ou corrigiram seus sistemas educacionais com muito menos  informa\u00e7\u00f5es do que temos.<\/p>\n<p>Se os problemas educacionais que temos  continuam existindo, n\u00e3o \u00e9 porque n\u00e3o os conhe\u00e7amos, ou n\u00e3o saibamos  como corrigi-los ou porque faltem ao pa\u00eds os recursos financeiros, mas,  sim, por uma decis\u00e3o pol\u00edtica. Raramente alguma a\u00e7\u00e3o ou proposta por  parte dos governos, em todos os n\u00edveis e tanto nos \u00e2mbitos dos  executivos como dos legislativos, \u00e9 embasada nas informa\u00e7\u00f5es e an\u00e1lises  educacionais de que dispomos. E quando isso \u00e9 feito, usam-se informa\u00e7\u00f5es  muito parciais e analisadas de forma incompleta ou mesmo errada, apenas  para dar \u00e0quela a\u00e7\u00e3o uma apar\u00eancia de seriedade. Outras vezes, as a\u00e7\u00f5es  governamentais est\u00e3o em completo desacordo com os fatos e an\u00e1lises  dispon\u00edveis, sendo fundamentadas em mitos ou mentiras: a privatiza\u00e7\u00e3o do  ensino superior, baseada na falsa incapacidade econ\u00f4mica do pa\u00eds e na  maior efici\u00eancia do setor privado \u00e9 um exemplo disso. N\u00e3o raramente,  ainda, justifica-se um novo processo de avalia\u00e7\u00e3o sem examinar e usar os  resultados j\u00e1 existentes, criando a ilus\u00e3o que \u00e9 ela, a avalia\u00e7\u00e3o, que  ir\u00e1 resolver o problema. Ora, \u00e9 evidente que a avalia\u00e7\u00e3o por si s\u00f3 n\u00e3o  resolve nenhum problema, assim como o term\u00f4metro, por melhor que seja,  n\u00e3o cura doen\u00e7a alguma.<\/p>\n<p>As avalia\u00e7\u00f5es t\u00eam sido usadas para culpar  estudantes, professores, diretores ou pais e respons\u00e1veis, sem que os  problemas apontados sejam enfrentados. Ou para punir professores cujos  alunos n\u00e3o atingiram um determinado desempenho. Ou, ainda, para produzir  ranqueamentos, informando os consumidores \u2013 j\u00e1 que a educa\u00e7\u00e3o foi  transformada em uma mercadoria, que cada um adquire na medida que seu  poder de compra permite \u2013 qu\u00e3o boa ou ruim \u00e9 a mercadoria que seu poder  aquisitivo permitiu adquirir.<\/p>\n<p>Talvez falte apenas uma avalia\u00e7\u00e3o a ser  feita: qu\u00e3o caro \u2013 social, cultural e economicamente \u2013 a popula\u00e7\u00e3o,  especialmente sua parte menos favorecida, pagar\u00e1 no futuro pela m\u00e1  educa\u00e7\u00e3o que o pa\u00eds est\u00e1 hoje oferecendo \u00e0 enorme maioria de suas  crian\u00e7as e de seus jovens.<\/p>\n<p>[1] Instrumentos como o Enem ou o Enade apenas marginalmente podem ser  considerados instrumentos de avalia\u00e7\u00e3o, o primeiro por ser volunt\u00e1rio e  poder ser repetido e o segundo por ser sujeito a diversas a\u00e7\u00f5es que  podem influenciar o resultado. O Enem, mais recentemente, assumiu a  fun\u00e7\u00e3o e a caracter\u00edstica de um vestibular.<\/p>\n<p>Fonte: <a href=\"http:\/\/blogolitica.blogspot.com\/\">Blogolitica<\/a><\/p>\n","protected":false},"excerpt":{"rendered":"<p>Muitos pa\u00edses constru\u00edram ou corrigiram seus sistemas educacionais com muito menos informa\u00e7\u00f5es do que temos. Opini\u00e3o \u00e9 de Otaviano Helene.<\/p>\n","protected":false},"author":1,"featured_media":0,"comment_status":"open","ping_status":"open","sticky":false,"template":"","format":"standard","meta":{"site-container-style":"default","site-container-layout":"default","site-sidebar-layout":"default","disable-article-header":"default","disable-site-header":"default","disable-site-footer":"default","disable-content-area-spacing":"default","footnotes":""},"categories":[54,6,8,49],"tags":[],"class_list":["post-21066","post","type-post","status-publish","format-standard","hentry","category-blogs-e-webs","category-educacao","category-textos-e-artigos","category-politicas-publicas"],"yoast_head":"<!-- This site is optimized with the Yoast SEO plugin v27.4 - https:\/\/yoast.com\/product\/yoast-seo-wordpress\/ -->\n<title>Para que s\u00e3o usadas as avalia\u00e7\u00f5es educacionais? -<\/title>\n<meta name=\"robots\" content=\"index, follow, max-snippet:-1, max-image-preview:large, max-video-preview:-1\" \/>\n<link rel=\"canonical\" href=\"https:\/\/inclusivenews.com.br\/?p=21066\" \/>\n<meta property=\"og:locale\" content=\"pt_PT\" \/>\n<meta property=\"og:type\" content=\"article\" \/>\n<meta property=\"og:title\" content=\"Para que s\u00e3o usadas as avalia\u00e7\u00f5es educacionais? -\" \/>\n<meta property=\"og:description\" content=\"Muitos pa\u00edses constru\u00edram ou corrigiram seus sistemas educacionais com muito menos informa\u00e7\u00f5es do que temos. Opini\u00e3o \u00e9 de Otaviano Helene.\" \/>\n<meta property=\"og:url\" content=\"https:\/\/inclusivenews.com.br\/?p=21066\" \/>\n<meta property=\"article:publisher\" content=\"https:\/\/www.facebook.com\/agenciainclusive\/\" \/>\n<meta property=\"article:published_time\" content=\"2011-09-21T10:20:58+00:00\" \/>\n<meta property=\"og:image\" content=\"http:\/\/inclusivenews.com.br\/wp-content\/uploads\/2010\/02\/inclusive_educacao.jpg\" \/>\n<meta name=\"author\" content=\"inclusivenews2024\" \/>\n<meta name=\"twitter:card\" content=\"summary_large_image\" \/>\n<meta name=\"twitter:label1\" content=\"Escrito por\" \/>\n\t<meta name=\"twitter:data1\" content=\"inclusivenews2024\" \/>\n\t<meta name=\"twitter:label2\" content=\"Tempo estimado de leitura\" \/>\n\t<meta name=\"twitter:data2\" content=\"4 minutos\" \/>\n<script type=\"application\/ld+json\" class=\"yoast-schema-graph\">{\"@context\":\"https:\\\/\\\/schema.org\",\"@graph\":[{\"@type\":\"Article\",\"@id\":\"https:\\\/\\\/inclusivenews.com.br\\\/?p=21066#article\",\"isPartOf\":{\"@id\":\"https:\\\/\\\/inclusivenews.com.br\\\/?p=21066\"},\"author\":{\"name\":\"inclusivenews2024\",\"@id\":\"https:\\\/\\\/inclusivenews.com.br\\\/#\\\/schema\\\/person\\\/ae4ec7087559b8692fb33b6fffd2273b\"},\"headline\":\"Para que s\u00e3o usadas as avalia\u00e7\u00f5es educacionais?\",\"datePublished\":\"2011-09-21T10:20:58+00:00\",\"mainEntityOfPage\":{\"@id\":\"https:\\\/\\\/inclusivenews.com.br\\\/?p=21066\"},\"wordCount\":822,\"commentCount\":0,\"publisher\":{\"@id\":\"https:\\\/\\\/inclusivenews.com.br\\\/#organization\"},\"image\":{\"@id\":\"https:\\\/\\\/inclusivenews.com.br\\\/?p=21066#primaryimage\"},\"thumbnailUrl\":\"http:\\\/\\\/inclusivenews.com.br\\\/wp-content\\\/uploads\\\/2010\\\/02\\\/inclusive_educacao.jpg\",\"articleSection\":[\"Blogs e Webs\",\"EDUCA\u00c7\u00c3O\",\"OPINI\u00c3O\",\"Pol\u00edticas p\u00fablicas\"],\"inLanguage\":\"pt-PT\",\"potentialAction\":[{\"@type\":\"CommentAction\",\"name\":\"Comment\",\"target\":[\"https:\\\/\\\/inclusivenews.com.br\\\/?p=21066#respond\"]}]},{\"@type\":\"WebPage\",\"@id\":\"https:\\\/\\\/inclusivenews.com.br\\\/?p=21066\",\"url\":\"https:\\\/\\\/inclusivenews.com.br\\\/?p=21066\",\"name\":\"Para que s\u00e3o usadas as avalia\u00e7\u00f5es educacionais? -\",\"isPartOf\":{\"@id\":\"https:\\\/\\\/inclusivenews.com.br\\\/#website\"},\"primaryImageOfPage\":{\"@id\":\"https:\\\/\\\/inclusivenews.com.br\\\/?p=21066#primaryimage\"},\"image\":{\"@id\":\"https:\\\/\\\/inclusivenews.com.br\\\/?p=21066#primaryimage\"},\"thumbnailUrl\":\"http:\\\/\\\/inclusivenews.com.br\\\/wp-content\\\/uploads\\\/2010\\\/02\\\/inclusive_educacao.jpg\",\"datePublished\":\"2011-09-21T10:20:58+00:00\",\"breadcrumb\":{\"@id\":\"https:\\\/\\\/inclusivenews.com.br\\\/?p=21066#breadcrumb\"},\"inLanguage\":\"pt-PT\",\"potentialAction\":[{\"@type\":\"ReadAction\",\"target\":[\"https:\\\/\\\/inclusivenews.com.br\\\/?p=21066\"]}]},{\"@type\":\"ImageObject\",\"inLanguage\":\"pt-PT\",\"@id\":\"https:\\\/\\\/inclusivenews.com.br\\\/?p=21066#primaryimage\",\"url\":\"\",\"contentUrl\":\"\"},{\"@type\":\"BreadcrumbList\",\"@id\":\"https:\\\/\\\/inclusivenews.com.br\\\/?p=21066#breadcrumb\",\"itemListElement\":[{\"@type\":\"ListItem\",\"position\":1,\"name\":\"In\u00edcio\",\"item\":\"https:\\\/\\\/inclusivenews.com.br\\\/\"},{\"@type\":\"ListItem\",\"position\":2,\"name\":\"Para que s\u00e3o usadas as avalia\u00e7\u00f5es educacionais?\"}]},{\"@type\":\"WebSite\",\"@id\":\"https:\\\/\\\/inclusivenews.com.br\\\/#website\",\"url\":\"https:\\\/\\\/inclusivenews.com.br\\\/\",\"name\":\"Inclusive News\",\"description\":\"Inclusive News\",\"publisher\":{\"@id\":\"https:\\\/\\\/inclusivenews.com.br\\\/#organization\"},\"potentialAction\":[{\"@type\":\"SearchAction\",\"target\":{\"@type\":\"EntryPoint\",\"urlTemplate\":\"https:\\\/\\\/inclusivenews.com.br\\\/?s={search_term_string}\"},\"query-input\":{\"@type\":\"PropertyValueSpecification\",\"valueRequired\":true,\"valueName\":\"search_term_string\"}}],\"inLanguage\":\"pt-PT\"},{\"@type\":\"Organization\",\"@id\":\"https:\\\/\\\/inclusivenews.com.br\\\/#organization\",\"name\":\"Inclusive - inclus\u00e3o e cidadania\",\"url\":\"https:\\\/\\\/inclusivenews.com.br\\\/\",\"logo\":{\"@type\":\"ImageObject\",\"inLanguage\":\"pt-PT\",\"@id\":\"https:\\\/\\\/inclusivenews.com.br\\\/#\\\/schema\\\/logo\\\/image\\\/\",\"url\":\"https:\\\/\\\/inclusivenews.com.br\\\/wp-content\\\/uploads\\\/2024\\\/03\\\/@grandesite.png\",\"contentUrl\":\"https:\\\/\\\/inclusivenews.com.br\\\/wp-content\\\/uploads\\\/2024\\\/03\\\/@grandesite.png\",\"width\":1080,\"height\":1080,\"caption\":\"Inclusive - inclus\u00e3o e cidadania\"},\"image\":{\"@id\":\"https:\\\/\\\/inclusivenews.com.br\\\/#\\\/schema\\\/logo\\\/image\\\/\"},\"sameAs\":[\"https:\\\/\\\/www.facebook.com\\\/agenciainclusive\\\/\",\"https:\\\/\\\/www.instagram.com\\\/newsinclusive\\\/\"]},{\"@type\":\"Person\",\"@id\":\"https:\\\/\\\/inclusivenews.com.br\\\/#\\\/schema\\\/person\\\/ae4ec7087559b8692fb33b6fffd2273b\",\"name\":\"inclusivenews2024\",\"image\":{\"@type\":\"ImageObject\",\"inLanguage\":\"pt-PT\",\"@id\":\"https:\\\/\\\/secure.gravatar.com\\\/avatar\\\/c5a7ef84c66fa914f55bc4f7ce26cfa275a3b9a1c5568b907bd184fb4dde7b40?s=96&d=mm&r=g\",\"url\":\"https:\\\/\\\/secure.gravatar.com\\\/avatar\\\/c5a7ef84c66fa914f55bc4f7ce26cfa275a3b9a1c5568b907bd184fb4dde7b40?s=96&d=mm&r=g\",\"contentUrl\":\"https:\\\/\\\/secure.gravatar.com\\\/avatar\\\/c5a7ef84c66fa914f55bc4f7ce26cfa275a3b9a1c5568b907bd184fb4dde7b40?s=96&d=mm&r=g\",\"caption\":\"inclusivenews2024\"},\"sameAs\":[\"https:\\\/\\\/inclusivenews.com.br\"],\"url\":\"https:\\\/\\\/inclusivenews.com.br\\\/?author=1\"}]}<\/script>\n<!-- \/ Yoast SEO plugin. -->","yoast_head_json":{"title":"Para que s\u00e3o usadas as avalia\u00e7\u00f5es educacionais? -","robots":{"index":"index","follow":"follow","max-snippet":"max-snippet:-1","max-image-preview":"max-image-preview:large","max-video-preview":"max-video-preview:-1"},"canonical":"https:\/\/inclusivenews.com.br\/?p=21066","og_locale":"pt_PT","og_type":"article","og_title":"Para que s\u00e3o usadas as avalia\u00e7\u00f5es educacionais? -","og_description":"Muitos pa\u00edses constru\u00edram ou corrigiram seus sistemas educacionais com muito menos informa\u00e7\u00f5es do que temos. Opini\u00e3o \u00e9 de Otaviano Helene.","og_url":"https:\/\/inclusivenews.com.br\/?p=21066","article_publisher":"https:\/\/www.facebook.com\/agenciainclusive\/","article_published_time":"2011-09-21T10:20:58+00:00","og_image":[{"url":"http:\/\/inclusivenews.com.br\/wp-content\/uploads\/2010\/02\/inclusive_educacao.jpg","type":"","width":"","height":""}],"author":"inclusivenews2024","twitter_card":"summary_large_image","twitter_misc":{"Escrito por":"inclusivenews2024","Tempo estimado de leitura":"4 minutos"},"schema":{"@context":"https:\/\/schema.org","@graph":[{"@type":"Article","@id":"https:\/\/inclusivenews.com.br\/?p=21066#article","isPartOf":{"@id":"https:\/\/inclusivenews.com.br\/?p=21066"},"author":{"name":"inclusivenews2024","@id":"https:\/\/inclusivenews.com.br\/#\/schema\/person\/ae4ec7087559b8692fb33b6fffd2273b"},"headline":"Para que s\u00e3o usadas as avalia\u00e7\u00f5es educacionais?","datePublished":"2011-09-21T10:20:58+00:00","mainEntityOfPage":{"@id":"https:\/\/inclusivenews.com.br\/?p=21066"},"wordCount":822,"commentCount":0,"publisher":{"@id":"https:\/\/inclusivenews.com.br\/#organization"},"image":{"@id":"https:\/\/inclusivenews.com.br\/?p=21066#primaryimage"},"thumbnailUrl":"http:\/\/inclusivenews.com.br\/wp-content\/uploads\/2010\/02\/inclusive_educacao.jpg","articleSection":["Blogs e Webs","EDUCA\u00c7\u00c3O","OPINI\u00c3O","Pol\u00edticas p\u00fablicas"],"inLanguage":"pt-PT","potentialAction":[{"@type":"CommentAction","name":"Comment","target":["https:\/\/inclusivenews.com.br\/?p=21066#respond"]}]},{"@type":"WebPage","@id":"https:\/\/inclusivenews.com.br\/?p=21066","url":"https:\/\/inclusivenews.com.br\/?p=21066","name":"Para que s\u00e3o usadas as avalia\u00e7\u00f5es educacionais? -","isPartOf":{"@id":"https:\/\/inclusivenews.com.br\/#website"},"primaryImageOfPage":{"@id":"https:\/\/inclusivenews.com.br\/?p=21066#primaryimage"},"image":{"@id":"https:\/\/inclusivenews.com.br\/?p=21066#primaryimage"},"thumbnailUrl":"http:\/\/inclusivenews.com.br\/wp-content\/uploads\/2010\/02\/inclusive_educacao.jpg","datePublished":"2011-09-21T10:20:58+00:00","breadcrumb":{"@id":"https:\/\/inclusivenews.com.br\/?p=21066#breadcrumb"},"inLanguage":"pt-PT","potentialAction":[{"@type":"ReadAction","target":["https:\/\/inclusivenews.com.br\/?p=21066"]}]},{"@type":"ImageObject","inLanguage":"pt-PT","@id":"https:\/\/inclusivenews.com.br\/?p=21066#primaryimage","url":"","contentUrl":""},{"@type":"BreadcrumbList","@id":"https:\/\/inclusivenews.com.br\/?p=21066#breadcrumb","itemListElement":[{"@type":"ListItem","position":1,"name":"In\u00edcio","item":"https:\/\/inclusivenews.com.br\/"},{"@type":"ListItem","position":2,"name":"Para que s\u00e3o usadas as avalia\u00e7\u00f5es educacionais?"}]},{"@type":"WebSite","@id":"https:\/\/inclusivenews.com.br\/#website","url":"https:\/\/inclusivenews.com.br\/","name":"Inclusive News","description":"Inclusive News","publisher":{"@id":"https:\/\/inclusivenews.com.br\/#organization"},"potentialAction":[{"@type":"SearchAction","target":{"@type":"EntryPoint","urlTemplate":"https:\/\/inclusivenews.com.br\/?s={search_term_string}"},"query-input":{"@type":"PropertyValueSpecification","valueRequired":true,"valueName":"search_term_string"}}],"inLanguage":"pt-PT"},{"@type":"Organization","@id":"https:\/\/inclusivenews.com.br\/#organization","name":"Inclusive - inclus\u00e3o e cidadania","url":"https:\/\/inclusivenews.com.br\/","logo":{"@type":"ImageObject","inLanguage":"pt-PT","@id":"https:\/\/inclusivenews.com.br\/#\/schema\/logo\/image\/","url":"https:\/\/inclusivenews.com.br\/wp-content\/uploads\/2024\/03\/@grandesite.png","contentUrl":"https:\/\/inclusivenews.com.br\/wp-content\/uploads\/2024\/03\/@grandesite.png","width":1080,"height":1080,"caption":"Inclusive - inclus\u00e3o e cidadania"},"image":{"@id":"https:\/\/inclusivenews.com.br\/#\/schema\/logo\/image\/"},"sameAs":["https:\/\/www.facebook.com\/agenciainclusive\/","https:\/\/www.instagram.com\/newsinclusive\/"]},{"@type":"Person","@id":"https:\/\/inclusivenews.com.br\/#\/schema\/person\/ae4ec7087559b8692fb33b6fffd2273b","name":"inclusivenews2024","image":{"@type":"ImageObject","inLanguage":"pt-PT","@id":"https:\/\/secure.gravatar.com\/avatar\/c5a7ef84c66fa914f55bc4f7ce26cfa275a3b9a1c5568b907bd184fb4dde7b40?s=96&d=mm&r=g","url":"https:\/\/secure.gravatar.com\/avatar\/c5a7ef84c66fa914f55bc4f7ce26cfa275a3b9a1c5568b907bd184fb4dde7b40?s=96&d=mm&r=g","contentUrl":"https:\/\/secure.gravatar.com\/avatar\/c5a7ef84c66fa914f55bc4f7ce26cfa275a3b9a1c5568b907bd184fb4dde7b40?s=96&d=mm&r=g","caption":"inclusivenews2024"},"sameAs":["https:\/\/inclusivenews.com.br"],"url":"https:\/\/inclusivenews.com.br\/?author=1"}]}},"_links":{"self":[{"href":"https:\/\/inclusivenews.com.br\/index.php?rest_route=\/wp\/v2\/posts\/21066","targetHints":{"allow":["GET"]}}],"collection":[{"href":"https:\/\/inclusivenews.com.br\/index.php?rest_route=\/wp\/v2\/posts"}],"about":[{"href":"https:\/\/inclusivenews.com.br\/index.php?rest_route=\/wp\/v2\/types\/post"}],"author":[{"embeddable":true,"href":"https:\/\/inclusivenews.com.br\/index.php?rest_route=\/wp\/v2\/users\/1"}],"replies":[{"embeddable":true,"href":"https:\/\/inclusivenews.com.br\/index.php?rest_route=%2Fwp%2Fv2%2Fcomments&post=21066"}],"version-history":[{"count":0,"href":"https:\/\/inclusivenews.com.br\/index.php?rest_route=\/wp\/v2\/posts\/21066\/revisions"}],"wp:attachment":[{"href":"https:\/\/inclusivenews.com.br\/index.php?rest_route=%2Fwp%2Fv2%2Fmedia&parent=21066"}],"wp:term":[{"taxonomy":"category","embeddable":true,"href":"https:\/\/inclusivenews.com.br\/index.php?rest_route=%2Fwp%2Fv2%2Fcategories&post=21066"},{"taxonomy":"post_tag","embeddable":true,"href":"https:\/\/inclusivenews.com.br\/index.php?rest_route=%2Fwp%2Fv2%2Ftags&post=21066"}],"curies":[{"name":"wp","href":"https:\/\/api.w.org\/{rel}","templated":true}]}}