{"id":21068,"date":"2011-09-21T07:20:27","date_gmt":"2011-09-21T10:20:27","guid":{"rendered":"http:\/\/www.inclusive.org.br\/?p=21068"},"modified":"2011-09-21T07:20:27","modified_gmt":"2011-09-21T10:20:27","slug":"oab-aprova-proposta-sobre-diversidade-sexual-e-destaca-luta-contra-intolerancia","status":"publish","type":"post","link":"https:\/\/inclusivenews.com.br\/?p=21068","title":{"rendered":"OAB aprova proposta sobre diversidade sexual e destaca luta contra intoler\u00e2ncia"},"content":{"rendered":"<figure id=\"attachment_12758\" aria-describedby=\"caption-attachment-12758\" style=\"width: 161px\" class=\"wp-caption alignleft\"><img loading=\"lazy\" decoding=\"async\" class=\"size-full wp-image-12758\" title=\"Bandeira s\u00edmbolo do movimento GLBT contra a homofobia. A cor vermelha imita um sangramento.\" src=\"http:\/\/inclusivenews.com.br\/wp-content\/uploads\/2009\/11\/bandeira.jpg\" alt=\"Bandeira s\u00edmbolo do movimento GLBT contra a homofobia. A cor vermelha imita um sangramento.\" width=\"161\" height=\"122\" \/><figcaption id=\"caption-attachment-12758\" class=\"wp-caption-text\"> <\/figcaption><\/figure>\n<p>O Pleno do Conselho Federal da Ordem dos Advogados do Brasil aprovou na \u00faltima segunda-feira, em sess\u00e3o plen\u00e1ria, projeto de Proposta de Emenda \u00e0 Constitui\u00e7\u00e3o (PEC), que ser\u00e1 encaminhado ao Congresso Nacional como contribui\u00e7\u00e3o da cidadania brasileira, visando o combate \u00e0 discrimina\u00e7\u00e3o e a intoler\u00e2ncia por orienta\u00e7\u00e3o sexual ou identidade de g\u00eanero. A aprova\u00e7\u00e3o foi saudada pelo presidente nacional da OAB, Ophir Cavalcante, que conduziu a sess\u00e3o, como &#8220;a reafirma\u00e7\u00e3o de que incumbe ao advogado a luta pela paz social, pela defesa dos direitos humanos e dos princ\u00edpios constitucionais de que todos s\u00e3o iguais perante a lei e, portanto, n\u00e3o podem ser discriminados&#8221;. A PEC foi apresentada pela Comiss\u00e3o Especial da Diversidade Sexual do Conselho Federal da OAB e teve como relator o conselheiro federal Carlos Roberto de Siqueira Castro, do Rio de Janeiro.<\/p>\n<p>Ophir Cavalcante destacou que, ao enviar esse projeto \u00e0 aprecia\u00e7\u00e3o do Poder Legislativo, a OAB expressa tamb\u00e9m seu apoio ao princ\u00edpio constitucional e mundialmente reconhecido da toler\u00e2ncia. Dessa forma, segundo ele, o envio da proposta tem ainda o objetivo de manifestar ao Parlamento que a entidade exerce press\u00e3o leg\u00edtima por uma demanda da sociedade, ao requerer aprova\u00e7\u00e3o de lei de prote\u00e7\u00e3o aos direitos de homossexuais, l\u00e9sbicas, bissexuais, transexuais, travestis, transg\u00eaneros e intersexuais. Uma das principais mudan\u00e7as \u00e9 introduzida pela PEC ao artigo 3\u00ba, inciso IV da Constitui\u00e7\u00e3o Federal, que trata dos objetivos fundamentais da Rep\u00fablica Federativa do Brasil. Hoje, tal inciso prev\u00ea: &#8220;promover o bem  de todos, sem preconceitos de origem, ra\u00e7a, sexo, cor, idade e quaisquer outras formas de preconceitos&#8221;. A proposta da OAB inclui entre eles, &#8220;a orienta\u00e7\u00e3o sexual ou identidade de g\u00eanero&#8221;.<\/p>\n<p>Quanto \u00e0 legisla\u00e7\u00e3o infraconstitucional que necessariamente deve se seguir \u00e0 aprova\u00e7\u00e3o de uma PEC, nesse caso a OAB ficou de examinar em outubro pr\u00f3ximo, um anteprojeto contendo as propostas de legisla\u00e7\u00e3o que &#8220;consagram uma s\u00e9rie de prerrogativas e direitos a homossexuais, l\u00e9sbicas, bissexuais, transexuais, travestis, trang\u00eaneros e intersexuais e prop\u00f5e tamb\u00e9m o reconhecimento das uni\u00f5es homoafetivas&#8221;. A Comiss\u00e3o Especial da Diversidade Sexual j\u00e1 apresentou proposta de um Estatuto regulando essas quest\u00f5es a partir da vig\u00eancia da Emenda \u00e0 Constitui\u00e7\u00e3o. O Estatuto deve ser apreciado em sess\u00e3o plen\u00e1ria da entidade dia 24 de outubro.<\/p>\n<p>Fonte: <a href=\"http:\/\/www.oab.org.br\/noticia.asp?id=22689\">OAB<\/a><\/p>\n","protected":false},"excerpt":{"rendered":"<p>A Comiss\u00e3o Especial da Diversidade Sexual j\u00e1 apresentou proposta de um Estatuto regulando essas quest\u00f5es a partir da vig\u00eancia da Emenda \u00e0 Constitui\u00e7\u00e3o. O Estatuto deve ser apreciado em sess\u00e3o plen\u00e1ria da entidade dia 24 de outubro.<\/p>\n","protected":false},"author":1,"featured_media":0,"comment_status":"open","ping_status":"open","sticky":false,"template":"","format":"standard","meta":{"site-container-style":"default","site-container-layout":"default","site-sidebar-layout":"default","disable-article-header":"default","disable-site-header":"default","disable-site-footer":"default","disable-content-area-spacing":"default","footnotes":""},"categories":[11,4],"tags":[95],"class_list":["post-21068","post","type-post","status-publish","format-standard","hentry","category-direitos-humanos","category-noticias","tag-homofobia"],"yoast_head":"<!-- This site is optimized with the Yoast SEO plugin v27.4 - https:\/\/yoast.com\/product\/yoast-seo-wordpress\/ -->\n<title>OAB aprova proposta sobre diversidade sexual e destaca luta contra intoler\u00e2ncia -<\/title>\n<meta name=\"robots\" content=\"index, follow, max-snippet:-1, max-image-preview:large, max-video-preview:-1\" \/>\n<link rel=\"canonical\" href=\"https:\/\/inclusivenews.com.br\/?p=21068\" \/>\n<meta property=\"og:locale\" content=\"pt_PT\" \/>\n<meta property=\"og:type\" content=\"article\" \/>\n<meta property=\"og:title\" content=\"OAB aprova proposta sobre diversidade sexual e destaca luta contra intoler\u00e2ncia -\" \/>\n<meta property=\"og:description\" content=\"A Comiss\u00e3o Especial da Diversidade Sexual j\u00e1 apresentou proposta de um Estatuto regulando essas quest\u00f5es a partir da vig\u00eancia da Emenda \u00e0 Constitui\u00e7\u00e3o. O Estatuto deve ser apreciado em sess\u00e3o plen\u00e1ria da entidade dia 24 de outubro.\" \/>\n<meta property=\"og:url\" content=\"https:\/\/inclusivenews.com.br\/?p=21068\" \/>\n<meta property=\"article:publisher\" content=\"https:\/\/www.facebook.com\/agenciainclusive\/\" \/>\n<meta property=\"article:published_time\" content=\"2011-09-21T10:20:27+00:00\" \/>\n<meta property=\"og:image\" content=\"http:\/\/inclusivenews.com.br\/wp-content\/uploads\/2009\/11\/bandeira.jpg\" \/>\n<meta name=\"author\" content=\"inclusivenews2024\" \/>\n<meta name=\"twitter:card\" content=\"summary_large_image\" \/>\n<meta name=\"twitter:label1\" content=\"Escrito por\" \/>\n\t<meta name=\"twitter:data1\" content=\"inclusivenews2024\" \/>\n\t<meta name=\"twitter:label2\" content=\"Tempo estimado de leitura\" \/>\n\t<meta name=\"twitter:data2\" content=\"2 minutos\" \/>\n<script type=\"application\/ld+json\" class=\"yoast-schema-graph\">{\"@context\":\"https:\\\/\\\/schema.org\",\"@graph\":[{\"@type\":\"Article\",\"@id\":\"https:\\\/\\\/inclusivenews.com.br\\\/?p=21068#article\",\"isPartOf\":{\"@id\":\"https:\\\/\\\/inclusivenews.com.br\\\/?p=21068\"},\"author\":{\"name\":\"inclusivenews2024\",\"@id\":\"https:\\\/\\\/inclusivenews.com.br\\\/#\\\/schema\\\/person\\\/ae4ec7087559b8692fb33b6fffd2273b\"},\"headline\":\"OAB aprova proposta sobre diversidade sexual e destaca luta contra intoler\u00e2ncia\",\"datePublished\":\"2011-09-21T10:20:27+00:00\",\"mainEntityOfPage\":{\"@id\":\"https:\\\/\\\/inclusivenews.com.br\\\/?p=21068\"},\"wordCount\":422,\"commentCount\":0,\"publisher\":{\"@id\":\"https:\\\/\\\/inclusivenews.com.br\\\/#organization\"},\"image\":{\"@id\":\"https:\\\/\\\/inclusivenews.com.br\\\/?p=21068#primaryimage\"},\"thumbnailUrl\":\"http:\\\/\\\/inclusivenews.com.br\\\/wp-content\\\/uploads\\\/2009\\\/11\\\/bandeira.jpg\",\"keywords\":[\"homofobia\"],\"articleSection\":[\"DIREITOS HUMANOS\",\"NOT\u00cdCIAS\"],\"inLanguage\":\"pt-PT\",\"potentialAction\":[{\"@type\":\"CommentAction\",\"name\":\"Comment\",\"target\":[\"https:\\\/\\\/inclusivenews.com.br\\\/?p=21068#respond\"]}]},{\"@type\":\"WebPage\",\"@id\":\"https:\\\/\\\/inclusivenews.com.br\\\/?p=21068\",\"url\":\"https:\\\/\\\/inclusivenews.com.br\\\/?p=21068\",\"name\":\"OAB aprova proposta sobre diversidade sexual e destaca luta contra intoler\u00e2ncia -\",\"isPartOf\":{\"@id\":\"https:\\\/\\\/inclusivenews.com.br\\\/#website\"},\"primaryImageOfPage\":{\"@id\":\"https:\\\/\\\/inclusivenews.com.br\\\/?p=21068#primaryimage\"},\"image\":{\"@id\":\"https:\\\/\\\/inclusivenews.com.br\\\/?p=21068#primaryimage\"},\"thumbnailUrl\":\"http:\\\/\\\/inclusivenews.com.br\\\/wp-content\\\/uploads\\\/2009\\\/11\\\/bandeira.jpg\",\"datePublished\":\"2011-09-21T10:20:27+00:00\",\"breadcrumb\":{\"@id\":\"https:\\\/\\\/inclusivenews.com.br\\\/?p=21068#breadcrumb\"},\"inLanguage\":\"pt-PT\",\"potentialAction\":[{\"@type\":\"ReadAction\",\"target\":[\"https:\\\/\\\/inclusivenews.com.br\\\/?p=21068\"]}]},{\"@type\":\"ImageObject\",\"inLanguage\":\"pt-PT\",\"@id\":\"https:\\\/\\\/inclusivenews.com.br\\\/?p=21068#primaryimage\",\"url\":\"https:\\\/\\\/inclusivenews.com.br\\\/wp-content\\\/uploads\\\/2009\\\/11\\\/bandeira.jpg\",\"contentUrl\":\"https:\\\/\\\/inclusivenews.com.br\\\/wp-content\\\/uploads\\\/2009\\\/11\\\/bandeira.jpg\",\"width\":161,\"height\":122,\"caption\":\"Bandeira s\u00edmbolo do movimento GLBT contra a homofobia. A cor vermelha imita um sangramento.\"},{\"@type\":\"BreadcrumbList\",\"@id\":\"https:\\\/\\\/inclusivenews.com.br\\\/?p=21068#breadcrumb\",\"itemListElement\":[{\"@type\":\"ListItem\",\"position\":1,\"name\":\"In\u00edcio\",\"item\":\"https:\\\/\\\/inclusivenews.com.br\\\/\"},{\"@type\":\"ListItem\",\"position\":2,\"name\":\"OAB aprova proposta sobre diversidade sexual e destaca luta contra intoler\u00e2ncia\"}]},{\"@type\":\"WebSite\",\"@id\":\"https:\\\/\\\/inclusivenews.com.br\\\/#website\",\"url\":\"https:\\\/\\\/inclusivenews.com.br\\\/\",\"name\":\"Inclusive News\",\"description\":\"Inclusive News\",\"publisher\":{\"@id\":\"https:\\\/\\\/inclusivenews.com.br\\\/#organization\"},\"potentialAction\":[{\"@type\":\"SearchAction\",\"target\":{\"@type\":\"EntryPoint\",\"urlTemplate\":\"https:\\\/\\\/inclusivenews.com.br\\\/?s={search_term_string}\"},\"query-input\":{\"@type\":\"PropertyValueSpecification\",\"valueRequired\":true,\"valueName\":\"search_term_string\"}}],\"inLanguage\":\"pt-PT\"},{\"@type\":\"Organization\",\"@id\":\"https:\\\/\\\/inclusivenews.com.br\\\/#organization\",\"name\":\"Inclusive - inclus\u00e3o e cidadania\",\"url\":\"https:\\\/\\\/inclusivenews.com.br\\\/\",\"logo\":{\"@type\":\"ImageObject\",\"inLanguage\":\"pt-PT\",\"@id\":\"https:\\\/\\\/inclusivenews.com.br\\\/#\\\/schema\\\/logo\\\/image\\\/\",\"url\":\"https:\\\/\\\/inclusivenews.com.br\\\/wp-content\\\/uploads\\\/2024\\\/03\\\/@grandesite.png\",\"contentUrl\":\"https:\\\/\\\/inclusivenews.com.br\\\/wp-content\\\/uploads\\\/2024\\\/03\\\/@grandesite.png\",\"width\":1080,\"height\":1080,\"caption\":\"Inclusive - inclus\u00e3o e cidadania\"},\"image\":{\"@id\":\"https:\\\/\\\/inclusivenews.com.br\\\/#\\\/schema\\\/logo\\\/image\\\/\"},\"sameAs\":[\"https:\\\/\\\/www.facebook.com\\\/agenciainclusive\\\/\",\"https:\\\/\\\/www.instagram.com\\\/newsinclusive\\\/\"]},{\"@type\":\"Person\",\"@id\":\"https:\\\/\\\/inclusivenews.com.br\\\/#\\\/schema\\\/person\\\/ae4ec7087559b8692fb33b6fffd2273b\",\"name\":\"inclusivenews2024\",\"image\":{\"@type\":\"ImageObject\",\"inLanguage\":\"pt-PT\",\"@id\":\"https:\\\/\\\/secure.gravatar.com\\\/avatar\\\/c5a7ef84c66fa914f55bc4f7ce26cfa275a3b9a1c5568b907bd184fb4dde7b40?s=96&d=mm&r=g\",\"url\":\"https:\\\/\\\/secure.gravatar.com\\\/avatar\\\/c5a7ef84c66fa914f55bc4f7ce26cfa275a3b9a1c5568b907bd184fb4dde7b40?s=96&d=mm&r=g\",\"contentUrl\":\"https:\\\/\\\/secure.gravatar.com\\\/avatar\\\/c5a7ef84c66fa914f55bc4f7ce26cfa275a3b9a1c5568b907bd184fb4dde7b40?s=96&d=mm&r=g\",\"caption\":\"inclusivenews2024\"},\"sameAs\":[\"https:\\\/\\\/inclusivenews.com.br\"],\"url\":\"https:\\\/\\\/inclusivenews.com.br\\\/?author=1\"}]}<\/script>\n<!-- \/ Yoast SEO plugin. -->","yoast_head_json":{"title":"OAB aprova proposta sobre diversidade sexual e destaca luta contra intoler\u00e2ncia -","robots":{"index":"index","follow":"follow","max-snippet":"max-snippet:-1","max-image-preview":"max-image-preview:large","max-video-preview":"max-video-preview:-1"},"canonical":"https:\/\/inclusivenews.com.br\/?p=21068","og_locale":"pt_PT","og_type":"article","og_title":"OAB aprova proposta sobre diversidade sexual e destaca luta contra intoler\u00e2ncia -","og_description":"A Comiss\u00e3o Especial da Diversidade Sexual j\u00e1 apresentou proposta de um Estatuto regulando essas quest\u00f5es a partir da vig\u00eancia da Emenda \u00e0 Constitui\u00e7\u00e3o. O Estatuto deve ser apreciado em sess\u00e3o plen\u00e1ria da entidade dia 24 de outubro.","og_url":"https:\/\/inclusivenews.com.br\/?p=21068","article_publisher":"https:\/\/www.facebook.com\/agenciainclusive\/","article_published_time":"2011-09-21T10:20:27+00:00","og_image":[{"url":"http:\/\/inclusivenews.com.br\/wp-content\/uploads\/2009\/11\/bandeira.jpg","type":"","width":"","height":""}],"author":"inclusivenews2024","twitter_card":"summary_large_image","twitter_misc":{"Escrito por":"inclusivenews2024","Tempo estimado de leitura":"2 minutos"},"schema":{"@context":"https:\/\/schema.org","@graph":[{"@type":"Article","@id":"https:\/\/inclusivenews.com.br\/?p=21068#article","isPartOf":{"@id":"https:\/\/inclusivenews.com.br\/?p=21068"},"author":{"name":"inclusivenews2024","@id":"https:\/\/inclusivenews.com.br\/#\/schema\/person\/ae4ec7087559b8692fb33b6fffd2273b"},"headline":"OAB aprova proposta sobre diversidade sexual e destaca luta contra intoler\u00e2ncia","datePublished":"2011-09-21T10:20:27+00:00","mainEntityOfPage":{"@id":"https:\/\/inclusivenews.com.br\/?p=21068"},"wordCount":422,"commentCount":0,"publisher":{"@id":"https:\/\/inclusivenews.com.br\/#organization"},"image":{"@id":"https:\/\/inclusivenews.com.br\/?p=21068#primaryimage"},"thumbnailUrl":"http:\/\/inclusivenews.com.br\/wp-content\/uploads\/2009\/11\/bandeira.jpg","keywords":["homofobia"],"articleSection":["DIREITOS HUMANOS","NOT\u00cdCIAS"],"inLanguage":"pt-PT","potentialAction":[{"@type":"CommentAction","name":"Comment","target":["https:\/\/inclusivenews.com.br\/?p=21068#respond"]}]},{"@type":"WebPage","@id":"https:\/\/inclusivenews.com.br\/?p=21068","url":"https:\/\/inclusivenews.com.br\/?p=21068","name":"OAB aprova proposta sobre diversidade sexual e destaca luta contra intoler\u00e2ncia -","isPartOf":{"@id":"https:\/\/inclusivenews.com.br\/#website"},"primaryImageOfPage":{"@id":"https:\/\/inclusivenews.com.br\/?p=21068#primaryimage"},"image":{"@id":"https:\/\/inclusivenews.com.br\/?p=21068#primaryimage"},"thumbnailUrl":"http:\/\/inclusivenews.com.br\/wp-content\/uploads\/2009\/11\/bandeira.jpg","datePublished":"2011-09-21T10:20:27+00:00","breadcrumb":{"@id":"https:\/\/inclusivenews.com.br\/?p=21068#breadcrumb"},"inLanguage":"pt-PT","potentialAction":[{"@type":"ReadAction","target":["https:\/\/inclusivenews.com.br\/?p=21068"]}]},{"@type":"ImageObject","inLanguage":"pt-PT","@id":"https:\/\/inclusivenews.com.br\/?p=21068#primaryimage","url":"https:\/\/inclusivenews.com.br\/wp-content\/uploads\/2009\/11\/bandeira.jpg","contentUrl":"https:\/\/inclusivenews.com.br\/wp-content\/uploads\/2009\/11\/bandeira.jpg","width":161,"height":122,"caption":"Bandeira s\u00edmbolo do movimento GLBT contra a homofobia. A cor vermelha imita um sangramento."},{"@type":"BreadcrumbList","@id":"https:\/\/inclusivenews.com.br\/?p=21068#breadcrumb","itemListElement":[{"@type":"ListItem","position":1,"name":"In\u00edcio","item":"https:\/\/inclusivenews.com.br\/"},{"@type":"ListItem","position":2,"name":"OAB aprova proposta sobre diversidade sexual e destaca luta contra intoler\u00e2ncia"}]},{"@type":"WebSite","@id":"https:\/\/inclusivenews.com.br\/#website","url":"https:\/\/inclusivenews.com.br\/","name":"Inclusive News","description":"Inclusive News","publisher":{"@id":"https:\/\/inclusivenews.com.br\/#organization"},"potentialAction":[{"@type":"SearchAction","target":{"@type":"EntryPoint","urlTemplate":"https:\/\/inclusivenews.com.br\/?s={search_term_string}"},"query-input":{"@type":"PropertyValueSpecification","valueRequired":true,"valueName":"search_term_string"}}],"inLanguage":"pt-PT"},{"@type":"Organization","@id":"https:\/\/inclusivenews.com.br\/#organization","name":"Inclusive - inclus\u00e3o e cidadania","url":"https:\/\/inclusivenews.com.br\/","logo":{"@type":"ImageObject","inLanguage":"pt-PT","@id":"https:\/\/inclusivenews.com.br\/#\/schema\/logo\/image\/","url":"https:\/\/inclusivenews.com.br\/wp-content\/uploads\/2024\/03\/@grandesite.png","contentUrl":"https:\/\/inclusivenews.com.br\/wp-content\/uploads\/2024\/03\/@grandesite.png","width":1080,"height":1080,"caption":"Inclusive - inclus\u00e3o e cidadania"},"image":{"@id":"https:\/\/inclusivenews.com.br\/#\/schema\/logo\/image\/"},"sameAs":["https:\/\/www.facebook.com\/agenciainclusive\/","https:\/\/www.instagram.com\/newsinclusive\/"]},{"@type":"Person","@id":"https:\/\/inclusivenews.com.br\/#\/schema\/person\/ae4ec7087559b8692fb33b6fffd2273b","name":"inclusivenews2024","image":{"@type":"ImageObject","inLanguage":"pt-PT","@id":"https:\/\/secure.gravatar.com\/avatar\/c5a7ef84c66fa914f55bc4f7ce26cfa275a3b9a1c5568b907bd184fb4dde7b40?s=96&d=mm&r=g","url":"https:\/\/secure.gravatar.com\/avatar\/c5a7ef84c66fa914f55bc4f7ce26cfa275a3b9a1c5568b907bd184fb4dde7b40?s=96&d=mm&r=g","contentUrl":"https:\/\/secure.gravatar.com\/avatar\/c5a7ef84c66fa914f55bc4f7ce26cfa275a3b9a1c5568b907bd184fb4dde7b40?s=96&d=mm&r=g","caption":"inclusivenews2024"},"sameAs":["https:\/\/inclusivenews.com.br"],"url":"https:\/\/inclusivenews.com.br\/?author=1"}]}},"_links":{"self":[{"href":"https:\/\/inclusivenews.com.br\/index.php?rest_route=\/wp\/v2\/posts\/21068","targetHints":{"allow":["GET"]}}],"collection":[{"href":"https:\/\/inclusivenews.com.br\/index.php?rest_route=\/wp\/v2\/posts"}],"about":[{"href":"https:\/\/inclusivenews.com.br\/index.php?rest_route=\/wp\/v2\/types\/post"}],"author":[{"embeddable":true,"href":"https:\/\/inclusivenews.com.br\/index.php?rest_route=\/wp\/v2\/users\/1"}],"replies":[{"embeddable":true,"href":"https:\/\/inclusivenews.com.br\/index.php?rest_route=%2Fwp%2Fv2%2Fcomments&post=21068"}],"version-history":[{"count":0,"href":"https:\/\/inclusivenews.com.br\/index.php?rest_route=\/wp\/v2\/posts\/21068\/revisions"}],"wp:attachment":[{"href":"https:\/\/inclusivenews.com.br\/index.php?rest_route=%2Fwp%2Fv2%2Fmedia&parent=21068"}],"wp:term":[{"taxonomy":"category","embeddable":true,"href":"https:\/\/inclusivenews.com.br\/index.php?rest_route=%2Fwp%2Fv2%2Fcategories&post=21068"},{"taxonomy":"post_tag","embeddable":true,"href":"https:\/\/inclusivenews.com.br\/index.php?rest_route=%2Fwp%2Fv2%2Ftags&post=21068"}],"curies":[{"name":"wp","href":"https:\/\/api.w.org\/{rel}","templated":true}]}}