{"id":21069,"date":"2011-09-21T07:20:07","date_gmt":"2011-09-21T10:20:07","guid":{"rendered":"http:\/\/www.inclusive.org.br\/?p=21069"},"modified":"2011-09-21T07:20:07","modified_gmt":"2011-09-21T10:20:07","slug":"programacao-destaca-o-trabalho-pacificador-dos-mediadores-comunitarios","status":"publish","type":"post","link":"https:\/\/inclusivenews.com.br\/?p=21069","title":{"rendered":"Programa\u00e7\u00e3o destaca o trabalho pacificador dos Mediadores Comunit\u00e1rios"},"content":{"rendered":"<figure style=\"width: 224px\" class=\"wp-caption alignleft\"><img loading=\"lazy\" decoding=\"async\" title=\"Ilustra\u00e7\u00e3o de duas pessoas abra\u00e7adad\" src=\"http:\/\/www.boanoticia.org.br\/arquivos\/Image\/noticias\/mediacaocomunitaria.JPG\" alt=\"\" width=\"224\" height=\"224\" \/><figcaption class=\"wp-caption-text\"> <\/figcaption><\/figure>\n<p>A media\u00e7\u00e3o comunit\u00e1ria \u00e9 hoje um valioso instrumento extrajudicial, que ajuda a pacificar conflitos sociais, desafogando a Justi\u00e7a. Para divulgar o trabalho e homenagear os mediadores, o Minist\u00e9rio P\u00fablico do Estado do Cear\u00e1, em parceria com a Assembleia Legislativa, o Servi\u00e7o Social do Com\u00e9rcio (SESC) e os N\u00facleos de Media\u00e7\u00e3o Comunit\u00e1ria (NMC), programou atividades para comemorar a Semana do Mediador Comunit\u00e1rio Estadual.<\/p>\n<p>Na pr\u00f3xima quarta-feira (21), \u00e0s 15h, haver\u00e1 uma audi\u00eancia p\u00fablica na Assembleia Legislativa sobre a necessidade e import\u00e2ncia da media\u00e7\u00e3o comunit\u00e1ria como alternativa \u00e0 pacifica\u00e7\u00e3o de conflitos sociais.  No dia 26, \u00e0s 16h, ser\u00e1 inaugurado o N\u00facleo de Justi\u00e7a Comunit\u00e1ria do bairro Bom Jardim, e no dia 27, \u00e0s 18h, ser\u00e1 comemorado o anivers\u00e1rio do N\u00facleo de Justi\u00e7a Comunit\u00e1ria do bairro Pirambu.<\/p>\n<p>Os problemas que podem ser solucionados com a ajuda dos mediadores comunit\u00e1rios s\u00e3o conflitos familiares e de vizinhos, pens\u00e3o aliment\u00edcia, reconhecimento de paternidade, separa\u00e7\u00e3o consensual, quest\u00f5es trabalhistas, inj\u00faria, cal\u00fania, difama\u00e7\u00e3o, e outros, incluindo conflitos no \u00e2mbito escolar.<\/p>\n<p>O Programa dos N\u00facleos de Media\u00e7\u00e3o Comunit\u00e1ria foi criado pelo Col\u00e9gio de Procuradores de Justi\u00e7a em 27 de junho de 2007. \u00c9 implementado no \u00e2mbito das Promotorias de Justi\u00e7a do Estado do Cear\u00e1. O Coordenador do Programa, promotor de Justi\u00e7a Edson Landim, informa que o objetivo \u00e9 estimular a forma\u00e7\u00e3o de N\u00facleos em outros bairros de Fortaleza e nos munic\u00edpios do Cear\u00e1.<\/p>\n<p>Atualmente, segundo ele, existem oito n\u00facleos no Cear\u00e1. Em Fortaleza, est\u00e3o instalados em Messejana, Parangaba, Pirambu, Barra do Cear\u00e1 e, na pr\u00f3xima semana, no Bom Jardim. Os demais est\u00e3o em Jurema-Caucaia, Pacatuba e Russas. \u201cAt\u00e9 o fim do ano queremos chegar a doze n\u00facleos. Em novembro ser\u00e1 inaugurado o do bairro Antonio Bezerra.<\/p>\n<p>Na tarde desta segunda-feira, Edson Landim visitou o N\u00facleo de Messejana, acompanhado do Prefeito de Sobral, Clodoveu Arruda, que foi conhecer o trabalho ali realizado. Satisfeito, Edson Landim disse esperar que o d\u00e9cimo n\u00facleo de media\u00e7\u00e3o seja o de Sobral.<\/p>\n<p>Para funcionar, os n\u00facleos contam com cerca de 170 pessoas, entre membros do Minist\u00e9rio P\u00fablico e volunt\u00e1rios &#8211; representantes da comunidade. Estes passam por um curso de capacita\u00e7\u00e3o realizado pelos Promotores de Justi\u00e7a. Os N\u00facleos est\u00e3o vinculados \u00e0 Secretaria Executiva dos Juizados Especiais e s\u00e3o supervisionados pelo promotor de cada \u00e1rea.<\/p>\n<p>A Procuradora-Geral de Justi\u00e7a do Estado do Cear\u00e1, Socorro Fran\u00e7a, foi a fundadora do primeiro N\u00facleo de Media\u00e7\u00e3o Comunit\u00e1ria, no bairro Pirambu. Assim com o promotor Edson Landim, ela est\u00e1 prestigiando a Semana do Mediador Comunit\u00e1rio.<\/p>\n<p>Mais informa\u00e7\u00f5es com o promotor de Justi\u00e7a Edson Landim &#8211; (fone: 85 9982 7062) ou com a Coordena\u00e7\u00e3o dos N\u00facleos de Media\u00e7\u00e3o Comunit\u00e1ria &#8211; (fone: 85 3231 1792)<\/p>\n<p>* Com informa\u00e7\u00f5es da Assessoria<\/p>\n<p>Fonte: <a href=\"http:\/\/www.boanoticia.org.br\/noticias_detalhes.asp?Cod=3153\">Ag\u00eancia da Boa Not\u00edcia &#8211; (fone: 85 3224 5509)<\/a><\/p>\n","protected":false},"excerpt":{"rendered":"<p>A media\u00e7\u00e3o comunit\u00e1ria \u00e9 hoje um valioso instrumento extrajudicial, que ajuda a pacificar conflitos sociais, desafogando a Justi\u00e7a. Infroma\u00e7\u00e3o vem da Ag\u00eancia da Boa Not\u00edcia.<\/p>\n","protected":false},"author":1,"featured_media":0,"comment_status":"open","ping_status":"open","sticky":false,"template":"","format":"standard","meta":{"site-container-style":"default","site-container-layout":"default","site-sidebar-layout":"default","disable-article-header":"default","disable-site-header":"default","disable-site-footer":"default","disable-content-area-spacing":"default","footnotes":""},"categories":[11,4],"tags":[94],"class_list":["post-21069","post","type-post","status-publish","format-standard","hentry","category-direitos-humanos","category-noticias","tag-violencia"],"yoast_head":"<!-- This site is optimized with the Yoast SEO plugin v27.4 - https:\/\/yoast.com\/product\/yoast-seo-wordpress\/ -->\n<title>Programa\u00e7\u00e3o destaca o trabalho pacificador dos Mediadores Comunit\u00e1rios -<\/title>\n<meta name=\"robots\" content=\"index, follow, max-snippet:-1, max-image-preview:large, max-video-preview:-1\" \/>\n<link rel=\"canonical\" href=\"https:\/\/inclusivenews.com.br\/?p=21069\" \/>\n<meta property=\"og:locale\" content=\"pt_PT\" \/>\n<meta property=\"og:type\" content=\"article\" \/>\n<meta property=\"og:title\" content=\"Programa\u00e7\u00e3o destaca o trabalho pacificador dos Mediadores Comunit\u00e1rios -\" \/>\n<meta property=\"og:description\" content=\"A media\u00e7\u00e3o comunit\u00e1ria \u00e9 hoje um valioso instrumento extrajudicial, que ajuda a pacificar conflitos sociais, desafogando a Justi\u00e7a. Infroma\u00e7\u00e3o vem da Ag\u00eancia da Boa Not\u00edcia.\" \/>\n<meta property=\"og:url\" content=\"https:\/\/inclusivenews.com.br\/?p=21069\" \/>\n<meta property=\"article:publisher\" content=\"https:\/\/www.facebook.com\/agenciainclusive\/\" \/>\n<meta property=\"article:published_time\" content=\"2011-09-21T10:20:07+00:00\" \/>\n<meta property=\"og:image\" content=\"http:\/\/www.boanoticia.org.br\/arquivos\/Image\/noticias\/mediacaocomunitaria.JPG\" \/>\n<meta name=\"author\" content=\"inclusivenews2024\" \/>\n<meta name=\"twitter:card\" content=\"summary_large_image\" \/>\n<meta name=\"twitter:label1\" content=\"Escrito por\" \/>\n\t<meta name=\"twitter:data1\" content=\"inclusivenews2024\" \/>\n\t<meta name=\"twitter:label2\" content=\"Tempo estimado de leitura\" \/>\n\t<meta name=\"twitter:data2\" content=\"3 minutos\" \/>\n<script type=\"application\/ld+json\" class=\"yoast-schema-graph\">{\"@context\":\"https:\\\/\\\/schema.org\",\"@graph\":[{\"@type\":\"Article\",\"@id\":\"https:\\\/\\\/inclusivenews.com.br\\\/?p=21069#article\",\"isPartOf\":{\"@id\":\"https:\\\/\\\/inclusivenews.com.br\\\/?p=21069\"},\"author\":{\"name\":\"inclusivenews2024\",\"@id\":\"https:\\\/\\\/inclusivenews.com.br\\\/#\\\/schema\\\/person\\\/ae4ec7087559b8692fb33b6fffd2273b\"},\"headline\":\"Programa\u00e7\u00e3o destaca o trabalho pacificador dos Mediadores Comunit\u00e1rios\",\"datePublished\":\"2011-09-21T10:20:07+00:00\",\"mainEntityOfPage\":{\"@id\":\"https:\\\/\\\/inclusivenews.com.br\\\/?p=21069\"},\"wordCount\":519,\"commentCount\":0,\"publisher\":{\"@id\":\"https:\\\/\\\/inclusivenews.com.br\\\/#organization\"},\"image\":{\"@id\":\"https:\\\/\\\/inclusivenews.com.br\\\/?p=21069#primaryimage\"},\"thumbnailUrl\":\"http:\\\/\\\/www.boanoticia.org.br\\\/arquivos\\\/Image\\\/noticias\\\/mediacaocomunitaria.JPG\",\"keywords\":[\"Viol\u00eancia\"],\"articleSection\":[\"DIREITOS HUMANOS\",\"NOT\u00cdCIAS\"],\"inLanguage\":\"pt-PT\",\"potentialAction\":[{\"@type\":\"CommentAction\",\"name\":\"Comment\",\"target\":[\"https:\\\/\\\/inclusivenews.com.br\\\/?p=21069#respond\"]}]},{\"@type\":\"WebPage\",\"@id\":\"https:\\\/\\\/inclusivenews.com.br\\\/?p=21069\",\"url\":\"https:\\\/\\\/inclusivenews.com.br\\\/?p=21069\",\"name\":\"Programa\u00e7\u00e3o destaca o trabalho pacificador dos Mediadores Comunit\u00e1rios -\",\"isPartOf\":{\"@id\":\"https:\\\/\\\/inclusivenews.com.br\\\/#website\"},\"primaryImageOfPage\":{\"@id\":\"https:\\\/\\\/inclusivenews.com.br\\\/?p=21069#primaryimage\"},\"image\":{\"@id\":\"https:\\\/\\\/inclusivenews.com.br\\\/?p=21069#primaryimage\"},\"thumbnailUrl\":\"http:\\\/\\\/www.boanoticia.org.br\\\/arquivos\\\/Image\\\/noticias\\\/mediacaocomunitaria.JPG\",\"datePublished\":\"2011-09-21T10:20:07+00:00\",\"breadcrumb\":{\"@id\":\"https:\\\/\\\/inclusivenews.com.br\\\/?p=21069#breadcrumb\"},\"inLanguage\":\"pt-PT\",\"potentialAction\":[{\"@type\":\"ReadAction\",\"target\":[\"https:\\\/\\\/inclusivenews.com.br\\\/?p=21069\"]}]},{\"@type\":\"ImageObject\",\"inLanguage\":\"pt-PT\",\"@id\":\"https:\\\/\\\/inclusivenews.com.br\\\/?p=21069#primaryimage\",\"url\":\"http:\\\/\\\/www.boanoticia.org.br\\\/arquivos\\\/Image\\\/noticias\\\/mediacaocomunitaria.JPG\",\"contentUrl\":\"http:\\\/\\\/www.boanoticia.org.br\\\/arquivos\\\/Image\\\/noticias\\\/mediacaocomunitaria.JPG\"},{\"@type\":\"BreadcrumbList\",\"@id\":\"https:\\\/\\\/inclusivenews.com.br\\\/?p=21069#breadcrumb\",\"itemListElement\":[{\"@type\":\"ListItem\",\"position\":1,\"name\":\"In\u00edcio\",\"item\":\"https:\\\/\\\/inclusivenews.com.br\\\/\"},{\"@type\":\"ListItem\",\"position\":2,\"name\":\"Programa\u00e7\u00e3o destaca o trabalho pacificador dos Mediadores Comunit\u00e1rios\"}]},{\"@type\":\"WebSite\",\"@id\":\"https:\\\/\\\/inclusivenews.com.br\\\/#website\",\"url\":\"https:\\\/\\\/inclusivenews.com.br\\\/\",\"name\":\"Inclusive News\",\"description\":\"Inclusive News\",\"publisher\":{\"@id\":\"https:\\\/\\\/inclusivenews.com.br\\\/#organization\"},\"potentialAction\":[{\"@type\":\"SearchAction\",\"target\":{\"@type\":\"EntryPoint\",\"urlTemplate\":\"https:\\\/\\\/inclusivenews.com.br\\\/?s={search_term_string}\"},\"query-input\":{\"@type\":\"PropertyValueSpecification\",\"valueRequired\":true,\"valueName\":\"search_term_string\"}}],\"inLanguage\":\"pt-PT\"},{\"@type\":\"Organization\",\"@id\":\"https:\\\/\\\/inclusivenews.com.br\\\/#organization\",\"name\":\"Inclusive - inclus\u00e3o e cidadania\",\"url\":\"https:\\\/\\\/inclusivenews.com.br\\\/\",\"logo\":{\"@type\":\"ImageObject\",\"inLanguage\":\"pt-PT\",\"@id\":\"https:\\\/\\\/inclusivenews.com.br\\\/#\\\/schema\\\/logo\\\/image\\\/\",\"url\":\"https:\\\/\\\/inclusivenews.com.br\\\/wp-content\\\/uploads\\\/2024\\\/03\\\/@grandesite.png\",\"contentUrl\":\"https:\\\/\\\/inclusivenews.com.br\\\/wp-content\\\/uploads\\\/2024\\\/03\\\/@grandesite.png\",\"width\":1080,\"height\":1080,\"caption\":\"Inclusive - inclus\u00e3o e cidadania\"},\"image\":{\"@id\":\"https:\\\/\\\/inclusivenews.com.br\\\/#\\\/schema\\\/logo\\\/image\\\/\"},\"sameAs\":[\"https:\\\/\\\/www.facebook.com\\\/agenciainclusive\\\/\",\"https:\\\/\\\/www.instagram.com\\\/newsinclusive\\\/\"]},{\"@type\":\"Person\",\"@id\":\"https:\\\/\\\/inclusivenews.com.br\\\/#\\\/schema\\\/person\\\/ae4ec7087559b8692fb33b6fffd2273b\",\"name\":\"inclusivenews2024\",\"image\":{\"@type\":\"ImageObject\",\"inLanguage\":\"pt-PT\",\"@id\":\"https:\\\/\\\/secure.gravatar.com\\\/avatar\\\/c5a7ef84c66fa914f55bc4f7ce26cfa275a3b9a1c5568b907bd184fb4dde7b40?s=96&d=mm&r=g\",\"url\":\"https:\\\/\\\/secure.gravatar.com\\\/avatar\\\/c5a7ef84c66fa914f55bc4f7ce26cfa275a3b9a1c5568b907bd184fb4dde7b40?s=96&d=mm&r=g\",\"contentUrl\":\"https:\\\/\\\/secure.gravatar.com\\\/avatar\\\/c5a7ef84c66fa914f55bc4f7ce26cfa275a3b9a1c5568b907bd184fb4dde7b40?s=96&d=mm&r=g\",\"caption\":\"inclusivenews2024\"},\"sameAs\":[\"https:\\\/\\\/inclusivenews.com.br\"],\"url\":\"https:\\\/\\\/inclusivenews.com.br\\\/?author=1\"}]}<\/script>\n<!-- \/ Yoast SEO plugin. -->","yoast_head_json":{"title":"Programa\u00e7\u00e3o destaca o trabalho pacificador dos Mediadores Comunit\u00e1rios -","robots":{"index":"index","follow":"follow","max-snippet":"max-snippet:-1","max-image-preview":"max-image-preview:large","max-video-preview":"max-video-preview:-1"},"canonical":"https:\/\/inclusivenews.com.br\/?p=21069","og_locale":"pt_PT","og_type":"article","og_title":"Programa\u00e7\u00e3o destaca o trabalho pacificador dos Mediadores Comunit\u00e1rios -","og_description":"A media\u00e7\u00e3o comunit\u00e1ria \u00e9 hoje um valioso instrumento extrajudicial, que ajuda a pacificar conflitos sociais, desafogando a Justi\u00e7a. Infroma\u00e7\u00e3o vem da Ag\u00eancia da Boa Not\u00edcia.","og_url":"https:\/\/inclusivenews.com.br\/?p=21069","article_publisher":"https:\/\/www.facebook.com\/agenciainclusive\/","article_published_time":"2011-09-21T10:20:07+00:00","og_image":[{"url":"http:\/\/www.boanoticia.org.br\/arquivos\/Image\/noticias\/mediacaocomunitaria.JPG","type":"","width":"","height":""}],"author":"inclusivenews2024","twitter_card":"summary_large_image","twitter_misc":{"Escrito por":"inclusivenews2024","Tempo estimado de leitura":"3 minutos"},"schema":{"@context":"https:\/\/schema.org","@graph":[{"@type":"Article","@id":"https:\/\/inclusivenews.com.br\/?p=21069#article","isPartOf":{"@id":"https:\/\/inclusivenews.com.br\/?p=21069"},"author":{"name":"inclusivenews2024","@id":"https:\/\/inclusivenews.com.br\/#\/schema\/person\/ae4ec7087559b8692fb33b6fffd2273b"},"headline":"Programa\u00e7\u00e3o destaca o trabalho pacificador dos Mediadores Comunit\u00e1rios","datePublished":"2011-09-21T10:20:07+00:00","mainEntityOfPage":{"@id":"https:\/\/inclusivenews.com.br\/?p=21069"},"wordCount":519,"commentCount":0,"publisher":{"@id":"https:\/\/inclusivenews.com.br\/#organization"},"image":{"@id":"https:\/\/inclusivenews.com.br\/?p=21069#primaryimage"},"thumbnailUrl":"http:\/\/www.boanoticia.org.br\/arquivos\/Image\/noticias\/mediacaocomunitaria.JPG","keywords":["Viol\u00eancia"],"articleSection":["DIREITOS HUMANOS","NOT\u00cdCIAS"],"inLanguage":"pt-PT","potentialAction":[{"@type":"CommentAction","name":"Comment","target":["https:\/\/inclusivenews.com.br\/?p=21069#respond"]}]},{"@type":"WebPage","@id":"https:\/\/inclusivenews.com.br\/?p=21069","url":"https:\/\/inclusivenews.com.br\/?p=21069","name":"Programa\u00e7\u00e3o destaca o trabalho pacificador dos Mediadores Comunit\u00e1rios -","isPartOf":{"@id":"https:\/\/inclusivenews.com.br\/#website"},"primaryImageOfPage":{"@id":"https:\/\/inclusivenews.com.br\/?p=21069#primaryimage"},"image":{"@id":"https:\/\/inclusivenews.com.br\/?p=21069#primaryimage"},"thumbnailUrl":"http:\/\/www.boanoticia.org.br\/arquivos\/Image\/noticias\/mediacaocomunitaria.JPG","datePublished":"2011-09-21T10:20:07+00:00","breadcrumb":{"@id":"https:\/\/inclusivenews.com.br\/?p=21069#breadcrumb"},"inLanguage":"pt-PT","potentialAction":[{"@type":"ReadAction","target":["https:\/\/inclusivenews.com.br\/?p=21069"]}]},{"@type":"ImageObject","inLanguage":"pt-PT","@id":"https:\/\/inclusivenews.com.br\/?p=21069#primaryimage","url":"http:\/\/www.boanoticia.org.br\/arquivos\/Image\/noticias\/mediacaocomunitaria.JPG","contentUrl":"http:\/\/www.boanoticia.org.br\/arquivos\/Image\/noticias\/mediacaocomunitaria.JPG"},{"@type":"BreadcrumbList","@id":"https:\/\/inclusivenews.com.br\/?p=21069#breadcrumb","itemListElement":[{"@type":"ListItem","position":1,"name":"In\u00edcio","item":"https:\/\/inclusivenews.com.br\/"},{"@type":"ListItem","position":2,"name":"Programa\u00e7\u00e3o destaca o trabalho pacificador dos Mediadores Comunit\u00e1rios"}]},{"@type":"WebSite","@id":"https:\/\/inclusivenews.com.br\/#website","url":"https:\/\/inclusivenews.com.br\/","name":"Inclusive News","description":"Inclusive News","publisher":{"@id":"https:\/\/inclusivenews.com.br\/#organization"},"potentialAction":[{"@type":"SearchAction","target":{"@type":"EntryPoint","urlTemplate":"https:\/\/inclusivenews.com.br\/?s={search_term_string}"},"query-input":{"@type":"PropertyValueSpecification","valueRequired":true,"valueName":"search_term_string"}}],"inLanguage":"pt-PT"},{"@type":"Organization","@id":"https:\/\/inclusivenews.com.br\/#organization","name":"Inclusive - inclus\u00e3o e cidadania","url":"https:\/\/inclusivenews.com.br\/","logo":{"@type":"ImageObject","inLanguage":"pt-PT","@id":"https:\/\/inclusivenews.com.br\/#\/schema\/logo\/image\/","url":"https:\/\/inclusivenews.com.br\/wp-content\/uploads\/2024\/03\/@grandesite.png","contentUrl":"https:\/\/inclusivenews.com.br\/wp-content\/uploads\/2024\/03\/@grandesite.png","width":1080,"height":1080,"caption":"Inclusive - inclus\u00e3o e cidadania"},"image":{"@id":"https:\/\/inclusivenews.com.br\/#\/schema\/logo\/image\/"},"sameAs":["https:\/\/www.facebook.com\/agenciainclusive\/","https:\/\/www.instagram.com\/newsinclusive\/"]},{"@type":"Person","@id":"https:\/\/inclusivenews.com.br\/#\/schema\/person\/ae4ec7087559b8692fb33b6fffd2273b","name":"inclusivenews2024","image":{"@type":"ImageObject","inLanguage":"pt-PT","@id":"https:\/\/secure.gravatar.com\/avatar\/c5a7ef84c66fa914f55bc4f7ce26cfa275a3b9a1c5568b907bd184fb4dde7b40?s=96&d=mm&r=g","url":"https:\/\/secure.gravatar.com\/avatar\/c5a7ef84c66fa914f55bc4f7ce26cfa275a3b9a1c5568b907bd184fb4dde7b40?s=96&d=mm&r=g","contentUrl":"https:\/\/secure.gravatar.com\/avatar\/c5a7ef84c66fa914f55bc4f7ce26cfa275a3b9a1c5568b907bd184fb4dde7b40?s=96&d=mm&r=g","caption":"inclusivenews2024"},"sameAs":["https:\/\/inclusivenews.com.br"],"url":"https:\/\/inclusivenews.com.br\/?author=1"}]}},"_links":{"self":[{"href":"https:\/\/inclusivenews.com.br\/index.php?rest_route=\/wp\/v2\/posts\/21069","targetHints":{"allow":["GET"]}}],"collection":[{"href":"https:\/\/inclusivenews.com.br\/index.php?rest_route=\/wp\/v2\/posts"}],"about":[{"href":"https:\/\/inclusivenews.com.br\/index.php?rest_route=\/wp\/v2\/types\/post"}],"author":[{"embeddable":true,"href":"https:\/\/inclusivenews.com.br\/index.php?rest_route=\/wp\/v2\/users\/1"}],"replies":[{"embeddable":true,"href":"https:\/\/inclusivenews.com.br\/index.php?rest_route=%2Fwp%2Fv2%2Fcomments&post=21069"}],"version-history":[{"count":0,"href":"https:\/\/inclusivenews.com.br\/index.php?rest_route=\/wp\/v2\/posts\/21069\/revisions"}],"wp:attachment":[{"href":"https:\/\/inclusivenews.com.br\/index.php?rest_route=%2Fwp%2Fv2%2Fmedia&parent=21069"}],"wp:term":[{"taxonomy":"category","embeddable":true,"href":"https:\/\/inclusivenews.com.br\/index.php?rest_route=%2Fwp%2Fv2%2Fcategories&post=21069"},{"taxonomy":"post_tag","embeddable":true,"href":"https:\/\/inclusivenews.com.br\/index.php?rest_route=%2Fwp%2Fv2%2Ftags&post=21069"}],"curies":[{"name":"wp","href":"https:\/\/api.w.org\/{rel}","templated":true}]}}