{"id":21080,"date":"2011-09-20T23:21:09","date_gmt":"2011-09-21T02:21:09","guid":{"rendered":"http:\/\/www.inclusive.org.br\/?p=21080"},"modified":"2011-09-20T23:21:09","modified_gmt":"2011-09-21T02:21:09","slug":"camara-dos-deputados-comemora-dia-de-luta-das-pessoas-com-deficiencia","status":"publish","type":"post","link":"https:\/\/inclusivenews.com.br\/?p=21080","title":{"rendered":"C\u00e2mara dos Deputados comemora Dia de Luta das Pessoas com Defici\u00eancia"},"content":{"rendered":"<p><img loading=\"lazy\" decoding=\"async\" class=\"alignleft size-medium wp-image-21081\" title=\"Folheto do evento (descri\u00e7\u00e3o no texto)\" src=\"http:\/\/inclusivenews.com.br\/wp-content\/uploads\/camara-eficiencia-300x262.jpg\" alt=\"\" width=\"300\" height=\"262\" \/>Programa\u00e7\u00e3o de comemora\u00e7\u00e3o da C\u00e2mara dos Deputados para o Dia Nacional de<br \/>\nLuta da Pessoa com Defici\u00eancia:<\/p>\n<p>21 DE SETEMBRO &#8211; DIA NACIONAL DE LUTA DAS PESSOAS COM DEFICI\u00caNCIA<\/p>\n<p>\u00c9 dia de homenagear quem supera descaso, dificuldades e desrespeito. E que vence, todos os dias, o &#8220;D&#8221; de Defici\u00eancia.<\/p>\n<p>Para celebrar esta data, a C\u00e2mara dos Deputados preparou uma programa\u00e7\u00e3o especial. Confira a seguir os eventos previstos e participe!<\/p>\n<p>Apoio: Memorial da Inclus\u00e3o<br \/>\nSecretaria de Estado dos Direitos da Pessoa com Defici\u00eancia do Estado de S\u00e3o Paulo<\/p>\n<p>De 19 a 30 de setembro, na C\u00e2mara dos Deputados.<br \/>\nPrograma\u00e7\u00e3o especial pelo Dia Nacional de Luta das Pessoas com Defici\u00eancia.<\/p>\n<p>19 de setembro, segunda-feira, \u00e0s 10h, no Plen\u00e1rio Ulysses Guimar\u00e3es.<br \/>\nSess\u00e3o solene em homenagem ao Dia Nacional de Luta das Pessoas com<br \/>\nDefici\u00eancia &#8211; durante o evento, haver\u00e1 apresenta\u00e7\u00e3o da banda da Apae\/DF e<br \/>\nexibi\u00e7\u00e3o de um epis\u00f3dio da s\u00e9rie de programetes &#8220;Convivendo com as<br \/>\ndiferen\u00e7as&#8221;, desenvolvida pela TV C\u00e2mara.<\/p>\n<p>De 19 a 30 de setembro<br \/>\nVisita Especial &#8211; as visitas guiadas \u00e0s instala\u00e7\u00f5es da C\u00e2mara dos Deputados<br \/>\nser\u00e3o oferecidas nas modalidades t\u00e1til, para pessoas com defici\u00eancia visual,<br \/>\ne em libras, para quem tem defici\u00eancia auditiva.<br \/>\nAs vagas s\u00e3o limitadas. Para agendar a visita, basta ligar para (61)<br \/>\n3216-1771 ou enviar mensagem para <a href=\"http:\/\/br.groups.yahoo.com\/group\/sindromededown\/post?postID=4PZABvyukWedBkO8HEWbAD_H23XUTU_YXnDjeXFxdqAsMdgZYsgWzVT8ANHnyusAex1D25ZAR_rkbQQ\">visitas@camara.gov.br<\/a><\/p>\n<p>De 21 a 30 de setembro de 2011, no Sal\u00e3o Branco do Congresso Nacional<br \/>\nExposi\u00e7\u00e3o Itinerante &#8220;Memorial da Inclus\u00e3o: os Caminhos da Pessoa com<br \/>\nDefici\u00eancia&#8221;<br \/>\nAbertura: 21 de setembro, quarta-feira, \u00e0s 14 horas<\/p>\n<p>Descri\u00e7\u00e3o do folder-convite:<\/p>\n<p>O texto, acima, est\u00e1 disposto num folder em tons pastel.<br \/>\nA coluna da esquerda, tem tom azulado, e a coluna da esquerda, que tem o<br \/>\ndobro da largura da direita, tem tom amarelado.<br \/>\nNa coluna da esquerda, em letras maiores, em azul, est\u00e1 escrito, &#8217;21 de<br \/>\nsetembro&#8221;. E abaixo, em cor laranja, &#8216;Dia Nacional de Luta das pessoas com<br \/>\nDefici\u00eancia&#8221;<br \/>\nEm seguida, em letras pretas, o texto &#8220;21 de setembro \u00e9 dia de homenagear<br \/>\nquem supera descaso, dificuldades e desrespeito. E que vence, todos os dias,<br \/>\no &#8220;D&#8221; de Defici\u00eancia. Para celebrar esta data, a C\u00e2mara dos Deputados<br \/>\npreparou uma programa\u00e7\u00e3o especial. Confira a seguir os eventos previstos e<br \/>\nparticipe!&#8221;<br \/>\nEm seguida, na mesma coluna, h\u00e1 a logo do Memorial da Inclus\u00e3o, que \u00e9 um<br \/>\nesp\u00edral em azul, e que finaliza numa borboleta colorida (azul, amarelo, rosa<br \/>\ne laranja), como se fosse a sugest\u00e3o da trajet\u00f3ria que ela percorreu,<br \/>\nseguida das informa\u00e7\u00f5es: &#8220;apoio &#8211; Memorial da Inclus\u00e3o &#8211; Secretaria de<br \/>\nEstado dos Direitos da Pessoa com Defici\u00eancia do Estado de S\u00e3o Paulo&#8221;<br \/>\nAbaixo, j\u00e1 no final desta mesma coluna, se informa que a &#8216;realiza\u00e7\u00e3o do<br \/>\nevento \u00e9 da C\u00e2mara dos Deputados, o que se faz por meio de sua logo, que \u00e9 a<br \/>\nseguinte: num ret\u00e1ngulo verde, que se estende na horizontal, do lado direito<br \/>\ntemos escrito &#8220;C\u00e2mara dos Deputados&#8221;, na cor branca; e do lado esquerdo,<br \/>\ntemos um quadrado azul em que est\u00e1 desenhada em branco apenas uma das torres<br \/>\ndo Congresso Nacional (a que integra a estrutura f\u00edsica da C\u00e2mara), seguida<br \/>\nda estrutura c\u00f4ncava que fica acima do Plen\u00e1rio da C\u00e2mara, e que lhe<br \/>\nrepresenta (o &#8220;pratinho&#8221; aberto para cima).<br \/>\nDo lado direito do folder convite, em sua parte que fica mais centra, est\u00e1 o<br \/>\ntexto da programa\u00e7\u00e3o da semana comemorativa, em letras pretas.<br \/>\nA sua extrema direita, na vertical, em letras pretas, grandes, em caixa<br \/>\nalta, est\u00e3o as s\u00edlabas da palavra defici\u00eancia. Sendo que a letra D est\u00e1<br \/>\nsendo apagada por uma borracha que fica na cabe\u00e7a de um l\u00e1pis dourado, o que<br \/>\ntransforma a palavra em EFICI\u00caNCIA.<\/p>\n<p>Fonte &#8211; <a href=\"http:\/\/www2.camara.gov.br\/participe\/eventos\/programacao-especial-pelo-dia-nacional-de-luta-das-pessoas-com-deficiencia\">C\u00e2mara dos Deputados<\/a><\/p>\n","protected":false},"excerpt":{"rendered":"<p>De 19 a 30 de setembro, na C\u00e2mara dos Deputados, em Bras\u00edlia.<\/p>\n","protected":false},"author":1,"featured_media":0,"comment_status":"open","ping_status":"open","sticky":false,"template":"","format":"standard","meta":{"site-container-style":"default","site-container-layout":"default","site-sidebar-layout":"default","disable-article-header":"default","disable-site-header":"default","disable-site-footer":"default","disable-content-area-spacing":"default","footnotes":""},"categories":[12,38],"tags":[],"class_list":["post-21080","post","type-post","status-publish","format-standard","hentry","category-cursos-e-eventos","category-deficiencia"],"yoast_head":"<!-- This site is optimized with the Yoast SEO plugin v27.4 - https:\/\/yoast.com\/product\/yoast-seo-wordpress\/ -->\n<title>C\u00e2mara dos Deputados comemora Dia de Luta das Pessoas com Defici\u00eancia -<\/title>\n<meta name=\"robots\" content=\"index, follow, max-snippet:-1, max-image-preview:large, max-video-preview:-1\" \/>\n<link rel=\"canonical\" href=\"https:\/\/inclusivenews.com.br\/?p=21080\" \/>\n<meta property=\"og:locale\" content=\"pt_PT\" \/>\n<meta property=\"og:type\" content=\"article\" \/>\n<meta property=\"og:title\" content=\"C\u00e2mara dos Deputados comemora Dia de Luta das Pessoas com Defici\u00eancia -\" \/>\n<meta property=\"og:description\" content=\"De 19 a 30 de setembro, na C\u00e2mara dos Deputados, em Bras\u00edlia.\" \/>\n<meta property=\"og:url\" content=\"https:\/\/inclusivenews.com.br\/?p=21080\" \/>\n<meta property=\"article:publisher\" content=\"https:\/\/www.facebook.com\/agenciainclusive\/\" \/>\n<meta property=\"article:published_time\" content=\"2011-09-21T02:21:09+00:00\" \/>\n<meta property=\"og:image\" content=\"http:\/\/inclusivenews.com.br\/wp-content\/uploads\/camara-eficiencia-300x262.jpg\" \/>\n<meta name=\"author\" content=\"inclusivenews2024\" \/>\n<meta name=\"twitter:card\" content=\"summary_large_image\" \/>\n<meta name=\"twitter:label1\" content=\"Escrito por\" \/>\n\t<meta name=\"twitter:data1\" content=\"inclusivenews2024\" \/>\n\t<meta name=\"twitter:label2\" content=\"Tempo estimado de leitura\" \/>\n\t<meta name=\"twitter:data2\" content=\"3 minutos\" \/>\n<script type=\"application\/ld+json\" class=\"yoast-schema-graph\">{\"@context\":\"https:\\\/\\\/schema.org\",\"@graph\":[{\"@type\":\"Article\",\"@id\":\"https:\\\/\\\/inclusivenews.com.br\\\/?p=21080#article\",\"isPartOf\":{\"@id\":\"https:\\\/\\\/inclusivenews.com.br\\\/?p=21080\"},\"author\":{\"name\":\"inclusivenews2024\",\"@id\":\"https:\\\/\\\/inclusivenews.com.br\\\/#\\\/schema\\\/person\\\/ae4ec7087559b8692fb33b6fffd2273b\"},\"headline\":\"C\u00e2mara dos Deputados comemora Dia de Luta das Pessoas com Defici\u00eancia\",\"datePublished\":\"2011-09-21T02:21:09+00:00\",\"mainEntityOfPage\":{\"@id\":\"https:\\\/\\\/inclusivenews.com.br\\\/?p=21080\"},\"wordCount\":657,\"commentCount\":0,\"publisher\":{\"@id\":\"https:\\\/\\\/inclusivenews.com.br\\\/#organization\"},\"image\":{\"@id\":\"https:\\\/\\\/inclusivenews.com.br\\\/?p=21080#primaryimage\"},\"thumbnailUrl\":\"http:\\\/\\\/inclusivenews.com.br\\\/wp-content\\\/uploads\\\/camara-eficiencia-300x262.jpg\",\"articleSection\":[\"Cursos e eventos\",\"Defici\u00eancia\"],\"inLanguage\":\"pt-PT\",\"potentialAction\":[{\"@type\":\"CommentAction\",\"name\":\"Comment\",\"target\":[\"https:\\\/\\\/inclusivenews.com.br\\\/?p=21080#respond\"]}]},{\"@type\":\"WebPage\",\"@id\":\"https:\\\/\\\/inclusivenews.com.br\\\/?p=21080\",\"url\":\"https:\\\/\\\/inclusivenews.com.br\\\/?p=21080\",\"name\":\"C\u00e2mara dos Deputados comemora Dia de Luta das Pessoas com Defici\u00eancia -\",\"isPartOf\":{\"@id\":\"https:\\\/\\\/inclusivenews.com.br\\\/#website\"},\"primaryImageOfPage\":{\"@id\":\"https:\\\/\\\/inclusivenews.com.br\\\/?p=21080#primaryimage\"},\"image\":{\"@id\":\"https:\\\/\\\/inclusivenews.com.br\\\/?p=21080#primaryimage\"},\"thumbnailUrl\":\"http:\\\/\\\/inclusivenews.com.br\\\/wp-content\\\/uploads\\\/camara-eficiencia-300x262.jpg\",\"datePublished\":\"2011-09-21T02:21:09+00:00\",\"breadcrumb\":{\"@id\":\"https:\\\/\\\/inclusivenews.com.br\\\/?p=21080#breadcrumb\"},\"inLanguage\":\"pt-PT\",\"potentialAction\":[{\"@type\":\"ReadAction\",\"target\":[\"https:\\\/\\\/inclusivenews.com.br\\\/?p=21080\"]}]},{\"@type\":\"ImageObject\",\"inLanguage\":\"pt-PT\",\"@id\":\"https:\\\/\\\/inclusivenews.com.br\\\/?p=21080#primaryimage\",\"url\":\"\",\"contentUrl\":\"\"},{\"@type\":\"BreadcrumbList\",\"@id\":\"https:\\\/\\\/inclusivenews.com.br\\\/?p=21080#breadcrumb\",\"itemListElement\":[{\"@type\":\"ListItem\",\"position\":1,\"name\":\"In\u00edcio\",\"item\":\"https:\\\/\\\/inclusivenews.com.br\\\/\"},{\"@type\":\"ListItem\",\"position\":2,\"name\":\"C\u00e2mara dos Deputados comemora Dia de Luta das Pessoas com Defici\u00eancia\"}]},{\"@type\":\"WebSite\",\"@id\":\"https:\\\/\\\/inclusivenews.com.br\\\/#website\",\"url\":\"https:\\\/\\\/inclusivenews.com.br\\\/\",\"name\":\"Inclusive News\",\"description\":\"Inclusive News\",\"publisher\":{\"@id\":\"https:\\\/\\\/inclusivenews.com.br\\\/#organization\"},\"potentialAction\":[{\"@type\":\"SearchAction\",\"target\":{\"@type\":\"EntryPoint\",\"urlTemplate\":\"https:\\\/\\\/inclusivenews.com.br\\\/?s={search_term_string}\"},\"query-input\":{\"@type\":\"PropertyValueSpecification\",\"valueRequired\":true,\"valueName\":\"search_term_string\"}}],\"inLanguage\":\"pt-PT\"},{\"@type\":\"Organization\",\"@id\":\"https:\\\/\\\/inclusivenews.com.br\\\/#organization\",\"name\":\"Inclusive - inclus\u00e3o e cidadania\",\"url\":\"https:\\\/\\\/inclusivenews.com.br\\\/\",\"logo\":{\"@type\":\"ImageObject\",\"inLanguage\":\"pt-PT\",\"@id\":\"https:\\\/\\\/inclusivenews.com.br\\\/#\\\/schema\\\/logo\\\/image\\\/\",\"url\":\"https:\\\/\\\/inclusivenews.com.br\\\/wp-content\\\/uploads\\\/2024\\\/03\\\/@grandesite.png\",\"contentUrl\":\"https:\\\/\\\/inclusivenews.com.br\\\/wp-content\\\/uploads\\\/2024\\\/03\\\/@grandesite.png\",\"width\":1080,\"height\":1080,\"caption\":\"Inclusive - inclus\u00e3o e cidadania\"},\"image\":{\"@id\":\"https:\\\/\\\/inclusivenews.com.br\\\/#\\\/schema\\\/logo\\\/image\\\/\"},\"sameAs\":[\"https:\\\/\\\/www.facebook.com\\\/agenciainclusive\\\/\",\"https:\\\/\\\/www.instagram.com\\\/newsinclusive\\\/\"]},{\"@type\":\"Person\",\"@id\":\"https:\\\/\\\/inclusivenews.com.br\\\/#\\\/schema\\\/person\\\/ae4ec7087559b8692fb33b6fffd2273b\",\"name\":\"inclusivenews2024\",\"image\":{\"@type\":\"ImageObject\",\"inLanguage\":\"pt-PT\",\"@id\":\"https:\\\/\\\/secure.gravatar.com\\\/avatar\\\/c5a7ef84c66fa914f55bc4f7ce26cfa275a3b9a1c5568b907bd184fb4dde7b40?s=96&d=mm&r=g\",\"url\":\"https:\\\/\\\/secure.gravatar.com\\\/avatar\\\/c5a7ef84c66fa914f55bc4f7ce26cfa275a3b9a1c5568b907bd184fb4dde7b40?s=96&d=mm&r=g\",\"contentUrl\":\"https:\\\/\\\/secure.gravatar.com\\\/avatar\\\/c5a7ef84c66fa914f55bc4f7ce26cfa275a3b9a1c5568b907bd184fb4dde7b40?s=96&d=mm&r=g\",\"caption\":\"inclusivenews2024\"},\"sameAs\":[\"https:\\\/\\\/inclusivenews.com.br\"],\"url\":\"https:\\\/\\\/inclusivenews.com.br\\\/?author=1\"}]}<\/script>\n<!-- \/ Yoast SEO plugin. -->","yoast_head_json":{"title":"C\u00e2mara dos Deputados comemora Dia de Luta das Pessoas com Defici\u00eancia -","robots":{"index":"index","follow":"follow","max-snippet":"max-snippet:-1","max-image-preview":"max-image-preview:large","max-video-preview":"max-video-preview:-1"},"canonical":"https:\/\/inclusivenews.com.br\/?p=21080","og_locale":"pt_PT","og_type":"article","og_title":"C\u00e2mara dos Deputados comemora Dia de Luta das Pessoas com Defici\u00eancia -","og_description":"De 19 a 30 de setembro, na C\u00e2mara dos Deputados, em Bras\u00edlia.","og_url":"https:\/\/inclusivenews.com.br\/?p=21080","article_publisher":"https:\/\/www.facebook.com\/agenciainclusive\/","article_published_time":"2011-09-21T02:21:09+00:00","og_image":[{"url":"http:\/\/inclusivenews.com.br\/wp-content\/uploads\/camara-eficiencia-300x262.jpg","type":"","width":"","height":""}],"author":"inclusivenews2024","twitter_card":"summary_large_image","twitter_misc":{"Escrito por":"inclusivenews2024","Tempo estimado de leitura":"3 minutos"},"schema":{"@context":"https:\/\/schema.org","@graph":[{"@type":"Article","@id":"https:\/\/inclusivenews.com.br\/?p=21080#article","isPartOf":{"@id":"https:\/\/inclusivenews.com.br\/?p=21080"},"author":{"name":"inclusivenews2024","@id":"https:\/\/inclusivenews.com.br\/#\/schema\/person\/ae4ec7087559b8692fb33b6fffd2273b"},"headline":"C\u00e2mara dos Deputados comemora Dia de Luta das Pessoas com Defici\u00eancia","datePublished":"2011-09-21T02:21:09+00:00","mainEntityOfPage":{"@id":"https:\/\/inclusivenews.com.br\/?p=21080"},"wordCount":657,"commentCount":0,"publisher":{"@id":"https:\/\/inclusivenews.com.br\/#organization"},"image":{"@id":"https:\/\/inclusivenews.com.br\/?p=21080#primaryimage"},"thumbnailUrl":"http:\/\/inclusivenews.com.br\/wp-content\/uploads\/camara-eficiencia-300x262.jpg","articleSection":["Cursos e eventos","Defici\u00eancia"],"inLanguage":"pt-PT","potentialAction":[{"@type":"CommentAction","name":"Comment","target":["https:\/\/inclusivenews.com.br\/?p=21080#respond"]}]},{"@type":"WebPage","@id":"https:\/\/inclusivenews.com.br\/?p=21080","url":"https:\/\/inclusivenews.com.br\/?p=21080","name":"C\u00e2mara dos Deputados comemora Dia de Luta das Pessoas com Defici\u00eancia -","isPartOf":{"@id":"https:\/\/inclusivenews.com.br\/#website"},"primaryImageOfPage":{"@id":"https:\/\/inclusivenews.com.br\/?p=21080#primaryimage"},"image":{"@id":"https:\/\/inclusivenews.com.br\/?p=21080#primaryimage"},"thumbnailUrl":"http:\/\/inclusivenews.com.br\/wp-content\/uploads\/camara-eficiencia-300x262.jpg","datePublished":"2011-09-21T02:21:09+00:00","breadcrumb":{"@id":"https:\/\/inclusivenews.com.br\/?p=21080#breadcrumb"},"inLanguage":"pt-PT","potentialAction":[{"@type":"ReadAction","target":["https:\/\/inclusivenews.com.br\/?p=21080"]}]},{"@type":"ImageObject","inLanguage":"pt-PT","@id":"https:\/\/inclusivenews.com.br\/?p=21080#primaryimage","url":"","contentUrl":""},{"@type":"BreadcrumbList","@id":"https:\/\/inclusivenews.com.br\/?p=21080#breadcrumb","itemListElement":[{"@type":"ListItem","position":1,"name":"In\u00edcio","item":"https:\/\/inclusivenews.com.br\/"},{"@type":"ListItem","position":2,"name":"C\u00e2mara dos Deputados comemora Dia de Luta das Pessoas com Defici\u00eancia"}]},{"@type":"WebSite","@id":"https:\/\/inclusivenews.com.br\/#website","url":"https:\/\/inclusivenews.com.br\/","name":"Inclusive News","description":"Inclusive News","publisher":{"@id":"https:\/\/inclusivenews.com.br\/#organization"},"potentialAction":[{"@type":"SearchAction","target":{"@type":"EntryPoint","urlTemplate":"https:\/\/inclusivenews.com.br\/?s={search_term_string}"},"query-input":{"@type":"PropertyValueSpecification","valueRequired":true,"valueName":"search_term_string"}}],"inLanguage":"pt-PT"},{"@type":"Organization","@id":"https:\/\/inclusivenews.com.br\/#organization","name":"Inclusive - inclus\u00e3o e cidadania","url":"https:\/\/inclusivenews.com.br\/","logo":{"@type":"ImageObject","inLanguage":"pt-PT","@id":"https:\/\/inclusivenews.com.br\/#\/schema\/logo\/image\/","url":"https:\/\/inclusivenews.com.br\/wp-content\/uploads\/2024\/03\/@grandesite.png","contentUrl":"https:\/\/inclusivenews.com.br\/wp-content\/uploads\/2024\/03\/@grandesite.png","width":1080,"height":1080,"caption":"Inclusive - inclus\u00e3o e cidadania"},"image":{"@id":"https:\/\/inclusivenews.com.br\/#\/schema\/logo\/image\/"},"sameAs":["https:\/\/www.facebook.com\/agenciainclusive\/","https:\/\/www.instagram.com\/newsinclusive\/"]},{"@type":"Person","@id":"https:\/\/inclusivenews.com.br\/#\/schema\/person\/ae4ec7087559b8692fb33b6fffd2273b","name":"inclusivenews2024","image":{"@type":"ImageObject","inLanguage":"pt-PT","@id":"https:\/\/secure.gravatar.com\/avatar\/c5a7ef84c66fa914f55bc4f7ce26cfa275a3b9a1c5568b907bd184fb4dde7b40?s=96&d=mm&r=g","url":"https:\/\/secure.gravatar.com\/avatar\/c5a7ef84c66fa914f55bc4f7ce26cfa275a3b9a1c5568b907bd184fb4dde7b40?s=96&d=mm&r=g","contentUrl":"https:\/\/secure.gravatar.com\/avatar\/c5a7ef84c66fa914f55bc4f7ce26cfa275a3b9a1c5568b907bd184fb4dde7b40?s=96&d=mm&r=g","caption":"inclusivenews2024"},"sameAs":["https:\/\/inclusivenews.com.br"],"url":"https:\/\/inclusivenews.com.br\/?author=1"}]}},"_links":{"self":[{"href":"https:\/\/inclusivenews.com.br\/index.php?rest_route=\/wp\/v2\/posts\/21080","targetHints":{"allow":["GET"]}}],"collection":[{"href":"https:\/\/inclusivenews.com.br\/index.php?rest_route=\/wp\/v2\/posts"}],"about":[{"href":"https:\/\/inclusivenews.com.br\/index.php?rest_route=\/wp\/v2\/types\/post"}],"author":[{"embeddable":true,"href":"https:\/\/inclusivenews.com.br\/index.php?rest_route=\/wp\/v2\/users\/1"}],"replies":[{"embeddable":true,"href":"https:\/\/inclusivenews.com.br\/index.php?rest_route=%2Fwp%2Fv2%2Fcomments&post=21080"}],"version-history":[{"count":0,"href":"https:\/\/inclusivenews.com.br\/index.php?rest_route=\/wp\/v2\/posts\/21080\/revisions"}],"wp:attachment":[{"href":"https:\/\/inclusivenews.com.br\/index.php?rest_route=%2Fwp%2Fv2%2Fmedia&parent=21080"}],"wp:term":[{"taxonomy":"category","embeddable":true,"href":"https:\/\/inclusivenews.com.br\/index.php?rest_route=%2Fwp%2Fv2%2Fcategories&post=21080"},{"taxonomy":"post_tag","embeddable":true,"href":"https:\/\/inclusivenews.com.br\/index.php?rest_route=%2Fwp%2Fv2%2Ftags&post=21080"}],"curies":[{"name":"wp","href":"https:\/\/api.w.org\/{rel}","templated":true}]}}