{"id":21110,"date":"2011-09-29T06:45:49","date_gmt":"2011-09-29T09:45:49","guid":{"rendered":"http:\/\/www.inclusive.org.br\/?p=21110"},"modified":"2011-09-29T06:45:49","modified_gmt":"2011-09-29T09:45:49","slug":"tve-rs-sera-pioneira-em-exibicao-de-programas-acessiveis-a-pessoas-com-deficiencia","status":"publish","type":"post","link":"https:\/\/inclusivenews.com.br\/?p=21110","title":{"rendered":"TVE-RS ser\u00e1 pioneira em exibi\u00e7\u00e3o de programas acess\u00edveis a pessoas com defici\u00eancia"},"content":{"rendered":"<p><img loading=\"lazy\" decoding=\"async\" class=\"alignleft size-medium wp-image-17834\" title=\"Imagem de uma TV fora de sintonia\" src=\"http:\/\/inclusivenews.com.br\/wp-content\/uploads\/2010\/10\/teve-300x262.jpg\" alt=\"Imagem de uma TV fora de sintonia\" width=\"300\" height=\"262\" \/>A partir de 2012, a TVE-RS exibir\u00e1 programas com audio-descri\u00e7\u00e3o e libras. Com isso, ser\u00e1 a emissora aberta pioneira no Estado em oferecer o servi\u00e7o, que est\u00e1 sendo desenvolvido gra\u00e7as a um acordo assinado hoje entre a Funda\u00e7\u00e3o Cultural Piratini e a Federa\u00e7\u00e3o de Articula\u00e7\u00e3o e Desenvolvimento de Pol\u00edticas P\u00fablicas para PPDs e PPAHs no RS (FADERS), \u00f3rg\u00e3o da Secretaria de Justi\u00e7a e Direitos Humanos.<\/p>\n<p>Al\u00e9m disso, a partir de 18 de outubro, \u00e0s 17h30min, a TVE passa a exibir o programa Fa\u00e7a a Diferen\u00e7a, da TV Assembleia, pioneiro nas TVs Legislativas como promotor da inclus\u00e3o, contando com acessibilidade audiovisual e produzido, editado e apresentado pela servidora cadeirante Juliana dos Santos.<\/p>\n<p>O Ato de Assinatura do Termo de Coopera\u00e7\u00e3o T\u00e9cnica entre FADERS, TVE, Associa\u00e7\u00e3o de Cegos do RS (ACERGS) e Federa\u00e7\u00e3o Nacional de Educa\u00e7\u00e3o e Integra\u00e7\u00e3o dos Surdos RS (FENEIS) foi firmado visando \u00e0 promo\u00e7\u00e3o e desenvolvimento de a\u00e7\u00f5es em benef\u00edcio de pessoas com defici\u00eancia, principalmente no campo da articula\u00e7\u00e3o e desenvolvimento das pol\u00edticas p\u00fablicas de acesso \u00e0 comunica\u00e7\u00e3o (\u00c1udio-descri\u00e7\u00e3o e Libras), a fim de garantir o cumprimento das diretrizes preconizadas na Conven\u00e7\u00e3o da ONU que trata dos direitos da pessoa com defici\u00eancia e na Lei 13.320 de 21 de dezembro de 2009.<\/p>\n<p>Para viabilizar o projeto, o Governo do Estado est\u00e1 formando uma Central de Tradutores, composta por t\u00e9cnicos especializados em linguagem de sinais (libras), para surdos e deficientes auditivos, e recurso de acessibilidade para cegos e deficientes visuais (\u00e1udio-descri\u00e7\u00e3o). Atualmente a TVE exibe o Jornal Visual, produzido pela TV Brasil, que viabiliza acessibilidade \u00e0s pessoas com defici\u00eancia auditiva. O programa vai ao ar de segunda \u00e0 sexta, \u00e0s 7h50min.<\/p>\n<p>De acordo com dados do IBGE de 2000, no Rio Grande do Sul existem 980.051 mil pessoas com defici\u00eancia visual (9,62% da popula\u00e7\u00e3o) e 399.155 mil pessoas com defici\u00eancia auditiva (3,92% da popula\u00e7\u00e3o), totalizando 1.379.206 milh\u00f5es de pessoas com defici\u00eancia (13,54% da popula\u00e7\u00e3o).<\/p>\n<p>Fonte: TVE-RS<\/p>\n","protected":false},"excerpt":{"rendered":"<p>Uma Central de Tradutores, composta por t\u00e9cnicos especializados em linguagem de sinais (libras), para surdos e deficientes auditivos, e recurso de acessibilidade para cegos e deficientes visuais (\u00e1udio-descri\u00e7\u00e3o) viabilizar\u00e1 o projeto.<\/p>\n","protected":false},"author":1,"featured_media":0,"comment_status":"open","ping_status":"open","sticky":false,"template":"","format":"standard","meta":{"site-container-style":"default","site-container-layout":"default","site-sidebar-layout":"default","disable-article-header":"default","disable-site-header":"default","disable-site-footer":"default","disable-content-area-spacing":"default","footnotes":""},"categories":[44,29,38,48,4],"tags":[],"class_list":["post-21110","post","type-post","status-publish","format-standard","hentry","category-acessibilidade","category-cultura","category-deficiencia","category-inclusao","category-noticias"],"yoast_head":"<!-- This site is optimized with the Yoast SEO plugin v27.4 - https:\/\/yoast.com\/product\/yoast-seo-wordpress\/ -->\n<title>TVE-RS ser\u00e1 pioneira em exibi\u00e7\u00e3o de programas acess\u00edveis a pessoas com defici\u00eancia -<\/title>\n<meta name=\"robots\" content=\"index, follow, max-snippet:-1, max-image-preview:large, max-video-preview:-1\" \/>\n<link rel=\"canonical\" href=\"https:\/\/inclusivenews.com.br\/?p=21110\" \/>\n<meta property=\"og:locale\" content=\"pt_PT\" \/>\n<meta property=\"og:type\" content=\"article\" \/>\n<meta property=\"og:title\" content=\"TVE-RS ser\u00e1 pioneira em exibi\u00e7\u00e3o de programas acess\u00edveis a pessoas com defici\u00eancia -\" \/>\n<meta property=\"og:description\" content=\"Uma Central de Tradutores, composta por t\u00e9cnicos especializados em linguagem de sinais (libras), para surdos e deficientes auditivos, e recurso de acessibilidade para cegos e deficientes visuais (\u00e1udio-descri\u00e7\u00e3o) viabilizar\u00e1 o projeto.\" \/>\n<meta property=\"og:url\" content=\"https:\/\/inclusivenews.com.br\/?p=21110\" \/>\n<meta property=\"article:publisher\" content=\"https:\/\/www.facebook.com\/agenciainclusive\/\" \/>\n<meta property=\"article:published_time\" content=\"2011-09-29T09:45:49+00:00\" \/>\n<meta property=\"og:image\" content=\"http:\/\/inclusivenews.com.br\/wp-content\/uploads\/2010\/10\/teve-300x262.jpg\" \/>\n<meta name=\"author\" content=\"inclusivenews2024\" \/>\n<meta name=\"twitter:card\" content=\"summary_large_image\" \/>\n<meta name=\"twitter:label1\" content=\"Escrito por\" \/>\n\t<meta name=\"twitter:data1\" content=\"inclusivenews2024\" \/>\n\t<meta name=\"twitter:label2\" content=\"Tempo estimado de leitura\" \/>\n\t<meta name=\"twitter:data2\" content=\"2 minutos\" \/>\n<script type=\"application\/ld+json\" class=\"yoast-schema-graph\">{\"@context\":\"https:\\\/\\\/schema.org\",\"@graph\":[{\"@type\":\"Article\",\"@id\":\"https:\\\/\\\/inclusivenews.com.br\\\/?p=21110#article\",\"isPartOf\":{\"@id\":\"https:\\\/\\\/inclusivenews.com.br\\\/?p=21110\"},\"author\":{\"name\":\"inclusivenews2024\",\"@id\":\"https:\\\/\\\/inclusivenews.com.br\\\/#\\\/schema\\\/person\\\/ae4ec7087559b8692fb33b6fffd2273b\"},\"headline\":\"TVE-RS ser\u00e1 pioneira em exibi\u00e7\u00e3o de programas acess\u00edveis a pessoas com defici\u00eancia\",\"datePublished\":\"2011-09-29T09:45:49+00:00\",\"mainEntityOfPage\":{\"@id\":\"https:\\\/\\\/inclusivenews.com.br\\\/?p=21110\"},\"wordCount\":359,\"commentCount\":0,\"publisher\":{\"@id\":\"https:\\\/\\\/inclusivenews.com.br\\\/#organization\"},\"image\":{\"@id\":\"https:\\\/\\\/inclusivenews.com.br\\\/?p=21110#primaryimage\"},\"thumbnailUrl\":\"http:\\\/\\\/inclusivenews.com.br\\\/wp-content\\\/uploads\\\/2010\\\/10\\\/teve-300x262.jpg\",\"articleSection\":[\"ACESSIBILIDADE\",\"Cultura\",\"Defici\u00eancia\",\"INCLUS\u00c3O SOCIAL\",\"NOT\u00cdCIAS\"],\"inLanguage\":\"pt-PT\",\"potentialAction\":[{\"@type\":\"CommentAction\",\"name\":\"Comment\",\"target\":[\"https:\\\/\\\/inclusivenews.com.br\\\/?p=21110#respond\"]}]},{\"@type\":\"WebPage\",\"@id\":\"https:\\\/\\\/inclusivenews.com.br\\\/?p=21110\",\"url\":\"https:\\\/\\\/inclusivenews.com.br\\\/?p=21110\",\"name\":\"TVE-RS ser\u00e1 pioneira em exibi\u00e7\u00e3o de programas acess\u00edveis a pessoas com defici\u00eancia -\",\"isPartOf\":{\"@id\":\"https:\\\/\\\/inclusivenews.com.br\\\/#website\"},\"primaryImageOfPage\":{\"@id\":\"https:\\\/\\\/inclusivenews.com.br\\\/?p=21110#primaryimage\"},\"image\":{\"@id\":\"https:\\\/\\\/inclusivenews.com.br\\\/?p=21110#primaryimage\"},\"thumbnailUrl\":\"http:\\\/\\\/inclusivenews.com.br\\\/wp-content\\\/uploads\\\/2010\\\/10\\\/teve-300x262.jpg\",\"datePublished\":\"2011-09-29T09:45:49+00:00\",\"breadcrumb\":{\"@id\":\"https:\\\/\\\/inclusivenews.com.br\\\/?p=21110#breadcrumb\"},\"inLanguage\":\"pt-PT\",\"potentialAction\":[{\"@type\":\"ReadAction\",\"target\":[\"https:\\\/\\\/inclusivenews.com.br\\\/?p=21110\"]}]},{\"@type\":\"ImageObject\",\"inLanguage\":\"pt-PT\",\"@id\":\"https:\\\/\\\/inclusivenews.com.br\\\/?p=21110#primaryimage\",\"url\":\"\",\"contentUrl\":\"\"},{\"@type\":\"BreadcrumbList\",\"@id\":\"https:\\\/\\\/inclusivenews.com.br\\\/?p=21110#breadcrumb\",\"itemListElement\":[{\"@type\":\"ListItem\",\"position\":1,\"name\":\"In\u00edcio\",\"item\":\"https:\\\/\\\/inclusivenews.com.br\\\/\"},{\"@type\":\"ListItem\",\"position\":2,\"name\":\"TVE-RS ser\u00e1 pioneira em exibi\u00e7\u00e3o de programas acess\u00edveis a pessoas com defici\u00eancia\"}]},{\"@type\":\"WebSite\",\"@id\":\"https:\\\/\\\/inclusivenews.com.br\\\/#website\",\"url\":\"https:\\\/\\\/inclusivenews.com.br\\\/\",\"name\":\"Inclusive News\",\"description\":\"Inclusive News\",\"publisher\":{\"@id\":\"https:\\\/\\\/inclusivenews.com.br\\\/#organization\"},\"potentialAction\":[{\"@type\":\"SearchAction\",\"target\":{\"@type\":\"EntryPoint\",\"urlTemplate\":\"https:\\\/\\\/inclusivenews.com.br\\\/?s={search_term_string}\"},\"query-input\":{\"@type\":\"PropertyValueSpecification\",\"valueRequired\":true,\"valueName\":\"search_term_string\"}}],\"inLanguage\":\"pt-PT\"},{\"@type\":\"Organization\",\"@id\":\"https:\\\/\\\/inclusivenews.com.br\\\/#organization\",\"name\":\"Inclusive - inclus\u00e3o e cidadania\",\"url\":\"https:\\\/\\\/inclusivenews.com.br\\\/\",\"logo\":{\"@type\":\"ImageObject\",\"inLanguage\":\"pt-PT\",\"@id\":\"https:\\\/\\\/inclusivenews.com.br\\\/#\\\/schema\\\/logo\\\/image\\\/\",\"url\":\"https:\\\/\\\/inclusivenews.com.br\\\/wp-content\\\/uploads\\\/2024\\\/03\\\/@grandesite.png\",\"contentUrl\":\"https:\\\/\\\/inclusivenews.com.br\\\/wp-content\\\/uploads\\\/2024\\\/03\\\/@grandesite.png\",\"width\":1080,\"height\":1080,\"caption\":\"Inclusive - inclus\u00e3o e cidadania\"},\"image\":{\"@id\":\"https:\\\/\\\/inclusivenews.com.br\\\/#\\\/schema\\\/logo\\\/image\\\/\"},\"sameAs\":[\"https:\\\/\\\/www.facebook.com\\\/agenciainclusive\\\/\",\"https:\\\/\\\/www.instagram.com\\\/newsinclusive\\\/\"]},{\"@type\":\"Person\",\"@id\":\"https:\\\/\\\/inclusivenews.com.br\\\/#\\\/schema\\\/person\\\/ae4ec7087559b8692fb33b6fffd2273b\",\"name\":\"inclusivenews2024\",\"image\":{\"@type\":\"ImageObject\",\"inLanguage\":\"pt-PT\",\"@id\":\"https:\\\/\\\/secure.gravatar.com\\\/avatar\\\/c5a7ef84c66fa914f55bc4f7ce26cfa275a3b9a1c5568b907bd184fb4dde7b40?s=96&d=mm&r=g\",\"url\":\"https:\\\/\\\/secure.gravatar.com\\\/avatar\\\/c5a7ef84c66fa914f55bc4f7ce26cfa275a3b9a1c5568b907bd184fb4dde7b40?s=96&d=mm&r=g\",\"contentUrl\":\"https:\\\/\\\/secure.gravatar.com\\\/avatar\\\/c5a7ef84c66fa914f55bc4f7ce26cfa275a3b9a1c5568b907bd184fb4dde7b40?s=96&d=mm&r=g\",\"caption\":\"inclusivenews2024\"},\"sameAs\":[\"https:\\\/\\\/inclusivenews.com.br\"],\"url\":\"https:\\\/\\\/inclusivenews.com.br\\\/?author=1\"}]}<\/script>\n<!-- \/ Yoast SEO plugin. -->","yoast_head_json":{"title":"TVE-RS ser\u00e1 pioneira em exibi\u00e7\u00e3o de programas acess\u00edveis a pessoas com defici\u00eancia -","robots":{"index":"index","follow":"follow","max-snippet":"max-snippet:-1","max-image-preview":"max-image-preview:large","max-video-preview":"max-video-preview:-1"},"canonical":"https:\/\/inclusivenews.com.br\/?p=21110","og_locale":"pt_PT","og_type":"article","og_title":"TVE-RS ser\u00e1 pioneira em exibi\u00e7\u00e3o de programas acess\u00edveis a pessoas com defici\u00eancia -","og_description":"Uma Central de Tradutores, composta por t\u00e9cnicos especializados em linguagem de sinais (libras), para surdos e deficientes auditivos, e recurso de acessibilidade para cegos e deficientes visuais (\u00e1udio-descri\u00e7\u00e3o) viabilizar\u00e1 o projeto.","og_url":"https:\/\/inclusivenews.com.br\/?p=21110","article_publisher":"https:\/\/www.facebook.com\/agenciainclusive\/","article_published_time":"2011-09-29T09:45:49+00:00","og_image":[{"url":"http:\/\/inclusivenews.com.br\/wp-content\/uploads\/2010\/10\/teve-300x262.jpg","type":"","width":"","height":""}],"author":"inclusivenews2024","twitter_card":"summary_large_image","twitter_misc":{"Escrito por":"inclusivenews2024","Tempo estimado de leitura":"2 minutos"},"schema":{"@context":"https:\/\/schema.org","@graph":[{"@type":"Article","@id":"https:\/\/inclusivenews.com.br\/?p=21110#article","isPartOf":{"@id":"https:\/\/inclusivenews.com.br\/?p=21110"},"author":{"name":"inclusivenews2024","@id":"https:\/\/inclusivenews.com.br\/#\/schema\/person\/ae4ec7087559b8692fb33b6fffd2273b"},"headline":"TVE-RS ser\u00e1 pioneira em exibi\u00e7\u00e3o de programas acess\u00edveis a pessoas com defici\u00eancia","datePublished":"2011-09-29T09:45:49+00:00","mainEntityOfPage":{"@id":"https:\/\/inclusivenews.com.br\/?p=21110"},"wordCount":359,"commentCount":0,"publisher":{"@id":"https:\/\/inclusivenews.com.br\/#organization"},"image":{"@id":"https:\/\/inclusivenews.com.br\/?p=21110#primaryimage"},"thumbnailUrl":"http:\/\/inclusivenews.com.br\/wp-content\/uploads\/2010\/10\/teve-300x262.jpg","articleSection":["ACESSIBILIDADE","Cultura","Defici\u00eancia","INCLUS\u00c3O SOCIAL","NOT\u00cdCIAS"],"inLanguage":"pt-PT","potentialAction":[{"@type":"CommentAction","name":"Comment","target":["https:\/\/inclusivenews.com.br\/?p=21110#respond"]}]},{"@type":"WebPage","@id":"https:\/\/inclusivenews.com.br\/?p=21110","url":"https:\/\/inclusivenews.com.br\/?p=21110","name":"TVE-RS ser\u00e1 pioneira em exibi\u00e7\u00e3o de programas acess\u00edveis a pessoas com defici\u00eancia -","isPartOf":{"@id":"https:\/\/inclusivenews.com.br\/#website"},"primaryImageOfPage":{"@id":"https:\/\/inclusivenews.com.br\/?p=21110#primaryimage"},"image":{"@id":"https:\/\/inclusivenews.com.br\/?p=21110#primaryimage"},"thumbnailUrl":"http:\/\/inclusivenews.com.br\/wp-content\/uploads\/2010\/10\/teve-300x262.jpg","datePublished":"2011-09-29T09:45:49+00:00","breadcrumb":{"@id":"https:\/\/inclusivenews.com.br\/?p=21110#breadcrumb"},"inLanguage":"pt-PT","potentialAction":[{"@type":"ReadAction","target":["https:\/\/inclusivenews.com.br\/?p=21110"]}]},{"@type":"ImageObject","inLanguage":"pt-PT","@id":"https:\/\/inclusivenews.com.br\/?p=21110#primaryimage","url":"","contentUrl":""},{"@type":"BreadcrumbList","@id":"https:\/\/inclusivenews.com.br\/?p=21110#breadcrumb","itemListElement":[{"@type":"ListItem","position":1,"name":"In\u00edcio","item":"https:\/\/inclusivenews.com.br\/"},{"@type":"ListItem","position":2,"name":"TVE-RS ser\u00e1 pioneira em exibi\u00e7\u00e3o de programas acess\u00edveis a pessoas com defici\u00eancia"}]},{"@type":"WebSite","@id":"https:\/\/inclusivenews.com.br\/#website","url":"https:\/\/inclusivenews.com.br\/","name":"Inclusive News","description":"Inclusive News","publisher":{"@id":"https:\/\/inclusivenews.com.br\/#organization"},"potentialAction":[{"@type":"SearchAction","target":{"@type":"EntryPoint","urlTemplate":"https:\/\/inclusivenews.com.br\/?s={search_term_string}"},"query-input":{"@type":"PropertyValueSpecification","valueRequired":true,"valueName":"search_term_string"}}],"inLanguage":"pt-PT"},{"@type":"Organization","@id":"https:\/\/inclusivenews.com.br\/#organization","name":"Inclusive - inclus\u00e3o e cidadania","url":"https:\/\/inclusivenews.com.br\/","logo":{"@type":"ImageObject","inLanguage":"pt-PT","@id":"https:\/\/inclusivenews.com.br\/#\/schema\/logo\/image\/","url":"https:\/\/inclusivenews.com.br\/wp-content\/uploads\/2024\/03\/@grandesite.png","contentUrl":"https:\/\/inclusivenews.com.br\/wp-content\/uploads\/2024\/03\/@grandesite.png","width":1080,"height":1080,"caption":"Inclusive - inclus\u00e3o e cidadania"},"image":{"@id":"https:\/\/inclusivenews.com.br\/#\/schema\/logo\/image\/"},"sameAs":["https:\/\/www.facebook.com\/agenciainclusive\/","https:\/\/www.instagram.com\/newsinclusive\/"]},{"@type":"Person","@id":"https:\/\/inclusivenews.com.br\/#\/schema\/person\/ae4ec7087559b8692fb33b6fffd2273b","name":"inclusivenews2024","image":{"@type":"ImageObject","inLanguage":"pt-PT","@id":"https:\/\/secure.gravatar.com\/avatar\/c5a7ef84c66fa914f55bc4f7ce26cfa275a3b9a1c5568b907bd184fb4dde7b40?s=96&d=mm&r=g","url":"https:\/\/secure.gravatar.com\/avatar\/c5a7ef84c66fa914f55bc4f7ce26cfa275a3b9a1c5568b907bd184fb4dde7b40?s=96&d=mm&r=g","contentUrl":"https:\/\/secure.gravatar.com\/avatar\/c5a7ef84c66fa914f55bc4f7ce26cfa275a3b9a1c5568b907bd184fb4dde7b40?s=96&d=mm&r=g","caption":"inclusivenews2024"},"sameAs":["https:\/\/inclusivenews.com.br"],"url":"https:\/\/inclusivenews.com.br\/?author=1"}]}},"_links":{"self":[{"href":"https:\/\/inclusivenews.com.br\/index.php?rest_route=\/wp\/v2\/posts\/21110","targetHints":{"allow":["GET"]}}],"collection":[{"href":"https:\/\/inclusivenews.com.br\/index.php?rest_route=\/wp\/v2\/posts"}],"about":[{"href":"https:\/\/inclusivenews.com.br\/index.php?rest_route=\/wp\/v2\/types\/post"}],"author":[{"embeddable":true,"href":"https:\/\/inclusivenews.com.br\/index.php?rest_route=\/wp\/v2\/users\/1"}],"replies":[{"embeddable":true,"href":"https:\/\/inclusivenews.com.br\/index.php?rest_route=%2Fwp%2Fv2%2Fcomments&post=21110"}],"version-history":[{"count":0,"href":"https:\/\/inclusivenews.com.br\/index.php?rest_route=\/wp\/v2\/posts\/21110\/revisions"}],"wp:attachment":[{"href":"https:\/\/inclusivenews.com.br\/index.php?rest_route=%2Fwp%2Fv2%2Fmedia&parent=21110"}],"wp:term":[{"taxonomy":"category","embeddable":true,"href":"https:\/\/inclusivenews.com.br\/index.php?rest_route=%2Fwp%2Fv2%2Fcategories&post=21110"},{"taxonomy":"post_tag","embeddable":true,"href":"https:\/\/inclusivenews.com.br\/index.php?rest_route=%2Fwp%2Fv2%2Ftags&post=21110"}],"curies":[{"name":"wp","href":"https:\/\/api.w.org\/{rel}","templated":true}]}}