{"id":21112,"date":"2011-09-29T06:44:57","date_gmt":"2011-09-29T09:44:57","guid":{"rendered":"http:\/\/www.inclusive.org.br\/?p=21112"},"modified":"2011-09-29T06:44:57","modified_gmt":"2011-09-29T09:44:57","slug":"2%c2%aa-virada-inclusiva-secretaria-recebe-adesoes-de-municipios-e-instituicoes","status":"publish","type":"post","link":"https:\/\/inclusivenews.com.br\/?p=21112","title":{"rendered":"2\u00aa Virada Inclusiva &#8211; secretaria recebe ades\u00f5es de munic\u00edpios e institui\u00e7\u00f5es"},"content":{"rendered":"<p class=\"subtitulo\"><img loading=\"lazy\" decoding=\"async\" class=\"alignleft size-medium wp-image-17256\" title=\"Desenho de cadeira de rodas formada por v\u00e1rias pessoas.\" src=\"http:\/\/inclusivenews.com.br\/wp-content\/uploads\/2010\/09\/cadeira-formada-por-pessoas-300x270.jpg\" alt=\"Desenho de cadeira de rodas formada por v\u00e1rias pessoas.\" width=\"240\" height=\"216\" \/><\/p>\n<p class=\"subtitulo\">O evento acontece nos dias 3 e 4 de dezembro, mas a ades\u00e3o se d\u00e1 desde agora, a fim de compor calend\u00e1rio \u00fanico e envolver todo o Estado de S\u00e3o Paulo<\/p>\n<p>A Secretaria de Estado dos Direitos da Pessoa com Defici\u00eancia est\u00e1 recebendo ades\u00f5es de prefeituras e institui\u00e7\u00f5es para participa\u00e7\u00e3o na 2\u00aa Virada Inclusiva, em comemora\u00e7\u00e3o ao 3 de dezembro, &#8220;Dia Internacional da Pessoa com Defici\u00eancia&#8221;.<\/p>\n<p>A &#8220;Virada&#8221; acontece nos dias 3 e 4 de dezembro de 2011, s\u00e1bado e domingo. com manifesta\u00e7\u00f5es de arte, cultura, esporte e lazer distribuidas em todo o Estado de S\u00e3o Paulo, compondo um calend\u00e1rio \u00fanico, com destaque para\u00a0o protagonismo de pessoas com defici\u00eancia.<\/p>\n<p>Podem integrar a 2\u00aa Virada Inclusiva todos os eventos j\u00e1 programados ou que venham a ser programados para os dias 3 e 4 de dezembro e que apresentem acessibilidade para pessoas com defici\u00eancia. Mas aten\u00e7\u00e3o, as ades\u00f5es encerram-se na primeira semana de outubro.<\/p>\n<p>A PRIMEIRA VIRADA, NO ANO PASSADO<\/p>\n<p class=\"MsoNormal\">O objetivo da &#8220;Virada Inclusiva&#8221; \u00e9 aumentar a visibilidade e a conscientiza\u00e7\u00e3o com rela\u00e7\u00e3o \u00e0 inclus\u00e3o e participa\u00e7\u00e3o das pessoas com defici\u00eancia, em todos os segmentos da sociedade, efetivando o seu exerc\u00edcio pleno como cidad\u00e3s, conforme previsto na &#8220;Conven\u00e7\u00e3o sobre os Direitos da Pessoa com Defici\u00eancia&#8221;. A\u00a0sua primeira edi\u00e7\u00e3o, em 2010, contou com uma s\u00e9rie de shows, oficinas, apresenta\u00e7\u00f5es, mostras teatrais, exposi\u00e7\u00f5es, jogos, gincanas e demais manifesta\u00e7\u00f5es de arte, cultura, esporte e lazer, em diversos lugares no Estado de S\u00e3o Paulo, envolvendo\u00a021 munic\u00edpios do Estado e 41 entidades p\u00fablicas e privadas, que atuaram como parceiros fundamentais para o sucesso do evento.<\/p>\n<p class=\"MsoNormal\">Contou ainda com a participa\u00e7\u00e3o volunt\u00e1ria de pessoas e grupos do mundo art\u00edstico e esportivo, de forma a garantir a mobiliza\u00e7\u00e3o necess\u00e1ria dos recursos imprescind\u00edveis \u00e0 realiza\u00e7\u00e3o do evento.<\/p>\n<p class=\"MsoNormal\">Todos que forem promover algum evento art\u00edstico, cultural ou de lazer, em dezembro de 2011, est\u00e3o convidados a participar. A &#8220;Virada&#8221; s\u00f3 acontece com a ades\u00e3o de todos. \u00c9 preciso\u00a0a uni\u00e3o de esfor\u00e7os para mostrarmos a face inclusiva da cidade e do Estado de S\u00e3o Paulo. Participe da 2\u00aa Virada Inclusiva!<\/p>\n<p>Os interessados devem entrar em contato, pelo email <a href=\"mailto:viradainclusiva@sp.gov.br\">viradainclusiva@sp.gov.br<\/a>, e apresentar os seguintes dados:<\/p>\n<p><em>1. <strong>A\u00e7\u00e3o Pretendida <\/strong>(j\u00e1 agendada ou nova)2. <strong>Nome \/ Institui\u00e7\u00e3o Respons\u00e1vel <\/strong>(Prefeitura ou entidade privada)3. <strong>Local Escolhido<\/strong> (endere\u00e7o e site, se poss\u00edvel)4. <strong>Eventual Necessidade de Apoio<\/strong> (ser\u00e1 verificada possibilidade de parceria com outras institui\u00e7\u00f5es participantes para obten\u00e7\u00e3o de apoio)<\/p>\n<p><\/em><\/p>\n<p dir=\"ltr\"><strong>2\u00aa VIRADA INCLUSIVA<br \/>\n<\/strong><strong>Contato: (11) 5212.3705.<br \/>\n<\/strong><strong>E-mail: <\/strong><a href=\"mailto:viradainclusiva@sp.gov.br\"><strong>viradainclusiva@sp.gov.br<\/strong><\/a><\/p>\n","protected":false},"excerpt":{"rendered":"<p>A Secretaria de Estado dos Direitos da Pessoa com Defici\u00eancia de SP est\u00e1 recebendo ades\u00f5es de prefeituras e institui\u00e7\u00f5es para participa\u00e7\u00e3o na 2\u00aa Virada Inclusiva, em comemora\u00e7\u00e3o ao 3 de dezembro, &#8220;Dia Internacional da Pessoa com Defici\u00eancia&#8221;.<\/p>\n","protected":false},"author":1,"featured_media":0,"comment_status":"open","ping_status":"open","sticky":false,"template":"","format":"standard","meta":{"site-container-style":"default","site-container-layout":"default","site-sidebar-layout":"default","disable-article-header":"default","disable-site-header":"default","disable-site-footer":"default","disable-content-area-spacing":"default","footnotes":""},"categories":[48,4],"tags":[],"class_list":["post-21112","post","type-post","status-publish","format-standard","hentry","category-inclusao","category-noticias"],"yoast_head":"<!-- This site is optimized with the Yoast SEO plugin v27.4 - https:\/\/yoast.com\/product\/yoast-seo-wordpress\/ -->\n<title>2\u00aa Virada Inclusiva - secretaria recebe ades\u00f5es de munic\u00edpios e institui\u00e7\u00f5es -<\/title>\n<meta name=\"robots\" content=\"index, follow, max-snippet:-1, max-image-preview:large, max-video-preview:-1\" \/>\n<link rel=\"canonical\" href=\"https:\/\/inclusivenews.com.br\/?p=21112\" \/>\n<meta property=\"og:locale\" content=\"pt_PT\" \/>\n<meta property=\"og:type\" content=\"article\" \/>\n<meta property=\"og:title\" content=\"2\u00aa Virada Inclusiva - secretaria recebe ades\u00f5es de munic\u00edpios e institui\u00e7\u00f5es -\" \/>\n<meta property=\"og:description\" content=\"A Secretaria de Estado dos Direitos da Pessoa com Defici\u00eancia de SP est\u00e1 recebendo ades\u00f5es de prefeituras e institui\u00e7\u00f5es para participa\u00e7\u00e3o na 2\u00aa Virada Inclusiva, em comemora\u00e7\u00e3o ao 3 de dezembro, &quot;Dia Internacional da Pessoa com Defici\u00eancia&quot;.\" \/>\n<meta property=\"og:url\" content=\"https:\/\/inclusivenews.com.br\/?p=21112\" \/>\n<meta property=\"article:publisher\" content=\"https:\/\/www.facebook.com\/agenciainclusive\/\" \/>\n<meta property=\"article:published_time\" content=\"2011-09-29T09:44:57+00:00\" \/>\n<meta property=\"og:image\" content=\"http:\/\/inclusivenews.com.br\/wp-content\/uploads\/2010\/09\/cadeira-formada-por-pessoas-300x270.jpg\" \/>\n<meta name=\"author\" content=\"inclusivenews2024\" \/>\n<meta name=\"twitter:card\" content=\"summary_large_image\" \/>\n<meta name=\"twitter:label1\" content=\"Escrito por\" \/>\n\t<meta name=\"twitter:data1\" content=\"inclusivenews2024\" \/>\n\t<meta name=\"twitter:label2\" content=\"Tempo estimado de leitura\" \/>\n\t<meta name=\"twitter:data2\" content=\"2 minutos\" \/>\n<script type=\"application\/ld+json\" class=\"yoast-schema-graph\">{\"@context\":\"https:\\\/\\\/schema.org\",\"@graph\":[{\"@type\":\"Article\",\"@id\":\"https:\\\/\\\/inclusivenews.com.br\\\/?p=21112#article\",\"isPartOf\":{\"@id\":\"https:\\\/\\\/inclusivenews.com.br\\\/?p=21112\"},\"author\":{\"name\":\"inclusivenews2024\",\"@id\":\"https:\\\/\\\/inclusivenews.com.br\\\/#\\\/schema\\\/person\\\/ae4ec7087559b8692fb33b6fffd2273b\"},\"headline\":\"2\u00aa Virada Inclusiva &#8211; secretaria recebe ades\u00f5es de munic\u00edpios e institui\u00e7\u00f5es\",\"datePublished\":\"2011-09-29T09:44:57+00:00\",\"mainEntityOfPage\":{\"@id\":\"https:\\\/\\\/inclusivenews.com.br\\\/?p=21112\"},\"wordCount\":453,\"commentCount\":0,\"publisher\":{\"@id\":\"https:\\\/\\\/inclusivenews.com.br\\\/#organization\"},\"image\":{\"@id\":\"https:\\\/\\\/inclusivenews.com.br\\\/?p=21112#primaryimage\"},\"thumbnailUrl\":\"http:\\\/\\\/inclusivenews.com.br\\\/wp-content\\\/uploads\\\/2010\\\/09\\\/cadeira-formada-por-pessoas-300x270.jpg\",\"articleSection\":[\"INCLUS\u00c3O SOCIAL\",\"NOT\u00cdCIAS\"],\"inLanguage\":\"pt-PT\",\"potentialAction\":[{\"@type\":\"CommentAction\",\"name\":\"Comment\",\"target\":[\"https:\\\/\\\/inclusivenews.com.br\\\/?p=21112#respond\"]}]},{\"@type\":\"WebPage\",\"@id\":\"https:\\\/\\\/inclusivenews.com.br\\\/?p=21112\",\"url\":\"https:\\\/\\\/inclusivenews.com.br\\\/?p=21112\",\"name\":\"2\u00aa Virada Inclusiva - secretaria recebe ades\u00f5es de munic\u00edpios e institui\u00e7\u00f5es -\",\"isPartOf\":{\"@id\":\"https:\\\/\\\/inclusivenews.com.br\\\/#website\"},\"primaryImageOfPage\":{\"@id\":\"https:\\\/\\\/inclusivenews.com.br\\\/?p=21112#primaryimage\"},\"image\":{\"@id\":\"https:\\\/\\\/inclusivenews.com.br\\\/?p=21112#primaryimage\"},\"thumbnailUrl\":\"http:\\\/\\\/inclusivenews.com.br\\\/wp-content\\\/uploads\\\/2010\\\/09\\\/cadeira-formada-por-pessoas-300x270.jpg\",\"datePublished\":\"2011-09-29T09:44:57+00:00\",\"breadcrumb\":{\"@id\":\"https:\\\/\\\/inclusivenews.com.br\\\/?p=21112#breadcrumb\"},\"inLanguage\":\"pt-PT\",\"potentialAction\":[{\"@type\":\"ReadAction\",\"target\":[\"https:\\\/\\\/inclusivenews.com.br\\\/?p=21112\"]}]},{\"@type\":\"ImageObject\",\"inLanguage\":\"pt-PT\",\"@id\":\"https:\\\/\\\/inclusivenews.com.br\\\/?p=21112#primaryimage\",\"url\":\"\",\"contentUrl\":\"\"},{\"@type\":\"BreadcrumbList\",\"@id\":\"https:\\\/\\\/inclusivenews.com.br\\\/?p=21112#breadcrumb\",\"itemListElement\":[{\"@type\":\"ListItem\",\"position\":1,\"name\":\"In\u00edcio\",\"item\":\"https:\\\/\\\/inclusivenews.com.br\\\/\"},{\"@type\":\"ListItem\",\"position\":2,\"name\":\"2\u00aa Virada Inclusiva &#8211; secretaria recebe ades\u00f5es de munic\u00edpios e institui\u00e7\u00f5es\"}]},{\"@type\":\"WebSite\",\"@id\":\"https:\\\/\\\/inclusivenews.com.br\\\/#website\",\"url\":\"https:\\\/\\\/inclusivenews.com.br\\\/\",\"name\":\"Inclusive News\",\"description\":\"Inclusive News\",\"publisher\":{\"@id\":\"https:\\\/\\\/inclusivenews.com.br\\\/#organization\"},\"potentialAction\":[{\"@type\":\"SearchAction\",\"target\":{\"@type\":\"EntryPoint\",\"urlTemplate\":\"https:\\\/\\\/inclusivenews.com.br\\\/?s={search_term_string}\"},\"query-input\":{\"@type\":\"PropertyValueSpecification\",\"valueRequired\":true,\"valueName\":\"search_term_string\"}}],\"inLanguage\":\"pt-PT\"},{\"@type\":\"Organization\",\"@id\":\"https:\\\/\\\/inclusivenews.com.br\\\/#organization\",\"name\":\"Inclusive - inclus\u00e3o e cidadania\",\"url\":\"https:\\\/\\\/inclusivenews.com.br\\\/\",\"logo\":{\"@type\":\"ImageObject\",\"inLanguage\":\"pt-PT\",\"@id\":\"https:\\\/\\\/inclusivenews.com.br\\\/#\\\/schema\\\/logo\\\/image\\\/\",\"url\":\"https:\\\/\\\/inclusivenews.com.br\\\/wp-content\\\/uploads\\\/2024\\\/03\\\/@grandesite.png\",\"contentUrl\":\"https:\\\/\\\/inclusivenews.com.br\\\/wp-content\\\/uploads\\\/2024\\\/03\\\/@grandesite.png\",\"width\":1080,\"height\":1080,\"caption\":\"Inclusive - inclus\u00e3o e cidadania\"},\"image\":{\"@id\":\"https:\\\/\\\/inclusivenews.com.br\\\/#\\\/schema\\\/logo\\\/image\\\/\"},\"sameAs\":[\"https:\\\/\\\/www.facebook.com\\\/agenciainclusive\\\/\",\"https:\\\/\\\/www.instagram.com\\\/newsinclusive\\\/\"]},{\"@type\":\"Person\",\"@id\":\"https:\\\/\\\/inclusivenews.com.br\\\/#\\\/schema\\\/person\\\/ae4ec7087559b8692fb33b6fffd2273b\",\"name\":\"inclusivenews2024\",\"image\":{\"@type\":\"ImageObject\",\"inLanguage\":\"pt-PT\",\"@id\":\"https:\\\/\\\/secure.gravatar.com\\\/avatar\\\/c5a7ef84c66fa914f55bc4f7ce26cfa275a3b9a1c5568b907bd184fb4dde7b40?s=96&d=mm&r=g\",\"url\":\"https:\\\/\\\/secure.gravatar.com\\\/avatar\\\/c5a7ef84c66fa914f55bc4f7ce26cfa275a3b9a1c5568b907bd184fb4dde7b40?s=96&d=mm&r=g\",\"contentUrl\":\"https:\\\/\\\/secure.gravatar.com\\\/avatar\\\/c5a7ef84c66fa914f55bc4f7ce26cfa275a3b9a1c5568b907bd184fb4dde7b40?s=96&d=mm&r=g\",\"caption\":\"inclusivenews2024\"},\"sameAs\":[\"https:\\\/\\\/inclusivenews.com.br\"],\"url\":\"https:\\\/\\\/inclusivenews.com.br\\\/?author=1\"}]}<\/script>\n<!-- \/ Yoast SEO plugin. -->","yoast_head_json":{"title":"2\u00aa Virada Inclusiva - secretaria recebe ades\u00f5es de munic\u00edpios e institui\u00e7\u00f5es -","robots":{"index":"index","follow":"follow","max-snippet":"max-snippet:-1","max-image-preview":"max-image-preview:large","max-video-preview":"max-video-preview:-1"},"canonical":"https:\/\/inclusivenews.com.br\/?p=21112","og_locale":"pt_PT","og_type":"article","og_title":"2\u00aa Virada Inclusiva - secretaria recebe ades\u00f5es de munic\u00edpios e institui\u00e7\u00f5es -","og_description":"A Secretaria de Estado dos Direitos da Pessoa com Defici\u00eancia de SP est\u00e1 recebendo ades\u00f5es de prefeituras e institui\u00e7\u00f5es para participa\u00e7\u00e3o na 2\u00aa Virada Inclusiva, em comemora\u00e7\u00e3o ao 3 de dezembro, \"Dia Internacional da Pessoa com Defici\u00eancia\".","og_url":"https:\/\/inclusivenews.com.br\/?p=21112","article_publisher":"https:\/\/www.facebook.com\/agenciainclusive\/","article_published_time":"2011-09-29T09:44:57+00:00","og_image":[{"url":"http:\/\/inclusivenews.com.br\/wp-content\/uploads\/2010\/09\/cadeira-formada-por-pessoas-300x270.jpg","type":"","width":"","height":""}],"author":"inclusivenews2024","twitter_card":"summary_large_image","twitter_misc":{"Escrito por":"inclusivenews2024","Tempo estimado de leitura":"2 minutos"},"schema":{"@context":"https:\/\/schema.org","@graph":[{"@type":"Article","@id":"https:\/\/inclusivenews.com.br\/?p=21112#article","isPartOf":{"@id":"https:\/\/inclusivenews.com.br\/?p=21112"},"author":{"name":"inclusivenews2024","@id":"https:\/\/inclusivenews.com.br\/#\/schema\/person\/ae4ec7087559b8692fb33b6fffd2273b"},"headline":"2\u00aa Virada Inclusiva &#8211; secretaria recebe ades\u00f5es de munic\u00edpios e institui\u00e7\u00f5es","datePublished":"2011-09-29T09:44:57+00:00","mainEntityOfPage":{"@id":"https:\/\/inclusivenews.com.br\/?p=21112"},"wordCount":453,"commentCount":0,"publisher":{"@id":"https:\/\/inclusivenews.com.br\/#organization"},"image":{"@id":"https:\/\/inclusivenews.com.br\/?p=21112#primaryimage"},"thumbnailUrl":"http:\/\/inclusivenews.com.br\/wp-content\/uploads\/2010\/09\/cadeira-formada-por-pessoas-300x270.jpg","articleSection":["INCLUS\u00c3O SOCIAL","NOT\u00cdCIAS"],"inLanguage":"pt-PT","potentialAction":[{"@type":"CommentAction","name":"Comment","target":["https:\/\/inclusivenews.com.br\/?p=21112#respond"]}]},{"@type":"WebPage","@id":"https:\/\/inclusivenews.com.br\/?p=21112","url":"https:\/\/inclusivenews.com.br\/?p=21112","name":"2\u00aa Virada Inclusiva - secretaria recebe ades\u00f5es de munic\u00edpios e institui\u00e7\u00f5es -","isPartOf":{"@id":"https:\/\/inclusivenews.com.br\/#website"},"primaryImageOfPage":{"@id":"https:\/\/inclusivenews.com.br\/?p=21112#primaryimage"},"image":{"@id":"https:\/\/inclusivenews.com.br\/?p=21112#primaryimage"},"thumbnailUrl":"http:\/\/inclusivenews.com.br\/wp-content\/uploads\/2010\/09\/cadeira-formada-por-pessoas-300x270.jpg","datePublished":"2011-09-29T09:44:57+00:00","breadcrumb":{"@id":"https:\/\/inclusivenews.com.br\/?p=21112#breadcrumb"},"inLanguage":"pt-PT","potentialAction":[{"@type":"ReadAction","target":["https:\/\/inclusivenews.com.br\/?p=21112"]}]},{"@type":"ImageObject","inLanguage":"pt-PT","@id":"https:\/\/inclusivenews.com.br\/?p=21112#primaryimage","url":"","contentUrl":""},{"@type":"BreadcrumbList","@id":"https:\/\/inclusivenews.com.br\/?p=21112#breadcrumb","itemListElement":[{"@type":"ListItem","position":1,"name":"In\u00edcio","item":"https:\/\/inclusivenews.com.br\/"},{"@type":"ListItem","position":2,"name":"2\u00aa Virada Inclusiva &#8211; secretaria recebe ades\u00f5es de munic\u00edpios e institui\u00e7\u00f5es"}]},{"@type":"WebSite","@id":"https:\/\/inclusivenews.com.br\/#website","url":"https:\/\/inclusivenews.com.br\/","name":"Inclusive News","description":"Inclusive News","publisher":{"@id":"https:\/\/inclusivenews.com.br\/#organization"},"potentialAction":[{"@type":"SearchAction","target":{"@type":"EntryPoint","urlTemplate":"https:\/\/inclusivenews.com.br\/?s={search_term_string}"},"query-input":{"@type":"PropertyValueSpecification","valueRequired":true,"valueName":"search_term_string"}}],"inLanguage":"pt-PT"},{"@type":"Organization","@id":"https:\/\/inclusivenews.com.br\/#organization","name":"Inclusive - inclus\u00e3o e cidadania","url":"https:\/\/inclusivenews.com.br\/","logo":{"@type":"ImageObject","inLanguage":"pt-PT","@id":"https:\/\/inclusivenews.com.br\/#\/schema\/logo\/image\/","url":"https:\/\/inclusivenews.com.br\/wp-content\/uploads\/2024\/03\/@grandesite.png","contentUrl":"https:\/\/inclusivenews.com.br\/wp-content\/uploads\/2024\/03\/@grandesite.png","width":1080,"height":1080,"caption":"Inclusive - inclus\u00e3o e cidadania"},"image":{"@id":"https:\/\/inclusivenews.com.br\/#\/schema\/logo\/image\/"},"sameAs":["https:\/\/www.facebook.com\/agenciainclusive\/","https:\/\/www.instagram.com\/newsinclusive\/"]},{"@type":"Person","@id":"https:\/\/inclusivenews.com.br\/#\/schema\/person\/ae4ec7087559b8692fb33b6fffd2273b","name":"inclusivenews2024","image":{"@type":"ImageObject","inLanguage":"pt-PT","@id":"https:\/\/secure.gravatar.com\/avatar\/c5a7ef84c66fa914f55bc4f7ce26cfa275a3b9a1c5568b907bd184fb4dde7b40?s=96&d=mm&r=g","url":"https:\/\/secure.gravatar.com\/avatar\/c5a7ef84c66fa914f55bc4f7ce26cfa275a3b9a1c5568b907bd184fb4dde7b40?s=96&d=mm&r=g","contentUrl":"https:\/\/secure.gravatar.com\/avatar\/c5a7ef84c66fa914f55bc4f7ce26cfa275a3b9a1c5568b907bd184fb4dde7b40?s=96&d=mm&r=g","caption":"inclusivenews2024"},"sameAs":["https:\/\/inclusivenews.com.br"],"url":"https:\/\/inclusivenews.com.br\/?author=1"}]}},"_links":{"self":[{"href":"https:\/\/inclusivenews.com.br\/index.php?rest_route=\/wp\/v2\/posts\/21112","targetHints":{"allow":["GET"]}}],"collection":[{"href":"https:\/\/inclusivenews.com.br\/index.php?rest_route=\/wp\/v2\/posts"}],"about":[{"href":"https:\/\/inclusivenews.com.br\/index.php?rest_route=\/wp\/v2\/types\/post"}],"author":[{"embeddable":true,"href":"https:\/\/inclusivenews.com.br\/index.php?rest_route=\/wp\/v2\/users\/1"}],"replies":[{"embeddable":true,"href":"https:\/\/inclusivenews.com.br\/index.php?rest_route=%2Fwp%2Fv2%2Fcomments&post=21112"}],"version-history":[{"count":0,"href":"https:\/\/inclusivenews.com.br\/index.php?rest_route=\/wp\/v2\/posts\/21112\/revisions"}],"wp:attachment":[{"href":"https:\/\/inclusivenews.com.br\/index.php?rest_route=%2Fwp%2Fv2%2Fmedia&parent=21112"}],"wp:term":[{"taxonomy":"category","embeddable":true,"href":"https:\/\/inclusivenews.com.br\/index.php?rest_route=%2Fwp%2Fv2%2Fcategories&post=21112"},{"taxonomy":"post_tag","embeddable":true,"href":"https:\/\/inclusivenews.com.br\/index.php?rest_route=%2Fwp%2Fv2%2Ftags&post=21112"}],"curies":[{"name":"wp","href":"https:\/\/api.w.org\/{rel}","templated":true}]}}