{"id":21114,"date":"2011-09-29T06:44:19","date_gmt":"2011-09-29T09:44:19","guid":{"rendered":"http:\/\/www.inclusive.org.br\/?p=21114"},"modified":"2011-09-29T06:44:19","modified_gmt":"2011-09-29T09:44:19","slug":"foruns-estaduais-sao-criados-em-diferentes-partes-do-pais-para-debater-planos-de-educacao-2","status":"publish","type":"post","link":"https:\/\/inclusivenews.com.br\/?p=21114","title":{"rendered":"F\u00f3runs estaduais s\u00e3o criados em diferentes partes do pa\u00eds para debater planos  de educa\u00e7\u00e3o"},"content":{"rendered":"<p><img loading=\"lazy\" decoding=\"async\" class=\"size-full wp-image-13656 alignleft\" title=\"Observat\u00f3rio da Educa\u00e7\u00e3o. Uma bal\u00e3o de di\u00e1logo com um ponto final dentro.\" src=\"http:\/\/inclusivenews.com.br\/wp-content\/uploads\/2010\/01\/logo_final_observatorio.jpg\" alt=\"Observat\u00f3rio da Educa\u00e7\u00e3o. Uma bal\u00e3o de di\u00e1logo com um ponto final dentro.\" width=\"200\" height=\"200\" \/><\/p>\n<div>Em dezembro de 2010, o Minist\u00e9rio da Educa\u00e7\u00e3o (MEC) instituiu, por meio de uma portaria, o F\u00f3rum Nacional de Educa\u00e7\u00e3o (FNE), que tem por objetivo coordenar as confer\u00eancias nacionais de educa\u00e7\u00e3o, acompanhar e avaliar a implementa\u00e7\u00e3o de suas delibera\u00e7\u00f5es, e promover a articula\u00e7\u00e3o entre os correspondentes f\u00f3runs de educa\u00e7\u00e3o dos estados, do Distrito Federal e dos munic\u00edpios.<\/div>\n<div><\/div>\n<div>Por iniciativa da sociedade civil e de \u00f3rg\u00e3os estatais, alguns estados j\u00e1 criaram seus f\u00f3runs, e o Observat\u00f3rio da Educa\u00e7\u00e3o realizou entrevistas com participantes de tr\u00eas deles: S\u00e3o Paulo, Pernambuco e Paran\u00e1. Os espa\u00e7os contam com participa\u00e7\u00e3o de governo e sociedade, e t\u00eam atualmente como principais objetivos acompanhar a tramita\u00e7\u00e3o do Projeto de Lei que cria o novo Plano Nacional de Educa\u00e7\u00e3o (PNE) e elaborar os respectivos planos estaduais de Educa\u00e7\u00e3o.<\/div>\n<div><\/div>\n<div>Em S\u00e3o Paulo, a presidenta da Apeoesp, Maria Izabel Noronha, explica que o F\u00f3rum j\u00e1 conta com cerca de 30 entidades, sendo reconhecido como espa\u00e7o de elabora\u00e7\u00e3o e gest\u00e3o de pol\u00edticas educacionais. \u201cVamos acompanhar o PNE e, ao mesmo tempo, trazer conte\u00fados para o plano estadual, porque n\u00e3o d\u00e1 para ficar com diretrizes pontuais, temos que ter diretrizes de concep\u00e7\u00e3o de escola, e ter o plano como pol\u00edtica de Estado, n\u00e3o de governo, com continuidade assegurada independente de eventual mudan\u00e7a de governo\u201d, explica (leia a entrevista completa aqui).<\/div>\n<div><\/div>\n<div>No Paran\u00e1, o professor Zaki Akel Sobrinho, reitor da Universidade Federal do Paran\u00e1 (UFPR) e coordenador geral do f\u00f3rum paranaense de educa\u00e7\u00e3o, conta que o \u00f3rg\u00e3o construiu a\u00e7\u00f5es regionalizadas, reunindo mais de cinco mil pessoas em dez regi\u00f5es do estado para debater o PNE e elaborar emendas ao PL. \u201cO documento final foi enviado ao Congresso Nacional. A ideia \u00e9 continuar com o f\u00f3rum para, depois da aprova\u00e7\u00e3o do PNE, garantir um espa\u00e7o elabora\u00e7\u00e3o dos planos municipais e estadual\u201d, afirma (<a href=\"http:\/\/www.observatoriodaeducacao.org.br\/index.php?option=com_content&amp;view=article&amp;id=1087:forum-de-educacao-do-parana-elaborou-propostas-de-emendas-ao-pne&amp;catid=73:controle-social&amp;Itemid=107\" target=\"_blank\" rel=\"noopener\">leia aqui a entrevista completa<\/a>).<\/div>\n<div><\/div>\n<div>J\u00e1 a professora Leoc\u00e1dia da Hora, que representa a Undime-PE no F\u00f3rum Estadual de Educa\u00e7\u00e3o de Pernambuco (FEE-PE), falou sobre o processo de constru\u00e7\u00e3o do f\u00f3rum em seu estado. L\u00e1, foram organizadas tr\u00eas reuni\u00f5es entre diferentes entidades e a Secretaria Estadual de Educa\u00e7\u00e3o.<\/div>\n<div>Para ela, existe o desafio de garantir autonomia ao f\u00f3rum, para que seja criado como inst\u00e2ncia de Estado, n\u00e3o de governo. \u201cOs planos e as pol\u00edticas de educa\u00e7\u00e3o do estado at\u00e9 hoje elaborados foram de gabinete, sem conhecimento da sociedade. Isso, com o f\u00f3rum, deve ser superado, pois haver\u00e1 monitoramento e participa\u00e7\u00e3o da sociedade\u201d. Hoje, o espa\u00e7o j\u00e1 conta com a participa\u00e7\u00e3o de entidades sindicais, movimentos do campo, e tamb\u00e9m de movimentos de bairro, de Cohabs e conselhos de moradores. \u201cIsso \u00e9 algo in\u00e9dito\u201d, ressaltou Leoc\u00e1dia (<a href=\"http:\/\/www.observatoriodaeducacao.org.br\/index.php?view=article&amp;id=1086%3Adesafio-e-garantir-autonomia-afirma-integrante-do-forum-de-educacao-de-pernambuco&amp;option=com_content&amp;Itemid=107\" target=\"_blank\" rel=\"noopener\">leia aqui a entrevista completa<\/a>).<\/div>\n<div><\/div>\n<div>Al\u00e9m dessas localidades, h\u00e1 f\u00f3runs instalados ou em processo de instala\u00e7\u00e3o no Rio Grande do Norte, no Esp\u00edrito Santo, na Bahia, no Piau\u00ed e em Minas Gerais.<\/p>\n<\/div>\n<div><a href=\"http:\/\/www.observatoriodaeducacao.org.br\/index.php?option=com_content&amp;view=article&amp;id=1085:forum-estadual-de-educacao-e-formalizado-e-tem-participacao-da-secretaria&amp;catid=73:controle-social&amp;Itemid=107\"><strong> <\/strong>Leia aqui a entrevista completa de Maria Izabel Noronha sobre o F\u00f3rum Estadual de Educa\u00e7\u00e3o de S\u00e3o PauloLeia aqui a entrevista completa de Zaki Akel Sobrinho sobre o F\u00f3rum Estadual de Educa\u00e7\u00e3o do Paran\u00e1<\/p>\n<p><\/a><\/div>\n<div>\n<p><a href=\"http:\/\/www.observatoriodaeducacao.org.br\/index.php?option=com_content&amp;view=article&amp;id=1087:forum-de-educacao-do-parana-elaborou-propostas-de-emendas-ao-pne&amp;catid=73:controle-social&amp;Itemid=107\" target=\"_blank\" rel=\"noopener\"><\/a><a href=\"http:\/\/www.observatoriodaeducacao.org.br\/index.php?option=com_content&amp;view=article&amp;id=1090:desafio-e-garantir-autonomia-afirma-integrante-do-forum-de-educacao-de-pernambuco&amp;catid=73:controle-social&amp;Itemid=107\" target=\"_blank\" rel=\"noopener\"><\/p>\n<div style=\"display: inline ! important;\">\n<p>Leia aqui a entrevista completa de Leoc\u00e1dia da Hora sobre o F\u00f3rum Estadual de Educa\u00e7\u00e3o de Pernambuco<\/p>\n<\/div>\n<p><\/a><\/p>\n<\/div>\n<div>\n<p><a href=\"http:\/\/www.observatoriodaeducacao.org.br\/index.php?view=article&amp;id=1020%3Aforum-nacional-de-educacao-comeca-a-discutir-novo-pne&amp;option=com_content&amp;Itemid=98\"><\/p>\n<div style=\"display: inline ! important;\">Leia aqui sobre o F\u00f3rum Nacional de Educa\u00e7\u00e3o<\/div>\n<p><\/a><\/p>\n<\/div>\n<p>Fonte: Observat\u00f3rio da Educa\u00e7\u00e3o<\/p>\n","protected":false},"excerpt":{"rendered":"<p>Por iniciativa da sociedade civil e de \u00f3rg\u00e3os estatais, alguns estados j\u00e1 criaram seus f\u00f3runs, e o Observat\u00f3rio da Educa\u00e7\u00e3o realizou entrevistas com participantes de tr\u00eas deles: S\u00e3o Paulo, Pernambuco e Paran\u00e1.<\/p>\n","protected":false},"author":1,"featured_media":0,"comment_status":"open","ping_status":"open","sticky":false,"template":"","format":"standard","meta":{"site-container-style":"default","site-container-layout":"default","site-sidebar-layout":"default","disable-article-header":"default","disable-site-header":"default","disable-site-footer":"default","disable-content-area-spacing":"default","footnotes":""},"categories":[6,4],"tags":[],"class_list":["post-21114","post","type-post","status-publish","format-standard","hentry","category-educacao","category-noticias"],"yoast_head":"<!-- This site is optimized with the Yoast SEO plugin v27.4 - https:\/\/yoast.com\/product\/yoast-seo-wordpress\/ -->\n<title>F\u00f3runs estaduais s\u00e3o criados em diferentes partes do pa\u00eds para debater planos de educa\u00e7\u00e3o -<\/title>\n<meta name=\"robots\" content=\"index, follow, max-snippet:-1, max-image-preview:large, max-video-preview:-1\" \/>\n<link rel=\"canonical\" href=\"https:\/\/inclusivenews.com.br\/?p=21114\" \/>\n<meta property=\"og:locale\" content=\"pt_PT\" \/>\n<meta property=\"og:type\" content=\"article\" \/>\n<meta property=\"og:title\" content=\"F\u00f3runs estaduais s\u00e3o criados em diferentes partes do pa\u00eds para debater planos de educa\u00e7\u00e3o -\" \/>\n<meta property=\"og:description\" content=\"Por iniciativa da sociedade civil e de \u00f3rg\u00e3os estatais, alguns estados j\u00e1 criaram seus f\u00f3runs, e o Observat\u00f3rio da Educa\u00e7\u00e3o realizou entrevistas com participantes de tr\u00eas deles: S\u00e3o Paulo, Pernambuco e Paran\u00e1.\" \/>\n<meta property=\"og:url\" content=\"https:\/\/inclusivenews.com.br\/?p=21114\" \/>\n<meta property=\"article:publisher\" content=\"https:\/\/www.facebook.com\/agenciainclusive\/\" \/>\n<meta property=\"article:published_time\" content=\"2011-09-29T09:44:19+00:00\" \/>\n<meta property=\"og:image\" content=\"http:\/\/inclusivenews.com.br\/wp-content\/uploads\/2010\/01\/logo_final_observatorio.jpg\" \/>\n<meta name=\"author\" content=\"inclusivenews2024\" \/>\n<meta name=\"twitter:card\" content=\"summary_large_image\" \/>\n<meta name=\"twitter:label1\" content=\"Escrito por\" \/>\n\t<meta name=\"twitter:data1\" content=\"inclusivenews2024\" \/>\n\t<meta name=\"twitter:label2\" content=\"Tempo estimado de leitura\" \/>\n\t<meta name=\"twitter:data2\" content=\"3 minutos\" \/>\n<script type=\"application\/ld+json\" class=\"yoast-schema-graph\">{\"@context\":\"https:\\\/\\\/schema.org\",\"@graph\":[{\"@type\":\"Article\",\"@id\":\"https:\\\/\\\/inclusivenews.com.br\\\/?p=21114#article\",\"isPartOf\":{\"@id\":\"https:\\\/\\\/inclusivenews.com.br\\\/?p=21114\"},\"author\":{\"name\":\"inclusivenews2024\",\"@id\":\"https:\\\/\\\/inclusivenews.com.br\\\/#\\\/schema\\\/person\\\/ae4ec7087559b8692fb33b6fffd2273b\"},\"headline\":\"F\u00f3runs estaduais s\u00e3o criados em diferentes partes do pa\u00eds para debater planos de educa\u00e7\u00e3o\",\"datePublished\":\"2011-09-29T09:44:19+00:00\",\"mainEntityOfPage\":{\"@id\":\"https:\\\/\\\/inclusivenews.com.br\\\/?p=21114\"},\"wordCount\":620,\"commentCount\":0,\"publisher\":{\"@id\":\"https:\\\/\\\/inclusivenews.com.br\\\/#organization\"},\"image\":{\"@id\":\"https:\\\/\\\/inclusivenews.com.br\\\/?p=21114#primaryimage\"},\"thumbnailUrl\":\"http:\\\/\\\/inclusivenews.com.br\\\/wp-content\\\/uploads\\\/2010\\\/01\\\/logo_final_observatorio.jpg\",\"articleSection\":[\"EDUCA\u00c7\u00c3O\",\"NOT\u00cdCIAS\"],\"inLanguage\":\"pt-PT\",\"potentialAction\":[{\"@type\":\"CommentAction\",\"name\":\"Comment\",\"target\":[\"https:\\\/\\\/inclusivenews.com.br\\\/?p=21114#respond\"]}]},{\"@type\":\"WebPage\",\"@id\":\"https:\\\/\\\/inclusivenews.com.br\\\/?p=21114\",\"url\":\"https:\\\/\\\/inclusivenews.com.br\\\/?p=21114\",\"name\":\"F\u00f3runs estaduais s\u00e3o criados em diferentes partes do pa\u00eds para debater planos de educa\u00e7\u00e3o -\",\"isPartOf\":{\"@id\":\"https:\\\/\\\/inclusivenews.com.br\\\/#website\"},\"primaryImageOfPage\":{\"@id\":\"https:\\\/\\\/inclusivenews.com.br\\\/?p=21114#primaryimage\"},\"image\":{\"@id\":\"https:\\\/\\\/inclusivenews.com.br\\\/?p=21114#primaryimage\"},\"thumbnailUrl\":\"http:\\\/\\\/inclusivenews.com.br\\\/wp-content\\\/uploads\\\/2010\\\/01\\\/logo_final_observatorio.jpg\",\"datePublished\":\"2011-09-29T09:44:19+00:00\",\"breadcrumb\":{\"@id\":\"https:\\\/\\\/inclusivenews.com.br\\\/?p=21114#breadcrumb\"},\"inLanguage\":\"pt-PT\",\"potentialAction\":[{\"@type\":\"ReadAction\",\"target\":[\"https:\\\/\\\/inclusivenews.com.br\\\/?p=21114\"]}]},{\"@type\":\"ImageObject\",\"inLanguage\":\"pt-PT\",\"@id\":\"https:\\\/\\\/inclusivenews.com.br\\\/?p=21114#primaryimage\",\"url\":\"\",\"contentUrl\":\"\"},{\"@type\":\"BreadcrumbList\",\"@id\":\"https:\\\/\\\/inclusivenews.com.br\\\/?p=21114#breadcrumb\",\"itemListElement\":[{\"@type\":\"ListItem\",\"position\":1,\"name\":\"In\u00edcio\",\"item\":\"https:\\\/\\\/inclusivenews.com.br\\\/\"},{\"@type\":\"ListItem\",\"position\":2,\"name\":\"F\u00f3runs estaduais s\u00e3o criados em diferentes partes do pa\u00eds para debater planos de educa\u00e7\u00e3o\"}]},{\"@type\":\"WebSite\",\"@id\":\"https:\\\/\\\/inclusivenews.com.br\\\/#website\",\"url\":\"https:\\\/\\\/inclusivenews.com.br\\\/\",\"name\":\"Inclusive News\",\"description\":\"Inclusive News\",\"publisher\":{\"@id\":\"https:\\\/\\\/inclusivenews.com.br\\\/#organization\"},\"potentialAction\":[{\"@type\":\"SearchAction\",\"target\":{\"@type\":\"EntryPoint\",\"urlTemplate\":\"https:\\\/\\\/inclusivenews.com.br\\\/?s={search_term_string}\"},\"query-input\":{\"@type\":\"PropertyValueSpecification\",\"valueRequired\":true,\"valueName\":\"search_term_string\"}}],\"inLanguage\":\"pt-PT\"},{\"@type\":\"Organization\",\"@id\":\"https:\\\/\\\/inclusivenews.com.br\\\/#organization\",\"name\":\"Inclusive - inclus\u00e3o e cidadania\",\"url\":\"https:\\\/\\\/inclusivenews.com.br\\\/\",\"logo\":{\"@type\":\"ImageObject\",\"inLanguage\":\"pt-PT\",\"@id\":\"https:\\\/\\\/inclusivenews.com.br\\\/#\\\/schema\\\/logo\\\/image\\\/\",\"url\":\"https:\\\/\\\/inclusivenews.com.br\\\/wp-content\\\/uploads\\\/2024\\\/03\\\/@grandesite.png\",\"contentUrl\":\"https:\\\/\\\/inclusivenews.com.br\\\/wp-content\\\/uploads\\\/2024\\\/03\\\/@grandesite.png\",\"width\":1080,\"height\":1080,\"caption\":\"Inclusive - inclus\u00e3o e cidadania\"},\"image\":{\"@id\":\"https:\\\/\\\/inclusivenews.com.br\\\/#\\\/schema\\\/logo\\\/image\\\/\"},\"sameAs\":[\"https:\\\/\\\/www.facebook.com\\\/agenciainclusive\\\/\",\"https:\\\/\\\/www.instagram.com\\\/newsinclusive\\\/\"]},{\"@type\":\"Person\",\"@id\":\"https:\\\/\\\/inclusivenews.com.br\\\/#\\\/schema\\\/person\\\/ae4ec7087559b8692fb33b6fffd2273b\",\"name\":\"inclusivenews2024\",\"image\":{\"@type\":\"ImageObject\",\"inLanguage\":\"pt-PT\",\"@id\":\"https:\\\/\\\/secure.gravatar.com\\\/avatar\\\/c5a7ef84c66fa914f55bc4f7ce26cfa275a3b9a1c5568b907bd184fb4dde7b40?s=96&d=mm&r=g\",\"url\":\"https:\\\/\\\/secure.gravatar.com\\\/avatar\\\/c5a7ef84c66fa914f55bc4f7ce26cfa275a3b9a1c5568b907bd184fb4dde7b40?s=96&d=mm&r=g\",\"contentUrl\":\"https:\\\/\\\/secure.gravatar.com\\\/avatar\\\/c5a7ef84c66fa914f55bc4f7ce26cfa275a3b9a1c5568b907bd184fb4dde7b40?s=96&d=mm&r=g\",\"caption\":\"inclusivenews2024\"},\"sameAs\":[\"https:\\\/\\\/inclusivenews.com.br\"],\"url\":\"https:\\\/\\\/inclusivenews.com.br\\\/?author=1\"}]}<\/script>\n<!-- \/ Yoast SEO plugin. -->","yoast_head_json":{"title":"F\u00f3runs estaduais s\u00e3o criados em diferentes partes do pa\u00eds para debater planos de educa\u00e7\u00e3o -","robots":{"index":"index","follow":"follow","max-snippet":"max-snippet:-1","max-image-preview":"max-image-preview:large","max-video-preview":"max-video-preview:-1"},"canonical":"https:\/\/inclusivenews.com.br\/?p=21114","og_locale":"pt_PT","og_type":"article","og_title":"F\u00f3runs estaduais s\u00e3o criados em diferentes partes do pa\u00eds para debater planos de educa\u00e7\u00e3o -","og_description":"Por iniciativa da sociedade civil e de \u00f3rg\u00e3os estatais, alguns estados j\u00e1 criaram seus f\u00f3runs, e o Observat\u00f3rio da Educa\u00e7\u00e3o realizou entrevistas com participantes de tr\u00eas deles: S\u00e3o Paulo, Pernambuco e Paran\u00e1.","og_url":"https:\/\/inclusivenews.com.br\/?p=21114","article_publisher":"https:\/\/www.facebook.com\/agenciainclusive\/","article_published_time":"2011-09-29T09:44:19+00:00","og_image":[{"url":"http:\/\/inclusivenews.com.br\/wp-content\/uploads\/2010\/01\/logo_final_observatorio.jpg","type":"","width":"","height":""}],"author":"inclusivenews2024","twitter_card":"summary_large_image","twitter_misc":{"Escrito por":"inclusivenews2024","Tempo estimado de leitura":"3 minutos"},"schema":{"@context":"https:\/\/schema.org","@graph":[{"@type":"Article","@id":"https:\/\/inclusivenews.com.br\/?p=21114#article","isPartOf":{"@id":"https:\/\/inclusivenews.com.br\/?p=21114"},"author":{"name":"inclusivenews2024","@id":"https:\/\/inclusivenews.com.br\/#\/schema\/person\/ae4ec7087559b8692fb33b6fffd2273b"},"headline":"F\u00f3runs estaduais s\u00e3o criados em diferentes partes do pa\u00eds para debater planos de educa\u00e7\u00e3o","datePublished":"2011-09-29T09:44:19+00:00","mainEntityOfPage":{"@id":"https:\/\/inclusivenews.com.br\/?p=21114"},"wordCount":620,"commentCount":0,"publisher":{"@id":"https:\/\/inclusivenews.com.br\/#organization"},"image":{"@id":"https:\/\/inclusivenews.com.br\/?p=21114#primaryimage"},"thumbnailUrl":"http:\/\/inclusivenews.com.br\/wp-content\/uploads\/2010\/01\/logo_final_observatorio.jpg","articleSection":["EDUCA\u00c7\u00c3O","NOT\u00cdCIAS"],"inLanguage":"pt-PT","potentialAction":[{"@type":"CommentAction","name":"Comment","target":["https:\/\/inclusivenews.com.br\/?p=21114#respond"]}]},{"@type":"WebPage","@id":"https:\/\/inclusivenews.com.br\/?p=21114","url":"https:\/\/inclusivenews.com.br\/?p=21114","name":"F\u00f3runs estaduais s\u00e3o criados em diferentes partes do pa\u00eds para debater planos de educa\u00e7\u00e3o -","isPartOf":{"@id":"https:\/\/inclusivenews.com.br\/#website"},"primaryImageOfPage":{"@id":"https:\/\/inclusivenews.com.br\/?p=21114#primaryimage"},"image":{"@id":"https:\/\/inclusivenews.com.br\/?p=21114#primaryimage"},"thumbnailUrl":"http:\/\/inclusivenews.com.br\/wp-content\/uploads\/2010\/01\/logo_final_observatorio.jpg","datePublished":"2011-09-29T09:44:19+00:00","breadcrumb":{"@id":"https:\/\/inclusivenews.com.br\/?p=21114#breadcrumb"},"inLanguage":"pt-PT","potentialAction":[{"@type":"ReadAction","target":["https:\/\/inclusivenews.com.br\/?p=21114"]}]},{"@type":"ImageObject","inLanguage":"pt-PT","@id":"https:\/\/inclusivenews.com.br\/?p=21114#primaryimage","url":"","contentUrl":""},{"@type":"BreadcrumbList","@id":"https:\/\/inclusivenews.com.br\/?p=21114#breadcrumb","itemListElement":[{"@type":"ListItem","position":1,"name":"In\u00edcio","item":"https:\/\/inclusivenews.com.br\/"},{"@type":"ListItem","position":2,"name":"F\u00f3runs estaduais s\u00e3o criados em diferentes partes do pa\u00eds para debater planos de educa\u00e7\u00e3o"}]},{"@type":"WebSite","@id":"https:\/\/inclusivenews.com.br\/#website","url":"https:\/\/inclusivenews.com.br\/","name":"Inclusive News","description":"Inclusive News","publisher":{"@id":"https:\/\/inclusivenews.com.br\/#organization"},"potentialAction":[{"@type":"SearchAction","target":{"@type":"EntryPoint","urlTemplate":"https:\/\/inclusivenews.com.br\/?s={search_term_string}"},"query-input":{"@type":"PropertyValueSpecification","valueRequired":true,"valueName":"search_term_string"}}],"inLanguage":"pt-PT"},{"@type":"Organization","@id":"https:\/\/inclusivenews.com.br\/#organization","name":"Inclusive - inclus\u00e3o e cidadania","url":"https:\/\/inclusivenews.com.br\/","logo":{"@type":"ImageObject","inLanguage":"pt-PT","@id":"https:\/\/inclusivenews.com.br\/#\/schema\/logo\/image\/","url":"https:\/\/inclusivenews.com.br\/wp-content\/uploads\/2024\/03\/@grandesite.png","contentUrl":"https:\/\/inclusivenews.com.br\/wp-content\/uploads\/2024\/03\/@grandesite.png","width":1080,"height":1080,"caption":"Inclusive - inclus\u00e3o e cidadania"},"image":{"@id":"https:\/\/inclusivenews.com.br\/#\/schema\/logo\/image\/"},"sameAs":["https:\/\/www.facebook.com\/agenciainclusive\/","https:\/\/www.instagram.com\/newsinclusive\/"]},{"@type":"Person","@id":"https:\/\/inclusivenews.com.br\/#\/schema\/person\/ae4ec7087559b8692fb33b6fffd2273b","name":"inclusivenews2024","image":{"@type":"ImageObject","inLanguage":"pt-PT","@id":"https:\/\/secure.gravatar.com\/avatar\/c5a7ef84c66fa914f55bc4f7ce26cfa275a3b9a1c5568b907bd184fb4dde7b40?s=96&d=mm&r=g","url":"https:\/\/secure.gravatar.com\/avatar\/c5a7ef84c66fa914f55bc4f7ce26cfa275a3b9a1c5568b907bd184fb4dde7b40?s=96&d=mm&r=g","contentUrl":"https:\/\/secure.gravatar.com\/avatar\/c5a7ef84c66fa914f55bc4f7ce26cfa275a3b9a1c5568b907bd184fb4dde7b40?s=96&d=mm&r=g","caption":"inclusivenews2024"},"sameAs":["https:\/\/inclusivenews.com.br"],"url":"https:\/\/inclusivenews.com.br\/?author=1"}]}},"_links":{"self":[{"href":"https:\/\/inclusivenews.com.br\/index.php?rest_route=\/wp\/v2\/posts\/21114","targetHints":{"allow":["GET"]}}],"collection":[{"href":"https:\/\/inclusivenews.com.br\/index.php?rest_route=\/wp\/v2\/posts"}],"about":[{"href":"https:\/\/inclusivenews.com.br\/index.php?rest_route=\/wp\/v2\/types\/post"}],"author":[{"embeddable":true,"href":"https:\/\/inclusivenews.com.br\/index.php?rest_route=\/wp\/v2\/users\/1"}],"replies":[{"embeddable":true,"href":"https:\/\/inclusivenews.com.br\/index.php?rest_route=%2Fwp%2Fv2%2Fcomments&post=21114"}],"version-history":[{"count":0,"href":"https:\/\/inclusivenews.com.br\/index.php?rest_route=\/wp\/v2\/posts\/21114\/revisions"}],"wp:attachment":[{"href":"https:\/\/inclusivenews.com.br\/index.php?rest_route=%2Fwp%2Fv2%2Fmedia&parent=21114"}],"wp:term":[{"taxonomy":"category","embeddable":true,"href":"https:\/\/inclusivenews.com.br\/index.php?rest_route=%2Fwp%2Fv2%2Fcategories&post=21114"},{"taxonomy":"post_tag","embeddable":true,"href":"https:\/\/inclusivenews.com.br\/index.php?rest_route=%2Fwp%2Fv2%2Ftags&post=21114"}],"curies":[{"name":"wp","href":"https:\/\/api.w.org\/{rel}","templated":true}]}}