{"id":21120,"date":"2011-09-29T06:47:36","date_gmt":"2011-09-29T09:47:36","guid":{"rendered":"http:\/\/www.inclusive.org.br\/?p=21120"},"modified":"2011-09-29T06:47:36","modified_gmt":"2011-09-29T09:47:36","slug":"maes-pela-igualdade-mostram-a-cara-no-brasil-pelo-fim-da-homofobia-e-transfobia","status":"publish","type":"post","link":"https:\/\/inclusivenews.com.br\/?p=21120","title":{"rendered":"M\u00e3es pela Igualdade \u2018mostram a cara\u2019 no Brasil pelo fim da homofobia e transfobia"},"content":{"rendered":"<figure id=\"attachment_21121\" aria-describedby=\"caption-attachment-21121\" style=\"width: 243px\" class=\"wp-caption alignleft\"><img loading=\"lazy\" decoding=\"async\" class=\"size-full wp-image-21121\" title=\"Quadro com m\u00e3es e filhos\" src=\"http:\/\/inclusivenews.com.br\/wp-content\/uploads\/maespelaigualdade.jpg\" alt=\"Quadro com m\u00e3es e filhos\" width=\"243\" height=\"141\" \/><figcaption id=\"caption-attachment-21121\" class=\"wp-caption-text\"> <\/figcaption><\/figure>\n<p>Inspiradas na iniciativa do artista pl\u00e1stico e fot\u00f3grafo franc\u00eas JR, ganhador do pr\u00eamio TED de Direitos Humanos em 2011, a organiza\u00e7\u00e3o global pelos direitos LGBT AllOut.org est\u00e1 trabalhando com as M\u00e3es pela Igualdade no Brasil em uma campanha pelo fim da viol\u00eancia homof\u00f3bica no Brasil. As \u201cM\u00e3es pela Igualdade\u201d, corajosas e orgulhosas de seus filhos e filhas l\u00e9sbicas, gays, bissexuais, transexuais ou travestis (LGBT), estar\u00e3o no Congresso Nacional no pr\u00f3ximo dia 29 de setembro para dizer a parlamentares e \u00e0 sociedade em geral que a IGUALDADE \u00e9 o valor familiar mais importante que existe, independente de orienta\u00e7\u00e3o sexual ou identidade de g\u00eanero.<\/p>\n<p>As M\u00e3es pela Igualdade est\u00e3o \u201cmostrando a cara\u201d e contando suas hist\u00f3rias como uma forma de alertar parlamentares, governantes e a sociedade para a crescente onda de viol\u00eancia contra LGBTs que tem classificado o Brasil como um dos lugares mais perigosos do mundo para gays, l\u00e9sbicas e pessoas trans.<\/p>\n<p>Para conhecer algumas das \u201cM\u00e3es pela Igualdade\u201d, visite: <a href=\"http:\/\/www.allout.org\/pt\/maespelaigualdade.\">http:\/\/www.allout.org\/pt\/maespelaigualdade.<\/a><\/p>\n<p>O lan\u00e7amento p\u00fablico da campanha acontecer\u00e1 na quinta-feira, dia 29, das 9 \u00e0s 14 horas, no audit\u00f3rio Petr\u00f4nio Portella do Senado Federal, como parte do semin\u00e1rio \u201cFam\u00edlias pela Igualdade\u201d, promovido pela Frente Parlamentar Mista pela Cidadania LGBT. A abertura da exposi\u00e7\u00e3o fotogr\u00e1fica \u201cM\u00e3es pela Igualdade\u201d ser\u00e1 realizada no mesmo dia, \u00e0s 14h, no Espa\u00e7o do Servidor da C\u00e2mara dos Deputados.<\/p>\n<p>Atualmente, o Congresso Nacional est\u00e1 discutindo uma legisla\u00e7\u00e3o que tipifique e regulamente os crimes de \u00f3dio cometidos contra LBGTs, o que poder\u00e1 garantir o mesmo n\u00edvel de prote\u00e7\u00e3o legal a todos e todas as brasileiras, atualmente negado a LGBTs. As \u201cM\u00e3es pela Igualdade\u201d ir\u00e3o a Bras\u00edlia para dizer a parlamentares e outros setores da sociedade o quanto a aprova\u00e7\u00e3o dessa legisla\u00e7\u00e3o \u00e9 importante n\u00e3o s\u00f3 para LGBTs, mas para toda a sociedade brasileira.<\/p>\n<p>A abertura oficial da exposi\u00e7\u00e3o, com a presen\u00e7a de algumas das M\u00e3es e fot\u00f3grafas que participaram do projeto, ser\u00e1 \u00e0s 14h. Os retratos, feitos por fot\u00f3grafas e fot\u00f3grafos sens\u00edveis \u00e0 causa LGBT em diversas cidades brasileiras, ficar\u00e3o expostas na C\u00e2mara dos Deputados at\u00e9 o dia 4 de outubro, quando ser\u00e3o transferidas para a Galeria Senado, no Senado Federal.<\/p>\n<p><strong>Quem S\u00e3o as \u201cM\u00e3es pela Igualdade\u201d?<\/strong><\/p>\n<p>De ju\u00edzas federais a mulheres de neg\u00f3cios e donas de casa \u2013 e incluindo v\u00e1rias m\u00e3es que perderam seus filhos em crimes hediondos anti-LGBT \u2013 as \u201cM\u00e3es pela Igualdade\u201d v\u00eam de todos os cantos do Brasil e t\u00eam hist\u00f3rias importantes para contar:<\/p>\n<p>\u201cMeu filho, meu melhor amigo, companheiro e confidente, foi morto num ataque homof\u00f3bico no ano passado. Hoje sinto um grande vazio, que procuro preencher com a luta contra a viol\u00eancia, homofobia, preconceito e a discrimina\u00e7\u00e3o.\u201d  \u2013 Eleonora Pereira, Recife<\/p>\n<p>\u201cComo cidad\u00e3 brasileira e, especialmente, como M\u00e3e, vou exigir o cumprimento  do Principio Constitucional da Igualdade.\u201d<br \/>\n\u2013 Luiza Habibe, Bras\u00edlia<\/p>\n<p>\u201cMinha maior alegria no processo de reconhecer meu filho gay foi que me tornei uma pessoa melhor. Se eu n\u00e3o tivesse um filho gay eu ainda seria preconceituosa como eu era. Quando voc\u00ea trabalha para diminuir um preconceito, automaticamente est\u00e1 diminuindo todos os demais. Eu me tornei uma pessoa melhor, e fico feliz com isso.\u201d  \u2013 Edith Modesto, S\u00e3o Paulo<\/p>\n<p>\u201cMe sinto muito feliz e lisonjeada em poder falar de  meus filhos, que amo muito. O mais novo \u00e9 gay. Sinto orgulho dele filho, de sua garra, de sua for\u00e7a, e sua responsabilidade.\u201d \u2013Raquel Gomes, Curitiba<\/p>\n<p><strong>Como as \u201cM\u00e3es pela Igualdade\u201d se encontraram?<\/strong><\/p>\n<p>As \u201cM\u00e3es pela Igualdade\u201d juntaram-se inicialmente por meio de um pedido da AllOut.org depois de uma s\u00e9rie de ataques anti-LGBT e assassinatos no in\u00edcio deste ano, seguidos de um coment\u00e1rio particularmente odioso feito pelo deputado federal Jair Bolsonaro. \u201cPrefiro ter um filho morto do que um filho gay\u201d, disse ele \u00e0 m\u00eddia.<\/p>\n<p>Imediatamente, dezenas de m\u00e3es de pessoas LGBT ofereceram-se para falar sobre pol\u00edticas e atitudes de apoio \u00e0 igualdade LGBT. As m\u00e3es come\u00e7aram a conversar umas com as outras e a AllOut.org ajudou a coordenar sess\u00f5es de fotos e reuni\u00f5es para testemunhos no pa\u00eds inteiro, em parceria com o projeto \u201cInside Out\u201d.<\/p>\n<p>O lan\u00e7amento do projeto no Congresso d\u00e1 in\u00edcio a uma s\u00e9rie de eventos em grandes cidades brasileiras, nos pr\u00f3ximos dois meses, em que retratos gigantes dessas m\u00e3es ser\u00e3o exibidos em lugares p\u00fablicos e \u201cM\u00e3es pela Igualdade\u201d sair\u00e3o \u00e0s ruas e na m\u00eddia para falar sobre viol\u00eancia contra LGBTs.<\/p>\n<p>Para saber mais sobre as M\u00e3es pela Igualdade visite <a href=\"http:\/\/www.allout.org\/pt\/maespelaigualdad\">www.allout.org\/pt\/maespelaigualdade<\/a> o escreva para <a href=\"mailto:maes@allout.org\">maes@allout.org<\/a><\/p>\n<p><strong>Sobre a All Out<\/strong><\/p>\n<p>AllOut.org \u00e9 uma organiza\u00e7\u00e3o de campanhas globais dedicadas \u00e0 igualdade LGBT com mais de meio milh\u00e3o de membros em 190 pa\u00edses, um movimento que trabalha online a nas ruas para construir um mundo em que todas as pessoas possam viver livres e serem aceitas pelo que s\u00e3o. Saiba mais em: <a href=\"http:\/\/www.allout.org.\">www.allout.org.<\/a><\/p>\n<p><strong>Sobre o Projeto Inside Out<\/strong><\/p>\n<p>O Inside Out \u00e9 um projeto de arte participativa em grande escala que transforma mensagens de identidade pessoal em trabalhos art\u00edsticos. Imagens digitais compartilhadas pela internet s\u00e3o transformadas em p\u00f4steres e mandadas de volta para os participantes do projeto, que exibem os trabalhos em suas comunidades. As pessoas podem participar como indiv\u00edduos ou grupos. Os p\u00f4steres podem ser colocados em qualquer lugar, de uma imagem \u00fanica na janela de um escrit\u00f3rio a uma parede inteira em um pr\u00e9dio abandonado ou at\u00e9 mesmo em um est\u00e1dio inteiro. Estas exposi\u00e7\u00f5es s\u00e3o documentadas e publicadas na p\u00e1gina do projeto Inside Out: http:\/\/www.insideoutproject.net\/. O Projeto Inside Out \u00e9 uma cria\u00e7\u00e3o do artista de rua JR, ganhador do Pr\u00eamio TED de 2011.<\/p>\n<p><strong>Sobre o Pr\u00eamio TED<\/strong><\/p>\n<p>O primeiro Pr\u00eamio TED foi dado em 2005, a partir da Confer\u00eancia TED e da vis\u00e3o de mudar o mundo de importantes empres\u00e1rios, inovadores e artistas \u2013 um desejo de cada vez. O pr\u00eamio: US$ 100 mil e o talento, a per\u00edcia e a lideran\u00e7a do time do Pr\u00eamio TED, comandado por Amy Novogratz. O que teve in\u00edcio como uma experi\u00eancia sem paralelos para usar os recursos da Comunidade TED e provocar mudan\u00e7as globais evoluiu em um dos pr\u00eamios de maior prest\u00edgio do mundo. Para mais informa\u00e7\u00f5es sobre o Pr\u00eamio TED, visite: <a href=\"http:\/\/www.tedprize.org\">http:\/\/www.tedprize.org<\/a>.<\/p>\n<p><strong>Contatos<\/strong><\/p>\n<p><strong> <\/strong>Joseph Huff-Hannon. <a href=\"mailto:joseph@allout.org\">joseph@allout.org<\/a>. 21 7506-4268<br \/>\nJandira Queiroz.<a href=\"mailto: jandiraqueiroz@gmail.com\"> jandiraqueiroz@gmail.com<\/a>. 21 8116-3791<\/p>\n","protected":false},"excerpt":{"rendered":"<p>Com o aumento crescente dos crimes hediondos contra LGBTs no Brasil, a organiza\u00e7\u00e3o global por direitos LGBT AllOut.org e as M\u00e3es pela Igualdade no Brasil lan\u00e7am campanha pelos direitos de seus filhos e suas filhas LGBT e exigindo que parlamentares tomem uma atitude.<\/p>\n","protected":false},"author":1,"featured_media":0,"comment_status":"open","ping_status":"open","sticky":false,"template":"","format":"standard","meta":{"site-container-style":"default","site-container-layout":"default","site-sidebar-layout":"default","disable-article-header":"default","disable-site-header":"default","disable-site-footer":"default","disable-content-area-spacing":"default","footnotes":""},"categories":[3,11,39,41],"tags":[],"class_list":["post-21120","post","type-post","status-publish","format-standard","hentry","category-campanhas","category-direitos-humanos","category-discriminacao","category-preconceito"],"yoast_head":"<!-- This site is optimized with the Yoast SEO plugin v27.4 - https:\/\/yoast.com\/product\/yoast-seo-wordpress\/ -->\n<title>M\u00e3es pela Igualdade \u2018mostram a cara\u2019 no Brasil pelo fim da homofobia e transfobia -<\/title>\n<meta name=\"robots\" content=\"index, follow, max-snippet:-1, max-image-preview:large, max-video-preview:-1\" \/>\n<link rel=\"canonical\" href=\"https:\/\/inclusivenews.com.br\/?p=21120\" \/>\n<meta property=\"og:locale\" content=\"pt_PT\" \/>\n<meta property=\"og:type\" content=\"article\" \/>\n<meta property=\"og:title\" content=\"M\u00e3es pela Igualdade \u2018mostram a cara\u2019 no Brasil pelo fim da homofobia e transfobia -\" \/>\n<meta property=\"og:description\" content=\"Com o aumento crescente dos crimes hediondos contra LGBTs no Brasil, a organiza\u00e7\u00e3o global por direitos LGBT AllOut.org e as M\u00e3es pela Igualdade no Brasil lan\u00e7am campanha pelos direitos de seus filhos e suas filhas LGBT e exigindo que parlamentares tomem uma atitude.\" \/>\n<meta property=\"og:url\" content=\"https:\/\/inclusivenews.com.br\/?p=21120\" \/>\n<meta property=\"article:publisher\" content=\"https:\/\/www.facebook.com\/agenciainclusive\/\" \/>\n<meta property=\"article:published_time\" content=\"2011-09-29T09:47:36+00:00\" \/>\n<meta property=\"og:image\" content=\"http:\/\/inclusivenews.com.br\/wp-content\/uploads\/maespelaigualdade.jpg\" \/>\n<meta name=\"author\" content=\"inclusivenews2024\" \/>\n<meta name=\"twitter:card\" content=\"summary_large_image\" \/>\n<meta name=\"twitter:label1\" content=\"Escrito por\" \/>\n\t<meta name=\"twitter:data1\" content=\"inclusivenews2024\" \/>\n\t<meta name=\"twitter:label2\" content=\"Tempo estimado de leitura\" \/>\n\t<meta name=\"twitter:data2\" content=\"6 minutos\" \/>\n<script type=\"application\/ld+json\" class=\"yoast-schema-graph\">{\"@context\":\"https:\\\/\\\/schema.org\",\"@graph\":[{\"@type\":\"Article\",\"@id\":\"https:\\\/\\\/inclusivenews.com.br\\\/?p=21120#article\",\"isPartOf\":{\"@id\":\"https:\\\/\\\/inclusivenews.com.br\\\/?p=21120\"},\"author\":{\"name\":\"inclusivenews2024\",\"@id\":\"https:\\\/\\\/inclusivenews.com.br\\\/#\\\/schema\\\/person\\\/ae4ec7087559b8692fb33b6fffd2273b\"},\"headline\":\"M\u00e3es pela Igualdade \u2018mostram a cara\u2019 no Brasil pelo fim da homofobia e transfobia\",\"datePublished\":\"2011-09-29T09:47:36+00:00\",\"mainEntityOfPage\":{\"@id\":\"https:\\\/\\\/inclusivenews.com.br\\\/?p=21120\"},\"wordCount\":1158,\"commentCount\":0,\"publisher\":{\"@id\":\"https:\\\/\\\/inclusivenews.com.br\\\/#organization\"},\"image\":{\"@id\":\"https:\\\/\\\/inclusivenews.com.br\\\/?p=21120#primaryimage\"},\"thumbnailUrl\":\"http:\\\/\\\/inclusivenews.com.br\\\/wp-content\\\/uploads\\\/maespelaigualdade.jpg\",\"articleSection\":[\"CAMPANHAS\",\"DIREITOS HUMANOS\",\"Discrimina\u00e7\u00e3o\",\"Preconceito\"],\"inLanguage\":\"pt-PT\",\"potentialAction\":[{\"@type\":\"CommentAction\",\"name\":\"Comment\",\"target\":[\"https:\\\/\\\/inclusivenews.com.br\\\/?p=21120#respond\"]}]},{\"@type\":\"WebPage\",\"@id\":\"https:\\\/\\\/inclusivenews.com.br\\\/?p=21120\",\"url\":\"https:\\\/\\\/inclusivenews.com.br\\\/?p=21120\",\"name\":\"M\u00e3es pela Igualdade \u2018mostram a cara\u2019 no Brasil pelo fim da homofobia e transfobia -\",\"isPartOf\":{\"@id\":\"https:\\\/\\\/inclusivenews.com.br\\\/#website\"},\"primaryImageOfPage\":{\"@id\":\"https:\\\/\\\/inclusivenews.com.br\\\/?p=21120#primaryimage\"},\"image\":{\"@id\":\"https:\\\/\\\/inclusivenews.com.br\\\/?p=21120#primaryimage\"},\"thumbnailUrl\":\"http:\\\/\\\/inclusivenews.com.br\\\/wp-content\\\/uploads\\\/maespelaigualdade.jpg\",\"datePublished\":\"2011-09-29T09:47:36+00:00\",\"breadcrumb\":{\"@id\":\"https:\\\/\\\/inclusivenews.com.br\\\/?p=21120#breadcrumb\"},\"inLanguage\":\"pt-PT\",\"potentialAction\":[{\"@type\":\"ReadAction\",\"target\":[\"https:\\\/\\\/inclusivenews.com.br\\\/?p=21120\"]}]},{\"@type\":\"ImageObject\",\"inLanguage\":\"pt-PT\",\"@id\":\"https:\\\/\\\/inclusivenews.com.br\\\/?p=21120#primaryimage\",\"url\":\"\",\"contentUrl\":\"\"},{\"@type\":\"BreadcrumbList\",\"@id\":\"https:\\\/\\\/inclusivenews.com.br\\\/?p=21120#breadcrumb\",\"itemListElement\":[{\"@type\":\"ListItem\",\"position\":1,\"name\":\"In\u00edcio\",\"item\":\"https:\\\/\\\/inclusivenews.com.br\\\/\"},{\"@type\":\"ListItem\",\"position\":2,\"name\":\"M\u00e3es pela Igualdade \u2018mostram a cara\u2019 no Brasil pelo fim da homofobia e transfobia\"}]},{\"@type\":\"WebSite\",\"@id\":\"https:\\\/\\\/inclusivenews.com.br\\\/#website\",\"url\":\"https:\\\/\\\/inclusivenews.com.br\\\/\",\"name\":\"Inclusive News\",\"description\":\"Inclusive News\",\"publisher\":{\"@id\":\"https:\\\/\\\/inclusivenews.com.br\\\/#organization\"},\"potentialAction\":[{\"@type\":\"SearchAction\",\"target\":{\"@type\":\"EntryPoint\",\"urlTemplate\":\"https:\\\/\\\/inclusivenews.com.br\\\/?s={search_term_string}\"},\"query-input\":{\"@type\":\"PropertyValueSpecification\",\"valueRequired\":true,\"valueName\":\"search_term_string\"}}],\"inLanguage\":\"pt-PT\"},{\"@type\":\"Organization\",\"@id\":\"https:\\\/\\\/inclusivenews.com.br\\\/#organization\",\"name\":\"Inclusive - inclus\u00e3o e cidadania\",\"url\":\"https:\\\/\\\/inclusivenews.com.br\\\/\",\"logo\":{\"@type\":\"ImageObject\",\"inLanguage\":\"pt-PT\",\"@id\":\"https:\\\/\\\/inclusivenews.com.br\\\/#\\\/schema\\\/logo\\\/image\\\/\",\"url\":\"https:\\\/\\\/inclusivenews.com.br\\\/wp-content\\\/uploads\\\/2024\\\/03\\\/@grandesite.png\",\"contentUrl\":\"https:\\\/\\\/inclusivenews.com.br\\\/wp-content\\\/uploads\\\/2024\\\/03\\\/@grandesite.png\",\"width\":1080,\"height\":1080,\"caption\":\"Inclusive - inclus\u00e3o e cidadania\"},\"image\":{\"@id\":\"https:\\\/\\\/inclusivenews.com.br\\\/#\\\/schema\\\/logo\\\/image\\\/\"},\"sameAs\":[\"https:\\\/\\\/www.facebook.com\\\/agenciainclusive\\\/\",\"https:\\\/\\\/www.instagram.com\\\/newsinclusive\\\/\"]},{\"@type\":\"Person\",\"@id\":\"https:\\\/\\\/inclusivenews.com.br\\\/#\\\/schema\\\/person\\\/ae4ec7087559b8692fb33b6fffd2273b\",\"name\":\"inclusivenews2024\",\"image\":{\"@type\":\"ImageObject\",\"inLanguage\":\"pt-PT\",\"@id\":\"https:\\\/\\\/secure.gravatar.com\\\/avatar\\\/c5a7ef84c66fa914f55bc4f7ce26cfa275a3b9a1c5568b907bd184fb4dde7b40?s=96&d=mm&r=g\",\"url\":\"https:\\\/\\\/secure.gravatar.com\\\/avatar\\\/c5a7ef84c66fa914f55bc4f7ce26cfa275a3b9a1c5568b907bd184fb4dde7b40?s=96&d=mm&r=g\",\"contentUrl\":\"https:\\\/\\\/secure.gravatar.com\\\/avatar\\\/c5a7ef84c66fa914f55bc4f7ce26cfa275a3b9a1c5568b907bd184fb4dde7b40?s=96&d=mm&r=g\",\"caption\":\"inclusivenews2024\"},\"sameAs\":[\"https:\\\/\\\/inclusivenews.com.br\"],\"url\":\"https:\\\/\\\/inclusivenews.com.br\\\/?author=1\"}]}<\/script>\n<!-- \/ Yoast SEO plugin. -->","yoast_head_json":{"title":"M\u00e3es pela Igualdade \u2018mostram a cara\u2019 no Brasil pelo fim da homofobia e transfobia -","robots":{"index":"index","follow":"follow","max-snippet":"max-snippet:-1","max-image-preview":"max-image-preview:large","max-video-preview":"max-video-preview:-1"},"canonical":"https:\/\/inclusivenews.com.br\/?p=21120","og_locale":"pt_PT","og_type":"article","og_title":"M\u00e3es pela Igualdade \u2018mostram a cara\u2019 no Brasil pelo fim da homofobia e transfobia -","og_description":"Com o aumento crescente dos crimes hediondos contra LGBTs no Brasil, a organiza\u00e7\u00e3o global por direitos LGBT AllOut.org e as M\u00e3es pela Igualdade no Brasil lan\u00e7am campanha pelos direitos de seus filhos e suas filhas LGBT e exigindo que parlamentares tomem uma atitude.","og_url":"https:\/\/inclusivenews.com.br\/?p=21120","article_publisher":"https:\/\/www.facebook.com\/agenciainclusive\/","article_published_time":"2011-09-29T09:47:36+00:00","og_image":[{"url":"http:\/\/inclusivenews.com.br\/wp-content\/uploads\/maespelaigualdade.jpg","type":"","width":"","height":""}],"author":"inclusivenews2024","twitter_card":"summary_large_image","twitter_misc":{"Escrito por":"inclusivenews2024","Tempo estimado de leitura":"6 minutos"},"schema":{"@context":"https:\/\/schema.org","@graph":[{"@type":"Article","@id":"https:\/\/inclusivenews.com.br\/?p=21120#article","isPartOf":{"@id":"https:\/\/inclusivenews.com.br\/?p=21120"},"author":{"name":"inclusivenews2024","@id":"https:\/\/inclusivenews.com.br\/#\/schema\/person\/ae4ec7087559b8692fb33b6fffd2273b"},"headline":"M\u00e3es pela Igualdade \u2018mostram a cara\u2019 no Brasil pelo fim da homofobia e transfobia","datePublished":"2011-09-29T09:47:36+00:00","mainEntityOfPage":{"@id":"https:\/\/inclusivenews.com.br\/?p=21120"},"wordCount":1158,"commentCount":0,"publisher":{"@id":"https:\/\/inclusivenews.com.br\/#organization"},"image":{"@id":"https:\/\/inclusivenews.com.br\/?p=21120#primaryimage"},"thumbnailUrl":"http:\/\/inclusivenews.com.br\/wp-content\/uploads\/maespelaigualdade.jpg","articleSection":["CAMPANHAS","DIREITOS HUMANOS","Discrimina\u00e7\u00e3o","Preconceito"],"inLanguage":"pt-PT","potentialAction":[{"@type":"CommentAction","name":"Comment","target":["https:\/\/inclusivenews.com.br\/?p=21120#respond"]}]},{"@type":"WebPage","@id":"https:\/\/inclusivenews.com.br\/?p=21120","url":"https:\/\/inclusivenews.com.br\/?p=21120","name":"M\u00e3es pela Igualdade \u2018mostram a cara\u2019 no Brasil pelo fim da homofobia e transfobia -","isPartOf":{"@id":"https:\/\/inclusivenews.com.br\/#website"},"primaryImageOfPage":{"@id":"https:\/\/inclusivenews.com.br\/?p=21120#primaryimage"},"image":{"@id":"https:\/\/inclusivenews.com.br\/?p=21120#primaryimage"},"thumbnailUrl":"http:\/\/inclusivenews.com.br\/wp-content\/uploads\/maespelaigualdade.jpg","datePublished":"2011-09-29T09:47:36+00:00","breadcrumb":{"@id":"https:\/\/inclusivenews.com.br\/?p=21120#breadcrumb"},"inLanguage":"pt-PT","potentialAction":[{"@type":"ReadAction","target":["https:\/\/inclusivenews.com.br\/?p=21120"]}]},{"@type":"ImageObject","inLanguage":"pt-PT","@id":"https:\/\/inclusivenews.com.br\/?p=21120#primaryimage","url":"","contentUrl":""},{"@type":"BreadcrumbList","@id":"https:\/\/inclusivenews.com.br\/?p=21120#breadcrumb","itemListElement":[{"@type":"ListItem","position":1,"name":"In\u00edcio","item":"https:\/\/inclusivenews.com.br\/"},{"@type":"ListItem","position":2,"name":"M\u00e3es pela Igualdade \u2018mostram a cara\u2019 no Brasil pelo fim da homofobia e transfobia"}]},{"@type":"WebSite","@id":"https:\/\/inclusivenews.com.br\/#website","url":"https:\/\/inclusivenews.com.br\/","name":"Inclusive News","description":"Inclusive News","publisher":{"@id":"https:\/\/inclusivenews.com.br\/#organization"},"potentialAction":[{"@type":"SearchAction","target":{"@type":"EntryPoint","urlTemplate":"https:\/\/inclusivenews.com.br\/?s={search_term_string}"},"query-input":{"@type":"PropertyValueSpecification","valueRequired":true,"valueName":"search_term_string"}}],"inLanguage":"pt-PT"},{"@type":"Organization","@id":"https:\/\/inclusivenews.com.br\/#organization","name":"Inclusive - inclus\u00e3o e cidadania","url":"https:\/\/inclusivenews.com.br\/","logo":{"@type":"ImageObject","inLanguage":"pt-PT","@id":"https:\/\/inclusivenews.com.br\/#\/schema\/logo\/image\/","url":"https:\/\/inclusivenews.com.br\/wp-content\/uploads\/2024\/03\/@grandesite.png","contentUrl":"https:\/\/inclusivenews.com.br\/wp-content\/uploads\/2024\/03\/@grandesite.png","width":1080,"height":1080,"caption":"Inclusive - inclus\u00e3o e cidadania"},"image":{"@id":"https:\/\/inclusivenews.com.br\/#\/schema\/logo\/image\/"},"sameAs":["https:\/\/www.facebook.com\/agenciainclusive\/","https:\/\/www.instagram.com\/newsinclusive\/"]},{"@type":"Person","@id":"https:\/\/inclusivenews.com.br\/#\/schema\/person\/ae4ec7087559b8692fb33b6fffd2273b","name":"inclusivenews2024","image":{"@type":"ImageObject","inLanguage":"pt-PT","@id":"https:\/\/secure.gravatar.com\/avatar\/c5a7ef84c66fa914f55bc4f7ce26cfa275a3b9a1c5568b907bd184fb4dde7b40?s=96&d=mm&r=g","url":"https:\/\/secure.gravatar.com\/avatar\/c5a7ef84c66fa914f55bc4f7ce26cfa275a3b9a1c5568b907bd184fb4dde7b40?s=96&d=mm&r=g","contentUrl":"https:\/\/secure.gravatar.com\/avatar\/c5a7ef84c66fa914f55bc4f7ce26cfa275a3b9a1c5568b907bd184fb4dde7b40?s=96&d=mm&r=g","caption":"inclusivenews2024"},"sameAs":["https:\/\/inclusivenews.com.br"],"url":"https:\/\/inclusivenews.com.br\/?author=1"}]}},"_links":{"self":[{"href":"https:\/\/inclusivenews.com.br\/index.php?rest_route=\/wp\/v2\/posts\/21120","targetHints":{"allow":["GET"]}}],"collection":[{"href":"https:\/\/inclusivenews.com.br\/index.php?rest_route=\/wp\/v2\/posts"}],"about":[{"href":"https:\/\/inclusivenews.com.br\/index.php?rest_route=\/wp\/v2\/types\/post"}],"author":[{"embeddable":true,"href":"https:\/\/inclusivenews.com.br\/index.php?rest_route=\/wp\/v2\/users\/1"}],"replies":[{"embeddable":true,"href":"https:\/\/inclusivenews.com.br\/index.php?rest_route=%2Fwp%2Fv2%2Fcomments&post=21120"}],"version-history":[{"count":0,"href":"https:\/\/inclusivenews.com.br\/index.php?rest_route=\/wp\/v2\/posts\/21120\/revisions"}],"wp:attachment":[{"href":"https:\/\/inclusivenews.com.br\/index.php?rest_route=%2Fwp%2Fv2%2Fmedia&parent=21120"}],"wp:term":[{"taxonomy":"category","embeddable":true,"href":"https:\/\/inclusivenews.com.br\/index.php?rest_route=%2Fwp%2Fv2%2Fcategories&post=21120"},{"taxonomy":"post_tag","embeddable":true,"href":"https:\/\/inclusivenews.com.br\/index.php?rest_route=%2Fwp%2Fv2%2Ftags&post=21120"}],"curies":[{"name":"wp","href":"https:\/\/api.w.org\/{rel}","templated":true}]}}