{"id":21130,"date":"2011-09-29T06:47:16","date_gmt":"2011-09-29T09:47:16","guid":{"rendered":"http:\/\/www.inclusive.org.br\/?p=21130"},"modified":"2011-09-29T06:47:16","modified_gmt":"2011-09-29T09:47:16","slug":"1-encontro-de-juventudes-de-favelas-na-luta-por-direitos","status":"publish","type":"post","link":"https:\/\/inclusivenews.com.br\/?p=21130","title":{"rendered":"1\u00b0 Encontro de Juventudes de Favelas na Luta por Direitos"},"content":{"rendered":"<figure style=\"width: 202px\" class=\"wp-caption alignleft\"><a class=\"moz-txt-link-freetext\" href=\"http:\/\/www.ibase.br\/pt\/wp-content\/uploads\/2011\/09\/juv-cartaz.png\"><img loading=\"lazy\" decoding=\"async\" class=\"  \" title=\"Cartaz de divulga\u00e7\u00e3o, descri\u00e7\u00e3o a seguir\" src=\"http:\/\/www.ibase.br\/pt\/wp-content\/uploads\/2011\/09\/juv-cartaz.png\" alt=\"\" width=\"202\" height=\"285\" \/><\/a><figcaption class=\"wp-caption-text\"> <\/figcaption><\/figure>\n<p>No pr\u00f3ximo s\u00e1bado, 1\u00b0 de outubro, acontecer\u00e1 o 1\u00b0 Encontro de Juventudes de Favelas na Luta por Direitos, no Centro de Refer\u00eancia da Juventude-CRJ de Manguinhos, na Av. Dom H\u00e9lder C\u00e2mara, 1.184, na descida do viaduto de Benfica, no sentido zona norte. O objetivo \u00e9 construir coletivamente propostas para a Confer\u00eancia Nacional de Juventude, que acontecer\u00e1 em Bras\u00edlia, at\u00e9 o fim deste ano. O credenciamento come\u00e7a \u00e0s 9h. O evento est\u00e1 previsto para iniciar \u00e0s 10h.<\/p>\n<p>O encontro ir\u00e1 refletir sobre seis eixos tem\u00e1ticos, conforme o diagn\u00f3stico da situa\u00e7\u00e3o da juventude de favelas feito por seus organizadores. A reflex\u00e3o ser\u00e1 constru\u00edda na rela\u00e7\u00e3o entre as informa\u00e7\u00f5es do diagn\u00f3stico e a produ\u00e7\u00e3o art\u00edstica dos participantes em oficinas tem\u00e1ticas: Fotografia; M\u00fasica (Rap, Funk, etc); Teatro; Redes Sociais na Internet e Comunica\u00e7\u00e3o de Guerrilha.<\/p>\n<p>Os eixos de discuss\u00e3o ser\u00e3o: 1. Criminaliza\u00e7\u00e3o e genoc\u00eddio da juventude negra e favelada; 2. Rela\u00e7\u00f5es de G\u00eanero, Sa\u00fade e o Exerc\u00edcio dos Direitos Sexuais e Reprodutivos; 3. Direito \u00e0 Cidade no Horizonte dos Projetos de Urbaniza\u00e7\u00e3o e dos Megaeventos Internacionais; 4. Educa\u00e7\u00e3o, Cultura e Profissionaliza\u00e7\u00e3o Qualificada; e 5. Participa\u00e7\u00e3o da Juventude e Gest\u00e3o Democr\u00e1tica de Pol\u00edticas P\u00fablicas.<\/p>\n<p>As confer\u00eancias de juventudes s\u00e3o polarizadas por militantes ligados a partidos pol\u00edticos. Mas, o F\u00f3rum de Juventudes do Rio de Janeiro, de atua\u00e7\u00e3o independente da pol\u00edtica partid\u00e1ria, conseguiu eleger 12 delegados na confer\u00eancia municipal do RJ. \u201cN\u00e3o seremos maioria, mas a for\u00e7a do nosso discurso est\u00e1 na legitimidade que nos \u00e9 conferida por nossa base comunit\u00e1ria\u201d, aposta Frans\u00e9rgio Goulart, morador de Manguinhos e conselheiro nacional da juventude.<\/p>\n<p>O encontro \u00e9 organizado pelo Laborat\u00f3rio de Direitos Humanos de Manguinhos-LabDHM, da RedeCCAP, pelo F\u00f3rum de Juventudes do Rio de Janeiro e pela Federa\u00e7\u00e3o de Entidades de Assist\u00eancia Social e Educacional \u2013 Fase, com o apoio a Ajuda da Igreja Cat\u00f3lica da Noruega-AIN e da Organiza\u00e7\u00e3o dos Estudantes da Noruega \u2013 OD.<br \/>\n<strong> <\/strong><\/p>\n<p><strong>Encontro de Juventudes de Favelas na Luta por Direitos<\/strong><\/p>\n<p>Data: 01 de Outubro de 2011 \u2013 pr\u00f3ximo s\u00e1bado<br \/>\nHor\u00e1rio: 9h-17h<br \/>\nLocal: Centro de Refer\u00eancia da Juventude-CRJ-Manguinhos<br \/>\nEndere\u00e7o: Av. Dom H\u00e9lder C\u00e2mara (antiga Suburbana), 1.184<br \/>\nRefer\u00eancias: na descida no viaduto de Benfica, no sentido zona norte, atr\u00e1s da UPA de<br \/>\nManguinhos e do Col\u00e9gio Estadual Luiz Carlos da Vila<\/p>\n<p>Contato: <a href=\"mailto:labdhmanguinhos@gmail.com\">labdhmanguinhos@gmail.com<\/a><\/p>\n","protected":false},"excerpt":{"rendered":"<p>As confer\u00eancias de juventudes s\u00e3o polarizadas por militantes ligados a partidos pol\u00edticos. Mas, o F\u00f3rum de Juventudes do Rio de Janeiro, de atua\u00e7\u00e3o independente da pol\u00edtica partid\u00e1ria, conseguiu eleger 12 delegados na confer\u00eancia municipal do RJ. \u201cN\u00e3o seremos maioria, mas a for\u00e7a do nosso discurso est\u00e1 na legitimidade que nos \u00e9 conferida por nossa base comunit\u00e1ria\u201d, aposta Frans\u00e9rgio Goulart, morador de Manguinhos e conselheiro nacional da juventude.<\/p>\n","protected":false},"author":1,"featured_media":0,"comment_status":"open","ping_status":"open","sticky":false,"template":"","format":"standard","meta":{"site-container-style":"default","site-container-layout":"default","site-sidebar-layout":"default","disable-article-header":"default","disable-site-header":"default","disable-site-footer":"default","disable-content-area-spacing":"default","footnotes":""},"categories":[11,4],"tags":[159],"class_list":["post-21130","post","type-post","status-publish","format-standard","hentry","category-direitos-humanos","category-noticias","tag-juventude"],"yoast_head":"<!-- This site is optimized with the Yoast SEO plugin v27.4 - https:\/\/yoast.com\/product\/yoast-seo-wordpress\/ -->\n<title>1\u00b0 Encontro de Juventudes de Favelas na Luta por Direitos -<\/title>\n<meta name=\"robots\" content=\"index, follow, max-snippet:-1, max-image-preview:large, max-video-preview:-1\" \/>\n<link rel=\"canonical\" href=\"https:\/\/inclusivenews.com.br\/?p=21130\" \/>\n<meta property=\"og:locale\" content=\"pt_PT\" \/>\n<meta property=\"og:type\" content=\"article\" \/>\n<meta property=\"og:title\" content=\"1\u00b0 Encontro de Juventudes de Favelas na Luta por Direitos -\" \/>\n<meta property=\"og:description\" content=\"As confer\u00eancias de juventudes s\u00e3o polarizadas por militantes ligados a partidos pol\u00edticos. Mas, o F\u00f3rum de Juventudes do Rio de Janeiro, de atua\u00e7\u00e3o independente da pol\u00edtica partid\u00e1ria, conseguiu eleger 12 delegados na confer\u00eancia municipal do RJ. \u201cN\u00e3o seremos maioria, mas a for\u00e7a do nosso discurso est\u00e1 na legitimidade que nos \u00e9 conferida por nossa base comunit\u00e1ria\u201d, aposta Frans\u00e9rgio Goulart, morador de Manguinhos e conselheiro nacional da juventude.\" \/>\n<meta property=\"og:url\" content=\"https:\/\/inclusivenews.com.br\/?p=21130\" \/>\n<meta property=\"article:publisher\" content=\"https:\/\/www.facebook.com\/agenciainclusive\/\" \/>\n<meta property=\"article:published_time\" content=\"2011-09-29T09:47:16+00:00\" \/>\n<meta property=\"og:image\" content=\"http:\/\/www.ibase.br\/pt\/wp-content\/uploads\/2011\/09\/juv-cartaz.png\" \/>\n<meta name=\"author\" content=\"inclusivenews2024\" \/>\n<meta name=\"twitter:card\" content=\"summary_large_image\" \/>\n<meta name=\"twitter:label1\" content=\"Escrito por\" \/>\n\t<meta name=\"twitter:data1\" content=\"inclusivenews2024\" \/>\n\t<meta name=\"twitter:label2\" content=\"Tempo estimado de leitura\" \/>\n\t<meta name=\"twitter:data2\" content=\"2 minutos\" \/>\n<script type=\"application\/ld+json\" class=\"yoast-schema-graph\">{\"@context\":\"https:\\\/\\\/schema.org\",\"@graph\":[{\"@type\":\"Article\",\"@id\":\"https:\\\/\\\/inclusivenews.com.br\\\/?p=21130#article\",\"isPartOf\":{\"@id\":\"https:\\\/\\\/inclusivenews.com.br\\\/?p=21130\"},\"author\":{\"name\":\"inclusivenews2024\",\"@id\":\"https:\\\/\\\/inclusivenews.com.br\\\/#\\\/schema\\\/person\\\/ae4ec7087559b8692fb33b6fffd2273b\"},\"headline\":\"1\u00b0 Encontro de Juventudes de Favelas na Luta por Direitos\",\"datePublished\":\"2011-09-29T09:47:16+00:00\",\"mainEntityOfPage\":{\"@id\":\"https:\\\/\\\/inclusivenews.com.br\\\/?p=21130\"},\"wordCount\":433,\"commentCount\":0,\"publisher\":{\"@id\":\"https:\\\/\\\/inclusivenews.com.br\\\/#organization\"},\"image\":{\"@id\":\"https:\\\/\\\/inclusivenews.com.br\\\/?p=21130#primaryimage\"},\"thumbnailUrl\":\"http:\\\/\\\/www.ibase.br\\\/pt\\\/wp-content\\\/uploads\\\/2011\\\/09\\\/juv-cartaz.png\",\"keywords\":[\"Juventude\"],\"articleSection\":[\"DIREITOS HUMANOS\",\"NOT\u00cdCIAS\"],\"inLanguage\":\"pt-PT\",\"potentialAction\":[{\"@type\":\"CommentAction\",\"name\":\"Comment\",\"target\":[\"https:\\\/\\\/inclusivenews.com.br\\\/?p=21130#respond\"]}]},{\"@type\":\"WebPage\",\"@id\":\"https:\\\/\\\/inclusivenews.com.br\\\/?p=21130\",\"url\":\"https:\\\/\\\/inclusivenews.com.br\\\/?p=21130\",\"name\":\"1\u00b0 Encontro de Juventudes de Favelas na Luta por Direitos -\",\"isPartOf\":{\"@id\":\"https:\\\/\\\/inclusivenews.com.br\\\/#website\"},\"primaryImageOfPage\":{\"@id\":\"https:\\\/\\\/inclusivenews.com.br\\\/?p=21130#primaryimage\"},\"image\":{\"@id\":\"https:\\\/\\\/inclusivenews.com.br\\\/?p=21130#primaryimage\"},\"thumbnailUrl\":\"http:\\\/\\\/www.ibase.br\\\/pt\\\/wp-content\\\/uploads\\\/2011\\\/09\\\/juv-cartaz.png\",\"datePublished\":\"2011-09-29T09:47:16+00:00\",\"breadcrumb\":{\"@id\":\"https:\\\/\\\/inclusivenews.com.br\\\/?p=21130#breadcrumb\"},\"inLanguage\":\"pt-PT\",\"potentialAction\":[{\"@type\":\"ReadAction\",\"target\":[\"https:\\\/\\\/inclusivenews.com.br\\\/?p=21130\"]}]},{\"@type\":\"ImageObject\",\"inLanguage\":\"pt-PT\",\"@id\":\"https:\\\/\\\/inclusivenews.com.br\\\/?p=21130#primaryimage\",\"url\":\"http:\\\/\\\/www.ibase.br\\\/pt\\\/wp-content\\\/uploads\\\/2011\\\/09\\\/juv-cartaz.png\",\"contentUrl\":\"http:\\\/\\\/www.ibase.br\\\/pt\\\/wp-content\\\/uploads\\\/2011\\\/09\\\/juv-cartaz.png\"},{\"@type\":\"BreadcrumbList\",\"@id\":\"https:\\\/\\\/inclusivenews.com.br\\\/?p=21130#breadcrumb\",\"itemListElement\":[{\"@type\":\"ListItem\",\"position\":1,\"name\":\"In\u00edcio\",\"item\":\"https:\\\/\\\/inclusivenews.com.br\\\/\"},{\"@type\":\"ListItem\",\"position\":2,\"name\":\"1\u00b0 Encontro de Juventudes de Favelas na Luta por Direitos\"}]},{\"@type\":\"WebSite\",\"@id\":\"https:\\\/\\\/inclusivenews.com.br\\\/#website\",\"url\":\"https:\\\/\\\/inclusivenews.com.br\\\/\",\"name\":\"Inclusive News\",\"description\":\"Inclusive News\",\"publisher\":{\"@id\":\"https:\\\/\\\/inclusivenews.com.br\\\/#organization\"},\"potentialAction\":[{\"@type\":\"SearchAction\",\"target\":{\"@type\":\"EntryPoint\",\"urlTemplate\":\"https:\\\/\\\/inclusivenews.com.br\\\/?s={search_term_string}\"},\"query-input\":{\"@type\":\"PropertyValueSpecification\",\"valueRequired\":true,\"valueName\":\"search_term_string\"}}],\"inLanguage\":\"pt-PT\"},{\"@type\":\"Organization\",\"@id\":\"https:\\\/\\\/inclusivenews.com.br\\\/#organization\",\"name\":\"Inclusive - inclus\u00e3o e cidadania\",\"url\":\"https:\\\/\\\/inclusivenews.com.br\\\/\",\"logo\":{\"@type\":\"ImageObject\",\"inLanguage\":\"pt-PT\",\"@id\":\"https:\\\/\\\/inclusivenews.com.br\\\/#\\\/schema\\\/logo\\\/image\\\/\",\"url\":\"https:\\\/\\\/inclusivenews.com.br\\\/wp-content\\\/uploads\\\/2024\\\/03\\\/@grandesite.png\",\"contentUrl\":\"https:\\\/\\\/inclusivenews.com.br\\\/wp-content\\\/uploads\\\/2024\\\/03\\\/@grandesite.png\",\"width\":1080,\"height\":1080,\"caption\":\"Inclusive - inclus\u00e3o e cidadania\"},\"image\":{\"@id\":\"https:\\\/\\\/inclusivenews.com.br\\\/#\\\/schema\\\/logo\\\/image\\\/\"},\"sameAs\":[\"https:\\\/\\\/www.facebook.com\\\/agenciainclusive\\\/\",\"https:\\\/\\\/www.instagram.com\\\/newsinclusive\\\/\"]},{\"@type\":\"Person\",\"@id\":\"https:\\\/\\\/inclusivenews.com.br\\\/#\\\/schema\\\/person\\\/ae4ec7087559b8692fb33b6fffd2273b\",\"name\":\"inclusivenews2024\",\"image\":{\"@type\":\"ImageObject\",\"inLanguage\":\"pt-PT\",\"@id\":\"https:\\\/\\\/secure.gravatar.com\\\/avatar\\\/c5a7ef84c66fa914f55bc4f7ce26cfa275a3b9a1c5568b907bd184fb4dde7b40?s=96&d=mm&r=g\",\"url\":\"https:\\\/\\\/secure.gravatar.com\\\/avatar\\\/c5a7ef84c66fa914f55bc4f7ce26cfa275a3b9a1c5568b907bd184fb4dde7b40?s=96&d=mm&r=g\",\"contentUrl\":\"https:\\\/\\\/secure.gravatar.com\\\/avatar\\\/c5a7ef84c66fa914f55bc4f7ce26cfa275a3b9a1c5568b907bd184fb4dde7b40?s=96&d=mm&r=g\",\"caption\":\"inclusivenews2024\"},\"sameAs\":[\"https:\\\/\\\/inclusivenews.com.br\"],\"url\":\"https:\\\/\\\/inclusivenews.com.br\\\/?author=1\"}]}<\/script>\n<!-- \/ Yoast SEO plugin. -->","yoast_head_json":{"title":"1\u00b0 Encontro de Juventudes de Favelas na Luta por Direitos -","robots":{"index":"index","follow":"follow","max-snippet":"max-snippet:-1","max-image-preview":"max-image-preview:large","max-video-preview":"max-video-preview:-1"},"canonical":"https:\/\/inclusivenews.com.br\/?p=21130","og_locale":"pt_PT","og_type":"article","og_title":"1\u00b0 Encontro de Juventudes de Favelas na Luta por Direitos -","og_description":"As confer\u00eancias de juventudes s\u00e3o polarizadas por militantes ligados a partidos pol\u00edticos. Mas, o F\u00f3rum de Juventudes do Rio de Janeiro, de atua\u00e7\u00e3o independente da pol\u00edtica partid\u00e1ria, conseguiu eleger 12 delegados na confer\u00eancia municipal do RJ. \u201cN\u00e3o seremos maioria, mas a for\u00e7a do nosso discurso est\u00e1 na legitimidade que nos \u00e9 conferida por nossa base comunit\u00e1ria\u201d, aposta Frans\u00e9rgio Goulart, morador de Manguinhos e conselheiro nacional da juventude.","og_url":"https:\/\/inclusivenews.com.br\/?p=21130","article_publisher":"https:\/\/www.facebook.com\/agenciainclusive\/","article_published_time":"2011-09-29T09:47:16+00:00","og_image":[{"url":"http:\/\/www.ibase.br\/pt\/wp-content\/uploads\/2011\/09\/juv-cartaz.png","type":"","width":"","height":""}],"author":"inclusivenews2024","twitter_card":"summary_large_image","twitter_misc":{"Escrito por":"inclusivenews2024","Tempo estimado de leitura":"2 minutos"},"schema":{"@context":"https:\/\/schema.org","@graph":[{"@type":"Article","@id":"https:\/\/inclusivenews.com.br\/?p=21130#article","isPartOf":{"@id":"https:\/\/inclusivenews.com.br\/?p=21130"},"author":{"name":"inclusivenews2024","@id":"https:\/\/inclusivenews.com.br\/#\/schema\/person\/ae4ec7087559b8692fb33b6fffd2273b"},"headline":"1\u00b0 Encontro de Juventudes de Favelas na Luta por Direitos","datePublished":"2011-09-29T09:47:16+00:00","mainEntityOfPage":{"@id":"https:\/\/inclusivenews.com.br\/?p=21130"},"wordCount":433,"commentCount":0,"publisher":{"@id":"https:\/\/inclusivenews.com.br\/#organization"},"image":{"@id":"https:\/\/inclusivenews.com.br\/?p=21130#primaryimage"},"thumbnailUrl":"http:\/\/www.ibase.br\/pt\/wp-content\/uploads\/2011\/09\/juv-cartaz.png","keywords":["Juventude"],"articleSection":["DIREITOS HUMANOS","NOT\u00cdCIAS"],"inLanguage":"pt-PT","potentialAction":[{"@type":"CommentAction","name":"Comment","target":["https:\/\/inclusivenews.com.br\/?p=21130#respond"]}]},{"@type":"WebPage","@id":"https:\/\/inclusivenews.com.br\/?p=21130","url":"https:\/\/inclusivenews.com.br\/?p=21130","name":"1\u00b0 Encontro de Juventudes de Favelas na Luta por Direitos -","isPartOf":{"@id":"https:\/\/inclusivenews.com.br\/#website"},"primaryImageOfPage":{"@id":"https:\/\/inclusivenews.com.br\/?p=21130#primaryimage"},"image":{"@id":"https:\/\/inclusivenews.com.br\/?p=21130#primaryimage"},"thumbnailUrl":"http:\/\/www.ibase.br\/pt\/wp-content\/uploads\/2011\/09\/juv-cartaz.png","datePublished":"2011-09-29T09:47:16+00:00","breadcrumb":{"@id":"https:\/\/inclusivenews.com.br\/?p=21130#breadcrumb"},"inLanguage":"pt-PT","potentialAction":[{"@type":"ReadAction","target":["https:\/\/inclusivenews.com.br\/?p=21130"]}]},{"@type":"ImageObject","inLanguage":"pt-PT","@id":"https:\/\/inclusivenews.com.br\/?p=21130#primaryimage","url":"http:\/\/www.ibase.br\/pt\/wp-content\/uploads\/2011\/09\/juv-cartaz.png","contentUrl":"http:\/\/www.ibase.br\/pt\/wp-content\/uploads\/2011\/09\/juv-cartaz.png"},{"@type":"BreadcrumbList","@id":"https:\/\/inclusivenews.com.br\/?p=21130#breadcrumb","itemListElement":[{"@type":"ListItem","position":1,"name":"In\u00edcio","item":"https:\/\/inclusivenews.com.br\/"},{"@type":"ListItem","position":2,"name":"1\u00b0 Encontro de Juventudes de Favelas na Luta por Direitos"}]},{"@type":"WebSite","@id":"https:\/\/inclusivenews.com.br\/#website","url":"https:\/\/inclusivenews.com.br\/","name":"Inclusive News","description":"Inclusive News","publisher":{"@id":"https:\/\/inclusivenews.com.br\/#organization"},"potentialAction":[{"@type":"SearchAction","target":{"@type":"EntryPoint","urlTemplate":"https:\/\/inclusivenews.com.br\/?s={search_term_string}"},"query-input":{"@type":"PropertyValueSpecification","valueRequired":true,"valueName":"search_term_string"}}],"inLanguage":"pt-PT"},{"@type":"Organization","@id":"https:\/\/inclusivenews.com.br\/#organization","name":"Inclusive - inclus\u00e3o e cidadania","url":"https:\/\/inclusivenews.com.br\/","logo":{"@type":"ImageObject","inLanguage":"pt-PT","@id":"https:\/\/inclusivenews.com.br\/#\/schema\/logo\/image\/","url":"https:\/\/inclusivenews.com.br\/wp-content\/uploads\/2024\/03\/@grandesite.png","contentUrl":"https:\/\/inclusivenews.com.br\/wp-content\/uploads\/2024\/03\/@grandesite.png","width":1080,"height":1080,"caption":"Inclusive - inclus\u00e3o e cidadania"},"image":{"@id":"https:\/\/inclusivenews.com.br\/#\/schema\/logo\/image\/"},"sameAs":["https:\/\/www.facebook.com\/agenciainclusive\/","https:\/\/www.instagram.com\/newsinclusive\/"]},{"@type":"Person","@id":"https:\/\/inclusivenews.com.br\/#\/schema\/person\/ae4ec7087559b8692fb33b6fffd2273b","name":"inclusivenews2024","image":{"@type":"ImageObject","inLanguage":"pt-PT","@id":"https:\/\/secure.gravatar.com\/avatar\/c5a7ef84c66fa914f55bc4f7ce26cfa275a3b9a1c5568b907bd184fb4dde7b40?s=96&d=mm&r=g","url":"https:\/\/secure.gravatar.com\/avatar\/c5a7ef84c66fa914f55bc4f7ce26cfa275a3b9a1c5568b907bd184fb4dde7b40?s=96&d=mm&r=g","contentUrl":"https:\/\/secure.gravatar.com\/avatar\/c5a7ef84c66fa914f55bc4f7ce26cfa275a3b9a1c5568b907bd184fb4dde7b40?s=96&d=mm&r=g","caption":"inclusivenews2024"},"sameAs":["https:\/\/inclusivenews.com.br"],"url":"https:\/\/inclusivenews.com.br\/?author=1"}]}},"_links":{"self":[{"href":"https:\/\/inclusivenews.com.br\/index.php?rest_route=\/wp\/v2\/posts\/21130","targetHints":{"allow":["GET"]}}],"collection":[{"href":"https:\/\/inclusivenews.com.br\/index.php?rest_route=\/wp\/v2\/posts"}],"about":[{"href":"https:\/\/inclusivenews.com.br\/index.php?rest_route=\/wp\/v2\/types\/post"}],"author":[{"embeddable":true,"href":"https:\/\/inclusivenews.com.br\/index.php?rest_route=\/wp\/v2\/users\/1"}],"replies":[{"embeddable":true,"href":"https:\/\/inclusivenews.com.br\/index.php?rest_route=%2Fwp%2Fv2%2Fcomments&post=21130"}],"version-history":[{"count":0,"href":"https:\/\/inclusivenews.com.br\/index.php?rest_route=\/wp\/v2\/posts\/21130\/revisions"}],"wp:attachment":[{"href":"https:\/\/inclusivenews.com.br\/index.php?rest_route=%2Fwp%2Fv2%2Fmedia&parent=21130"}],"wp:term":[{"taxonomy":"category","embeddable":true,"href":"https:\/\/inclusivenews.com.br\/index.php?rest_route=%2Fwp%2Fv2%2Fcategories&post=21130"},{"taxonomy":"post_tag","embeddable":true,"href":"https:\/\/inclusivenews.com.br\/index.php?rest_route=%2Fwp%2Fv2%2Ftags&post=21130"}],"curies":[{"name":"wp","href":"https:\/\/api.w.org\/{rel}","templated":true}]}}