{"id":21132,"date":"2011-09-29T06:56:27","date_gmt":"2011-09-29T09:56:27","guid":{"rendered":"http:\/\/www.inclusive.org.br\/?p=21132"},"modified":"2011-09-29T06:56:27","modified_gmt":"2011-09-29T09:56:27","slug":"seminario-discutira-protecao-de-direitos-e-cidadania-lgbt","status":"publish","type":"post","link":"https:\/\/inclusivenews.com.br\/?p=21132","title":{"rendered":"Semin\u00e1rio discutir\u00e1 prote\u00e7\u00e3o de direitos e cidadania LGBT"},"content":{"rendered":"<figure id=\"attachment_19728\" aria-describedby=\"caption-attachment-19728\" style=\"width: 180px\" class=\"wp-caption alignleft\"><img loading=\"lazy\" decoding=\"async\" class=\"size-full wp-image-19728 \" title=\"Casamento gay - dois bonecos no topo de um bolo de casamento e duas alian\u00e7as\" src=\"http:\/\/inclusivenews.com.br\/wp-content\/uploads\/Casamento-gay.jpg\" alt=\"Casamento gay - dois bonecos no topo de um bolo de casamento e duas alian\u00e7as\" width=\"180\" height=\"270\" \/><figcaption id=\"caption-attachment-19728\" class=\"wp-caption-text\"> <\/figcaption><\/figure>\n<p style=\"text-align: left;\">Ser\u00e1 realizado na quinta-feira (29) o semin\u00e1rio Fam\u00edlias pela Igualdade, que vai debater direitos relacionados \u00e0 uni\u00e3o de pessoas do mesmo sexo e avan\u00e7os para a cidadania LGBT (L\u00e9sbicas, Gays, Bissexuais, Travestis, Transexuais e Transg\u00eaneros). O evento \u00e9 uma iniciativa da Comiss\u00e3o de Direitos Humanos e Minorias da C\u00e2mara, da Comiss\u00e3o de Direitos Humanos e Legisla\u00e7\u00e3o Participativa do Senado e da Frente Parlamentar Mista pela Cidadania LGBT.<\/p>\n<p style=\"text-align: left;\">Entre os convidados para o evento est\u00e3o a ministra Iriny Lopes, da Secretaria de Pol\u00edticas para as Mulheres; a ministra Maria do Ros\u00e1rio, da Secretaria de Direitos Humanos da Presid\u00eancia da Rep\u00fablica; o ministro Ayres Britto, do Supremo Tribunal Federal (STF); o procurador regional da Rep\u00fablica da 2\u00aa Regi\u00e3o e professor da Universidade Estadual do Rio de Janeiro (Uerj) Daniel Sarmento; e representantes do grupo M\u00e3es pela Igualdade.<\/p>\n<p style=\"text-align: left;\"><strong>Experi\u00eancia argentina<\/strong><br \/>\nO semin\u00e1rio vai tratar, entre outros assuntos, da experi\u00eancia da Argentina ap\u00f3s um ano de aprova\u00e7\u00e3o da Lei do Matrim\u00f4nio Igualit\u00e1rio. \u201cOs desdobramentos positivos, especialmente nos campos social, cultural e econ\u00f4mico, servir\u00e3o para reafirmar a necessidade de se debater a aplica\u00e7\u00e3o do princ\u00edpio da isonomia a todos os cidad\u00e3os brasileiros, conforme proposto na PEC do Casamento Civil\u201d, diz o coordenador da Frente Parlamentar Mista pela Cidadania LGBT, deputado Jean Wyllys (Psol-RJ).<\/p>\n<p style=\"text-align: left;\">Para discutir o assunto, foram convidadas as deputadas argentinas Vilma Ibarra e Silvia Augsburger e a ju\u00edza argentina Gabriela Seijas. No Brasil, o STF reconheceu, em maio deste ano, a uni\u00e3o est\u00e1vel em relacionamentos homoafetivos.<\/p>\n<p style=\"text-align: left;\">O debate desta quinta-feira \u00e9 o primeiro de um ciclo de tr\u00eas audi\u00eancias que comp\u00f5em o semin\u00e1rio. O evento est\u00e1 previsto para as 9 horas, no audit\u00f3rio Petr\u00f4nio Portela, no Senado.<\/p>\n<p style=\"text-align: left;\"><strong>Exposi\u00e7\u00e3o de fotografias<\/strong><br \/>\nTamb\u00e9m na quinta-feira, \u00e0s 15 horas, ser\u00e1 lan\u00e7ada a campanha Fam\u00edlias pela Igualdade, que visa sensibilizar a sociedade sobre os atuais arranjos familiares por meio de exposi\u00e7\u00e3o de fotografias de pais e m\u00e3es de cidad\u00e3os LGBTs. A exposi\u00e7\u00e3o foi inspirada no trabalho do fot\u00f3grafo e artista pl\u00e1stico franc\u00eas JR, que recebeu em 2011 o Pr\u00eamio TED por seu trabalho na \u00e1rea de direitos humanos. A iniciativa foi organizada em parceria com a organiza\u00e7\u00e3o n\u00e3o governamental AllOut.org e com familiares de LGBTs.<\/p>\n<p style=\"text-align: left;\">A exposi\u00e7\u00e3o est\u00e1 aberta para visita\u00e7\u00e3o a partir desta segunda-feira (26), no Espa\u00e7o do Servidor (anexo 2 da C\u00e2mara).<\/p>\n<p style=\"text-align: left;\"><strong>Pr\u00e9-estreia de filme<\/strong><br \/>\nAinda na programa\u00e7\u00e3o do semin\u00e1rio, haver\u00e1 a pr\u00e9-estreia do filme Elvis &amp; Madona, do diretor Marcelo Laffitte, que aborda a vida de uma fam\u00edlia constitu\u00edda por um travesti e uma l\u00e9sbica. O diretor, a atriz Mait\u00ea Proen\u00e7a e o ator Igor Cotrim participar\u00e3o da sess\u00e3o, que est\u00e1 marcada para as 19 horas de quinta-feira, no audit\u00f3rio 1 do Museu da Rep\u00fablica.<\/p>\n<p style=\"text-align: left;\">Fonte: <a href=\"http:\/\/www2.camara.gov.br\/agencia\/noticias\/DIREITOS-HUMANOS\/203139-SEMINARIO-DISCUTIRA-PROTECAO-DE-DIREITOS-E-CIDADANIA-LGBT.html\">Ag\u00eancia C\u00e2mara<\/a><\/p>\n","protected":false},"excerpt":{"rendered":"<p>Ser\u00e1 realizado na quinta-feira (29) o semin\u00e1rio Fam\u00edlias pela Igualdade, que vai debater direitos relacionados \u00e0 uni\u00e3o de pessoas do mesmo sexo e avan\u00e7os para a cidadania LGBT (L\u00e9sbicas, Gays, Bissexuais, Travestis, Transexuais e Transg\u00eaneros). Da Ag\u00eancia C\u00e2mara.<\/p>\n","protected":false},"author":1,"featured_media":0,"comment_status":"open","ping_status":"open","sticky":false,"template":"","format":"standard","meta":{"site-container-style":"default","site-container-layout":"default","site-sidebar-layout":"default","disable-article-header":"default","disable-site-header":"default","disable-site-footer":"default","disable-content-area-spacing":"default","footnotes":""},"categories":[11,4],"tags":[],"class_list":["post-21132","post","type-post","status-publish","format-standard","hentry","category-direitos-humanos","category-noticias"],"yoast_head":"<!-- This site is optimized with the Yoast SEO plugin v27.4 - https:\/\/yoast.com\/product\/yoast-seo-wordpress\/ -->\n<title>Semin\u00e1rio discutir\u00e1 prote\u00e7\u00e3o de direitos e cidadania LGBT -<\/title>\n<meta name=\"robots\" content=\"index, follow, max-snippet:-1, max-image-preview:large, max-video-preview:-1\" \/>\n<link rel=\"canonical\" href=\"https:\/\/inclusivenews.com.br\/?p=21132\" \/>\n<meta property=\"og:locale\" content=\"pt_PT\" \/>\n<meta property=\"og:type\" content=\"article\" \/>\n<meta property=\"og:title\" content=\"Semin\u00e1rio discutir\u00e1 prote\u00e7\u00e3o de direitos e cidadania LGBT -\" \/>\n<meta property=\"og:description\" content=\"Ser\u00e1 realizado na quinta-feira (29) o semin\u00e1rio Fam\u00edlias pela Igualdade, que vai debater direitos relacionados \u00e0 uni\u00e3o de pessoas do mesmo sexo e avan\u00e7os para a cidadania LGBT (L\u00e9sbicas, Gays, Bissexuais, Travestis, Transexuais e Transg\u00eaneros). Da Ag\u00eancia C\u00e2mara.\" \/>\n<meta property=\"og:url\" content=\"https:\/\/inclusivenews.com.br\/?p=21132\" \/>\n<meta property=\"article:publisher\" content=\"https:\/\/www.facebook.com\/agenciainclusive\/\" \/>\n<meta property=\"article:published_time\" content=\"2011-09-29T09:56:27+00:00\" \/>\n<meta property=\"og:image\" content=\"http:\/\/inclusivenews.com.br\/wp-content\/uploads\/Casamento-gay.jpg\" \/>\n<meta name=\"author\" content=\"inclusivenews2024\" \/>\n<meta name=\"twitter:card\" content=\"summary_large_image\" \/>\n<meta name=\"twitter:label1\" content=\"Escrito por\" \/>\n\t<meta name=\"twitter:data1\" content=\"inclusivenews2024\" \/>\n\t<meta name=\"twitter:label2\" content=\"Tempo estimado de leitura\" \/>\n\t<meta name=\"twitter:data2\" content=\"3 minutos\" \/>\n<script type=\"application\/ld+json\" class=\"yoast-schema-graph\">{\"@context\":\"https:\\\/\\\/schema.org\",\"@graph\":[{\"@type\":\"Article\",\"@id\":\"https:\\\/\\\/inclusivenews.com.br\\\/?p=21132#article\",\"isPartOf\":{\"@id\":\"https:\\\/\\\/inclusivenews.com.br\\\/?p=21132\"},\"author\":{\"name\":\"inclusivenews2024\",\"@id\":\"https:\\\/\\\/inclusivenews.com.br\\\/#\\\/schema\\\/person\\\/ae4ec7087559b8692fb33b6fffd2273b\"},\"headline\":\"Semin\u00e1rio discutir\u00e1 prote\u00e7\u00e3o de direitos e cidadania LGBT\",\"datePublished\":\"2011-09-29T09:56:27+00:00\",\"mainEntityOfPage\":{\"@id\":\"https:\\\/\\\/inclusivenews.com.br\\\/?p=21132\"},\"wordCount\":522,\"commentCount\":0,\"publisher\":{\"@id\":\"https:\\\/\\\/inclusivenews.com.br\\\/#organization\"},\"image\":{\"@id\":\"https:\\\/\\\/inclusivenews.com.br\\\/?p=21132#primaryimage\"},\"thumbnailUrl\":\"http:\\\/\\\/inclusivenews.com.br\\\/wp-content\\\/uploads\\\/Casamento-gay.jpg\",\"articleSection\":[\"DIREITOS HUMANOS\",\"NOT\u00cdCIAS\"],\"inLanguage\":\"pt-PT\",\"potentialAction\":[{\"@type\":\"CommentAction\",\"name\":\"Comment\",\"target\":[\"https:\\\/\\\/inclusivenews.com.br\\\/?p=21132#respond\"]}]},{\"@type\":\"WebPage\",\"@id\":\"https:\\\/\\\/inclusivenews.com.br\\\/?p=21132\",\"url\":\"https:\\\/\\\/inclusivenews.com.br\\\/?p=21132\",\"name\":\"Semin\u00e1rio discutir\u00e1 prote\u00e7\u00e3o de direitos e cidadania LGBT -\",\"isPartOf\":{\"@id\":\"https:\\\/\\\/inclusivenews.com.br\\\/#website\"},\"primaryImageOfPage\":{\"@id\":\"https:\\\/\\\/inclusivenews.com.br\\\/?p=21132#primaryimage\"},\"image\":{\"@id\":\"https:\\\/\\\/inclusivenews.com.br\\\/?p=21132#primaryimage\"},\"thumbnailUrl\":\"http:\\\/\\\/inclusivenews.com.br\\\/wp-content\\\/uploads\\\/Casamento-gay.jpg\",\"datePublished\":\"2011-09-29T09:56:27+00:00\",\"breadcrumb\":{\"@id\":\"https:\\\/\\\/inclusivenews.com.br\\\/?p=21132#breadcrumb\"},\"inLanguage\":\"pt-PT\",\"potentialAction\":[{\"@type\":\"ReadAction\",\"target\":[\"https:\\\/\\\/inclusivenews.com.br\\\/?p=21132\"]}]},{\"@type\":\"ImageObject\",\"inLanguage\":\"pt-PT\",\"@id\":\"https:\\\/\\\/inclusivenews.com.br\\\/?p=21132#primaryimage\",\"url\":\"\",\"contentUrl\":\"\"},{\"@type\":\"BreadcrumbList\",\"@id\":\"https:\\\/\\\/inclusivenews.com.br\\\/?p=21132#breadcrumb\",\"itemListElement\":[{\"@type\":\"ListItem\",\"position\":1,\"name\":\"In\u00edcio\",\"item\":\"https:\\\/\\\/inclusivenews.com.br\\\/\"},{\"@type\":\"ListItem\",\"position\":2,\"name\":\"Semin\u00e1rio discutir\u00e1 prote\u00e7\u00e3o de direitos e cidadania LGBT\"}]},{\"@type\":\"WebSite\",\"@id\":\"https:\\\/\\\/inclusivenews.com.br\\\/#website\",\"url\":\"https:\\\/\\\/inclusivenews.com.br\\\/\",\"name\":\"Inclusive News\",\"description\":\"Inclusive News\",\"publisher\":{\"@id\":\"https:\\\/\\\/inclusivenews.com.br\\\/#organization\"},\"potentialAction\":[{\"@type\":\"SearchAction\",\"target\":{\"@type\":\"EntryPoint\",\"urlTemplate\":\"https:\\\/\\\/inclusivenews.com.br\\\/?s={search_term_string}\"},\"query-input\":{\"@type\":\"PropertyValueSpecification\",\"valueRequired\":true,\"valueName\":\"search_term_string\"}}],\"inLanguage\":\"pt-PT\"},{\"@type\":\"Organization\",\"@id\":\"https:\\\/\\\/inclusivenews.com.br\\\/#organization\",\"name\":\"Inclusive - inclus\u00e3o e cidadania\",\"url\":\"https:\\\/\\\/inclusivenews.com.br\\\/\",\"logo\":{\"@type\":\"ImageObject\",\"inLanguage\":\"pt-PT\",\"@id\":\"https:\\\/\\\/inclusivenews.com.br\\\/#\\\/schema\\\/logo\\\/image\\\/\",\"url\":\"https:\\\/\\\/inclusivenews.com.br\\\/wp-content\\\/uploads\\\/2024\\\/03\\\/@grandesite.png\",\"contentUrl\":\"https:\\\/\\\/inclusivenews.com.br\\\/wp-content\\\/uploads\\\/2024\\\/03\\\/@grandesite.png\",\"width\":1080,\"height\":1080,\"caption\":\"Inclusive - inclus\u00e3o e cidadania\"},\"image\":{\"@id\":\"https:\\\/\\\/inclusivenews.com.br\\\/#\\\/schema\\\/logo\\\/image\\\/\"},\"sameAs\":[\"https:\\\/\\\/www.facebook.com\\\/agenciainclusive\\\/\",\"https:\\\/\\\/www.instagram.com\\\/newsinclusive\\\/\"]},{\"@type\":\"Person\",\"@id\":\"https:\\\/\\\/inclusivenews.com.br\\\/#\\\/schema\\\/person\\\/ae4ec7087559b8692fb33b6fffd2273b\",\"name\":\"inclusivenews2024\",\"image\":{\"@type\":\"ImageObject\",\"inLanguage\":\"pt-PT\",\"@id\":\"https:\\\/\\\/secure.gravatar.com\\\/avatar\\\/c5a7ef84c66fa914f55bc4f7ce26cfa275a3b9a1c5568b907bd184fb4dde7b40?s=96&d=mm&r=g\",\"url\":\"https:\\\/\\\/secure.gravatar.com\\\/avatar\\\/c5a7ef84c66fa914f55bc4f7ce26cfa275a3b9a1c5568b907bd184fb4dde7b40?s=96&d=mm&r=g\",\"contentUrl\":\"https:\\\/\\\/secure.gravatar.com\\\/avatar\\\/c5a7ef84c66fa914f55bc4f7ce26cfa275a3b9a1c5568b907bd184fb4dde7b40?s=96&d=mm&r=g\",\"caption\":\"inclusivenews2024\"},\"sameAs\":[\"https:\\\/\\\/inclusivenews.com.br\"],\"url\":\"https:\\\/\\\/inclusivenews.com.br\\\/?author=1\"}]}<\/script>\n<!-- \/ Yoast SEO plugin. -->","yoast_head_json":{"title":"Semin\u00e1rio discutir\u00e1 prote\u00e7\u00e3o de direitos e cidadania LGBT -","robots":{"index":"index","follow":"follow","max-snippet":"max-snippet:-1","max-image-preview":"max-image-preview:large","max-video-preview":"max-video-preview:-1"},"canonical":"https:\/\/inclusivenews.com.br\/?p=21132","og_locale":"pt_PT","og_type":"article","og_title":"Semin\u00e1rio discutir\u00e1 prote\u00e7\u00e3o de direitos e cidadania LGBT -","og_description":"Ser\u00e1 realizado na quinta-feira (29) o semin\u00e1rio Fam\u00edlias pela Igualdade, que vai debater direitos relacionados \u00e0 uni\u00e3o de pessoas do mesmo sexo e avan\u00e7os para a cidadania LGBT (L\u00e9sbicas, Gays, Bissexuais, Travestis, Transexuais e Transg\u00eaneros). Da Ag\u00eancia C\u00e2mara.","og_url":"https:\/\/inclusivenews.com.br\/?p=21132","article_publisher":"https:\/\/www.facebook.com\/agenciainclusive\/","article_published_time":"2011-09-29T09:56:27+00:00","og_image":[{"url":"http:\/\/inclusivenews.com.br\/wp-content\/uploads\/Casamento-gay.jpg","type":"","width":"","height":""}],"author":"inclusivenews2024","twitter_card":"summary_large_image","twitter_misc":{"Escrito por":"inclusivenews2024","Tempo estimado de leitura":"3 minutos"},"schema":{"@context":"https:\/\/schema.org","@graph":[{"@type":"Article","@id":"https:\/\/inclusivenews.com.br\/?p=21132#article","isPartOf":{"@id":"https:\/\/inclusivenews.com.br\/?p=21132"},"author":{"name":"inclusivenews2024","@id":"https:\/\/inclusivenews.com.br\/#\/schema\/person\/ae4ec7087559b8692fb33b6fffd2273b"},"headline":"Semin\u00e1rio discutir\u00e1 prote\u00e7\u00e3o de direitos e cidadania LGBT","datePublished":"2011-09-29T09:56:27+00:00","mainEntityOfPage":{"@id":"https:\/\/inclusivenews.com.br\/?p=21132"},"wordCount":522,"commentCount":0,"publisher":{"@id":"https:\/\/inclusivenews.com.br\/#organization"},"image":{"@id":"https:\/\/inclusivenews.com.br\/?p=21132#primaryimage"},"thumbnailUrl":"http:\/\/inclusivenews.com.br\/wp-content\/uploads\/Casamento-gay.jpg","articleSection":["DIREITOS HUMANOS","NOT\u00cdCIAS"],"inLanguage":"pt-PT","potentialAction":[{"@type":"CommentAction","name":"Comment","target":["https:\/\/inclusivenews.com.br\/?p=21132#respond"]}]},{"@type":"WebPage","@id":"https:\/\/inclusivenews.com.br\/?p=21132","url":"https:\/\/inclusivenews.com.br\/?p=21132","name":"Semin\u00e1rio discutir\u00e1 prote\u00e7\u00e3o de direitos e cidadania LGBT -","isPartOf":{"@id":"https:\/\/inclusivenews.com.br\/#website"},"primaryImageOfPage":{"@id":"https:\/\/inclusivenews.com.br\/?p=21132#primaryimage"},"image":{"@id":"https:\/\/inclusivenews.com.br\/?p=21132#primaryimage"},"thumbnailUrl":"http:\/\/inclusivenews.com.br\/wp-content\/uploads\/Casamento-gay.jpg","datePublished":"2011-09-29T09:56:27+00:00","breadcrumb":{"@id":"https:\/\/inclusivenews.com.br\/?p=21132#breadcrumb"},"inLanguage":"pt-PT","potentialAction":[{"@type":"ReadAction","target":["https:\/\/inclusivenews.com.br\/?p=21132"]}]},{"@type":"ImageObject","inLanguage":"pt-PT","@id":"https:\/\/inclusivenews.com.br\/?p=21132#primaryimage","url":"","contentUrl":""},{"@type":"BreadcrumbList","@id":"https:\/\/inclusivenews.com.br\/?p=21132#breadcrumb","itemListElement":[{"@type":"ListItem","position":1,"name":"In\u00edcio","item":"https:\/\/inclusivenews.com.br\/"},{"@type":"ListItem","position":2,"name":"Semin\u00e1rio discutir\u00e1 prote\u00e7\u00e3o de direitos e cidadania LGBT"}]},{"@type":"WebSite","@id":"https:\/\/inclusivenews.com.br\/#website","url":"https:\/\/inclusivenews.com.br\/","name":"Inclusive News","description":"Inclusive News","publisher":{"@id":"https:\/\/inclusivenews.com.br\/#organization"},"potentialAction":[{"@type":"SearchAction","target":{"@type":"EntryPoint","urlTemplate":"https:\/\/inclusivenews.com.br\/?s={search_term_string}"},"query-input":{"@type":"PropertyValueSpecification","valueRequired":true,"valueName":"search_term_string"}}],"inLanguage":"pt-PT"},{"@type":"Organization","@id":"https:\/\/inclusivenews.com.br\/#organization","name":"Inclusive - inclus\u00e3o e cidadania","url":"https:\/\/inclusivenews.com.br\/","logo":{"@type":"ImageObject","inLanguage":"pt-PT","@id":"https:\/\/inclusivenews.com.br\/#\/schema\/logo\/image\/","url":"https:\/\/inclusivenews.com.br\/wp-content\/uploads\/2024\/03\/@grandesite.png","contentUrl":"https:\/\/inclusivenews.com.br\/wp-content\/uploads\/2024\/03\/@grandesite.png","width":1080,"height":1080,"caption":"Inclusive - inclus\u00e3o e cidadania"},"image":{"@id":"https:\/\/inclusivenews.com.br\/#\/schema\/logo\/image\/"},"sameAs":["https:\/\/www.facebook.com\/agenciainclusive\/","https:\/\/www.instagram.com\/newsinclusive\/"]},{"@type":"Person","@id":"https:\/\/inclusivenews.com.br\/#\/schema\/person\/ae4ec7087559b8692fb33b6fffd2273b","name":"inclusivenews2024","image":{"@type":"ImageObject","inLanguage":"pt-PT","@id":"https:\/\/secure.gravatar.com\/avatar\/c5a7ef84c66fa914f55bc4f7ce26cfa275a3b9a1c5568b907bd184fb4dde7b40?s=96&d=mm&r=g","url":"https:\/\/secure.gravatar.com\/avatar\/c5a7ef84c66fa914f55bc4f7ce26cfa275a3b9a1c5568b907bd184fb4dde7b40?s=96&d=mm&r=g","contentUrl":"https:\/\/secure.gravatar.com\/avatar\/c5a7ef84c66fa914f55bc4f7ce26cfa275a3b9a1c5568b907bd184fb4dde7b40?s=96&d=mm&r=g","caption":"inclusivenews2024"},"sameAs":["https:\/\/inclusivenews.com.br"],"url":"https:\/\/inclusivenews.com.br\/?author=1"}]}},"_links":{"self":[{"href":"https:\/\/inclusivenews.com.br\/index.php?rest_route=\/wp\/v2\/posts\/21132","targetHints":{"allow":["GET"]}}],"collection":[{"href":"https:\/\/inclusivenews.com.br\/index.php?rest_route=\/wp\/v2\/posts"}],"about":[{"href":"https:\/\/inclusivenews.com.br\/index.php?rest_route=\/wp\/v2\/types\/post"}],"author":[{"embeddable":true,"href":"https:\/\/inclusivenews.com.br\/index.php?rest_route=\/wp\/v2\/users\/1"}],"replies":[{"embeddable":true,"href":"https:\/\/inclusivenews.com.br\/index.php?rest_route=%2Fwp%2Fv2%2Fcomments&post=21132"}],"version-history":[{"count":0,"href":"https:\/\/inclusivenews.com.br\/index.php?rest_route=\/wp\/v2\/posts\/21132\/revisions"}],"wp:attachment":[{"href":"https:\/\/inclusivenews.com.br\/index.php?rest_route=%2Fwp%2Fv2%2Fmedia&parent=21132"}],"wp:term":[{"taxonomy":"category","embeddable":true,"href":"https:\/\/inclusivenews.com.br\/index.php?rest_route=%2Fwp%2Fv2%2Fcategories&post=21132"},{"taxonomy":"post_tag","embeddable":true,"href":"https:\/\/inclusivenews.com.br\/index.php?rest_route=%2Fwp%2Fv2%2Ftags&post=21132"}],"curies":[{"name":"wp","href":"https:\/\/api.w.org\/{rel}","templated":true}]}}