{"id":21134,"date":"2011-09-29T06:45:24","date_gmt":"2011-09-29T09:45:24","guid":{"rendered":"http:\/\/www.inclusive.org.br\/?p=21134"},"modified":"2011-09-29T06:45:24","modified_gmt":"2011-09-29T09:45:24","slug":"especial-stj-destaca-crimes-de-preconceito-racial","status":"publish","type":"post","link":"https:\/\/inclusivenews.com.br\/?p=21134","title":{"rendered":"Especial STJ destaca crimes de preconceito racial"},"content":{"rendered":"<figure id=\"attachment_21164\" aria-describedby=\"caption-attachment-21164\" style=\"width: 225px\" class=\"wp-caption alignleft\"><img loading=\"lazy\" decoding=\"async\" class=\"size-full wp-image-21164\" title=\"Exclus\u00e3o - um c\u00edrculo de prendedores de roupas iguais deixa de fora um diferente\" src=\"http:\/\/inclusivenews.com.br\/wp-content\/uploads\/exclusao.png\" alt=\"Exclus\u00e3o - um c\u00edrculo de prendedores de roupas iguais deixa de fora um diferente\" width=\"225\" height=\"169\" \/><figcaption id=\"caption-attachment-21164\" class=\"wp-caption-text\"> <\/figcaption><\/figure>\n<p>De acordo com o IBGE, mais de 50 por cento da popula\u00e7\u00e3o brasileira \u00e9 de negros. Em pesquisa recente realizada pelo Instituto de Pesquisa Econ\u00f4mica Aplicada, IPEA, os negros recebem pouco mais da metade de sal\u00e1rio de um trabalhador branco e constituem 70 por cento da popula\u00e7\u00e3o pobre do pa\u00eds. Mesmo com a redu\u00e7\u00e3o das desigualdades na \u00faltima d\u00e9cada, o abismo entre brancos e negros ainda \u00e9 grande.<\/p>\n<p>Processos que chegam ao STJ revelam ainda a ocorr\u00eancia de crimes de preconceito. Apesar da criminaliza\u00e7\u00e3o de manifesta\u00e7\u00f5es racistas ainda h\u00e1 muito o que ser feito.<\/p>\n<p>A Secret\u00e1ria de Pol\u00edticas de A\u00e7\u00f5es Afirmativas da Secretaria de Pol\u00edticas de Promo\u00e7\u00e3o da Igualdade Racial, Anhamona de Brito, diz que a sa\u00edda \u00e9 a mudan\u00e7a de atitude tamb\u00e9m dentro das pr\u00f3prias institui\u00e7\u00f5es p\u00fablicas.<\/p>\n<p>&#8220;\u00c9 importante que as institui\u00e7\u00f5es p\u00fablicas que os poderes p\u00fablicos constitu\u00eddos pensem caminhos que co\u00edbam de modo mais efetivo o racismo e cumpram os seus pap\u00e9is e aperfei\u00e7oem os seus afazeres, inclusive para eliminar posturas racistas no \u00e2mbito das pr\u00f3prias institui\u00e7\u00f5es, a vig\u00eancia do racismo institucional.&#8221;<\/p>\n<p>O presidente do Superior Tribunal de Justi\u00e7a, ministro Ari Pargendler, destaca a participa\u00e7\u00e3o do STJ no combate as diferen\u00e7as.<\/p>\n<p>&#8220;H\u00e1 um caminho muito longo a percorrer e o Superior Tribunal de Justi\u00e7a, pelos seus ministros e pelos seus servidores est\u00e3o engajados nesta luta.&#8221;<\/p>\n<p>Para a Coordenadora da Comiss\u00e3o de Direitos Humanos da OAB do Distrito Federal, Regiane Presot, apesar das a\u00e7\u00f5es j\u00e1 realizadas pelo judici\u00e1rio ainda \u00e9 necess\u00e1rio que haja novas mudan\u00e7as.<\/p>\n<p>&#8220;Quando se discute essa tem\u00e1tica no judici\u00e1rio o que se prop\u00f5e \u00e9 o novo modelo de processo com base na tutela da norma de prote\u00e7\u00e3o. Para isso, n\u00f3s temos que ter um judici\u00e1rio ativista, corajoso, contempor\u00e2neo e \u00e1gil a entender a natureza da prova demandada nos autos e quest\u00e3o da seriedade da tem\u00e1tica e o que isso representa para a sociedade.&#8221;<\/p>\n<p><strong>O servidor p\u00fablico, Elquior Santos, afrodescendente, espera uma mudan\u00e7a de atitude da sociedade.<\/strong><\/p>\n<p>&#8220;Fui v\u00edtima de preconceito no meu pr\u00f3prio local de trabalho, onde eu achava que seria um ambiente familiar, infelizmente n\u00e3o foi. Eu me senti muito mal, me senti mais mal ainda por n\u00e3o ter entrado com recurso contra essa pessoa que agiu desta forma. Achei que foi um desrespeito muito grande e o Brasil precisa melhorar nesse sentido. O Brasil precisa crescer, precisa se alavancar com mais amor, com mais compreens\u00e3o, mais respeito e esquecer destas coisas negativas que s\u00f3 diminuem, s\u00f3 denigrem a imagem, n\u00e3o s\u00f3 do Brasil como do pr\u00f3prio ser humano.&#8221;<\/p>\n<p>Outro exemplo de preconceito aconteceu em Uberaba, Minas Gerais. Uma a\u00e7\u00e3o, pelo crime de racismo, foi apresentada contra o co-fundador do Clube Social Uirapuru, na \u00e9poca dirigente do clube, Rog\u00e9rio dos Santos Terra. Ele teria impedido uma mulher negra de comprar uma cota do clube sem justificativa. No entendimento de que houve preconceito, o Superior Tribunal de Justi\u00e7a negou habeas corpus e manteve a condena\u00e7\u00e3o de presta\u00e7\u00e3o de servi\u00e7os \u00e0 comunidade al\u00e9m do pagamento de multa.<\/p>\n<p>Fonte: <a href=\"http:\/\/www.stj.jus.br\/portal_stj\/publicacao\/engine.wsp?tmp.area=398&amp;tmp.texto=103276\" target=\"_blank\" rel=\"noopener\">Superior Tribunal de Justi\u00e7a<\/a><\/p>\n","protected":false},"excerpt":{"rendered":"<p>Processos que chegam ao STJ revelam ainda a ocorr\u00eancia de crimes de preconceito. Apesar da criminaliza\u00e7\u00e3o de manifesta\u00e7\u00f5es racistas ainda h\u00e1 muito o que ser feito. Informa\u00e7\u00e3o \u00e9 do STJ.<\/p>\n","protected":false},"author":1,"featured_media":0,"comment_status":"open","ping_status":"open","sticky":false,"template":"","format":"standard","meta":{"site-container-style":"default","site-container-layout":"default","site-sidebar-layout":"default","disable-article-header":"default","disable-site-header":"default","disable-site-footer":"default","disable-content-area-spacing":"default","footnotes":""},"categories":[11,4,41],"tags":[],"class_list":["post-21134","post","type-post","status-publish","format-standard","hentry","category-direitos-humanos","category-noticias","category-preconceito"],"yoast_head":"<!-- This site is optimized with the Yoast SEO plugin v27.4 - https:\/\/yoast.com\/product\/yoast-seo-wordpress\/ -->\n<title>Especial STJ destaca crimes de preconceito racial -<\/title>\n<meta name=\"robots\" content=\"index, follow, max-snippet:-1, max-image-preview:large, max-video-preview:-1\" \/>\n<link rel=\"canonical\" href=\"https:\/\/inclusivenews.com.br\/?p=21134\" \/>\n<meta property=\"og:locale\" content=\"pt_PT\" \/>\n<meta property=\"og:type\" content=\"article\" \/>\n<meta property=\"og:title\" content=\"Especial STJ destaca crimes de preconceito racial -\" \/>\n<meta property=\"og:description\" content=\"Processos que chegam ao STJ revelam ainda a ocorr\u00eancia de crimes de preconceito. Apesar da criminaliza\u00e7\u00e3o de manifesta\u00e7\u00f5es racistas ainda h\u00e1 muito o que ser feito. Informa\u00e7\u00e3o \u00e9 do STJ.\" \/>\n<meta property=\"og:url\" content=\"https:\/\/inclusivenews.com.br\/?p=21134\" \/>\n<meta property=\"article:publisher\" content=\"https:\/\/www.facebook.com\/agenciainclusive\/\" \/>\n<meta property=\"article:published_time\" content=\"2011-09-29T09:45:24+00:00\" \/>\n<meta property=\"og:image\" content=\"http:\/\/inclusivenews.com.br\/wp-content\/uploads\/exclusao.png\" \/>\n<meta name=\"author\" content=\"inclusivenews2024\" \/>\n<meta name=\"twitter:card\" content=\"summary_large_image\" \/>\n<meta name=\"twitter:label1\" content=\"Escrito por\" \/>\n\t<meta name=\"twitter:data1\" content=\"inclusivenews2024\" \/>\n\t<meta name=\"twitter:label2\" content=\"Tempo estimado de leitura\" \/>\n\t<meta name=\"twitter:data2\" content=\"3 minutos\" \/>\n<script type=\"application\/ld+json\" class=\"yoast-schema-graph\">{\"@context\":\"https:\\\/\\\/schema.org\",\"@graph\":[{\"@type\":\"Article\",\"@id\":\"https:\\\/\\\/inclusivenews.com.br\\\/?p=21134#article\",\"isPartOf\":{\"@id\":\"https:\\\/\\\/inclusivenews.com.br\\\/?p=21134\"},\"author\":{\"name\":\"inclusivenews2024\",\"@id\":\"https:\\\/\\\/inclusivenews.com.br\\\/#\\\/schema\\\/person\\\/ae4ec7087559b8692fb33b6fffd2273b\"},\"headline\":\"Especial STJ destaca crimes de preconceito racial\",\"datePublished\":\"2011-09-29T09:45:24+00:00\",\"mainEntityOfPage\":{\"@id\":\"https:\\\/\\\/inclusivenews.com.br\\\/?p=21134\"},\"wordCount\":568,\"commentCount\":0,\"publisher\":{\"@id\":\"https:\\\/\\\/inclusivenews.com.br\\\/#organization\"},\"image\":{\"@id\":\"https:\\\/\\\/inclusivenews.com.br\\\/?p=21134#primaryimage\"},\"thumbnailUrl\":\"http:\\\/\\\/inclusivenews.com.br\\\/wp-content\\\/uploads\\\/exclusao.png\",\"articleSection\":[\"DIREITOS HUMANOS\",\"NOT\u00cdCIAS\",\"Preconceito\"],\"inLanguage\":\"pt-PT\",\"potentialAction\":[{\"@type\":\"CommentAction\",\"name\":\"Comment\",\"target\":[\"https:\\\/\\\/inclusivenews.com.br\\\/?p=21134#respond\"]}]},{\"@type\":\"WebPage\",\"@id\":\"https:\\\/\\\/inclusivenews.com.br\\\/?p=21134\",\"url\":\"https:\\\/\\\/inclusivenews.com.br\\\/?p=21134\",\"name\":\"Especial STJ destaca crimes de preconceito racial -\",\"isPartOf\":{\"@id\":\"https:\\\/\\\/inclusivenews.com.br\\\/#website\"},\"primaryImageOfPage\":{\"@id\":\"https:\\\/\\\/inclusivenews.com.br\\\/?p=21134#primaryimage\"},\"image\":{\"@id\":\"https:\\\/\\\/inclusivenews.com.br\\\/?p=21134#primaryimage\"},\"thumbnailUrl\":\"http:\\\/\\\/inclusivenews.com.br\\\/wp-content\\\/uploads\\\/exclusao.png\",\"datePublished\":\"2011-09-29T09:45:24+00:00\",\"breadcrumb\":{\"@id\":\"https:\\\/\\\/inclusivenews.com.br\\\/?p=21134#breadcrumb\"},\"inLanguage\":\"pt-PT\",\"potentialAction\":[{\"@type\":\"ReadAction\",\"target\":[\"https:\\\/\\\/inclusivenews.com.br\\\/?p=21134\"]}]},{\"@type\":\"ImageObject\",\"inLanguage\":\"pt-PT\",\"@id\":\"https:\\\/\\\/inclusivenews.com.br\\\/?p=21134#primaryimage\",\"url\":\"\",\"contentUrl\":\"\"},{\"@type\":\"BreadcrumbList\",\"@id\":\"https:\\\/\\\/inclusivenews.com.br\\\/?p=21134#breadcrumb\",\"itemListElement\":[{\"@type\":\"ListItem\",\"position\":1,\"name\":\"In\u00edcio\",\"item\":\"https:\\\/\\\/inclusivenews.com.br\\\/\"},{\"@type\":\"ListItem\",\"position\":2,\"name\":\"Especial STJ destaca crimes de preconceito racial\"}]},{\"@type\":\"WebSite\",\"@id\":\"https:\\\/\\\/inclusivenews.com.br\\\/#website\",\"url\":\"https:\\\/\\\/inclusivenews.com.br\\\/\",\"name\":\"Inclusive News\",\"description\":\"Inclusive News\",\"publisher\":{\"@id\":\"https:\\\/\\\/inclusivenews.com.br\\\/#organization\"},\"potentialAction\":[{\"@type\":\"SearchAction\",\"target\":{\"@type\":\"EntryPoint\",\"urlTemplate\":\"https:\\\/\\\/inclusivenews.com.br\\\/?s={search_term_string}\"},\"query-input\":{\"@type\":\"PropertyValueSpecification\",\"valueRequired\":true,\"valueName\":\"search_term_string\"}}],\"inLanguage\":\"pt-PT\"},{\"@type\":\"Organization\",\"@id\":\"https:\\\/\\\/inclusivenews.com.br\\\/#organization\",\"name\":\"Inclusive - inclus\u00e3o e cidadania\",\"url\":\"https:\\\/\\\/inclusivenews.com.br\\\/\",\"logo\":{\"@type\":\"ImageObject\",\"inLanguage\":\"pt-PT\",\"@id\":\"https:\\\/\\\/inclusivenews.com.br\\\/#\\\/schema\\\/logo\\\/image\\\/\",\"url\":\"https:\\\/\\\/inclusivenews.com.br\\\/wp-content\\\/uploads\\\/2024\\\/03\\\/@grandesite.png\",\"contentUrl\":\"https:\\\/\\\/inclusivenews.com.br\\\/wp-content\\\/uploads\\\/2024\\\/03\\\/@grandesite.png\",\"width\":1080,\"height\":1080,\"caption\":\"Inclusive - inclus\u00e3o e cidadania\"},\"image\":{\"@id\":\"https:\\\/\\\/inclusivenews.com.br\\\/#\\\/schema\\\/logo\\\/image\\\/\"},\"sameAs\":[\"https:\\\/\\\/www.facebook.com\\\/agenciainclusive\\\/\",\"https:\\\/\\\/www.instagram.com\\\/newsinclusive\\\/\"]},{\"@type\":\"Person\",\"@id\":\"https:\\\/\\\/inclusivenews.com.br\\\/#\\\/schema\\\/person\\\/ae4ec7087559b8692fb33b6fffd2273b\",\"name\":\"inclusivenews2024\",\"image\":{\"@type\":\"ImageObject\",\"inLanguage\":\"pt-PT\",\"@id\":\"https:\\\/\\\/secure.gravatar.com\\\/avatar\\\/c5a7ef84c66fa914f55bc4f7ce26cfa275a3b9a1c5568b907bd184fb4dde7b40?s=96&d=mm&r=g\",\"url\":\"https:\\\/\\\/secure.gravatar.com\\\/avatar\\\/c5a7ef84c66fa914f55bc4f7ce26cfa275a3b9a1c5568b907bd184fb4dde7b40?s=96&d=mm&r=g\",\"contentUrl\":\"https:\\\/\\\/secure.gravatar.com\\\/avatar\\\/c5a7ef84c66fa914f55bc4f7ce26cfa275a3b9a1c5568b907bd184fb4dde7b40?s=96&d=mm&r=g\",\"caption\":\"inclusivenews2024\"},\"sameAs\":[\"https:\\\/\\\/inclusivenews.com.br\"],\"url\":\"https:\\\/\\\/inclusivenews.com.br\\\/?author=1\"}]}<\/script>\n<!-- \/ Yoast SEO plugin. -->","yoast_head_json":{"title":"Especial STJ destaca crimes de preconceito racial -","robots":{"index":"index","follow":"follow","max-snippet":"max-snippet:-1","max-image-preview":"max-image-preview:large","max-video-preview":"max-video-preview:-1"},"canonical":"https:\/\/inclusivenews.com.br\/?p=21134","og_locale":"pt_PT","og_type":"article","og_title":"Especial STJ destaca crimes de preconceito racial -","og_description":"Processos que chegam ao STJ revelam ainda a ocorr\u00eancia de crimes de preconceito. Apesar da criminaliza\u00e7\u00e3o de manifesta\u00e7\u00f5es racistas ainda h\u00e1 muito o que ser feito. Informa\u00e7\u00e3o \u00e9 do STJ.","og_url":"https:\/\/inclusivenews.com.br\/?p=21134","article_publisher":"https:\/\/www.facebook.com\/agenciainclusive\/","article_published_time":"2011-09-29T09:45:24+00:00","og_image":[{"url":"http:\/\/inclusivenews.com.br\/wp-content\/uploads\/exclusao.png","type":"","width":"","height":""}],"author":"inclusivenews2024","twitter_card":"summary_large_image","twitter_misc":{"Escrito por":"inclusivenews2024","Tempo estimado de leitura":"3 minutos"},"schema":{"@context":"https:\/\/schema.org","@graph":[{"@type":"Article","@id":"https:\/\/inclusivenews.com.br\/?p=21134#article","isPartOf":{"@id":"https:\/\/inclusivenews.com.br\/?p=21134"},"author":{"name":"inclusivenews2024","@id":"https:\/\/inclusivenews.com.br\/#\/schema\/person\/ae4ec7087559b8692fb33b6fffd2273b"},"headline":"Especial STJ destaca crimes de preconceito racial","datePublished":"2011-09-29T09:45:24+00:00","mainEntityOfPage":{"@id":"https:\/\/inclusivenews.com.br\/?p=21134"},"wordCount":568,"commentCount":0,"publisher":{"@id":"https:\/\/inclusivenews.com.br\/#organization"},"image":{"@id":"https:\/\/inclusivenews.com.br\/?p=21134#primaryimage"},"thumbnailUrl":"http:\/\/inclusivenews.com.br\/wp-content\/uploads\/exclusao.png","articleSection":["DIREITOS HUMANOS","NOT\u00cdCIAS","Preconceito"],"inLanguage":"pt-PT","potentialAction":[{"@type":"CommentAction","name":"Comment","target":["https:\/\/inclusivenews.com.br\/?p=21134#respond"]}]},{"@type":"WebPage","@id":"https:\/\/inclusivenews.com.br\/?p=21134","url":"https:\/\/inclusivenews.com.br\/?p=21134","name":"Especial STJ destaca crimes de preconceito racial -","isPartOf":{"@id":"https:\/\/inclusivenews.com.br\/#website"},"primaryImageOfPage":{"@id":"https:\/\/inclusivenews.com.br\/?p=21134#primaryimage"},"image":{"@id":"https:\/\/inclusivenews.com.br\/?p=21134#primaryimage"},"thumbnailUrl":"http:\/\/inclusivenews.com.br\/wp-content\/uploads\/exclusao.png","datePublished":"2011-09-29T09:45:24+00:00","breadcrumb":{"@id":"https:\/\/inclusivenews.com.br\/?p=21134#breadcrumb"},"inLanguage":"pt-PT","potentialAction":[{"@type":"ReadAction","target":["https:\/\/inclusivenews.com.br\/?p=21134"]}]},{"@type":"ImageObject","inLanguage":"pt-PT","@id":"https:\/\/inclusivenews.com.br\/?p=21134#primaryimage","url":"","contentUrl":""},{"@type":"BreadcrumbList","@id":"https:\/\/inclusivenews.com.br\/?p=21134#breadcrumb","itemListElement":[{"@type":"ListItem","position":1,"name":"In\u00edcio","item":"https:\/\/inclusivenews.com.br\/"},{"@type":"ListItem","position":2,"name":"Especial STJ destaca crimes de preconceito racial"}]},{"@type":"WebSite","@id":"https:\/\/inclusivenews.com.br\/#website","url":"https:\/\/inclusivenews.com.br\/","name":"Inclusive News","description":"Inclusive News","publisher":{"@id":"https:\/\/inclusivenews.com.br\/#organization"},"potentialAction":[{"@type":"SearchAction","target":{"@type":"EntryPoint","urlTemplate":"https:\/\/inclusivenews.com.br\/?s={search_term_string}"},"query-input":{"@type":"PropertyValueSpecification","valueRequired":true,"valueName":"search_term_string"}}],"inLanguage":"pt-PT"},{"@type":"Organization","@id":"https:\/\/inclusivenews.com.br\/#organization","name":"Inclusive - inclus\u00e3o e cidadania","url":"https:\/\/inclusivenews.com.br\/","logo":{"@type":"ImageObject","inLanguage":"pt-PT","@id":"https:\/\/inclusivenews.com.br\/#\/schema\/logo\/image\/","url":"https:\/\/inclusivenews.com.br\/wp-content\/uploads\/2024\/03\/@grandesite.png","contentUrl":"https:\/\/inclusivenews.com.br\/wp-content\/uploads\/2024\/03\/@grandesite.png","width":1080,"height":1080,"caption":"Inclusive - inclus\u00e3o e cidadania"},"image":{"@id":"https:\/\/inclusivenews.com.br\/#\/schema\/logo\/image\/"},"sameAs":["https:\/\/www.facebook.com\/agenciainclusive\/","https:\/\/www.instagram.com\/newsinclusive\/"]},{"@type":"Person","@id":"https:\/\/inclusivenews.com.br\/#\/schema\/person\/ae4ec7087559b8692fb33b6fffd2273b","name":"inclusivenews2024","image":{"@type":"ImageObject","inLanguage":"pt-PT","@id":"https:\/\/secure.gravatar.com\/avatar\/c5a7ef84c66fa914f55bc4f7ce26cfa275a3b9a1c5568b907bd184fb4dde7b40?s=96&d=mm&r=g","url":"https:\/\/secure.gravatar.com\/avatar\/c5a7ef84c66fa914f55bc4f7ce26cfa275a3b9a1c5568b907bd184fb4dde7b40?s=96&d=mm&r=g","contentUrl":"https:\/\/secure.gravatar.com\/avatar\/c5a7ef84c66fa914f55bc4f7ce26cfa275a3b9a1c5568b907bd184fb4dde7b40?s=96&d=mm&r=g","caption":"inclusivenews2024"},"sameAs":["https:\/\/inclusivenews.com.br"],"url":"https:\/\/inclusivenews.com.br\/?author=1"}]}},"_links":{"self":[{"href":"https:\/\/inclusivenews.com.br\/index.php?rest_route=\/wp\/v2\/posts\/21134","targetHints":{"allow":["GET"]}}],"collection":[{"href":"https:\/\/inclusivenews.com.br\/index.php?rest_route=\/wp\/v2\/posts"}],"about":[{"href":"https:\/\/inclusivenews.com.br\/index.php?rest_route=\/wp\/v2\/types\/post"}],"author":[{"embeddable":true,"href":"https:\/\/inclusivenews.com.br\/index.php?rest_route=\/wp\/v2\/users\/1"}],"replies":[{"embeddable":true,"href":"https:\/\/inclusivenews.com.br\/index.php?rest_route=%2Fwp%2Fv2%2Fcomments&post=21134"}],"version-history":[{"count":0,"href":"https:\/\/inclusivenews.com.br\/index.php?rest_route=\/wp\/v2\/posts\/21134\/revisions"}],"wp:attachment":[{"href":"https:\/\/inclusivenews.com.br\/index.php?rest_route=%2Fwp%2Fv2%2Fmedia&parent=21134"}],"wp:term":[{"taxonomy":"category","embeddable":true,"href":"https:\/\/inclusivenews.com.br\/index.php?rest_route=%2Fwp%2Fv2%2Fcategories&post=21134"},{"taxonomy":"post_tag","embeddable":true,"href":"https:\/\/inclusivenews.com.br\/index.php?rest_route=%2Fwp%2Fv2%2Ftags&post=21134"}],"curies":[{"name":"wp","href":"https:\/\/api.w.org\/{rel}","templated":true}]}}